{"id":402,"date":"2023-01-23T16:44:00","date_gmt":"2023-01-23T20:44:00","guid":{"rendered":"https:\/\/www.manaus.am.gov.br\/seminf\/prefeitura-conclui-servicos-de-drenagem-profunda-no-bairro-japiim\/"},"modified":"2023-01-25T08:20:52","modified_gmt":"2023-01-25T12:20:52","slug":"prefeitura-conclui-servicos-de-drenagem-profunda-no-bairro-japiim","status":"publish","type":"post","link":"https:\/\/www.manaus.am.gov.br\/seminf\/prefeitura-conclui-servicos-de-drenagem-profunda-no-bairro-japiim\/","title":{"rendered":"Prefeitura conclui servi\u00e7os de drenagem profunda no bairro Japiim"},"content":{"rendered":"\n<p>A Prefeitura de Manaus, por meio da Secretaria Municipal de Infraestrutura (Seminf), intensificou nesta segunda-feira, 23\/1, os servi\u00e7os de drenagem profunda na avenida Rodrigo Ot\u00e1vio, no bairro Japiim, zona Sul da capital.<\/p>\n\n\n\n<figure class=\"wp-block-embed is-type-photo is-provider-flickr wp-block-embed-flickr\"><div class=\"wp-block-embed__wrapper\">\n<a href=\"https:\/\/www.flickr.com\/photos\/prefeiturademanaus\/52645134354\/in\/album-72177720305455205\"><img loading=\"lazy\" decoding=\"async\" src=\"https:\/\/live.staticflickr.com\/65535\/52645134354_07647161c4.jpg\" alt=\"23.01.23 - Prefeitura de Manaus conclui os servi\u00e7os de drenagem profunda no bairro Japiim\" width=\"500\" height=\"333\" \/><\/a>\n<\/div><\/figure>\n\n\n\n<p>Uma equipe formada por dez trabalhadores iniciou os servi\u00e7os em uma eros\u00e3o que se formou na avenida Rodrigo Ot\u00e1vio, em decorr\u00eancia de dez tubos que desanelaram por conta do per\u00edodo chuvoso. As equipes atuaram de forma emergencial no local, realizando o anelamento dos dez tubos 0.60, concluindo os servi\u00e7os.<\/p>\n\n\n\n<p>O engenheiro respons\u00e1vel pela obra Hudson Smity, explicou como a obra foi realizada e relatou que n\u00e3o foi necess\u00e1rio substituir nenhum tubo, apenas realizar o anelamento.&nbsp; \u201cUma das causas desse afundamento foi o per\u00edodo chuvoso. No local foi feito a escava\u00e7\u00e3o mec\u00e2nica, e o aterro da vala, para reestruturarmos o trecho, entregando um servi\u00e7o de qualidade para os moradores do bairro e aqueles que trafegam por aqui, conforme determina o prefeito David Almeida e o secret\u00e1rio de Obras Renato J\u00fanior\u201d.<\/p>\n\n\n\n<p>A Prefeitura de Manaus segue intensificando os servi\u00e7os de infraestrutura pelas zonas da cidade, atendendo as solicita\u00e7\u00f5es das comunidades e atuando de forma emergencial e preventiva, com o objetivo de entregar um servi\u00e7o diferenciado, que tenha uma durabilidade maior, proporcionando qualidade de vida para os moradores.<\/p>\n\n\n\n<p>\u2014 \u2014 \u2014<\/p>\n\n\n\n<p><strong>Texto&nbsp;<\/strong>\u2013 Rayana Coutinho\/ Seminf<\/p>\n","protected":false},"excerpt":{"rendered":"","protected":false},"author":27,"featured_media":0,"comment_status":"closed","ping_status":"closed","sticky":false,"template":"","format":"standard","meta":{"footnotes":""},"categories":[16],"tags":[],"acf":[],"yoast_head":"<!-- This site is optimized with the Yoast SEO plugin v23.0 - https:\/\/yoast.com\/wordpress\/plugins\/seo\/ -->\n<title>Prefeitura conclui servi\u00e7os de drenagem profunda no bairro Japiim - SEMINF<\/title>\n<meta name=\"robots\" content=\"index, follow, max-snippet:-1, max-image-preview:large, max-video-preview:-1\" \/>\n<link rel=\"canonical\" href=\"https:\/\/www.manaus.am.gov.br\/seminf\/prefeitura-conclui-servicos-de-drenagem-profunda-no-bairro-japiim\/\" \/>\n<meta property=\"og:locale\" content=\"pt_BR\" \/>\n<meta property=\"og:type\" content=\"article\" \/>\n<meta property=\"og:title\" content=\"Prefeitura conclui servi\u00e7os de drenagem profunda no bairro Japiim - SEMINF\" \/>\n<meta property=\"og:url\" content=\"https:\/\/www.manaus.am.gov.br\/seminf\/prefeitura-conclui-servicos-de-drenagem-profunda-no-bairro-japiim\/\" \/>\n<meta property=\"og:site_name\" content=\"SEMINF\" \/>\n<meta property=\"article:published_time\" content=\"2023-01-23T20:44:00+00:00\" \/>\n<meta property=\"article:modified_time\" content=\"2023-01-25T12:20:52+00:00\" \/>\n<meta name=\"author\" content=\"Imarketing Digital\" \/>\n<meta name=\"twitter:card\" content=\"summary_large_image\" \/>\n<meta name=\"twitter:label1\" content=\"Written by\" \/>\n\t<meta name=\"twitter:data1\" content=\"Imarketing Digital\" \/>\n\t<meta name=\"twitter:label2\" content=\"Est. reading time\" \/>\n\t<meta name=\"twitter:data2\" content=\"2 minutos\" \/>\n<script type=\"application\/ld+json\" class=\"yoast-schema-graph\">{\"@context\":\"https:\/\/schema.org\",\"@graph\":[{\"@type\":\"WebPage\",\"@id\":\"https:\/\/www.manaus.am.gov.br\/seminf\/prefeitura-conclui-servicos-de-drenagem-profunda-no-bairro-japiim\/\",\"url\":\"https:\/\/www.manaus.am.gov.br\/seminf\/prefeitura-conclui-servicos-de-drenagem-profunda-no-bairro-japiim\/\",\"name\":\"Prefeitura conclui servi\u00e7os de drenagem profunda no bairro Japiim - SEMINF\",\"isPartOf\":{\"@id\":\"https:\/\/www.manaus.am.gov.br\/seminf\/#website\"},\"datePublished\":\"2023-01-23T20:44:00+00:00\",\"dateModified\":\"2023-01-25T12:20:52+00:00\",\"author\":{\"@id\":\"https:\/\/www.manaus.am.gov.br\/seminf\/#\/schema\/person\/79525a47ac5902f50493820d995728ee\"},\"inLanguage\":\"pt-BR\",\"potentialAction\":[{\"@type\":\"ReadAction\",\"target\":[\"https:\/\/www.manaus.am.gov.br\/seminf\/prefeitura-conclui-servicos-de-drenagem-profunda-no-bairro-japiim\/\"]}]},{\"@type\":\"WebSite\",\"@id\":\"https:\/\/www.manaus.am.gov.br\/seminf\/#website\",\"url\":\"https:\/\/www.manaus.am.gov.br\/seminf\/\",\"name\":\"Secretaria de Infraestrutura\",\"description\":\"Secretaria Municipal de Infraestrutura\",\"potentialAction\":[{\"@type\":\"SearchAction\",\"target\":{\"@type\":\"EntryPoint\",\"urlTemplate\":\"https:\/\/www.manaus.am.gov.br\/seminf\/?s={search_term_string}\"},\"query-input\":\"required name=search_term_string\"}],\"inLanguage\":\"pt-BR\"},{\"@type\":\"Person\",\"@id\":\"https:\/\/www.manaus.am.gov.br\/seminf\/#\/schema\/person\/79525a47ac5902f50493820d995728ee\",\"name\":\"Imarketing Digital\",\"image\":{\"@type\":\"ImageObject\",\"inLanguage\":\"pt-BR\",\"@id\":\"https:\/\/www.manaus.am.gov.br\/seminf\/#\/schema\/person\/image\/\",\"url\":\"https:\/\/secure.gravatar.com\/avatar\/03432d3c57b756ed9760f7019c815a3a?s=96&d=mm&r=g\",\"contentUrl\":\"https:\/\/secure.gravatar.com\/avatar\/03432d3c57b756ed9760f7019c815a3a?s=96&d=mm&r=g\",\"caption\":\"Imarketing Digital\"}}]}<\/script>\n<!-- \/ Yoast SEO plugin. -->","yoast_head_json":{"title":"Prefeitura conclui servi\u00e7os de drenagem profunda no bairro Japiim - SEMINF","robots":{"index":"index","follow":"follow","max-snippet":"max-snippet:-1","max-image-preview":"max-image-preview:large","max-video-preview":"max-video-preview:-1"},"canonical":"https:\/\/www.manaus.am.gov.br\/seminf\/prefeitura-conclui-servicos-de-drenagem-profunda-no-bairro-japiim\/","og_locale":"pt_BR","og_type":"article","og_title":"Prefeitura conclui servi\u00e7os de drenagem profunda no bairro Japiim - SEMINF","og_url":"https:\/\/www.manaus.am.gov.br\/seminf\/prefeitura-conclui-servicos-de-drenagem-profunda-no-bairro-japiim\/","og_site_name":"SEMINF","article_published_time":"2023-01-23T20:44:00+00:00","article_modified_time":"2023-01-25T12:20:52+00:00","author":"Imarketing Digital","twitter_card":"summary_large_image","twitter_misc":{"Written by":"Imarketing Digital","Est. reading time":"2 minutos"},"schema":{"@context":"https:\/\/schema.org","@graph":[{"@type":"WebPage","@id":"https:\/\/www.manaus.am.gov.br\/seminf\/prefeitura-conclui-servicos-de-drenagem-profunda-no-bairro-japiim\/","url":"https:\/\/www.manaus.am.gov.br\/seminf\/prefeitura-conclui-servicos-de-drenagem-profunda-no-bairro-japiim\/","name":"Prefeitura conclui servi\u00e7os de drenagem profunda no bairro Japiim - SEMINF","isPartOf":{"@id":"https:\/\/www.manaus.am.gov.br\/seminf\/#website"},"datePublished":"2023-01-23T20:44:00+00:00","dateModified":"2023-01-25T12:20:52+00:00","author":{"@id":"https:\/\/www.manaus.am.gov.br\/seminf\/#\/schema\/person\/79525a47ac5902f50493820d995728ee"},"inLanguage":"pt-BR","potentialAction":[{"@type":"ReadAction","target":["https:\/\/www.manaus.am.gov.br\/seminf\/prefeitura-conclui-servicos-de-drenagem-profunda-no-bairro-japiim\/"]}]},{"@type":"WebSite","@id":"https:\/\/www.manaus.am.gov.br\/seminf\/#website","url":"https:\/\/www.manaus.am.gov.br\/seminf\/","name":"Secretaria de Infraestrutura","description":"Secretaria Municipal de Infraestrutura","potentialAction":[{"@type":"SearchAction","target":{"@type":"EntryPoint","urlTemplate":"https:\/\/www.manaus.am.gov.br\/seminf\/?s={search_term_string}"},"query-input":"required name=search_term_string"}],"inLanguage":"pt-BR"},{"@type":"Person","@id":"https:\/\/www.manaus.am.gov.br\/seminf\/#\/schema\/person\/79525a47ac5902f50493820d995728ee","name":"Imarketing Digital","image":{"@type":"ImageObject","inLanguage":"pt-BR","@id":"https:\/\/www.manaus.am.gov.br\/seminf\/#\/schema\/person\/image\/","url":"https:\/\/secure.gravatar.com\/avatar\/03432d3c57b756ed9760f7019c815a3a?s=96&d=mm&r=g","contentUrl":"https:\/\/secure.gravatar.com\/avatar\/03432d3c57b756ed9760f7019c815a3a?s=96&d=mm&r=g","caption":"Imarketing Digital"}}]}},"_links":{"self":[{"href":"https:\/\/www.manaus.am.gov.br\/seminf\/wp-json\/wp\/v2\/posts\/402"}],"collection":[{"href":"https:\/\/www.manaus.am.gov.br\/seminf\/wp-json\/wp\/v2\/posts"}],"about":[{"href":"https:\/\/www.manaus.am.gov.br\/seminf\/wp-json\/wp\/v2\/types\/post"}],"author":[{"embeddable":true,"href":"https:\/\/www.manaus.am.gov.br\/seminf\/wp-json\/wp\/v2\/users\/27"}],"replies":[{"embeddable":true,"href":"https:\/\/www.manaus.am.gov.br\/seminf\/wp-json\/wp\/v2\/comments?post=402"}],"version-history":[{"count":1,"href":"https:\/\/www.manaus.am.gov.br\/seminf\/wp-json\/wp\/v2\/posts\/402\/revisions"}],"predecessor-version":[{"id":432,"href":"https:\/\/www.manaus.am.gov.br\/seminf\/wp-json\/wp\/v2\/posts\/402\/revisions\/432"}],"wp:attachment":[{"href":"https:\/\/www.manaus.am.gov.br\/seminf\/wp-json\/wp\/v2\/media?parent=402"}],"wp:term":[{"taxonomy":"category","embeddable":true,"href":"https:\/\/www.manaus.am.gov.br\/seminf\/wp-json\/wp\/v2\/categories?post=402"},{"taxonomy":"post_tag","embeddable":true,"href":"https:\/\/www.manaus.am.gov.br\/seminf\/wp-json\/wp\/v2\/tags?post=402"}],"curies":[{"name":"wp","href":"https:\/\/api.w.org\/{rel}","templated":true}]}}