{"id":3991,"date":"2025-01-12T15:46:15","date_gmt":"2025-01-12T19:46:15","guid":{"rendered":"https:\/\/www.manaus.am.gov.br\/seminf\/limpeza-desobstrucao-de-bueiros-centro\/"},"modified":"2025-01-12T15:46:15","modified_gmt":"2025-01-12T19:46:15","slug":"limpeza-desobstrucao-de-bueiros-centro","status":"publish","type":"post","link":"https:\/\/www.manaus.am.gov.br\/seminf\/limpeza-desobstrucao-de-bueiros-centro\/","title":{"rendered":"Prefeitura de Manaus realiza limpeza e desobstru\u00e7\u00e3o de bueiros em pontos do centro da cidade neste domingo, 12\/1"},"content":{"rendered":"\n<p>A Prefeitura de Manaus, por meio das secretarias municipais de Infraestrutura (Seminf) e Limpeza P\u00fablica (Semulsp), realiza, neste domingo, 12\/1, a limpeza e desobstru\u00e7\u00e3o das caixas coletoras da avenida Eduardo Ribeiro e da rua Joaquim Sarmento, no Centro, zona Sul da cidade.&nbsp;<\/p>\n\n\n\n<p>\u201cEssa \u00e9 uma a\u00e7\u00e3o permanente, uma vez que o centro da cidade possui uma grande circula\u00e7\u00e3o de pessoas e o descarte irregular de lixo \u00e9 recorrente. Montamos essa for\u00e7a-tarefa de limpeza e desobstru\u00e7\u00e3o desses pontos no Centro, em parceria com a Semulsp. A gest\u00e3o do prefeito David Almeida \u00e9 comprometida e \u00e1gil. Trabalhamos em conjunto, diuturnamente, para minimizar os impactos desses problemas \u00e0 popula\u00e7\u00e3o, especialmente durante o per\u00edodo chuvoso, quando o maior desafio \u00e9 o descarte irregular de lixo. Nosso maior aliado nesse processo \u00e9 a conscientiza\u00e7\u00e3o, fazer a nossa parte e jogar o lixo no lixo. Reiteramos mais uma vez esse apelo \u00e0 popula\u00e7\u00e3o\u201d, afirma o prefeito em exerc\u00edcio e secret\u00e1rio de Obras, Renato Junior.&nbsp;<\/p>\n\n\n\n<p>As equipes executam os servi\u00e7os na avenida Eduardo Ribeiro, pr\u00f3ximo ao rel\u00f3gio municipal da Matriz, na limpeza de uma caixa coletora e na canaleta profunda. Durante a opera\u00e7\u00e3o, foram retirados diversos res\u00edduos descartados de forma inadequada, que causavam alagamentos no local em dias de chuva.<\/p>\n\n\n\n<p>Na rua Joaquim Sarmento, os trabalhadores atuam em tr\u00eas caixas coletoras. A Semulsp fez a retirada do lixo e lavagem com o apoio de carro-pipa nesses pontos, retirando garrafas PETs, pratos e colheres descart\u00e1veis, garrafas de vidro, entre outros res\u00edduos.&nbsp;<\/p>\n\n\n\n<p>&#8220;Esta parceria entre a Semulsp e a Seminf \u00e9 fundamental para a limpeza e reparo dos bueiros, evitando problemas futuros e garantindo a seguran\u00e7a da popula\u00e7\u00e3o. A determina\u00e7\u00e3o do prefeito David e do vice-prefeito Renato Junior \u00e9 clara, a prioridade \u00e9 cuidar da cidade e preservar o bem-estar dos cidad\u00e3os\u201d, concluiu o secret\u00e1rio de Limpeza Urbana, Sab\u00e1 Reis.<\/p>\n\n\n\n<figure class=\"wp-block-image size-large\"><img loading=\"lazy\" decoding=\"async\" width=\"1024\" height=\"768\" src=\"https:\/\/www.manaus.am.gov.br\/seminf\/wp-content\/uploads\/sites\/6\/2025\/01\/Operacao-de-limpeza-1-1-1024x768.jpeg\" alt=\"\" class=\"wp-image-3993\" srcset=\"https:\/\/www.manaus.am.gov.br\/seminf\/wp-content\/uploads\/sites\/6\/2025\/01\/Operacao-de-limpeza-1-1-1024x768.jpeg 1024w, https:\/\/www.manaus.am.gov.br\/seminf\/wp-content\/uploads\/sites\/6\/2025\/01\/Operacao-de-limpeza-1-1-300x225.jpeg 300w, https:\/\/www.manaus.am.gov.br\/seminf\/wp-content\/uploads\/sites\/6\/2025\/01\/Operacao-de-limpeza-1-1-768x576.jpeg 768w, https:\/\/www.manaus.am.gov.br\/seminf\/wp-content\/uploads\/sites\/6\/2025\/01\/Operacao-de-limpeza-1-1-1536x1152.jpeg 1536w, https:\/\/www.manaus.am.gov.br\/seminf\/wp-content\/uploads\/sites\/6\/2025\/01\/Operacao-de-limpeza-1-1.jpeg 1600w\" sizes=\"(max-width: 1024px) 100vw, 1024px\" \/><\/figure>\n\n\n\n<p>&#8212; &#8212; &#8212;<\/p>\n\n\n\n<p><strong>Texto<\/strong>\u00a0&#8211; Rayana Coutinho\/Seminf e Alex Melo\/Semulsp\u00a0<\/p>\n\n\n\n<p><strong>Fotos <\/strong>\u2013 Divulga\u00e7\u00e3o\/Seminf e Semulsp<\/p>\n","protected":false},"excerpt":{"rendered":"","protected":false},"author":39,"featured_media":3992,"comment_status":"closed","ping_status":"closed","sticky":false,"template":"","format":"standard","meta":{"footnotes":""},"categories":[1049],"tags":[1626,1579,1627,43,26,113],"acf":[],"yoast_head":"<!-- This site is optimized with the Yoast SEO plugin v23.0 - https:\/\/yoast.com\/wordpress\/plugins\/seo\/ -->\n<title>Limpeza e desobstru\u00e7\u00e3o de bueiros em pontos do centro<\/title>\n<meta name=\"description\" content=\"Prefeitura de Manaus realiza limpeza e desobstru\u00e7\u00e3o de bueiros em pontos do centro da cidade neste domingo, 12\/1.\" \/>\n<meta name=\"robots\" content=\"index, follow, max-snippet:-1, max-image-preview:large, max-video-preview:-1\" \/>\n<link rel=\"canonical\" href=\"https:\/\/www.manaus.am.gov.br\/seminf\/limpeza-desobstrucao-de-bueiros-centro\/\" \/>\n<meta property=\"og:locale\" content=\"pt_BR\" \/>\n<meta property=\"og:type\" content=\"article\" \/>\n<meta property=\"og:title\" content=\"Limpeza e desobstru\u00e7\u00e3o de bueiros em pontos do centro\" \/>\n<meta property=\"og:description\" content=\"Prefeitura de Manaus realiza limpeza e desobstru\u00e7\u00e3o de bueiros em pontos do centro da cidade neste domingo, 12\/1.\" \/>\n<meta property=\"og:url\" content=\"https:\/\/www.manaus.am.gov.br\/seminf\/limpeza-desobstrucao-de-bueiros-centro\/\" \/>\n<meta property=\"og:site_name\" content=\"SEMINF\" \/>\n<meta property=\"article:published_time\" content=\"2025-01-12T19:46:15+00:00\" \/>\n<meta property=\"og:image\" content=\"https:\/\/www.manaus.am.gov.br\/seminf\/wp-content\/uploads\/sites\/6\/2025\/01\/Operacao-de-limpeza-3.jpeg\" \/>\n\t<meta property=\"og:image:width\" content=\"1280\" \/>\n\t<meta property=\"og:image:height\" content=\"960\" \/>\n\t<meta property=\"og:image:type\" content=\"image\/jpeg\" \/>\n<meta name=\"author\" content=\"Bruna Greco\" \/>\n<meta name=\"twitter:card\" content=\"summary_large_image\" \/>\n<meta name=\"twitter:label1\" content=\"Written by\" \/>\n\t<meta name=\"twitter:data1\" content=\"Bruna Greco\" \/>\n\t<meta name=\"twitter:label2\" content=\"Est. reading time\" \/>\n\t<meta name=\"twitter:data2\" content=\"3 minutos\" \/>\n<script type=\"application\/ld+json\" class=\"yoast-schema-graph\">{\"@context\":\"https:\/\/schema.org\",\"@graph\":[{\"@type\":\"WebPage\",\"@id\":\"https:\/\/www.manaus.am.gov.br\/seminf\/limpeza-desobstrucao-de-bueiros-centro\/\",\"url\":\"https:\/\/www.manaus.am.gov.br\/seminf\/limpeza-desobstrucao-de-bueiros-centro\/\",\"name\":\"Limpeza e desobstru\u00e7\u00e3o de bueiros em pontos do centro\",\"isPartOf\":{\"@id\":\"https:\/\/www.manaus.am.gov.br\/seminf\/#website\"},\"primaryImageOfPage\":{\"@id\":\"https:\/\/www.manaus.am.gov.br\/seminf\/limpeza-desobstrucao-de-bueiros-centro\/#primaryimage\"},\"image\":{\"@id\":\"https:\/\/www.manaus.am.gov.br\/seminf\/limpeza-desobstrucao-de-bueiros-centro\/#primaryimage\"},\"thumbnailUrl\":\"https:\/\/www.manaus.am.gov.br\/seminf\/wp-content\/uploads\/sites\/6\/2025\/01\/Operacao-de-limpeza-3.jpeg\",\"datePublished\":\"2025-01-12T19:46:15+00:00\",\"dateModified\":\"2025-01-12T19:46:15+00:00\",\"author\":{\"@id\":\"https:\/\/www.manaus.am.gov.br\/seminf\/#\/schema\/person\/05d223aea2bf115f9883a6ff3683d81b\"},\"description\":\"Prefeitura de Manaus realiza limpeza e desobstru\u00e7\u00e3o de bueiros em pontos do centro da cidade neste domingo, 12\/1.\",\"inLanguage\":\"pt-BR\",\"potentialAction\":[{\"@type\":\"ReadAction\",\"target\":[\"https:\/\/www.manaus.am.gov.br\/seminf\/limpeza-desobstrucao-de-bueiros-centro\/\"]}]},{\"@type\":\"ImageObject\",\"inLanguage\":\"pt-BR\",\"@id\":\"https:\/\/www.manaus.am.gov.br\/seminf\/limpeza-desobstrucao-de-bueiros-centro\/#primaryimage\",\"url\":\"https:\/\/www.manaus.am.gov.br\/seminf\/wp-content\/uploads\/sites\/6\/2025\/01\/Operacao-de-limpeza-3.jpeg\",\"contentUrl\":\"https:\/\/www.manaus.am.gov.br\/seminf\/wp-content\/uploads\/sites\/6\/2025\/01\/Operacao-de-limpeza-3.jpeg\",\"width\":1280,\"height\":960,\"caption\":\"#paratodosverem - Equipes da Semulsp e Seminf realizando a limpeza e desobstru\u00e7\u00e3o de bueiro no Centro de Manaus\"},{\"@type\":\"WebSite\",\"@id\":\"https:\/\/www.manaus.am.gov.br\/seminf\/#website\",\"url\":\"https:\/\/www.manaus.am.gov.br\/seminf\/\",\"name\":\"Secretaria de Infraestrutura\",\"description\":\"Secretaria Municipal de Infraestrutura\",\"potentialAction\":[{\"@type\":\"SearchAction\",\"target\":{\"@type\":\"EntryPoint\",\"urlTemplate\":\"https:\/\/www.manaus.am.gov.br\/seminf\/?s={search_term_string}\"},\"query-input\":\"required name=search_term_string\"}],\"inLanguage\":\"pt-BR\"},{\"@type\":\"Person\",\"@id\":\"https:\/\/www.manaus.am.gov.br\/seminf\/#\/schema\/person\/05d223aea2bf115f9883a6ff3683d81b\",\"name\":\"Bruna Greco\",\"image\":{\"@type\":\"ImageObject\",\"inLanguage\":\"pt-BR\",\"@id\":\"https:\/\/www.manaus.am.gov.br\/seminf\/#\/schema\/person\/image\/\",\"url\":\"https:\/\/secure.gravatar.com\/avatar\/9c877d1a6adc2a055330e5c09a8653ce?s=96&d=mm&r=g\",\"contentUrl\":\"https:\/\/secure.gravatar.com\/avatar\/9c877d1a6adc2a055330e5c09a8653ce?s=96&d=mm&r=g\",\"caption\":\"Bruna Greco\"}}]}<\/script>\n<!-- \/ Yoast SEO plugin. -->","yoast_head_json":{"title":"Limpeza e desobstru\u00e7\u00e3o de bueiros em pontos do centro","description":"Prefeitura de Manaus realiza limpeza e desobstru\u00e7\u00e3o de bueiros em pontos do centro da cidade neste domingo, 12\/1.","robots":{"index":"index","follow":"follow","max-snippet":"max-snippet:-1","max-image-preview":"max-image-preview:large","max-video-preview":"max-video-preview:-1"},"canonical":"https:\/\/www.manaus.am.gov.br\/seminf\/limpeza-desobstrucao-de-bueiros-centro\/","og_locale":"pt_BR","og_type":"article","og_title":"Limpeza e desobstru\u00e7\u00e3o de bueiros em pontos do centro","og_description":"Prefeitura de Manaus realiza limpeza e desobstru\u00e7\u00e3o de bueiros em pontos do centro da cidade neste domingo, 12\/1.","og_url":"https:\/\/www.manaus.am.gov.br\/seminf\/limpeza-desobstrucao-de-bueiros-centro\/","og_site_name":"SEMINF","article_published_time":"2025-01-12T19:46:15+00:00","og_image":[{"width":1280,"height":960,"url":"https:\/\/www.manaus.am.gov.br\/seminf\/wp-content\/uploads\/sites\/6\/2025\/01\/Operacao-de-limpeza-3.jpeg","type":"image\/jpeg"}],"author":"Bruna Greco","twitter_card":"summary_large_image","twitter_misc":{"Written by":"Bruna Greco","Est. reading time":"3 minutos"},"schema":{"@context":"https:\/\/schema.org","@graph":[{"@type":"WebPage","@id":"https:\/\/www.manaus.am.gov.br\/seminf\/limpeza-desobstrucao-de-bueiros-centro\/","url":"https:\/\/www.manaus.am.gov.br\/seminf\/limpeza-desobstrucao-de-bueiros-centro\/","name":"Limpeza e desobstru\u00e7\u00e3o de bueiros em pontos do centro","isPartOf":{"@id":"https:\/\/www.manaus.am.gov.br\/seminf\/#website"},"primaryImageOfPage":{"@id":"https:\/\/www.manaus.am.gov.br\/seminf\/limpeza-desobstrucao-de-bueiros-centro\/#primaryimage"},"image":{"@id":"https:\/\/www.manaus.am.gov.br\/seminf\/limpeza-desobstrucao-de-bueiros-centro\/#primaryimage"},"thumbnailUrl":"https:\/\/www.manaus.am.gov.br\/seminf\/wp-content\/uploads\/sites\/6\/2025\/01\/Operacao-de-limpeza-3.jpeg","datePublished":"2025-01-12T19:46:15+00:00","dateModified":"2025-01-12T19:46:15+00:00","author":{"@id":"https:\/\/www.manaus.am.gov.br\/seminf\/#\/schema\/person\/05d223aea2bf115f9883a6ff3683d81b"},"description":"Prefeitura de Manaus realiza limpeza e desobstru\u00e7\u00e3o de bueiros em pontos do centro da cidade neste domingo, 12\/1.","inLanguage":"pt-BR","potentialAction":[{"@type":"ReadAction","target":["https:\/\/www.manaus.am.gov.br\/seminf\/limpeza-desobstrucao-de-bueiros-centro\/"]}]},{"@type":"ImageObject","inLanguage":"pt-BR","@id":"https:\/\/www.manaus.am.gov.br\/seminf\/limpeza-desobstrucao-de-bueiros-centro\/#primaryimage","url":"https:\/\/www.manaus.am.gov.br\/seminf\/wp-content\/uploads\/sites\/6\/2025\/01\/Operacao-de-limpeza-3.jpeg","contentUrl":"https:\/\/www.manaus.am.gov.br\/seminf\/wp-content\/uploads\/sites\/6\/2025\/01\/Operacao-de-limpeza-3.jpeg","width":1280,"height":960,"caption":"#paratodosverem - Equipes da Semulsp e Seminf realizando a limpeza e desobstru\u00e7\u00e3o de bueiro no Centro de Manaus"},{"@type":"WebSite","@id":"https:\/\/www.manaus.am.gov.br\/seminf\/#website","url":"https:\/\/www.manaus.am.gov.br\/seminf\/","name":"Secretaria de Infraestrutura","description":"Secretaria Municipal de Infraestrutura","potentialAction":[{"@type":"SearchAction","target":{"@type":"EntryPoint","urlTemplate":"https:\/\/www.manaus.am.gov.br\/seminf\/?s={search_term_string}"},"query-input":"required name=search_term_string"}],"inLanguage":"pt-BR"},{"@type":"Person","@id":"https:\/\/www.manaus.am.gov.br\/seminf\/#\/schema\/person\/05d223aea2bf115f9883a6ff3683d81b","name":"Bruna Greco","image":{"@type":"ImageObject","inLanguage":"pt-BR","@id":"https:\/\/www.manaus.am.gov.br\/seminf\/#\/schema\/person\/image\/","url":"https:\/\/secure.gravatar.com\/avatar\/9c877d1a6adc2a055330e5c09a8653ce?s=96&d=mm&r=g","contentUrl":"https:\/\/secure.gravatar.com\/avatar\/9c877d1a6adc2a055330e5c09a8653ce?s=96&d=mm&r=g","caption":"Bruna Greco"}}]}},"_links":{"self":[{"href":"https:\/\/www.manaus.am.gov.br\/seminf\/wp-json\/wp\/v2\/posts\/3991"}],"collection":[{"href":"https:\/\/www.manaus.am.gov.br\/seminf\/wp-json\/wp\/v2\/posts"}],"about":[{"href":"https:\/\/www.manaus.am.gov.br\/seminf\/wp-json\/wp\/v2\/types\/post"}],"author":[{"embeddable":true,"href":"https:\/\/www.manaus.am.gov.br\/seminf\/wp-json\/wp\/v2\/users\/39"}],"replies":[{"embeddable":true,"href":"https:\/\/www.manaus.am.gov.br\/seminf\/wp-json\/wp\/v2\/comments?post=3991"}],"version-history":[{"count":1,"href":"https:\/\/www.manaus.am.gov.br\/seminf\/wp-json\/wp\/v2\/posts\/3991\/revisions"}],"predecessor-version":[{"id":3995,"href":"https:\/\/www.manaus.am.gov.br\/seminf\/wp-json\/wp\/v2\/posts\/3991\/revisions\/3995"}],"wp:featuredmedia":[{"embeddable":true,"href":"https:\/\/www.manaus.am.gov.br\/seminf\/wp-json\/wp\/v2\/media\/3992"}],"wp:attachment":[{"href":"https:\/\/www.manaus.am.gov.br\/seminf\/wp-json\/wp\/v2\/media?parent=3991"}],"wp:term":[{"taxonomy":"category","embeddable":true,"href":"https:\/\/www.manaus.am.gov.br\/seminf\/wp-json\/wp\/v2\/categories?post=3991"},{"taxonomy":"post_tag","embeddable":true,"href":"https:\/\/www.manaus.am.gov.br\/seminf\/wp-json\/wp\/v2\/tags?post=3991"}],"curies":[{"name":"wp","href":"https:\/\/api.w.org\/{rel}","templated":true}]}}