{"id":3976,"date":"2025-01-06T14:39:19","date_gmt":"2025-01-06T18:39:19","guid":{"rendered":"https:\/\/www.manaus.am.gov.br\/seminf\/prefeito-em-exercicio-renato-junior\/"},"modified":"2025-01-10T11:44:47","modified_gmt":"2025-01-10T15:44:47","slug":"prefeito-em-exercicio-renato-junior","status":"publish","type":"post","link":"https:\/\/www.manaus.am.gov.br\/seminf\/prefeito-em-exercicio-renato-junior\/","title":{"rendered":"Prefeito em exerc\u00edcio Renato Junior retorna as feiras para di\u00e1logo com os permission\u00e1rios"},"content":{"rendered":"\n<p>Os permission\u00e1rios da feira da Manaus Moderna receberam a visita t\u00e9cnica do prefeito em exerc\u00edcio Renato Junior, e do titular da Secretaria de Feiras e Mercados (Semacc), Wanderson Costa, na manh\u00e3 desta segunda-feira, 6\/1.<\/p>\n\n\n\n<p>\u201cCome\u00e7o minha jornada como prefeito em exerc\u00edcio retornando ao local que me acolheu por quase toda minha vida, onde trabalhei com meu pai. Aqui na Manaus Moderna, venho para ouvir os permission\u00e1rios e acompanhar o andamento da reforma\u201d, afirma o prefeito.<\/p>\n\n\n\n<p>\u201cMesmo em recesso, o prefeito David mant\u00e9m contato e determina que eu prossiga com esse atendimento personalizado aos mercados e \u00e0s feiras. Fui eleito para ajudar as pessoas\u201d, complementa.<\/p>\n\n\n\n<p>No in\u00edcio da manh\u00e3 desta segunda-feira, o prefeito em exerc\u00edcio reuniu com o secret\u00e1rio Sab\u00e1 Reis, titular da pasta de Limpeza Urbana (Semulsp). \u201cEstou me organizando para dialogar com todo secretariado e me colocar a par das a\u00e7\u00f5es nos pr\u00f3ximos dias. O secret\u00e1rio Sab\u00e1, inclusive, me mostrou o trabalho de reciclagem e reutiliza\u00e7\u00e3o de ferro para confeccionar lixeiras e o reuso de sedimentos coletados pela Secretaria de Obras na confec\u00e7\u00e3o de artefatos. Achei pertinente a a\u00e7\u00e3o e vamos divulgar mais isso para a popula\u00e7\u00e3o\u201d, destaca.<\/p>\n\n\n\n<p><strong>Mandato<\/strong><\/p>\n\n\n\n<p>O prefeito ainda adiantou os planos para os quatro anos de gest\u00e3o. \u201cO que a popula\u00e7\u00e3o de Manaus pode esperar do primeiro ano de mandato do prefeito David \u00e9 trabalho, trabalho e trabalho. Foram 4 anos intensos do primeiro mandato e com certeza ser\u00e3o mais 4 anos intensos de muitos resultados. Muitos projetos que estavam em curso continuar\u00e3o\u201d.<\/p>\n\n\n\n<p>&#8212; &#8212; &#8212;<\/p>\n\n\n\n<p><strong>Texto &#8211;<\/strong> Divulga\u00e7\u00e3o \/ Seminf<\/p>\n\n\n\n<p><strong>Fotos &#8211;<\/strong> Jo\u00e3o Viana \/ Semcom e Divulga\u00e7\u00e3o \/ Seminf<\/p>\n\n\n\n<p><strong>Dispon\u00edveis em<\/strong> &#8211; <a href=\"https:\/\/www.flickr.com\/gp\/prefeiturademanaus\/yHKzD1s494\">https:\/\/www.flickr.com\/gp\/prefeiturademanaus\/yHKzD1s494<\/a><\/p>\n","protected":false},"excerpt":{"rendered":"","protected":false},"author":57,"featured_media":3977,"comment_status":"closed","ping_status":"closed","sticky":false,"template":"","format":"standard","meta":{"footnotes":""},"categories":[1621,1218],"tags":[1256,1515,1622,43,118],"acf":[],"yoast_head":"<!-- This site is optimized with the Yoast SEO plugin v23.0 - https:\/\/yoast.com\/wordpress\/plugins\/seo\/ -->\n<title>Prefeito em exerc\u00edcio retorna di\u00e1logo com os permission\u00e1rios<\/title>\n<meta name=\"description\" content=\"Os permission\u00e1rios da feira da Manaus Moderna receberam a visita do prefeito em exerc\u00edcio, Renato Junior na manh\u00e3 desta segunda-feira, 6\/1.\" \/>\n<meta name=\"robots\" content=\"index, follow, max-snippet:-1, max-image-preview:large, max-video-preview:-1\" \/>\n<link rel=\"canonical\" href=\"https:\/\/www.manaus.am.gov.br\/seminf\/prefeito-em-exercicio-renato-junior\/\" \/>\n<meta property=\"og:locale\" content=\"pt_BR\" \/>\n<meta property=\"og:type\" content=\"article\" \/>\n<meta property=\"og:title\" content=\"Prefeito em exerc\u00edcio retorna di\u00e1logo com os permission\u00e1rios\" \/>\n<meta property=\"og:description\" content=\"Os permission\u00e1rios da feira da Manaus Moderna receberam a visita do prefeito em exerc\u00edcio, Renato Junior na manh\u00e3 desta segunda-feira, 6\/1.\" \/>\n<meta property=\"og:url\" content=\"https:\/\/www.manaus.am.gov.br\/seminf\/prefeito-em-exercicio-renato-junior\/\" \/>\n<meta property=\"og:site_name\" content=\"SEMINF\" \/>\n<meta property=\"article:published_time\" content=\"2025-01-06T18:39:19+00:00\" \/>\n<meta property=\"article:modified_time\" content=\"2025-01-10T15:44:47+00:00\" \/>\n<meta property=\"og:image\" content=\"https:\/\/www.manaus.am.gov.br\/seminf\/wp-content\/uploads\/sites\/6\/2025\/01\/Prefeito-Renato-Junior.jpg\" \/>\n\t<meta property=\"og:image:width\" content=\"800\" \/>\n\t<meta property=\"og:image:height\" content=\"533\" \/>\n\t<meta property=\"og:image:type\" content=\"image\/jpeg\" \/>\n<meta name=\"author\" content=\"Thiago Fernando\" \/>\n<meta name=\"twitter:card\" content=\"summary_large_image\" \/>\n<meta name=\"twitter:label1\" content=\"Written by\" \/>\n\t<meta name=\"twitter:data1\" content=\"Thiago Fernando\" \/>\n\t<meta name=\"twitter:label2\" content=\"Est. reading time\" \/>\n\t<meta name=\"twitter:data2\" content=\"2 minutos\" \/>\n<script type=\"application\/ld+json\" class=\"yoast-schema-graph\">{\"@context\":\"https:\/\/schema.org\",\"@graph\":[{\"@type\":\"WebPage\",\"@id\":\"https:\/\/www.manaus.am.gov.br\/seminf\/prefeito-em-exercicio-renato-junior\/\",\"url\":\"https:\/\/www.manaus.am.gov.br\/seminf\/prefeito-em-exercicio-renato-junior\/\",\"name\":\"Prefeito em exerc\u00edcio retorna di\u00e1logo com os permission\u00e1rios\",\"isPartOf\":{\"@id\":\"https:\/\/www.manaus.am.gov.br\/seminf\/#website\"},\"primaryImageOfPage\":{\"@id\":\"https:\/\/www.manaus.am.gov.br\/seminf\/prefeito-em-exercicio-renato-junior\/#primaryimage\"},\"image\":{\"@id\":\"https:\/\/www.manaus.am.gov.br\/seminf\/prefeito-em-exercicio-renato-junior\/#primaryimage\"},\"thumbnailUrl\":\"https:\/\/www.manaus.am.gov.br\/seminf\/wp-content\/uploads\/sites\/6\/2025\/01\/Prefeito-Renato-Junior.jpg\",\"datePublished\":\"2025-01-06T18:39:19+00:00\",\"dateModified\":\"2025-01-10T15:44:47+00:00\",\"author\":{\"@id\":\"https:\/\/www.manaus.am.gov.br\/seminf\/#\/schema\/person\/a5ee5376db6e21af026374b369f30882\"},\"description\":\"Os permission\u00e1rios da feira da Manaus Moderna receberam a visita do prefeito em exerc\u00edcio, Renato Junior na manh\u00e3 desta segunda-feira, 6\/1.\",\"inLanguage\":\"pt-BR\",\"potentialAction\":[{\"@type\":\"ReadAction\",\"target\":[\"https:\/\/www.manaus.am.gov.br\/seminf\/prefeito-em-exercicio-renato-junior\/\"]}]},{\"@type\":\"ImageObject\",\"inLanguage\":\"pt-BR\",\"@id\":\"https:\/\/www.manaus.am.gov.br\/seminf\/prefeito-em-exercicio-renato-junior\/#primaryimage\",\"url\":\"https:\/\/www.manaus.am.gov.br\/seminf\/wp-content\/uploads\/sites\/6\/2025\/01\/Prefeito-Renato-Junior.jpg\",\"contentUrl\":\"https:\/\/www.manaus.am.gov.br\/seminf\/wp-content\/uploads\/sites\/6\/2025\/01\/Prefeito-Renato-Junior.jpg\",\"width\":800,\"height\":533,\"caption\":\"Renato Junior conversou com os permission\u00e1rios da Manaus Moderna\"},{\"@type\":\"WebSite\",\"@id\":\"https:\/\/www.manaus.am.gov.br\/seminf\/#website\",\"url\":\"https:\/\/www.manaus.am.gov.br\/seminf\/\",\"name\":\"Secretaria de Infraestrutura\",\"description\":\"Secretaria Municipal de Infraestrutura\",\"potentialAction\":[{\"@type\":\"SearchAction\",\"target\":{\"@type\":\"EntryPoint\",\"urlTemplate\":\"https:\/\/www.manaus.am.gov.br\/seminf\/?s={search_term_string}\"},\"query-input\":\"required name=search_term_string\"}],\"inLanguage\":\"pt-BR\"},{\"@type\":\"Person\",\"@id\":\"https:\/\/www.manaus.am.gov.br\/seminf\/#\/schema\/person\/a5ee5376db6e21af026374b369f30882\",\"name\":\"Thiago Fernando\",\"image\":{\"@type\":\"ImageObject\",\"inLanguage\":\"pt-BR\",\"@id\":\"https:\/\/www.manaus.am.gov.br\/seminf\/#\/schema\/person\/image\/\",\"url\":\"https:\/\/secure.gravatar.com\/avatar\/f5aab8722444041451501c077052ac07?s=96&d=mm&r=g\",\"contentUrl\":\"https:\/\/secure.gravatar.com\/avatar\/f5aab8722444041451501c077052ac07?s=96&d=mm&r=g\",\"caption\":\"Thiago Fernando\"}}]}<\/script>\n<!-- \/ Yoast SEO plugin. -->","yoast_head_json":{"title":"Prefeito em exerc\u00edcio retorna di\u00e1logo com os permission\u00e1rios","description":"Os permission\u00e1rios da feira da Manaus Moderna receberam a visita do prefeito em exerc\u00edcio, Renato Junior na manh\u00e3 desta segunda-feira, 6\/1.","robots":{"index":"index","follow":"follow","max-snippet":"max-snippet:-1","max-image-preview":"max-image-preview:large","max-video-preview":"max-video-preview:-1"},"canonical":"https:\/\/www.manaus.am.gov.br\/seminf\/prefeito-em-exercicio-renato-junior\/","og_locale":"pt_BR","og_type":"article","og_title":"Prefeito em exerc\u00edcio retorna di\u00e1logo com os permission\u00e1rios","og_description":"Os permission\u00e1rios da feira da Manaus Moderna receberam a visita do prefeito em exerc\u00edcio, Renato Junior na manh\u00e3 desta segunda-feira, 6\/1.","og_url":"https:\/\/www.manaus.am.gov.br\/seminf\/prefeito-em-exercicio-renato-junior\/","og_site_name":"SEMINF","article_published_time":"2025-01-06T18:39:19+00:00","article_modified_time":"2025-01-10T15:44:47+00:00","og_image":[{"width":800,"height":533,"url":"https:\/\/www.manaus.am.gov.br\/seminf\/wp-content\/uploads\/sites\/6\/2025\/01\/Prefeito-Renato-Junior.jpg","type":"image\/jpeg"}],"author":"Thiago Fernando","twitter_card":"summary_large_image","twitter_misc":{"Written by":"Thiago Fernando","Est. reading time":"2 minutos"},"schema":{"@context":"https:\/\/schema.org","@graph":[{"@type":"WebPage","@id":"https:\/\/www.manaus.am.gov.br\/seminf\/prefeito-em-exercicio-renato-junior\/","url":"https:\/\/www.manaus.am.gov.br\/seminf\/prefeito-em-exercicio-renato-junior\/","name":"Prefeito em exerc\u00edcio retorna di\u00e1logo com os permission\u00e1rios","isPartOf":{"@id":"https:\/\/www.manaus.am.gov.br\/seminf\/#website"},"primaryImageOfPage":{"@id":"https:\/\/www.manaus.am.gov.br\/seminf\/prefeito-em-exercicio-renato-junior\/#primaryimage"},"image":{"@id":"https:\/\/www.manaus.am.gov.br\/seminf\/prefeito-em-exercicio-renato-junior\/#primaryimage"},"thumbnailUrl":"https:\/\/www.manaus.am.gov.br\/seminf\/wp-content\/uploads\/sites\/6\/2025\/01\/Prefeito-Renato-Junior.jpg","datePublished":"2025-01-06T18:39:19+00:00","dateModified":"2025-01-10T15:44:47+00:00","author":{"@id":"https:\/\/www.manaus.am.gov.br\/seminf\/#\/schema\/person\/a5ee5376db6e21af026374b369f30882"},"description":"Os permission\u00e1rios da feira da Manaus Moderna receberam a visita do prefeito em exerc\u00edcio, Renato Junior na manh\u00e3 desta segunda-feira, 6\/1.","inLanguage":"pt-BR","potentialAction":[{"@type":"ReadAction","target":["https:\/\/www.manaus.am.gov.br\/seminf\/prefeito-em-exercicio-renato-junior\/"]}]},{"@type":"ImageObject","inLanguage":"pt-BR","@id":"https:\/\/www.manaus.am.gov.br\/seminf\/prefeito-em-exercicio-renato-junior\/#primaryimage","url":"https:\/\/www.manaus.am.gov.br\/seminf\/wp-content\/uploads\/sites\/6\/2025\/01\/Prefeito-Renato-Junior.jpg","contentUrl":"https:\/\/www.manaus.am.gov.br\/seminf\/wp-content\/uploads\/sites\/6\/2025\/01\/Prefeito-Renato-Junior.jpg","width":800,"height":533,"caption":"Renato Junior conversou com os permission\u00e1rios da Manaus Moderna"},{"@type":"WebSite","@id":"https:\/\/www.manaus.am.gov.br\/seminf\/#website","url":"https:\/\/www.manaus.am.gov.br\/seminf\/","name":"Secretaria de Infraestrutura","description":"Secretaria Municipal de Infraestrutura","potentialAction":[{"@type":"SearchAction","target":{"@type":"EntryPoint","urlTemplate":"https:\/\/www.manaus.am.gov.br\/seminf\/?s={search_term_string}"},"query-input":"required name=search_term_string"}],"inLanguage":"pt-BR"},{"@type":"Person","@id":"https:\/\/www.manaus.am.gov.br\/seminf\/#\/schema\/person\/a5ee5376db6e21af026374b369f30882","name":"Thiago Fernando","image":{"@type":"ImageObject","inLanguage":"pt-BR","@id":"https:\/\/www.manaus.am.gov.br\/seminf\/#\/schema\/person\/image\/","url":"https:\/\/secure.gravatar.com\/avatar\/f5aab8722444041451501c077052ac07?s=96&d=mm&r=g","contentUrl":"https:\/\/secure.gravatar.com\/avatar\/f5aab8722444041451501c077052ac07?s=96&d=mm&r=g","caption":"Thiago Fernando"}}]}},"_links":{"self":[{"href":"https:\/\/www.manaus.am.gov.br\/seminf\/wp-json\/wp\/v2\/posts\/3976"}],"collection":[{"href":"https:\/\/www.manaus.am.gov.br\/seminf\/wp-json\/wp\/v2\/posts"}],"about":[{"href":"https:\/\/www.manaus.am.gov.br\/seminf\/wp-json\/wp\/v2\/types\/post"}],"author":[{"embeddable":true,"href":"https:\/\/www.manaus.am.gov.br\/seminf\/wp-json\/wp\/v2\/users\/57"}],"replies":[{"embeddable":true,"href":"https:\/\/www.manaus.am.gov.br\/seminf\/wp-json\/wp\/v2\/comments?post=3976"}],"version-history":[{"count":0,"href":"https:\/\/www.manaus.am.gov.br\/seminf\/wp-json\/wp\/v2\/posts\/3976\/revisions"}],"wp:featuredmedia":[{"embeddable":true,"href":"https:\/\/www.manaus.am.gov.br\/seminf\/wp-json\/wp\/v2\/media\/3977"}],"wp:attachment":[{"href":"https:\/\/www.manaus.am.gov.br\/seminf\/wp-json\/wp\/v2\/media?parent=3976"}],"wp:term":[{"taxonomy":"category","embeddable":true,"href":"https:\/\/www.manaus.am.gov.br\/seminf\/wp-json\/wp\/v2\/categories?post=3976"},{"taxonomy":"post_tag","embeddable":true,"href":"https:\/\/www.manaus.am.gov.br\/seminf\/wp-json\/wp\/v2\/tags?post=3976"}],"curies":[{"name":"wp","href":"https:\/\/api.w.org\/{rel}","templated":true}]}}