{"id":3966,"date":"2025-01-09T15:32:10","date_gmt":"2025-01-09T19:32:10","guid":{"rendered":"https:\/\/www.manaus.am.gov.br\/seminf\/servicos-recuperacao-asfaltica-2\/"},"modified":"2025-01-09T15:32:12","modified_gmt":"2025-01-09T19:32:12","slug":"servicos-recuperacao-asfaltica-2","status":"publish","type":"post","link":"https:\/\/www.manaus.am.gov.br\/seminf\/servicos-recuperacao-asfaltica-2\/","title":{"rendered":"Servi\u00e7os de recupera\u00e7\u00e3o asf\u00e1ltica da Prefeitura de Manaus beneficiam trecho do bairro Col\u00f4nia Santo Ant\u00f4nio"},"content":{"rendered":"\n<p>A Prefeitura de Manaus, por meio da Secretaria Municipal de Infraestrutura (Seminf), executa, nesta quinta-feira, 9\/1, os servi\u00e7os de recupera\u00e7\u00e3o asf\u00e1ltica na movimentada rua Yanomami, um dos principais acessos do bairro Col\u00f4nia Santo Ant\u00f4nio, na zona Norte da cidade.&nbsp;<\/p>\n\n\n\n<p>\u201cEssa regi\u00e3o possui v\u00e1rios estabelecimentos comerciais e muitos ve\u00edculos que passam por aqui, principalmente os de grande porte. A gest\u00e3o do prefeito David Almeida trabalha de forma preventiva e emergencial, a equipe identificou o desgaste da via e de forma imediata o trecho est\u00e1 recebendo manuten\u00e7\u00e3o. Esse \u00e9 o compromisso da gest\u00e3o com os moradores\u201d, afirma o prefeito em exerc\u00edcio e secret\u00e1rio de Obras, Renato Junior.<\/p>\n\n\n\n<p>O comerciante local Ricardo do Reis, 27, atende a sua clientela enquanto observa de frente, os servi\u00e7os da Prefeitura de Manaus sendo executados e enfatiza que pela grande movimenta\u00e7\u00e3o, a recupera\u00e7\u00e3o asf\u00e1ltica se torna cada vez mais essencial.<\/p>\n\n\n\n<p>\u201cA chegada da manuten\u00e7\u00e3o do asfalto vai ajudar bastante. O fluxo de ve\u00edculos \u00e9 muito grande nessa rua, e com o per\u00edodo de chuva piora. Mas agora a gente s\u00f3 tem a agradecer ao prefeito David Almeida, e ao vice-prefeito Renato Junior, pelo servi\u00e7o dessa rua, n\u00f3s moradores precisamos muito dela\u201d, afirma o morador.<\/p>\n\n\n\n<p>Essas obras realizadas pela Prefeitura de Manaus, em diversos pontos da cidade, promovem mais seguran\u00e7a, fluidez no tr\u00e1fego e qualidade de vida, contribuindo diretamente para o avan\u00e7o cont\u00ednuo da cidade.<\/p>\n\n\n\n<p>\u2014 \u2014 \u2014<br><strong>Texto &#8211;<\/strong> Rayana Coutinho\/ Seminf<br><strong>Fotos &#8211;<\/strong> M\u00e1rcio Melo\/ Seminf<\/p>\n","protected":false},"excerpt":{"rendered":"","protected":false},"author":68,"featured_media":3967,"comment_status":"closed","ping_status":"closed","sticky":false,"template":"","format":"standard","meta":{"footnotes":""},"categories":[4],"tags":[43,70,26,703],"acf":[],"yoast_head":"<!-- This site is optimized with the Yoast SEO plugin v23.0 - https:\/\/yoast.com\/wordpress\/plugins\/seo\/ -->\n<title>Servi\u00e7os de recupera\u00e7\u00e3o asf\u00e1ltica da Prefeitura de Manaus beneficiam trecho do bairro Col\u00f4nia Santo Ant\u00f4nio<\/title>\n<meta name=\"description\" content=\"A Prefeitura de Manaus, por meio da Secretaria Municipal de Infraestrutura (Seminf), executa, nesta quinta-feira, 9\/1, os servi\u00e7os de recupera\u00e7\u00e3o asf\u00e1ltica na movimentada rua Yanomami, um dos principais acessos do bairro Col\u00f4nia Santo Ant\u00f4nio, na zona Norte da cidade.\u00a0\" \/>\n<meta name=\"robots\" content=\"index, follow, max-snippet:-1, max-image-preview:large, max-video-preview:-1\" \/>\n<link rel=\"canonical\" href=\"https:\/\/www.manaus.am.gov.br\/seminf\/servicos-recuperacao-asfaltica-2\/\" \/>\n<meta property=\"og:locale\" content=\"pt_BR\" \/>\n<meta property=\"og:type\" content=\"article\" \/>\n<meta property=\"og:title\" content=\"Servi\u00e7os de recupera\u00e7\u00e3o asf\u00e1ltica da Prefeitura de Manaus beneficiam trecho do bairro Col\u00f4nia Santo Ant\u00f4nio\" \/>\n<meta property=\"og:description\" content=\"A Prefeitura de Manaus, por meio da Secretaria Municipal de Infraestrutura (Seminf), executa, nesta quinta-feira, 9\/1, os servi\u00e7os de recupera\u00e7\u00e3o asf\u00e1ltica na movimentada rua Yanomami, um dos principais acessos do bairro Col\u00f4nia Santo Ant\u00f4nio, na zona Norte da cidade.\u00a0\" \/>\n<meta property=\"og:url\" content=\"https:\/\/www.manaus.am.gov.br\/seminf\/servicos-recuperacao-asfaltica-2\/\" \/>\n<meta property=\"og:site_name\" content=\"SEMINF\" \/>\n<meta property=\"article:published_time\" content=\"2025-01-09T19:32:10+00:00\" \/>\n<meta property=\"article:modified_time\" content=\"2025-01-09T19:32:12+00:00\" \/>\n<meta property=\"og:image\" content=\"https:\/\/www.manaus.am.gov.br\/seminf\/wp-content\/uploads\/sites\/6\/2025\/01\/Servicos-de-recuperacao-asfaltica-3.jpg\" \/>\n\t<meta property=\"og:image:width\" content=\"800\" \/>\n\t<meta property=\"og:image:height\" content=\"533\" \/>\n\t<meta property=\"og:image:type\" content=\"image\/jpeg\" \/>\n<meta name=\"author\" content=\"bvalente\" \/>\n<meta name=\"twitter:card\" content=\"summary_large_image\" \/>\n<meta name=\"twitter:label1\" content=\"Written by\" \/>\n\t<meta name=\"twitter:data1\" content=\"bvalente\" \/>\n\t<meta name=\"twitter:label2\" content=\"Est. reading time\" \/>\n\t<meta name=\"twitter:data2\" content=\"2 minutos\" \/>\n<script type=\"application\/ld+json\" class=\"yoast-schema-graph\">{\"@context\":\"https:\/\/schema.org\",\"@graph\":[{\"@type\":\"WebPage\",\"@id\":\"https:\/\/www.manaus.am.gov.br\/seminf\/servicos-recuperacao-asfaltica-2\/\",\"url\":\"https:\/\/www.manaus.am.gov.br\/seminf\/servicos-recuperacao-asfaltica-2\/\",\"name\":\"Servi\u00e7os de recupera\u00e7\u00e3o asf\u00e1ltica da Prefeitura de Manaus beneficiam trecho do bairro Col\u00f4nia Santo Ant\u00f4nio\",\"isPartOf\":{\"@id\":\"https:\/\/www.manaus.am.gov.br\/seminf\/#website\"},\"primaryImageOfPage\":{\"@id\":\"https:\/\/www.manaus.am.gov.br\/seminf\/servicos-recuperacao-asfaltica-2\/#primaryimage\"},\"image\":{\"@id\":\"https:\/\/www.manaus.am.gov.br\/seminf\/servicos-recuperacao-asfaltica-2\/#primaryimage\"},\"thumbnailUrl\":\"https:\/\/www.manaus.am.gov.br\/seminf\/wp-content\/uploads\/sites\/6\/2025\/01\/Servicos-de-recuperacao-asfaltica-3.jpg\",\"datePublished\":\"2025-01-09T19:32:10+00:00\",\"dateModified\":\"2025-01-09T19:32:12+00:00\",\"author\":{\"@id\":\"https:\/\/www.manaus.am.gov.br\/seminf\/#\/schema\/person\/466a0e03ae4b6062809046bd560ac955\"},\"description\":\"A Prefeitura de Manaus, por meio da Secretaria Municipal de Infraestrutura (Seminf), executa, nesta quinta-feira, 9\/1, os servi\u00e7os de recupera\u00e7\u00e3o asf\u00e1ltica na movimentada rua Yanomami, um dos principais acessos do bairro Col\u00f4nia Santo Ant\u00f4nio, na zona Norte da cidade.\u00a0\",\"inLanguage\":\"pt-BR\",\"potentialAction\":[{\"@type\":\"ReadAction\",\"target\":[\"https:\/\/www.manaus.am.gov.br\/seminf\/servicos-recuperacao-asfaltica-2\/\"]}]},{\"@type\":\"ImageObject\",\"inLanguage\":\"pt-BR\",\"@id\":\"https:\/\/www.manaus.am.gov.br\/seminf\/servicos-recuperacao-asfaltica-2\/#primaryimage\",\"url\":\"https:\/\/www.manaus.am.gov.br\/seminf\/wp-content\/uploads\/sites\/6\/2025\/01\/Servicos-de-recuperacao-asfaltica-3.jpg\",\"contentUrl\":\"https:\/\/www.manaus.am.gov.br\/seminf\/wp-content\/uploads\/sites\/6\/2025\/01\/Servicos-de-recuperacao-asfaltica-3.jpg\",\"width\":800,\"height\":533},{\"@type\":\"WebSite\",\"@id\":\"https:\/\/www.manaus.am.gov.br\/seminf\/#website\",\"url\":\"https:\/\/www.manaus.am.gov.br\/seminf\/\",\"name\":\"Secretaria de Infraestrutura\",\"description\":\"Secretaria Municipal de Infraestrutura\",\"potentialAction\":[{\"@type\":\"SearchAction\",\"target\":{\"@type\":\"EntryPoint\",\"urlTemplate\":\"https:\/\/www.manaus.am.gov.br\/seminf\/?s={search_term_string}\"},\"query-input\":\"required name=search_term_string\"}],\"inLanguage\":\"pt-BR\"},{\"@type\":\"Person\",\"@id\":\"https:\/\/www.manaus.am.gov.br\/seminf\/#\/schema\/person\/466a0e03ae4b6062809046bd560ac955\",\"name\":\"bvalente\",\"image\":{\"@type\":\"ImageObject\",\"inLanguage\":\"pt-BR\",\"@id\":\"https:\/\/www.manaus.am.gov.br\/seminf\/#\/schema\/person\/image\/\",\"url\":\"https:\/\/secure.gravatar.com\/avatar\/3e69bc2b014bdad41adfec3a39de07d2?s=96&d=mm&r=g\",\"contentUrl\":\"https:\/\/secure.gravatar.com\/avatar\/3e69bc2b014bdad41adfec3a39de07d2?s=96&d=mm&r=g\",\"caption\":\"bvalente\"}}]}<\/script>\n<!-- \/ Yoast SEO plugin. -->","yoast_head_json":{"title":"Servi\u00e7os de recupera\u00e7\u00e3o asf\u00e1ltica da Prefeitura de Manaus beneficiam trecho do bairro Col\u00f4nia Santo Ant\u00f4nio","description":"A Prefeitura de Manaus, por meio da Secretaria Municipal de Infraestrutura (Seminf), executa, nesta quinta-feira, 9\/1, os servi\u00e7os de recupera\u00e7\u00e3o asf\u00e1ltica na movimentada rua Yanomami, um dos principais acessos do bairro Col\u00f4nia Santo Ant\u00f4nio, na zona Norte da cidade.\u00a0","robots":{"index":"index","follow":"follow","max-snippet":"max-snippet:-1","max-image-preview":"max-image-preview:large","max-video-preview":"max-video-preview:-1"},"canonical":"https:\/\/www.manaus.am.gov.br\/seminf\/servicos-recuperacao-asfaltica-2\/","og_locale":"pt_BR","og_type":"article","og_title":"Servi\u00e7os de recupera\u00e7\u00e3o asf\u00e1ltica da Prefeitura de Manaus beneficiam trecho do bairro Col\u00f4nia Santo Ant\u00f4nio","og_description":"A Prefeitura de Manaus, por meio da Secretaria Municipal de Infraestrutura (Seminf), executa, nesta quinta-feira, 9\/1, os servi\u00e7os de recupera\u00e7\u00e3o asf\u00e1ltica na movimentada rua Yanomami, um dos principais acessos do bairro Col\u00f4nia Santo Ant\u00f4nio, na zona Norte da cidade.\u00a0","og_url":"https:\/\/www.manaus.am.gov.br\/seminf\/servicos-recuperacao-asfaltica-2\/","og_site_name":"SEMINF","article_published_time":"2025-01-09T19:32:10+00:00","article_modified_time":"2025-01-09T19:32:12+00:00","og_image":[{"width":800,"height":533,"url":"https:\/\/www.manaus.am.gov.br\/seminf\/wp-content\/uploads\/sites\/6\/2025\/01\/Servicos-de-recuperacao-asfaltica-3.jpg","type":"image\/jpeg"}],"author":"bvalente","twitter_card":"summary_large_image","twitter_misc":{"Written by":"bvalente","Est. reading time":"2 minutos"},"schema":{"@context":"https:\/\/schema.org","@graph":[{"@type":"WebPage","@id":"https:\/\/www.manaus.am.gov.br\/seminf\/servicos-recuperacao-asfaltica-2\/","url":"https:\/\/www.manaus.am.gov.br\/seminf\/servicos-recuperacao-asfaltica-2\/","name":"Servi\u00e7os de recupera\u00e7\u00e3o asf\u00e1ltica da Prefeitura de Manaus beneficiam trecho do bairro Col\u00f4nia Santo Ant\u00f4nio","isPartOf":{"@id":"https:\/\/www.manaus.am.gov.br\/seminf\/#website"},"primaryImageOfPage":{"@id":"https:\/\/www.manaus.am.gov.br\/seminf\/servicos-recuperacao-asfaltica-2\/#primaryimage"},"image":{"@id":"https:\/\/www.manaus.am.gov.br\/seminf\/servicos-recuperacao-asfaltica-2\/#primaryimage"},"thumbnailUrl":"https:\/\/www.manaus.am.gov.br\/seminf\/wp-content\/uploads\/sites\/6\/2025\/01\/Servicos-de-recuperacao-asfaltica-3.jpg","datePublished":"2025-01-09T19:32:10+00:00","dateModified":"2025-01-09T19:32:12+00:00","author":{"@id":"https:\/\/www.manaus.am.gov.br\/seminf\/#\/schema\/person\/466a0e03ae4b6062809046bd560ac955"},"description":"A Prefeitura de Manaus, por meio da Secretaria Municipal de Infraestrutura (Seminf), executa, nesta quinta-feira, 9\/1, os servi\u00e7os de recupera\u00e7\u00e3o asf\u00e1ltica na movimentada rua Yanomami, um dos principais acessos do bairro Col\u00f4nia Santo Ant\u00f4nio, na zona Norte da cidade.\u00a0","inLanguage":"pt-BR","potentialAction":[{"@type":"ReadAction","target":["https:\/\/www.manaus.am.gov.br\/seminf\/servicos-recuperacao-asfaltica-2\/"]}]},{"@type":"ImageObject","inLanguage":"pt-BR","@id":"https:\/\/www.manaus.am.gov.br\/seminf\/servicos-recuperacao-asfaltica-2\/#primaryimage","url":"https:\/\/www.manaus.am.gov.br\/seminf\/wp-content\/uploads\/sites\/6\/2025\/01\/Servicos-de-recuperacao-asfaltica-3.jpg","contentUrl":"https:\/\/www.manaus.am.gov.br\/seminf\/wp-content\/uploads\/sites\/6\/2025\/01\/Servicos-de-recuperacao-asfaltica-3.jpg","width":800,"height":533},{"@type":"WebSite","@id":"https:\/\/www.manaus.am.gov.br\/seminf\/#website","url":"https:\/\/www.manaus.am.gov.br\/seminf\/","name":"Secretaria de Infraestrutura","description":"Secretaria Municipal de Infraestrutura","potentialAction":[{"@type":"SearchAction","target":{"@type":"EntryPoint","urlTemplate":"https:\/\/www.manaus.am.gov.br\/seminf\/?s={search_term_string}"},"query-input":"required name=search_term_string"}],"inLanguage":"pt-BR"},{"@type":"Person","@id":"https:\/\/www.manaus.am.gov.br\/seminf\/#\/schema\/person\/466a0e03ae4b6062809046bd560ac955","name":"bvalente","image":{"@type":"ImageObject","inLanguage":"pt-BR","@id":"https:\/\/www.manaus.am.gov.br\/seminf\/#\/schema\/person\/image\/","url":"https:\/\/secure.gravatar.com\/avatar\/3e69bc2b014bdad41adfec3a39de07d2?s=96&d=mm&r=g","contentUrl":"https:\/\/secure.gravatar.com\/avatar\/3e69bc2b014bdad41adfec3a39de07d2?s=96&d=mm&r=g","caption":"bvalente"}}]}},"_links":{"self":[{"href":"https:\/\/www.manaus.am.gov.br\/seminf\/wp-json\/wp\/v2\/posts\/3966"}],"collection":[{"href":"https:\/\/www.manaus.am.gov.br\/seminf\/wp-json\/wp\/v2\/posts"}],"about":[{"href":"https:\/\/www.manaus.am.gov.br\/seminf\/wp-json\/wp\/v2\/types\/post"}],"author":[{"embeddable":true,"href":"https:\/\/www.manaus.am.gov.br\/seminf\/wp-json\/wp\/v2\/users\/68"}],"replies":[{"embeddable":true,"href":"https:\/\/www.manaus.am.gov.br\/seminf\/wp-json\/wp\/v2\/comments?post=3966"}],"version-history":[{"count":0,"href":"https:\/\/www.manaus.am.gov.br\/seminf\/wp-json\/wp\/v2\/posts\/3966\/revisions"}],"wp:featuredmedia":[{"embeddable":true,"href":"https:\/\/www.manaus.am.gov.br\/seminf\/wp-json\/wp\/v2\/media\/3967"}],"wp:attachment":[{"href":"https:\/\/www.manaus.am.gov.br\/seminf\/wp-json\/wp\/v2\/media?parent=3966"}],"wp:term":[{"taxonomy":"category","embeddable":true,"href":"https:\/\/www.manaus.am.gov.br\/seminf\/wp-json\/wp\/v2\/categories?post=3966"},{"taxonomy":"post_tag","embeddable":true,"href":"https:\/\/www.manaus.am.gov.br\/seminf\/wp-json\/wp\/v2\/tags?post=3966"}],"curies":[{"name":"wp","href":"https:\/\/api.w.org\/{rel}","templated":true}]}}