{"id":3959,"date":"2025-01-07T19:44:55","date_gmt":"2025-01-07T23:44:55","guid":{"rendered":"https:\/\/www.manaus.am.gov.br\/seminf\/assitencia-social-acoes\/"},"modified":"2025-01-07T19:44:57","modified_gmt":"2025-01-07T23:44:57","slug":"assitencia-social-acoes","status":"publish","type":"post","link":"https:\/\/www.manaus.am.gov.br\/seminf\/assitencia-social-acoes\/","title":{"rendered":"Prefeito em exerc\u00edcio garante refor\u00e7o \u00e0s pol\u00edticas de assist\u00eancia social nos pr\u00f3ximos quatro anos"},"content":{"rendered":"\n<p>Refor\u00e7ar as pol\u00edticas de assist\u00eancia social ser\u00e1 pauta priorit\u00e1ria nos pr\u00f3ximos quatro anos, conforme destacou o prefeito de Manaus em exerc\u00edcio, Renato Junior, em visita \u00e0 sede da Secretaria Municipal da Mulher, Assist\u00eancia Social e Cidadania (Semasc), nesta ter\u00e7a-feira, 7\/1.<\/p>\n\n\n\n<p>Renato anunciou um plano para realocar o Centro Pop, do bairro Petr\u00f3polis para o Centro da capital. \u201cH\u00e1 essa preocupa\u00e7\u00e3o, porque o Centro hoje tem a maior concentra\u00e7\u00e3o de pessoas em vulnerabilidade social e o Centro Pop, l\u00e1 no Petr\u00f3polis, fica muito distante do local que mais precisa dessa aten\u00e7\u00e3o que \u00e9 o Centro de Manaus. Com toda certeza, dessa forma, dar\u00e1 uma aten\u00e7\u00e3o muito mais eficaz para as pessoas que est\u00e3o esperando por esse acolhimento, essa m\u00e3o amiga da Prefeitura de Manaus\u201d, disse o prefeito em exerc\u00edcio.&nbsp;<\/p>\n\n\n\n<p>Na ocasi\u00e3o, o prefeito deu as boas-vindas ao atual secret\u00e1rio da Semasc, Saullo Vianna. \u201cCompetente, preparado para a pasta e est\u00e1 aqui hoje fazendo ajustes administrativos\u201d, afirma.<\/p>\n\n\n\n<p>A Semasc, por meio do Sistema \u00danico de Assist\u00eancia Social (Suas), que oferta servi\u00e7os, programas, projetos e benef\u00edcios socioassistenciais para a popula\u00e7\u00e3o da cidade de Manaus mais vulnerabilizada, buscar\u00e1 avan\u00e7ar em dire\u00e7\u00e3o \u00e0s zonas, onde h\u00e1 os maiores vazios assistenciais.<\/p>\n\n\n\n<p>Os vazios assistenciais s\u00e3o \u00e1reas da cidade de Manaus onde n\u00e3o h\u00e1 ou h\u00e1 insufici\u00eancia desses servi\u00e7os. Atualmente, as zonas Norte e Leste, as \u00e1reas ribeirinhas e rurais indicam ter maior concentra\u00e7\u00e3o de pessoas e maior incid\u00eancia de pobreza. Na zona Leste e Norte, o Cadastro \u00danico demonstra que vivem em situa\u00e7\u00e3o de pobreza 169.687 fam\u00edlias, distribu\u00eddas nos bairros do Jorge Teixeira, Coroado, Gilberto Mestrinho, Tancredo Neves e S\u00e3o Jos\u00e9 e a Semasc disponibiliza 40 equipamentos socioassistenciais entre: Cras, Creas, Cozinhas Comunit\u00e1rias, Pratos do Povo, Acolhimentos, Casa Cidad\u00e3o, Conselho Tutelares, PAC Municipal e Subcentrais de Cadastro \u00danico. Por\u00e9m ainda, n\u00e3o alcan\u00e7a cobertura de prote\u00e7\u00e3o social para a totalidade dessa popula\u00e7\u00e3o.<\/p>\n\n\n\n<p>\u201cN\u00f3s estamos fazendo o planejamento estrat\u00e9gico do ano de 2025, observando os pontos de vazios assistenciais para que a gente possa levar equipamentos p\u00fablicos da Prefeitura de Manaus onde mais precisa e para que a gente possa aumentar essa cobertura de aten\u00e7\u00e3o,&nbsp; tem os Cras e creches que s\u00e3o equipamentos importantes\u201d, explica o secret\u00e1rio Saullo Vianna.<\/p>\n\n\n\n<p>\u201cA gente se preocupa tamb\u00e9m com a seguran\u00e7a alimentar, que s\u00e3o os restaurantes populares e as cozinhas comunit\u00e1rias, al\u00e9m do acolhimento a essas pessoas em situa\u00e7\u00e3o de rua e trabalho da cidadania na pauta das mulheres, s\u00e3o temas que constam no plano que n\u00f3s estamos tra\u00e7ando, por determina\u00e7\u00e3o do prefeito\u201d, garante Vianna.<\/p>\n\n\n\n<p>&#8212; &#8212; \u2013<br><strong>Texto &#8211; <\/strong>Alessandra Taveira\/Assessoria e Guilherme Pacheco \/ Semasc<br><strong>Fotos &#8211;<\/strong> Jo\u00e3o Vianna\/Semcom e Diego Lima\/Semasc<\/p>\n","protected":false},"excerpt":{"rendered":"","protected":false},"author":68,"featured_media":3960,"comment_status":"closed","ping_status":"closed","sticky":false,"template":"","format":"standard","meta":{"footnotes":""},"categories":[770],"tags":[1155,1620,43,30],"acf":[],"yoast_head":"<!-- This site is optimized with the Yoast SEO plugin v23.0 - https:\/\/yoast.com\/wordpress\/plugins\/seo\/ -->\n<title>Prefeito em exerc\u00edcio garante refor\u00e7o \u00e0s pol\u00edticas de assist\u00eancia social nos pr\u00f3ximos quatro anos<\/title>\n<meta name=\"description\" content=\"Refor\u00e7ar as pol\u00edticas de assist\u00eancia social ser\u00e1 pauta priorit\u00e1ria nos pr\u00f3ximos quatro anos, conforme destacou o prefeito de Manaus em exerc\u00edcio, Renato Junior, em visita \u00e0 sede da Secretaria Municipal da Mulher, Assist\u00eancia Social e Cidadania (Semasc), nesta ter\u00e7a-feira, 7\/1.\" \/>\n<meta name=\"robots\" content=\"index, follow, max-snippet:-1, max-image-preview:large, max-video-preview:-1\" \/>\n<link rel=\"canonical\" href=\"https:\/\/www.manaus.am.gov.br\/seminf\/assitencia-social-acoes\/\" \/>\n<meta property=\"og:locale\" content=\"pt_BR\" \/>\n<meta property=\"og:type\" content=\"article\" \/>\n<meta property=\"og:title\" content=\"Prefeito em exerc\u00edcio garante refor\u00e7o \u00e0s pol\u00edticas de assist\u00eancia social nos pr\u00f3ximos quatro anos\" \/>\n<meta property=\"og:description\" content=\"Refor\u00e7ar as pol\u00edticas de assist\u00eancia social ser\u00e1 pauta priorit\u00e1ria nos pr\u00f3ximos quatro anos, conforme destacou o prefeito de Manaus em exerc\u00edcio, Renato Junior, em visita \u00e0 sede da Secretaria Municipal da Mulher, Assist\u00eancia Social e Cidadania (Semasc), nesta ter\u00e7a-feira, 7\/1.\" \/>\n<meta property=\"og:url\" content=\"https:\/\/www.manaus.am.gov.br\/seminf\/assitencia-social-acoes\/\" \/>\n<meta property=\"og:site_name\" content=\"SEMINF\" \/>\n<meta property=\"article:published_time\" content=\"2025-01-07T23:44:55+00:00\" \/>\n<meta property=\"article:modified_time\" content=\"2025-01-07T23:44:57+00:00\" \/>\n<meta property=\"og:image\" content=\"https:\/\/www.manaus.am.gov.br\/seminf\/wp-content\/uploads\/sites\/6\/2025\/01\/Prefeito-em-exercicio-garante-reforco-as-politicas-de-assistencia-social-nos-proximos-quatro-anos.jpg\" \/>\n\t<meta property=\"og:image:width\" content=\"800\" \/>\n\t<meta property=\"og:image:height\" content=\"533\" \/>\n\t<meta property=\"og:image:type\" content=\"image\/jpeg\" \/>\n<meta name=\"author\" content=\"bvalente\" \/>\n<meta name=\"twitter:card\" content=\"summary_large_image\" \/>\n<meta name=\"twitter:label1\" content=\"Written by\" \/>\n\t<meta name=\"twitter:data1\" content=\"bvalente\" \/>\n\t<meta name=\"twitter:label2\" content=\"Est. reading time\" \/>\n\t<meta name=\"twitter:data2\" content=\"3 minutos\" \/>\n<script type=\"application\/ld+json\" class=\"yoast-schema-graph\">{\"@context\":\"https:\/\/schema.org\",\"@graph\":[{\"@type\":\"WebPage\",\"@id\":\"https:\/\/www.manaus.am.gov.br\/seminf\/assitencia-social-acoes\/\",\"url\":\"https:\/\/www.manaus.am.gov.br\/seminf\/assitencia-social-acoes\/\",\"name\":\"Prefeito em exerc\u00edcio garante refor\u00e7o \u00e0s pol\u00edticas de assist\u00eancia social nos pr\u00f3ximos quatro anos\",\"isPartOf\":{\"@id\":\"https:\/\/www.manaus.am.gov.br\/seminf\/#website\"},\"primaryImageOfPage\":{\"@id\":\"https:\/\/www.manaus.am.gov.br\/seminf\/assitencia-social-acoes\/#primaryimage\"},\"image\":{\"@id\":\"https:\/\/www.manaus.am.gov.br\/seminf\/assitencia-social-acoes\/#primaryimage\"},\"thumbnailUrl\":\"https:\/\/www.manaus.am.gov.br\/seminf\/wp-content\/uploads\/sites\/6\/2025\/01\/Prefeito-em-exercicio-garante-reforco-as-politicas-de-assistencia-social-nos-proximos-quatro-anos.jpg\",\"datePublished\":\"2025-01-07T23:44:55+00:00\",\"dateModified\":\"2025-01-07T23:44:57+00:00\",\"author\":{\"@id\":\"https:\/\/www.manaus.am.gov.br\/seminf\/#\/schema\/person\/466a0e03ae4b6062809046bd560ac955\"},\"description\":\"Refor\u00e7ar as pol\u00edticas de assist\u00eancia social ser\u00e1 pauta priorit\u00e1ria nos pr\u00f3ximos quatro anos, conforme destacou o prefeito de Manaus em exerc\u00edcio, Renato Junior, em visita \u00e0 sede da Secretaria Municipal da Mulher, Assist\u00eancia Social e Cidadania (Semasc), nesta ter\u00e7a-feira, 7\/1.\",\"inLanguage\":\"pt-BR\",\"potentialAction\":[{\"@type\":\"ReadAction\",\"target\":[\"https:\/\/www.manaus.am.gov.br\/seminf\/assitencia-social-acoes\/\"]}]},{\"@type\":\"ImageObject\",\"inLanguage\":\"pt-BR\",\"@id\":\"https:\/\/www.manaus.am.gov.br\/seminf\/assitencia-social-acoes\/#primaryimage\",\"url\":\"https:\/\/www.manaus.am.gov.br\/seminf\/wp-content\/uploads\/sites\/6\/2025\/01\/Prefeito-em-exercicio-garante-reforco-as-politicas-de-assistencia-social-nos-proximos-quatro-anos.jpg\",\"contentUrl\":\"https:\/\/www.manaus.am.gov.br\/seminf\/wp-content\/uploads\/sites\/6\/2025\/01\/Prefeito-em-exercicio-garante-reforco-as-politicas-de-assistencia-social-nos-proximos-quatro-anos.jpg\",\"width\":800,\"height\":533},{\"@type\":\"WebSite\",\"@id\":\"https:\/\/www.manaus.am.gov.br\/seminf\/#website\",\"url\":\"https:\/\/www.manaus.am.gov.br\/seminf\/\",\"name\":\"Secretaria de Infraestrutura\",\"description\":\"Secretaria Municipal de Infraestrutura\",\"potentialAction\":[{\"@type\":\"SearchAction\",\"target\":{\"@type\":\"EntryPoint\",\"urlTemplate\":\"https:\/\/www.manaus.am.gov.br\/seminf\/?s={search_term_string}\"},\"query-input\":\"required name=search_term_string\"}],\"inLanguage\":\"pt-BR\"},{\"@type\":\"Person\",\"@id\":\"https:\/\/www.manaus.am.gov.br\/seminf\/#\/schema\/person\/466a0e03ae4b6062809046bd560ac955\",\"name\":\"bvalente\",\"image\":{\"@type\":\"ImageObject\",\"inLanguage\":\"pt-BR\",\"@id\":\"https:\/\/www.manaus.am.gov.br\/seminf\/#\/schema\/person\/image\/\",\"url\":\"https:\/\/secure.gravatar.com\/avatar\/3e69bc2b014bdad41adfec3a39de07d2?s=96&d=mm&r=g\",\"contentUrl\":\"https:\/\/secure.gravatar.com\/avatar\/3e69bc2b014bdad41adfec3a39de07d2?s=96&d=mm&r=g\",\"caption\":\"bvalente\"}}]}<\/script>\n<!-- \/ Yoast SEO plugin. -->","yoast_head_json":{"title":"Prefeito em exerc\u00edcio garante refor\u00e7o \u00e0s pol\u00edticas de assist\u00eancia social nos pr\u00f3ximos quatro anos","description":"Refor\u00e7ar as pol\u00edticas de assist\u00eancia social ser\u00e1 pauta priorit\u00e1ria nos pr\u00f3ximos quatro anos, conforme destacou o prefeito de Manaus em exerc\u00edcio, Renato Junior, em visita \u00e0 sede da Secretaria Municipal da Mulher, Assist\u00eancia Social e Cidadania (Semasc), nesta ter\u00e7a-feira, 7\/1.","robots":{"index":"index","follow":"follow","max-snippet":"max-snippet:-1","max-image-preview":"max-image-preview:large","max-video-preview":"max-video-preview:-1"},"canonical":"https:\/\/www.manaus.am.gov.br\/seminf\/assitencia-social-acoes\/","og_locale":"pt_BR","og_type":"article","og_title":"Prefeito em exerc\u00edcio garante refor\u00e7o \u00e0s pol\u00edticas de assist\u00eancia social nos pr\u00f3ximos quatro anos","og_description":"Refor\u00e7ar as pol\u00edticas de assist\u00eancia social ser\u00e1 pauta priorit\u00e1ria nos pr\u00f3ximos quatro anos, conforme destacou o prefeito de Manaus em exerc\u00edcio, Renato Junior, em visita \u00e0 sede da Secretaria Municipal da Mulher, Assist\u00eancia Social e Cidadania (Semasc), nesta ter\u00e7a-feira, 7\/1.","og_url":"https:\/\/www.manaus.am.gov.br\/seminf\/assitencia-social-acoes\/","og_site_name":"SEMINF","article_published_time":"2025-01-07T23:44:55+00:00","article_modified_time":"2025-01-07T23:44:57+00:00","og_image":[{"width":800,"height":533,"url":"https:\/\/www.manaus.am.gov.br\/seminf\/wp-content\/uploads\/sites\/6\/2025\/01\/Prefeito-em-exercicio-garante-reforco-as-politicas-de-assistencia-social-nos-proximos-quatro-anos.jpg","type":"image\/jpeg"}],"author":"bvalente","twitter_card":"summary_large_image","twitter_misc":{"Written by":"bvalente","Est. reading time":"3 minutos"},"schema":{"@context":"https:\/\/schema.org","@graph":[{"@type":"WebPage","@id":"https:\/\/www.manaus.am.gov.br\/seminf\/assitencia-social-acoes\/","url":"https:\/\/www.manaus.am.gov.br\/seminf\/assitencia-social-acoes\/","name":"Prefeito em exerc\u00edcio garante refor\u00e7o \u00e0s pol\u00edticas de assist\u00eancia social nos pr\u00f3ximos quatro anos","isPartOf":{"@id":"https:\/\/www.manaus.am.gov.br\/seminf\/#website"},"primaryImageOfPage":{"@id":"https:\/\/www.manaus.am.gov.br\/seminf\/assitencia-social-acoes\/#primaryimage"},"image":{"@id":"https:\/\/www.manaus.am.gov.br\/seminf\/assitencia-social-acoes\/#primaryimage"},"thumbnailUrl":"https:\/\/www.manaus.am.gov.br\/seminf\/wp-content\/uploads\/sites\/6\/2025\/01\/Prefeito-em-exercicio-garante-reforco-as-politicas-de-assistencia-social-nos-proximos-quatro-anos.jpg","datePublished":"2025-01-07T23:44:55+00:00","dateModified":"2025-01-07T23:44:57+00:00","author":{"@id":"https:\/\/www.manaus.am.gov.br\/seminf\/#\/schema\/person\/466a0e03ae4b6062809046bd560ac955"},"description":"Refor\u00e7ar as pol\u00edticas de assist\u00eancia social ser\u00e1 pauta priorit\u00e1ria nos pr\u00f3ximos quatro anos, conforme destacou o prefeito de Manaus em exerc\u00edcio, Renato Junior, em visita \u00e0 sede da Secretaria Municipal da Mulher, Assist\u00eancia Social e Cidadania (Semasc), nesta ter\u00e7a-feira, 7\/1.","inLanguage":"pt-BR","potentialAction":[{"@type":"ReadAction","target":["https:\/\/www.manaus.am.gov.br\/seminf\/assitencia-social-acoes\/"]}]},{"@type":"ImageObject","inLanguage":"pt-BR","@id":"https:\/\/www.manaus.am.gov.br\/seminf\/assitencia-social-acoes\/#primaryimage","url":"https:\/\/www.manaus.am.gov.br\/seminf\/wp-content\/uploads\/sites\/6\/2025\/01\/Prefeito-em-exercicio-garante-reforco-as-politicas-de-assistencia-social-nos-proximos-quatro-anos.jpg","contentUrl":"https:\/\/www.manaus.am.gov.br\/seminf\/wp-content\/uploads\/sites\/6\/2025\/01\/Prefeito-em-exercicio-garante-reforco-as-politicas-de-assistencia-social-nos-proximos-quatro-anos.jpg","width":800,"height":533},{"@type":"WebSite","@id":"https:\/\/www.manaus.am.gov.br\/seminf\/#website","url":"https:\/\/www.manaus.am.gov.br\/seminf\/","name":"Secretaria de Infraestrutura","description":"Secretaria Municipal de Infraestrutura","potentialAction":[{"@type":"SearchAction","target":{"@type":"EntryPoint","urlTemplate":"https:\/\/www.manaus.am.gov.br\/seminf\/?s={search_term_string}"},"query-input":"required name=search_term_string"}],"inLanguage":"pt-BR"},{"@type":"Person","@id":"https:\/\/www.manaus.am.gov.br\/seminf\/#\/schema\/person\/466a0e03ae4b6062809046bd560ac955","name":"bvalente","image":{"@type":"ImageObject","inLanguage":"pt-BR","@id":"https:\/\/www.manaus.am.gov.br\/seminf\/#\/schema\/person\/image\/","url":"https:\/\/secure.gravatar.com\/avatar\/3e69bc2b014bdad41adfec3a39de07d2?s=96&d=mm&r=g","contentUrl":"https:\/\/secure.gravatar.com\/avatar\/3e69bc2b014bdad41adfec3a39de07d2?s=96&d=mm&r=g","caption":"bvalente"}}]}},"_links":{"self":[{"href":"https:\/\/www.manaus.am.gov.br\/seminf\/wp-json\/wp\/v2\/posts\/3959"}],"collection":[{"href":"https:\/\/www.manaus.am.gov.br\/seminf\/wp-json\/wp\/v2\/posts"}],"about":[{"href":"https:\/\/www.manaus.am.gov.br\/seminf\/wp-json\/wp\/v2\/types\/post"}],"author":[{"embeddable":true,"href":"https:\/\/www.manaus.am.gov.br\/seminf\/wp-json\/wp\/v2\/users\/68"}],"replies":[{"embeddable":true,"href":"https:\/\/www.manaus.am.gov.br\/seminf\/wp-json\/wp\/v2\/comments?post=3959"}],"version-history":[{"count":0,"href":"https:\/\/www.manaus.am.gov.br\/seminf\/wp-json\/wp\/v2\/posts\/3959\/revisions"}],"wp:featuredmedia":[{"embeddable":true,"href":"https:\/\/www.manaus.am.gov.br\/seminf\/wp-json\/wp\/v2\/media\/3960"}],"wp:attachment":[{"href":"https:\/\/www.manaus.am.gov.br\/seminf\/wp-json\/wp\/v2\/media?parent=3959"}],"wp:term":[{"taxonomy":"category","embeddable":true,"href":"https:\/\/www.manaus.am.gov.br\/seminf\/wp-json\/wp\/v2\/categories?post=3959"},{"taxonomy":"post_tag","embeddable":true,"href":"https:\/\/www.manaus.am.gov.br\/seminf\/wp-json\/wp\/v2\/tags?post=3959"}],"curies":[{"name":"wp","href":"https:\/\/api.w.org\/{rel}","templated":true}]}}