{"id":3841,"date":"2024-12-05T16:13:51","date_gmt":"2024-12-05T20:13:51","guid":{"rendered":"https:\/\/www.manaus.am.gov.br\/seminf\/prefeito-vistoria-complexoreipele\/"},"modified":"2024-12-05T21:31:53","modified_gmt":"2024-12-06T01:31:53","slug":"prefeito-vistoria-complexoreipele","status":"publish","type":"post","link":"https:\/\/www.manaus.am.gov.br\/seminf\/prefeito-vistoria-complexoreipele\/","title":{"rendered":"Prefeito David Almeida realiza visita t\u00e9cnica \u00e0 obra do complexo vi\u00e1rio Rei Pel\u00e9"},"content":{"rendered":"\n<p>O prefeito de Manaus, David Almeida, realizou, na manh\u00e3 desta quinta-feira, 5\/12, &nbsp;uma visita t\u00e9cnica \u00e0 obra do complexo vi\u00e1rio Rei Pel\u00e9, na rotat\u00f3ria do Produtor, zona Leste da capital. A inspe\u00e7\u00e3o teve como objetivo acompanhar de perto o andamento da constru\u00e7\u00e3o, que representa um marco na mobilidade urbana da regi\u00e3o.<\/p>\n\n\n\n<p>Durante a visita, o prefeito conversou com engenheiros e t\u00e9cnicos respons\u00e1veis pela execu\u00e7\u00e3o do projeto, destacando a import\u00e2ncia do trabalho em equipe e o avan\u00e7o constante das obras, mesmo diante dos desafios impostos pelo per\u00edodo chuvoso.<\/p>\n\n\n\n<p>David Almeida refor\u00e7ou o progresso da obra, que avan\u00e7a a cada dia e vai transformar a trafegabilidade na regi\u00e3o da bola do Produtor, oferecendo maior fluidez ao tr\u00e2nsito e benef\u00edcios \u00e0 popula\u00e7\u00e3o.<\/p>\n\n\n\n<p>O complexo vi\u00e1rio Rei Pel\u00e9 \u00e9 uma das principais interven\u00e7\u00f5es de infraestrutura vi\u00e1ria realizadas pela Prefeitura de Manaus, com o objetivo de melhorar a trafegabilidade entre a zona Leste e outras \u00e1reas da cidade. A obra contempla a constru\u00e7\u00e3o de al\u00e7as vi\u00e1rias, que j\u00e1 est\u00e3o em uso, e um viaduto que ser\u00e1 entregue no primeiro semestre do pr\u00f3ximo ano.<\/p>\n\n\n\n<p>A Prefeitura de Manaus reafirma o compromisso com o desenvolvimento da cidade e a moderniza\u00e7\u00e3o da infraestrutura urbana, beneficiando milhares de moradores e motoristas que utilizam diariamente a regi\u00e3o.<\/p>\n\n\n\n<p>&#8212; &#8212; &#8212;<\/p>\n\n\n\n<p><strong>Texto<\/strong>\u00a0&#8211; D\u00e1rio Avelino\/Semcom<\/p>\n\n\n\n<p><strong>Fotos<\/strong>\u00a0&#8211; Juan Sullivan\/Semcom<\/p>\n\n\n\n<p><strong>Dispon\u00edveis em<\/strong> &#8211;\u00a0<a href=\"https:\/\/flic.kr\/s\/aHBqjBU8pB\">https:\/\/flic.kr\/s\/aHBqjBU8pB<\/a><\/p>\n","protected":false},"excerpt":{"rendered":"","protected":false},"author":23,"featured_media":3842,"comment_status":"closed","ping_status":"closed","sticky":false,"template":"","format":"standard","meta":{"footnotes":""},"categories":[4],"tags":[1058,171,43,26,278],"acf":[],"yoast_head":"<!-- This site is optimized with the Yoast SEO plugin v23.0 - https:\/\/yoast.com\/wordpress\/plugins\/seo\/ -->\n<title>Prefeito David Almeida realiza visita t\u00e9cnica \u00e0 obra do complexo vi\u00e1rio Rei Pel\u00e9<\/title>\n<meta name=\"description\" content=\"O prefeito de Manaus, David Almeida, realizou, na manh\u00e3 desta quinta-feira, 5\/12, uma visita t\u00e9cnica \u00e0 obra do complexo vi\u00e1rio Rei Pel\u00e9, na rotat\u00f3ria do Produtor, zona Leste da capital.\" \/>\n<meta name=\"robots\" content=\"index, follow, max-snippet:-1, max-image-preview:large, max-video-preview:-1\" \/>\n<link rel=\"canonical\" href=\"https:\/\/www.manaus.am.gov.br\/seminf\/prefeito-vistoria-complexoreipele\/\" \/>\n<meta property=\"og:locale\" content=\"pt_BR\" \/>\n<meta property=\"og:type\" content=\"article\" \/>\n<meta property=\"og:title\" content=\"Prefeito David Almeida realiza visita t\u00e9cnica \u00e0 obra do complexo vi\u00e1rio Rei Pel\u00e9\" \/>\n<meta property=\"og:description\" content=\"O prefeito de Manaus, David Almeida, realizou, na manh\u00e3 desta quinta-feira, 5\/12, uma visita t\u00e9cnica \u00e0 obra do complexo vi\u00e1rio Rei Pel\u00e9, na rotat\u00f3ria do Produtor, zona Leste da capital.\" \/>\n<meta property=\"og:url\" content=\"https:\/\/www.manaus.am.gov.br\/seminf\/prefeito-vistoria-complexoreipele\/\" \/>\n<meta property=\"og:site_name\" content=\"SEMINF\" \/>\n<meta property=\"article:published_time\" content=\"2024-12-05T20:13:51+00:00\" \/>\n<meta property=\"article:modified_time\" content=\"2024-12-06T01:31:53+00:00\" \/>\n<meta property=\"og:image\" content=\"https:\/\/www.manaus.am.gov.br\/seminf\/wp-content\/uploads\/sites\/6\/2024\/12\/WhatsApp-Image-2024-12-05-at-12.03.03.jpeg\" \/>\n\t<meta property=\"og:image:width\" content=\"4160\" \/>\n\t<meta property=\"og:image:height\" content=\"2774\" \/>\n\t<meta property=\"og:image:type\" content=\"image\/jpeg\" \/>\n<meta name=\"author\" content=\"Adriana Costa\" \/>\n<meta name=\"twitter:card\" content=\"summary_large_image\" \/>\n<meta name=\"twitter:label1\" content=\"Written by\" \/>\n\t<meta name=\"twitter:data1\" content=\"Adriana Costa\" \/>\n\t<meta name=\"twitter:label2\" content=\"Est. reading time\" \/>\n\t<meta name=\"twitter:data2\" content=\"2 minutos\" \/>\n<script type=\"application\/ld+json\" class=\"yoast-schema-graph\">{\"@context\":\"https:\/\/schema.org\",\"@graph\":[{\"@type\":\"WebPage\",\"@id\":\"https:\/\/www.manaus.am.gov.br\/seminf\/prefeito-vistoria-complexoreipele\/\",\"url\":\"https:\/\/www.manaus.am.gov.br\/seminf\/prefeito-vistoria-complexoreipele\/\",\"name\":\"Prefeito David Almeida realiza visita t\u00e9cnica \u00e0 obra do complexo vi\u00e1rio Rei Pel\u00e9\",\"isPartOf\":{\"@id\":\"https:\/\/www.manaus.am.gov.br\/seminf\/#website\"},\"primaryImageOfPage\":{\"@id\":\"https:\/\/www.manaus.am.gov.br\/seminf\/prefeito-vistoria-complexoreipele\/#primaryimage\"},\"image\":{\"@id\":\"https:\/\/www.manaus.am.gov.br\/seminf\/prefeito-vistoria-complexoreipele\/#primaryimage\"},\"thumbnailUrl\":\"https:\/\/www.manaus.am.gov.br\/seminf\/wp-content\/uploads\/sites\/6\/2024\/12\/WhatsApp-Image-2024-12-05-at-12.03.03.jpeg\",\"datePublished\":\"2024-12-05T20:13:51+00:00\",\"dateModified\":\"2024-12-06T01:31:53+00:00\",\"author\":{\"@id\":\"https:\/\/www.manaus.am.gov.br\/seminf\/#\/schema\/person\/4e49f4e267757a06ca072ec61b2b9968\"},\"description\":\"O prefeito de Manaus, David Almeida, realizou, na manh\u00e3 desta quinta-feira, 5\/12, uma visita t\u00e9cnica \u00e0 obra do complexo vi\u00e1rio Rei Pel\u00e9, na rotat\u00f3ria do Produtor, zona Leste da capital.\",\"inLanguage\":\"pt-BR\",\"potentialAction\":[{\"@type\":\"ReadAction\",\"target\":[\"https:\/\/www.manaus.am.gov.br\/seminf\/prefeito-vistoria-complexoreipele\/\"]}]},{\"@type\":\"ImageObject\",\"inLanguage\":\"pt-BR\",\"@id\":\"https:\/\/www.manaus.am.gov.br\/seminf\/prefeito-vistoria-complexoreipele\/#primaryimage\",\"url\":\"https:\/\/www.manaus.am.gov.br\/seminf\/wp-content\/uploads\/sites\/6\/2024\/12\/WhatsApp-Image-2024-12-05-at-12.03.03.jpeg\",\"contentUrl\":\"https:\/\/www.manaus.am.gov.br\/seminf\/wp-content\/uploads\/sites\/6\/2024\/12\/WhatsApp-Image-2024-12-05-at-12.03.03.jpeg\",\"width\":4160,\"height\":2774},{\"@type\":\"WebSite\",\"@id\":\"https:\/\/www.manaus.am.gov.br\/seminf\/#website\",\"url\":\"https:\/\/www.manaus.am.gov.br\/seminf\/\",\"name\":\"Secretaria de Infraestrutura\",\"description\":\"Secretaria Municipal de Infraestrutura\",\"potentialAction\":[{\"@type\":\"SearchAction\",\"target\":{\"@type\":\"EntryPoint\",\"urlTemplate\":\"https:\/\/www.manaus.am.gov.br\/seminf\/?s={search_term_string}\"},\"query-input\":\"required name=search_term_string\"}],\"inLanguage\":\"pt-BR\"},{\"@type\":\"Person\",\"@id\":\"https:\/\/www.manaus.am.gov.br\/seminf\/#\/schema\/person\/4e49f4e267757a06ca072ec61b2b9968\",\"name\":\"Adriana Costa\",\"image\":{\"@type\":\"ImageObject\",\"inLanguage\":\"pt-BR\",\"@id\":\"https:\/\/www.manaus.am.gov.br\/seminf\/#\/schema\/person\/image\/\",\"url\":\"https:\/\/secure.gravatar.com\/avatar\/576258617ef7194f718179e766d57bd4?s=96&d=mm&r=g\",\"contentUrl\":\"https:\/\/secure.gravatar.com\/avatar\/576258617ef7194f718179e766d57bd4?s=96&d=mm&r=g\",\"caption\":\"Adriana Costa\"}}]}<\/script>\n<!-- \/ Yoast SEO plugin. -->","yoast_head_json":{"title":"Prefeito David Almeida realiza visita t\u00e9cnica \u00e0 obra do complexo vi\u00e1rio Rei Pel\u00e9","description":"O prefeito de Manaus, David Almeida, realizou, na manh\u00e3 desta quinta-feira, 5\/12, uma visita t\u00e9cnica \u00e0 obra do complexo vi\u00e1rio Rei Pel\u00e9, na rotat\u00f3ria do Produtor, zona Leste da capital.","robots":{"index":"index","follow":"follow","max-snippet":"max-snippet:-1","max-image-preview":"max-image-preview:large","max-video-preview":"max-video-preview:-1"},"canonical":"https:\/\/www.manaus.am.gov.br\/seminf\/prefeito-vistoria-complexoreipele\/","og_locale":"pt_BR","og_type":"article","og_title":"Prefeito David Almeida realiza visita t\u00e9cnica \u00e0 obra do complexo vi\u00e1rio Rei Pel\u00e9","og_description":"O prefeito de Manaus, David Almeida, realizou, na manh\u00e3 desta quinta-feira, 5\/12, uma visita t\u00e9cnica \u00e0 obra do complexo vi\u00e1rio Rei Pel\u00e9, na rotat\u00f3ria do Produtor, zona Leste da capital.","og_url":"https:\/\/www.manaus.am.gov.br\/seminf\/prefeito-vistoria-complexoreipele\/","og_site_name":"SEMINF","article_published_time":"2024-12-05T20:13:51+00:00","article_modified_time":"2024-12-06T01:31:53+00:00","og_image":[{"width":4160,"height":2774,"url":"https:\/\/www.manaus.am.gov.br\/seminf\/wp-content\/uploads\/sites\/6\/2024\/12\/WhatsApp-Image-2024-12-05-at-12.03.03.jpeg","type":"image\/jpeg"}],"author":"Adriana Costa","twitter_card":"summary_large_image","twitter_misc":{"Written by":"Adriana Costa","Est. reading time":"2 minutos"},"schema":{"@context":"https:\/\/schema.org","@graph":[{"@type":"WebPage","@id":"https:\/\/www.manaus.am.gov.br\/seminf\/prefeito-vistoria-complexoreipele\/","url":"https:\/\/www.manaus.am.gov.br\/seminf\/prefeito-vistoria-complexoreipele\/","name":"Prefeito David Almeida realiza visita t\u00e9cnica \u00e0 obra do complexo vi\u00e1rio Rei Pel\u00e9","isPartOf":{"@id":"https:\/\/www.manaus.am.gov.br\/seminf\/#website"},"primaryImageOfPage":{"@id":"https:\/\/www.manaus.am.gov.br\/seminf\/prefeito-vistoria-complexoreipele\/#primaryimage"},"image":{"@id":"https:\/\/www.manaus.am.gov.br\/seminf\/prefeito-vistoria-complexoreipele\/#primaryimage"},"thumbnailUrl":"https:\/\/www.manaus.am.gov.br\/seminf\/wp-content\/uploads\/sites\/6\/2024\/12\/WhatsApp-Image-2024-12-05-at-12.03.03.jpeg","datePublished":"2024-12-05T20:13:51+00:00","dateModified":"2024-12-06T01:31:53+00:00","author":{"@id":"https:\/\/www.manaus.am.gov.br\/seminf\/#\/schema\/person\/4e49f4e267757a06ca072ec61b2b9968"},"description":"O prefeito de Manaus, David Almeida, realizou, na manh\u00e3 desta quinta-feira, 5\/12, uma visita t\u00e9cnica \u00e0 obra do complexo vi\u00e1rio Rei Pel\u00e9, na rotat\u00f3ria do Produtor, zona Leste da capital.","inLanguage":"pt-BR","potentialAction":[{"@type":"ReadAction","target":["https:\/\/www.manaus.am.gov.br\/seminf\/prefeito-vistoria-complexoreipele\/"]}]},{"@type":"ImageObject","inLanguage":"pt-BR","@id":"https:\/\/www.manaus.am.gov.br\/seminf\/prefeito-vistoria-complexoreipele\/#primaryimage","url":"https:\/\/www.manaus.am.gov.br\/seminf\/wp-content\/uploads\/sites\/6\/2024\/12\/WhatsApp-Image-2024-12-05-at-12.03.03.jpeg","contentUrl":"https:\/\/www.manaus.am.gov.br\/seminf\/wp-content\/uploads\/sites\/6\/2024\/12\/WhatsApp-Image-2024-12-05-at-12.03.03.jpeg","width":4160,"height":2774},{"@type":"WebSite","@id":"https:\/\/www.manaus.am.gov.br\/seminf\/#website","url":"https:\/\/www.manaus.am.gov.br\/seminf\/","name":"Secretaria de Infraestrutura","description":"Secretaria Municipal de Infraestrutura","potentialAction":[{"@type":"SearchAction","target":{"@type":"EntryPoint","urlTemplate":"https:\/\/www.manaus.am.gov.br\/seminf\/?s={search_term_string}"},"query-input":"required name=search_term_string"}],"inLanguage":"pt-BR"},{"@type":"Person","@id":"https:\/\/www.manaus.am.gov.br\/seminf\/#\/schema\/person\/4e49f4e267757a06ca072ec61b2b9968","name":"Adriana Costa","image":{"@type":"ImageObject","inLanguage":"pt-BR","@id":"https:\/\/www.manaus.am.gov.br\/seminf\/#\/schema\/person\/image\/","url":"https:\/\/secure.gravatar.com\/avatar\/576258617ef7194f718179e766d57bd4?s=96&d=mm&r=g","contentUrl":"https:\/\/secure.gravatar.com\/avatar\/576258617ef7194f718179e766d57bd4?s=96&d=mm&r=g","caption":"Adriana Costa"}}]}},"_links":{"self":[{"href":"https:\/\/www.manaus.am.gov.br\/seminf\/wp-json\/wp\/v2\/posts\/3841"}],"collection":[{"href":"https:\/\/www.manaus.am.gov.br\/seminf\/wp-json\/wp\/v2\/posts"}],"about":[{"href":"https:\/\/www.manaus.am.gov.br\/seminf\/wp-json\/wp\/v2\/types\/post"}],"author":[{"embeddable":true,"href":"https:\/\/www.manaus.am.gov.br\/seminf\/wp-json\/wp\/v2\/users\/23"}],"replies":[{"embeddable":true,"href":"https:\/\/www.manaus.am.gov.br\/seminf\/wp-json\/wp\/v2\/comments?post=3841"}],"version-history":[{"count":0,"href":"https:\/\/www.manaus.am.gov.br\/seminf\/wp-json\/wp\/v2\/posts\/3841\/revisions"}],"wp:featuredmedia":[{"embeddable":true,"href":"https:\/\/www.manaus.am.gov.br\/seminf\/wp-json\/wp\/v2\/media\/3842"}],"wp:attachment":[{"href":"https:\/\/www.manaus.am.gov.br\/seminf\/wp-json\/wp\/v2\/media?parent=3841"}],"wp:term":[{"taxonomy":"category","embeddable":true,"href":"https:\/\/www.manaus.am.gov.br\/seminf\/wp-json\/wp\/v2\/categories?post=3841"},{"taxonomy":"post_tag","embeddable":true,"href":"https:\/\/www.manaus.am.gov.br\/seminf\/wp-json\/wp\/v2\/tags?post=3841"}],"curies":[{"name":"wp","href":"https:\/\/api.w.org\/{rel}","templated":true}]}}