{"id":3725,"date":"2024-11-19T20:03:36","date_gmt":"2024-11-20T00:03:36","guid":{"rendered":"https:\/\/www.manaus.am.gov.br\/seminf\/obras-pronta-resposta\/"},"modified":"2024-11-19T20:03:37","modified_gmt":"2024-11-20T00:03:37","slug":"obras-pronta-resposta","status":"publish","type":"post","link":"https:\/\/www.manaus.am.gov.br\/seminf\/obras-pronta-resposta\/","title":{"rendered":"Prefeitura conclui recupera\u00e7\u00e3o de rede de drenagem profunda no conjunto Campos El\u00edseos\u00a0"},"content":{"rendered":"\n<p>A Prefeitura de Manaus, por meio da Secretaria Municipal de Infraestrutura (Seminf), concluiu, nesta ter\u00e7a-feira, 19\/11, a substitui\u00e7\u00e3o da rede de drenagem profunda na avenida Amsterdam, no conjunto Campos El\u00edseos, bairro Planalto, zona Centro-Oeste de Manaus, onde um trecho da via afundou, abrindo uma cratera, logo ap\u00f3s a forte chuva que atingiu a capital.<\/p>\n\n\n\n<p>De acordo com o secret\u00e1rio de Obras, Renato Junior, as equipes trabalharam durante toda a ter\u00e7a-feira na substitui\u00e7\u00e3o de seis tubos que foram rompidos ocasionando o surgimento da cratera na pista. No local, h\u00e1 uma antiga rede de drenagens de \u00e1guas pluviais, os tubos danificados foram substitu\u00eddos por pe\u00e7as mais modernas e mais resistentes, que dar\u00e3o uma durabilidade maior ao servi\u00e7o.<\/p>\n\n\n\n<p>&#8220;Assim que fomos informados da cratera na via, enviamos uma equipe para solucionar o problema no menor tempo. Trabalhamos em ritmo acelerado, fizemos a substitui\u00e7\u00e3o dos tubos da rede de drenagem que estavam danificados por pe\u00e7as novas e mais modernas. A determina\u00e7\u00e3o do prefeito David Almeida \u00e9 que em caso de rompimento de drenagem a interven\u00e7\u00e3o seja imediata&#8221;, explicou Renato Junior.<\/p>\n\n\n\n<p>Em menos de 24 horas o servi\u00e7o foi finalizado e a via foi liberada na sua totalidade. A prefeitura executa os servi\u00e7os simultaneamente em todas as zonas da cidade, realizando as obras de drenagem profunda e superficial, desobstru\u00e7\u00e3o, constru\u00e7\u00f5es de pontes e escadas em madeira, pavimenta\u00e7\u00e3o e conten\u00e7\u00e3o de eros\u00f5es.<\/p>\n\n\n\n<p>&#8212; &#8212; &#8212;\u00a0<br><strong>Texto<\/strong> \u2013 Valesca Martins \/ Seminf<br><strong>Fotos<\/strong> \u2013 M\u00e1rcio Melo \/ Seminf<\/p>\n","protected":false},"excerpt":{"rendered":"","protected":false},"author":68,"featured_media":3726,"comment_status":"closed","ping_status":"closed","sticky":false,"template":"","format":"standard","meta":{"footnotes":""},"categories":[71],"tags":[43,716,73,26],"acf":[],"yoast_head":"<!-- This site is optimized with the Yoast SEO plugin v23.0 - https:\/\/yoast.com\/wordpress\/plugins\/seo\/ -->\n<title>Prefeitura conclui recupera\u00e7\u00e3o de rede de drenagem profunda no Campos El\u00edseos<\/title>\n<meta name=\"description\" content=\"A Prefeitura de Manaus, concluiu, a substitui\u00e7\u00e3o da rede de drenagem profunda na avenida Amsterdam, no conjunto Campos El\u00edseos, bairro Planalto.\" \/>\n<meta name=\"robots\" content=\"index, follow, max-snippet:-1, max-image-preview:large, max-video-preview:-1\" \/>\n<link rel=\"canonical\" href=\"https:\/\/www.manaus.am.gov.br\/seminf\/obras-pronta-resposta\/\" \/>\n<meta property=\"og:locale\" content=\"pt_BR\" \/>\n<meta property=\"og:type\" content=\"article\" \/>\n<meta property=\"og:title\" content=\"Prefeitura conclui recupera\u00e7\u00e3o de rede de drenagem profunda no Campos El\u00edseos\" \/>\n<meta property=\"og:description\" content=\"A Prefeitura de Manaus, concluiu, a substitui\u00e7\u00e3o da rede de drenagem profunda na avenida Amsterdam, no conjunto Campos El\u00edseos, bairro Planalto.\" \/>\n<meta property=\"og:url\" content=\"https:\/\/www.manaus.am.gov.br\/seminf\/obras-pronta-resposta\/\" \/>\n<meta property=\"og:site_name\" content=\"SEMINF\" \/>\n<meta property=\"article:published_time\" content=\"2024-11-20T00:03:36+00:00\" \/>\n<meta property=\"article:modified_time\" content=\"2024-11-20T00:03:37+00:00\" \/>\n<meta property=\"og:image\" content=\"https:\/\/www.manaus.am.gov.br\/seminf\/wp-content\/uploads\/sites\/6\/2024\/11\/Prefeitura-conclui-recuperacao-de-rede-de-drenagem-profunda-no-conjunto-Campos-Eliseos-3.jpg\" \/>\n\t<meta property=\"og:image:width\" content=\"800\" \/>\n\t<meta property=\"og:image:height\" content=\"600\" \/>\n\t<meta property=\"og:image:type\" content=\"image\/jpeg\" \/>\n<meta name=\"author\" content=\"bvalente\" \/>\n<meta name=\"twitter:card\" content=\"summary_large_image\" \/>\n<meta name=\"twitter:label1\" content=\"Written by\" \/>\n\t<meta name=\"twitter:data1\" content=\"bvalente\" \/>\n\t<meta name=\"twitter:label2\" content=\"Est. reading time\" \/>\n\t<meta name=\"twitter:data2\" content=\"2 minutos\" \/>\n<script type=\"application\/ld+json\" class=\"yoast-schema-graph\">{\"@context\":\"https:\/\/schema.org\",\"@graph\":[{\"@type\":\"WebPage\",\"@id\":\"https:\/\/www.manaus.am.gov.br\/seminf\/obras-pronta-resposta\/\",\"url\":\"https:\/\/www.manaus.am.gov.br\/seminf\/obras-pronta-resposta\/\",\"name\":\"Prefeitura conclui recupera\u00e7\u00e3o de rede de drenagem profunda no Campos El\u00edseos\",\"isPartOf\":{\"@id\":\"https:\/\/www.manaus.am.gov.br\/seminf\/#website\"},\"primaryImageOfPage\":{\"@id\":\"https:\/\/www.manaus.am.gov.br\/seminf\/obras-pronta-resposta\/#primaryimage\"},\"image\":{\"@id\":\"https:\/\/www.manaus.am.gov.br\/seminf\/obras-pronta-resposta\/#primaryimage\"},\"thumbnailUrl\":\"https:\/\/www.manaus.am.gov.br\/seminf\/wp-content\/uploads\/sites\/6\/2024\/11\/Prefeitura-conclui-recuperacao-de-rede-de-drenagem-profunda-no-conjunto-Campos-Eliseos-3.jpg\",\"datePublished\":\"2024-11-20T00:03:36+00:00\",\"dateModified\":\"2024-11-20T00:03:37+00:00\",\"author\":{\"@id\":\"https:\/\/www.manaus.am.gov.br\/seminf\/#\/schema\/person\/466a0e03ae4b6062809046bd560ac955\"},\"description\":\"A Prefeitura de Manaus, concluiu, a substitui\u00e7\u00e3o da rede de drenagem profunda na avenida Amsterdam, no conjunto Campos El\u00edseos, bairro Planalto.\",\"inLanguage\":\"pt-BR\",\"potentialAction\":[{\"@type\":\"ReadAction\",\"target\":[\"https:\/\/www.manaus.am.gov.br\/seminf\/obras-pronta-resposta\/\"]}]},{\"@type\":\"ImageObject\",\"inLanguage\":\"pt-BR\",\"@id\":\"https:\/\/www.manaus.am.gov.br\/seminf\/obras-pronta-resposta\/#primaryimage\",\"url\":\"https:\/\/www.manaus.am.gov.br\/seminf\/wp-content\/uploads\/sites\/6\/2024\/11\/Prefeitura-conclui-recuperacao-de-rede-de-drenagem-profunda-no-conjunto-Campos-Eliseos-3.jpg\",\"contentUrl\":\"https:\/\/www.manaus.am.gov.br\/seminf\/wp-content\/uploads\/sites\/6\/2024\/11\/Prefeitura-conclui-recuperacao-de-rede-de-drenagem-profunda-no-conjunto-Campos-Eliseos-3.jpg\",\"width\":800,\"height\":600},{\"@type\":\"WebSite\",\"@id\":\"https:\/\/www.manaus.am.gov.br\/seminf\/#website\",\"url\":\"https:\/\/www.manaus.am.gov.br\/seminf\/\",\"name\":\"Secretaria de Infraestrutura\",\"description\":\"Secretaria Municipal de Infraestrutura\",\"potentialAction\":[{\"@type\":\"SearchAction\",\"target\":{\"@type\":\"EntryPoint\",\"urlTemplate\":\"https:\/\/www.manaus.am.gov.br\/seminf\/?s={search_term_string}\"},\"query-input\":\"required name=search_term_string\"}],\"inLanguage\":\"pt-BR\"},{\"@type\":\"Person\",\"@id\":\"https:\/\/www.manaus.am.gov.br\/seminf\/#\/schema\/person\/466a0e03ae4b6062809046bd560ac955\",\"name\":\"bvalente\",\"image\":{\"@type\":\"ImageObject\",\"inLanguage\":\"pt-BR\",\"@id\":\"https:\/\/www.manaus.am.gov.br\/seminf\/#\/schema\/person\/image\/\",\"url\":\"https:\/\/secure.gravatar.com\/avatar\/3e69bc2b014bdad41adfec3a39de07d2?s=96&d=mm&r=g\",\"contentUrl\":\"https:\/\/secure.gravatar.com\/avatar\/3e69bc2b014bdad41adfec3a39de07d2?s=96&d=mm&r=g\",\"caption\":\"bvalente\"}}]}<\/script>\n<!-- \/ Yoast SEO plugin. -->","yoast_head_json":{"title":"Prefeitura conclui recupera\u00e7\u00e3o de rede de drenagem profunda no Campos El\u00edseos","description":"A Prefeitura de Manaus, concluiu, a substitui\u00e7\u00e3o da rede de drenagem profunda na avenida Amsterdam, no conjunto Campos El\u00edseos, bairro Planalto.","robots":{"index":"index","follow":"follow","max-snippet":"max-snippet:-1","max-image-preview":"max-image-preview:large","max-video-preview":"max-video-preview:-1"},"canonical":"https:\/\/www.manaus.am.gov.br\/seminf\/obras-pronta-resposta\/","og_locale":"pt_BR","og_type":"article","og_title":"Prefeitura conclui recupera\u00e7\u00e3o de rede de drenagem profunda no Campos El\u00edseos","og_description":"A Prefeitura de Manaus, concluiu, a substitui\u00e7\u00e3o da rede de drenagem profunda na avenida Amsterdam, no conjunto Campos El\u00edseos, bairro Planalto.","og_url":"https:\/\/www.manaus.am.gov.br\/seminf\/obras-pronta-resposta\/","og_site_name":"SEMINF","article_published_time":"2024-11-20T00:03:36+00:00","article_modified_time":"2024-11-20T00:03:37+00:00","og_image":[{"width":800,"height":600,"url":"https:\/\/www.manaus.am.gov.br\/seminf\/wp-content\/uploads\/sites\/6\/2024\/11\/Prefeitura-conclui-recuperacao-de-rede-de-drenagem-profunda-no-conjunto-Campos-Eliseos-3.jpg","type":"image\/jpeg"}],"author":"bvalente","twitter_card":"summary_large_image","twitter_misc":{"Written by":"bvalente","Est. reading time":"2 minutos"},"schema":{"@context":"https:\/\/schema.org","@graph":[{"@type":"WebPage","@id":"https:\/\/www.manaus.am.gov.br\/seminf\/obras-pronta-resposta\/","url":"https:\/\/www.manaus.am.gov.br\/seminf\/obras-pronta-resposta\/","name":"Prefeitura conclui recupera\u00e7\u00e3o de rede de drenagem profunda no Campos El\u00edseos","isPartOf":{"@id":"https:\/\/www.manaus.am.gov.br\/seminf\/#website"},"primaryImageOfPage":{"@id":"https:\/\/www.manaus.am.gov.br\/seminf\/obras-pronta-resposta\/#primaryimage"},"image":{"@id":"https:\/\/www.manaus.am.gov.br\/seminf\/obras-pronta-resposta\/#primaryimage"},"thumbnailUrl":"https:\/\/www.manaus.am.gov.br\/seminf\/wp-content\/uploads\/sites\/6\/2024\/11\/Prefeitura-conclui-recuperacao-de-rede-de-drenagem-profunda-no-conjunto-Campos-Eliseos-3.jpg","datePublished":"2024-11-20T00:03:36+00:00","dateModified":"2024-11-20T00:03:37+00:00","author":{"@id":"https:\/\/www.manaus.am.gov.br\/seminf\/#\/schema\/person\/466a0e03ae4b6062809046bd560ac955"},"description":"A Prefeitura de Manaus, concluiu, a substitui\u00e7\u00e3o da rede de drenagem profunda na avenida Amsterdam, no conjunto Campos El\u00edseos, bairro Planalto.","inLanguage":"pt-BR","potentialAction":[{"@type":"ReadAction","target":["https:\/\/www.manaus.am.gov.br\/seminf\/obras-pronta-resposta\/"]}]},{"@type":"ImageObject","inLanguage":"pt-BR","@id":"https:\/\/www.manaus.am.gov.br\/seminf\/obras-pronta-resposta\/#primaryimage","url":"https:\/\/www.manaus.am.gov.br\/seminf\/wp-content\/uploads\/sites\/6\/2024\/11\/Prefeitura-conclui-recuperacao-de-rede-de-drenagem-profunda-no-conjunto-Campos-Eliseos-3.jpg","contentUrl":"https:\/\/www.manaus.am.gov.br\/seminf\/wp-content\/uploads\/sites\/6\/2024\/11\/Prefeitura-conclui-recuperacao-de-rede-de-drenagem-profunda-no-conjunto-Campos-Eliseos-3.jpg","width":800,"height":600},{"@type":"WebSite","@id":"https:\/\/www.manaus.am.gov.br\/seminf\/#website","url":"https:\/\/www.manaus.am.gov.br\/seminf\/","name":"Secretaria de Infraestrutura","description":"Secretaria Municipal de Infraestrutura","potentialAction":[{"@type":"SearchAction","target":{"@type":"EntryPoint","urlTemplate":"https:\/\/www.manaus.am.gov.br\/seminf\/?s={search_term_string}"},"query-input":"required name=search_term_string"}],"inLanguage":"pt-BR"},{"@type":"Person","@id":"https:\/\/www.manaus.am.gov.br\/seminf\/#\/schema\/person\/466a0e03ae4b6062809046bd560ac955","name":"bvalente","image":{"@type":"ImageObject","inLanguage":"pt-BR","@id":"https:\/\/www.manaus.am.gov.br\/seminf\/#\/schema\/person\/image\/","url":"https:\/\/secure.gravatar.com\/avatar\/3e69bc2b014bdad41adfec3a39de07d2?s=96&d=mm&r=g","contentUrl":"https:\/\/secure.gravatar.com\/avatar\/3e69bc2b014bdad41adfec3a39de07d2?s=96&d=mm&r=g","caption":"bvalente"}}]}},"_links":{"self":[{"href":"https:\/\/www.manaus.am.gov.br\/seminf\/wp-json\/wp\/v2\/posts\/3725"}],"collection":[{"href":"https:\/\/www.manaus.am.gov.br\/seminf\/wp-json\/wp\/v2\/posts"}],"about":[{"href":"https:\/\/www.manaus.am.gov.br\/seminf\/wp-json\/wp\/v2\/types\/post"}],"author":[{"embeddable":true,"href":"https:\/\/www.manaus.am.gov.br\/seminf\/wp-json\/wp\/v2\/users\/68"}],"replies":[{"embeddable":true,"href":"https:\/\/www.manaus.am.gov.br\/seminf\/wp-json\/wp\/v2\/comments?post=3725"}],"version-history":[{"count":0,"href":"https:\/\/www.manaus.am.gov.br\/seminf\/wp-json\/wp\/v2\/posts\/3725\/revisions"}],"wp:featuredmedia":[{"embeddable":true,"href":"https:\/\/www.manaus.am.gov.br\/seminf\/wp-json\/wp\/v2\/media\/3726"}],"wp:attachment":[{"href":"https:\/\/www.manaus.am.gov.br\/seminf\/wp-json\/wp\/v2\/media?parent=3725"}],"wp:term":[{"taxonomy":"category","embeddable":true,"href":"https:\/\/www.manaus.am.gov.br\/seminf\/wp-json\/wp\/v2\/categories?post=3725"},{"taxonomy":"post_tag","embeddable":true,"href":"https:\/\/www.manaus.am.gov.br\/seminf\/wp-json\/wp\/v2\/tags?post=3725"}],"curies":[{"name":"wp","href":"https:\/\/api.w.org\/{rel}","templated":true}]}}