{"id":3715,"date":"2024-11-18T12:28:16","date_gmt":"2024-11-18T16:28:16","guid":{"rendered":"https:\/\/www.manaus.am.gov.br\/seminf\/mario-ypiranga-monteiro-liberada\/"},"modified":"2024-11-18T12:31:41","modified_gmt":"2024-11-18T16:31:41","slug":"mario-ypiranga-monteiro-liberada","status":"publish","type":"post","link":"https:\/\/www.manaus.am.gov.br\/seminf\/mario-ypiranga-monteiro-liberada\/","title":{"rendered":"Avenida M\u00e1rio Ypiranga\u00a0Monteiro\u00a0ter\u00e1 tr\u00e2nsito liberado na tarde desta segunda-feira, 18\/11, anuncia prefeito David Almeida"},"content":{"rendered":"\n<p>O prefeito de Manaus, David Almeida, e o secret\u00e1rio municipal de Obras, Renato Junior, anunciaram, na manh\u00e3 desta segunda-feira, 18\/11, a libera\u00e7\u00e3o do tr\u00e1fego de ve\u00edculos no trecho desnivelado da avenida M\u00e1rio Ypiranga\u00a0Monteiro, nos dois sentidos da via. A previs\u00e3o \u00e9 que a partir das 16h a avenida seja liberada, reduzindo os transtornos do tr\u00e2nsito no hor\u00e1rio de grande fluxo de ve\u00edculos.<\/p>\n\n\n\n<p>Os servi\u00e7os de implanta\u00e7\u00e3o da nova e moderna rede de drenagem do trecho desnivelado sob o igarap\u00e9 do Bind\u00e1 foram conclu\u00eddos ap\u00f3s tr\u00eas dias de trabalhos ininterruptos, um recorde em se tratando de uma grande interven\u00e7\u00e3o como essa. Foram implantadas 80 aduelas pelos mais de cem trabalhadores que est\u00e3o trabalhando na \u00e1rea, de forma ininterrupta. Para a libera\u00e7\u00e3o da via, os servi\u00e7os est\u00e3o concentrados na etapa de compacta\u00e7\u00e3o do solo, concretagem e para o asfaltamento.<\/p>\n\n\n\n<p>&#8220;Nosso prazo de conclus\u00e3o dessa obra \u00e9 quarta-feira, o prazo est\u00e1 mantido, mas devido ao transtorno que impacta na vida das pessoas no tr\u00e2nsito, ainda hoje, pela parte da tarde, at\u00e9 as 16h, a gente vai liberar a via para o tr\u00e1fego. Vamos continuar a obra no meio-fio, canteiro central e tamb\u00e9m nas cabeceiras at\u00e9 quarta-feira, at\u00e9 finalizar completamente a obra&#8221;, explicou o prefeito David Almeida.<\/p>\n\n\n\n<p>O chefe do Executivo municipal destacou que o servi\u00e7o significa uma solu\u00e7\u00e3o definitiva por cerca de 40 anos, informando que servi\u00e7os de moderniza\u00e7\u00e3o da rede de drenagem, como essa, devem acontecer em outras \u00e1reas da cidade, como na avenida Constantino Nery, futuramente.<\/p>\n\n\n\n<p>\u201cTemos outras \u00e1reas iguais a essa, com a tecnologia de drenagem anterior, com&nbsp;tubos Armco, que com o tempo v\u00e3o afundando. N\u00f3s pretendemos fazer interven\u00e7\u00f5es futuras nesses locais tamb\u00e9m&#8221;, informou.<\/p>\n\n\n\n<h2 class=\"wp-block-heading\">Obra emerg\u00eancia na av. M\u00e1rio Ypiranga Monteiro<\/h2>\n\n\n\n<p>O local foi interditado na \u00faltima quinta-feira \u00e0 noite, 14\/11, para a interven\u00e7\u00e3o estrutural, ap\u00f3s o afundamento lateral da via apontar problemas na antiga rede de drenagem,&nbsp;cujos tubos&nbsp;eram de ferro e estavam&nbsp;comprometidos&nbsp;pela a\u00e7\u00e3o do tempo.<\/p>\n\n\n\n<p>Para n\u00e3o prejudicar o tr\u00e2nsito, a Secretaria Municipal de Infraestrutura (Seminf) iniciou os servi\u00e7os na v\u00e9spera do feriado da Proclama\u00e7\u00e3o da Rep\u00fablica, para aproveitar o fim de semana.<\/p>\n\n\n\n<p>\u201cO prefeito David Almeida viu esse feriado da Proclama\u00e7\u00e3o da Rep\u00fablica como uma oportunidade para&nbsp;solucionarmos&nbsp;de forma definitiva esse problema do desnivelamento aqui na avenida M\u00e1rio Ypiranga&nbsp;Monteiro.&nbsp;Durante esses \u00faltimos dias, trabalhamos de forma ininterrupta com celeridade e compromisso com a popula\u00e7\u00e3o\u201d, afirmou o secret\u00e1rio de Obras, Renato Junior.&nbsp;<\/p>\n\n\n\n<p>&#8212; &#8212; &#8212;<\/p>\n\n\n\n<p><strong>Texto<\/strong> &#8211; Rayana Coutinho \/ Seminf e Geraldo Farias \/&nbsp;Semcom<\/p>\n\n\n\n<p><strong>Fotos<\/strong>&nbsp;\u2013 Jo\u00e3o Viana \/ Semcom<\/p>\n\n\n\n<p><strong>Dispon\u00edveis em<\/strong> &#8211; <a href=\"https:\/\/flic.kr\/s\/aHBqjBScud\">https:\/\/flic.kr\/s\/aHBqjBScud<\/a><\/p>\n","protected":false},"excerpt":{"rendered":"","protected":false},"author":25,"featured_media":3716,"comment_status":"closed","ping_status":"closed","sticky":false,"template":"","format":"standard","meta":{"footnotes":""},"categories":[4],"tags":[104,28,118],"acf":[],"yoast_head":"<!-- This site is optimized with the Yoast SEO plugin v23.0 - https:\/\/yoast.com\/wordpress\/plugins\/seo\/ -->\n<title>Av. M\u00e1rio Ypiranga\u00a0Monteiro\u00a0ser\u00e1 liberada nesta segunda-feira<\/title>\n<meta name=\"description\" content=\"O prefeito de Manaus, David Almeida, anunciou que a avenida Mario Ypiranga Monteiro ser\u00e1 liberada para o tr\u00e2nsito nesta segunda-feira.\" \/>\n<meta name=\"robots\" content=\"index, follow, max-snippet:-1, max-image-preview:large, max-video-preview:-1\" \/>\n<link rel=\"canonical\" href=\"https:\/\/www.manaus.am.gov.br\/seminf\/mario-ypiranga-monteiro-liberada\/\" \/>\n<meta property=\"og:locale\" content=\"pt_BR\" \/>\n<meta property=\"og:type\" content=\"article\" \/>\n<meta property=\"og:title\" content=\"Av. M\u00e1rio Ypiranga\u00a0Monteiro\u00a0ser\u00e1 liberada nesta segunda-feira\" \/>\n<meta property=\"og:description\" content=\"O prefeito de Manaus, David Almeida, anunciou que a avenida Mario Ypiranga Monteiro ser\u00e1 liberada para o tr\u00e2nsito nesta segunda-feira.\" \/>\n<meta property=\"og:url\" content=\"https:\/\/www.manaus.am.gov.br\/seminf\/mario-ypiranga-monteiro-liberada\/\" \/>\n<meta property=\"og:site_name\" content=\"SEMINF\" \/>\n<meta property=\"article:published_time\" content=\"2024-11-18T16:28:16+00:00\" \/>\n<meta property=\"article:modified_time\" content=\"2024-11-18T16:31:41+00:00\" \/>\n<meta property=\"og:image\" content=\"https:\/\/www.manaus.am.gov.br\/seminf\/wp-content\/uploads\/sites\/6\/2024\/11\/54148497636_13bc7c0072_c.jpg\" \/>\n\t<meta property=\"og:image:width\" content=\"800\" \/>\n\t<meta property=\"og:image:height\" content=\"450\" \/>\n\t<meta property=\"og:image:type\" content=\"image\/jpeg\" \/>\n<meta name=\"author\" content=\"Maur\u00edcio Freire\" \/>\n<meta name=\"twitter:card\" content=\"summary_large_image\" \/>\n<meta name=\"twitter:label1\" content=\"Written by\" \/>\n\t<meta name=\"twitter:data1\" content=\"Maur\u00edcio Freire\" \/>\n\t<meta name=\"twitter:label2\" content=\"Est. reading time\" \/>\n\t<meta name=\"twitter:data2\" content=\"3 minutos\" \/>\n<script type=\"application\/ld+json\" class=\"yoast-schema-graph\">{\"@context\":\"https:\/\/schema.org\",\"@graph\":[{\"@type\":\"WebPage\",\"@id\":\"https:\/\/www.manaus.am.gov.br\/seminf\/mario-ypiranga-monteiro-liberada\/\",\"url\":\"https:\/\/www.manaus.am.gov.br\/seminf\/mario-ypiranga-monteiro-liberada\/\",\"name\":\"Av. M\u00e1rio Ypiranga\u00a0Monteiro\u00a0ser\u00e1 liberada nesta segunda-feira\",\"isPartOf\":{\"@id\":\"https:\/\/www.manaus.am.gov.br\/seminf\/#website\"},\"primaryImageOfPage\":{\"@id\":\"https:\/\/www.manaus.am.gov.br\/seminf\/mario-ypiranga-monteiro-liberada\/#primaryimage\"},\"image\":{\"@id\":\"https:\/\/www.manaus.am.gov.br\/seminf\/mario-ypiranga-monteiro-liberada\/#primaryimage\"},\"thumbnailUrl\":\"https:\/\/www.manaus.am.gov.br\/seminf\/wp-content\/uploads\/sites\/6\/2024\/11\/54148497636_13bc7c0072_c.jpg\",\"datePublished\":\"2024-11-18T16:28:16+00:00\",\"dateModified\":\"2024-11-18T16:31:41+00:00\",\"author\":{\"@id\":\"https:\/\/www.manaus.am.gov.br\/seminf\/#\/schema\/person\/587989a23a463cde5618e6a028977a9a\"},\"description\":\"O prefeito de Manaus, David Almeida, anunciou que a avenida Mario Ypiranga Monteiro ser\u00e1 liberada para o tr\u00e2nsito nesta segunda-feira.\",\"inLanguage\":\"pt-BR\",\"potentialAction\":[{\"@type\":\"ReadAction\",\"target\":[\"https:\/\/www.manaus.am.gov.br\/seminf\/mario-ypiranga-monteiro-liberada\/\"]}]},{\"@type\":\"ImageObject\",\"inLanguage\":\"pt-BR\",\"@id\":\"https:\/\/www.manaus.am.gov.br\/seminf\/mario-ypiranga-monteiro-liberada\/#primaryimage\",\"url\":\"https:\/\/www.manaus.am.gov.br\/seminf\/wp-content\/uploads\/sites\/6\/2024\/11\/54148497636_13bc7c0072_c.jpg\",\"contentUrl\":\"https:\/\/www.manaus.am.gov.br\/seminf\/wp-content\/uploads\/sites\/6\/2024\/11\/54148497636_13bc7c0072_c.jpg\",\"width\":800,\"height\":450,\"caption\":\"#paratodosverem prefeito David Almeida anunciando a libera\u00e7\u00e3o do tr\u00e2nsito na avenida\"},{\"@type\":\"WebSite\",\"@id\":\"https:\/\/www.manaus.am.gov.br\/seminf\/#website\",\"url\":\"https:\/\/www.manaus.am.gov.br\/seminf\/\",\"name\":\"Secretaria de Infraestrutura\",\"description\":\"Secretaria Municipal de Infraestrutura\",\"potentialAction\":[{\"@type\":\"SearchAction\",\"target\":{\"@type\":\"EntryPoint\",\"urlTemplate\":\"https:\/\/www.manaus.am.gov.br\/seminf\/?s={search_term_string}\"},\"query-input\":\"required name=search_term_string\"}],\"inLanguage\":\"pt-BR\"},{\"@type\":\"Person\",\"@id\":\"https:\/\/www.manaus.am.gov.br\/seminf\/#\/schema\/person\/587989a23a463cde5618e6a028977a9a\",\"name\":\"Maur\u00edcio Freire\",\"image\":{\"@type\":\"ImageObject\",\"inLanguage\":\"pt-BR\",\"@id\":\"https:\/\/www.manaus.am.gov.br\/seminf\/#\/schema\/person\/image\/\",\"url\":\"https:\/\/secure.gravatar.com\/avatar\/dc1481799a1f75c733ac3b2634cd6749?s=96&d=mm&r=g\",\"contentUrl\":\"https:\/\/secure.gravatar.com\/avatar\/dc1481799a1f75c733ac3b2634cd6749?s=96&d=mm&r=g\",\"caption\":\"Maur\u00edcio Freire\"}}]}<\/script>\n<!-- \/ Yoast SEO plugin. -->","yoast_head_json":{"title":"Av. M\u00e1rio Ypiranga\u00a0Monteiro\u00a0ser\u00e1 liberada nesta segunda-feira","description":"O prefeito de Manaus, David Almeida, anunciou que a avenida Mario Ypiranga Monteiro ser\u00e1 liberada para o tr\u00e2nsito nesta segunda-feira.","robots":{"index":"index","follow":"follow","max-snippet":"max-snippet:-1","max-image-preview":"max-image-preview:large","max-video-preview":"max-video-preview:-1"},"canonical":"https:\/\/www.manaus.am.gov.br\/seminf\/mario-ypiranga-monteiro-liberada\/","og_locale":"pt_BR","og_type":"article","og_title":"Av. M\u00e1rio Ypiranga\u00a0Monteiro\u00a0ser\u00e1 liberada nesta segunda-feira","og_description":"O prefeito de Manaus, David Almeida, anunciou que a avenida Mario Ypiranga Monteiro ser\u00e1 liberada para o tr\u00e2nsito nesta segunda-feira.","og_url":"https:\/\/www.manaus.am.gov.br\/seminf\/mario-ypiranga-monteiro-liberada\/","og_site_name":"SEMINF","article_published_time":"2024-11-18T16:28:16+00:00","article_modified_time":"2024-11-18T16:31:41+00:00","og_image":[{"width":800,"height":450,"url":"https:\/\/www.manaus.am.gov.br\/seminf\/wp-content\/uploads\/sites\/6\/2024\/11\/54148497636_13bc7c0072_c.jpg","type":"image\/jpeg"}],"author":"Maur\u00edcio Freire","twitter_card":"summary_large_image","twitter_misc":{"Written by":"Maur\u00edcio Freire","Est. reading time":"3 minutos"},"schema":{"@context":"https:\/\/schema.org","@graph":[{"@type":"WebPage","@id":"https:\/\/www.manaus.am.gov.br\/seminf\/mario-ypiranga-monteiro-liberada\/","url":"https:\/\/www.manaus.am.gov.br\/seminf\/mario-ypiranga-monteiro-liberada\/","name":"Av. M\u00e1rio Ypiranga\u00a0Monteiro\u00a0ser\u00e1 liberada nesta segunda-feira","isPartOf":{"@id":"https:\/\/www.manaus.am.gov.br\/seminf\/#website"},"primaryImageOfPage":{"@id":"https:\/\/www.manaus.am.gov.br\/seminf\/mario-ypiranga-monteiro-liberada\/#primaryimage"},"image":{"@id":"https:\/\/www.manaus.am.gov.br\/seminf\/mario-ypiranga-monteiro-liberada\/#primaryimage"},"thumbnailUrl":"https:\/\/www.manaus.am.gov.br\/seminf\/wp-content\/uploads\/sites\/6\/2024\/11\/54148497636_13bc7c0072_c.jpg","datePublished":"2024-11-18T16:28:16+00:00","dateModified":"2024-11-18T16:31:41+00:00","author":{"@id":"https:\/\/www.manaus.am.gov.br\/seminf\/#\/schema\/person\/587989a23a463cde5618e6a028977a9a"},"description":"O prefeito de Manaus, David Almeida, anunciou que a avenida Mario Ypiranga Monteiro ser\u00e1 liberada para o tr\u00e2nsito nesta segunda-feira.","inLanguage":"pt-BR","potentialAction":[{"@type":"ReadAction","target":["https:\/\/www.manaus.am.gov.br\/seminf\/mario-ypiranga-monteiro-liberada\/"]}]},{"@type":"ImageObject","inLanguage":"pt-BR","@id":"https:\/\/www.manaus.am.gov.br\/seminf\/mario-ypiranga-monteiro-liberada\/#primaryimage","url":"https:\/\/www.manaus.am.gov.br\/seminf\/wp-content\/uploads\/sites\/6\/2024\/11\/54148497636_13bc7c0072_c.jpg","contentUrl":"https:\/\/www.manaus.am.gov.br\/seminf\/wp-content\/uploads\/sites\/6\/2024\/11\/54148497636_13bc7c0072_c.jpg","width":800,"height":450,"caption":"#paratodosverem prefeito David Almeida anunciando a libera\u00e7\u00e3o do tr\u00e2nsito na avenida"},{"@type":"WebSite","@id":"https:\/\/www.manaus.am.gov.br\/seminf\/#website","url":"https:\/\/www.manaus.am.gov.br\/seminf\/","name":"Secretaria de Infraestrutura","description":"Secretaria Municipal de Infraestrutura","potentialAction":[{"@type":"SearchAction","target":{"@type":"EntryPoint","urlTemplate":"https:\/\/www.manaus.am.gov.br\/seminf\/?s={search_term_string}"},"query-input":"required name=search_term_string"}],"inLanguage":"pt-BR"},{"@type":"Person","@id":"https:\/\/www.manaus.am.gov.br\/seminf\/#\/schema\/person\/587989a23a463cde5618e6a028977a9a","name":"Maur\u00edcio Freire","image":{"@type":"ImageObject","inLanguage":"pt-BR","@id":"https:\/\/www.manaus.am.gov.br\/seminf\/#\/schema\/person\/image\/","url":"https:\/\/secure.gravatar.com\/avatar\/dc1481799a1f75c733ac3b2634cd6749?s=96&d=mm&r=g","contentUrl":"https:\/\/secure.gravatar.com\/avatar\/dc1481799a1f75c733ac3b2634cd6749?s=96&d=mm&r=g","caption":"Maur\u00edcio Freire"}}]}},"_links":{"self":[{"href":"https:\/\/www.manaus.am.gov.br\/seminf\/wp-json\/wp\/v2\/posts\/3715"}],"collection":[{"href":"https:\/\/www.manaus.am.gov.br\/seminf\/wp-json\/wp\/v2\/posts"}],"about":[{"href":"https:\/\/www.manaus.am.gov.br\/seminf\/wp-json\/wp\/v2\/types\/post"}],"author":[{"embeddable":true,"href":"https:\/\/www.manaus.am.gov.br\/seminf\/wp-json\/wp\/v2\/users\/25"}],"replies":[{"embeddable":true,"href":"https:\/\/www.manaus.am.gov.br\/seminf\/wp-json\/wp\/v2\/comments?post=3715"}],"version-history":[{"count":1,"href":"https:\/\/www.manaus.am.gov.br\/seminf\/wp-json\/wp\/v2\/posts\/3715\/revisions"}],"predecessor-version":[{"id":3717,"href":"https:\/\/www.manaus.am.gov.br\/seminf\/wp-json\/wp\/v2\/posts\/3715\/revisions\/3717"}],"wp:featuredmedia":[{"embeddable":true,"href":"https:\/\/www.manaus.am.gov.br\/seminf\/wp-json\/wp\/v2\/media\/3716"}],"wp:attachment":[{"href":"https:\/\/www.manaus.am.gov.br\/seminf\/wp-json\/wp\/v2\/media?parent=3715"}],"wp:term":[{"taxonomy":"category","embeddable":true,"href":"https:\/\/www.manaus.am.gov.br\/seminf\/wp-json\/wp\/v2\/categories?post=3715"},{"taxonomy":"post_tag","embeddable":true,"href":"https:\/\/www.manaus.am.gov.br\/seminf\/wp-json\/wp\/v2\/tags?post=3715"}],"curies":[{"name":"wp","href":"https:\/\/api.w.org\/{rel}","templated":true}]}}