{"id":3707,"date":"2024-11-17T16:00:48","date_gmt":"2024-11-17T20:00:48","guid":{"rendered":"https:\/\/www.manaus.am.gov.br\/seminf\/obras-mario-ypiranga-celeridade\/"},"modified":"2024-11-17T16:00:50","modified_gmt":"2024-11-17T20:00:50","slug":"obras-mario-ypiranga-celeridade","status":"publish","type":"post","link":"https:\/\/www.manaus.am.gov.br\/seminf\/obras-mario-ypiranga-celeridade\/","title":{"rendered":"Prefeito David Almeida vistoria obras na avenida M\u00e1rio Ypiranga e comprova celeridade dos servi\u00e7os"},"content":{"rendered":"\n<p>O prefeito de Manaus, David Almeida, vistoriou, na tarde deste domingo, 17\/11, os trabalhos de interven\u00e7\u00e3o estrutural na avenida M\u00e1rio Ypiranga Monteiro, na zona Centro-Sul da capital. A obra executada pela Secretaria Municipal de Infraestrutura (Seminf) avan\u00e7a com celeridade para ser entregue \u00e0 cidade.<\/p>\n\n\n\n<p>&#8220;N\u00f3s estamos com a nossa equipe 24 horas, para devolver o mais r\u00e1pido poss\u00edvel essa via para o tr\u00e1fego na cidade de Manaus. As aduelas est\u00e3o sendo colocadas e assim a gente avan\u00e7a os trabalhos para entregar at\u00e9 a pr\u00f3xima quarta-feira\u201d, afirmou Almeida.<\/p>\n\n\n\n<p>A obra visa solucionar de forma definitiva o problema de deteriora\u00e7\u00e3o dos tubos de ferro instalados sob a avenida. Os trabalhos incluem a estrutura\u00e7\u00e3o no trecho desnivelado da M\u00e1rio Ypiranga Monteiro, que conecta os bairros da zona Norte com a zona Sul da cidade.<\/p>\n\n\n\n<p>A interdi\u00e7\u00e3o da via para ve\u00edculos acontece nos dois sentidos para possibilitar o trabalho de cerca de 80 homens na obra, enquanto outros 35 atuam no suporte.<\/p>\n\n\n\n<p>As linhas 001, 215, 217, 341, 358, A402, A407, 415, 550,654 &#8211; no sentido bairro-Centro &#8211; seguir\u00e3o normal at\u00e9 avenida Djalma Batista, ent\u00e3o seguem pela via at\u00e9 a al\u00e7a de retorno da UEA (pr\u00f3ximo \u00e0 avenida Darcy Vargas), dobram \u00e0 direita na rua Jorge Veiga e novamente \u00e0 direita na avenida Mario Ypiranga.<\/p>\n\n\n\n<p>Ainda no sentido bairro-Centro, as linhas 128,212, 414 seguem normal at\u00e9 a avenida Torquato Tapaj\u00f3s, depois seguem pela Constantino Nery, Theom\u00e1rio Pinto, Darcy Vargas, Mario Ypiranga e, depois, itiner\u00e1rio normal.<\/p>\n\n\n\n<p>No sentido Centro-bairro, as 002,128, 341, 358, 414, 415, 550 seguem pela avenida Mario Ypiranga, dobram \u00e0 esquerda na rua Dona Balbina Cordeiro (conjunto Eldorado) e pegam a avenida Djalma Batista.<\/p>\n\n\n\n<p>&#8212; &#8212; &#8212;<\/p>\n\n\n\n<p><strong>Texto<\/strong> \u2013 Marcilene Frutuoso \/ Semcom<\/p>\n\n\n\n<p><strong>Imagens<\/strong> \u2013 Jo\u00e3o Viana \/ Semcom<\/p>\n\n\n\n<p><strong>Dispon\u00edveis em<\/strong> &#8211; https:\/\/flic.kr\/s\/aHBqjBS2AY<\/p>\n","protected":false},"excerpt":{"rendered":"","protected":false},"author":25,"featured_media":3708,"comment_status":"closed","ping_status":"closed","sticky":false,"template":"","format":"standard","meta":{"footnotes":""},"categories":[1554],"tags":[1473,1553,28],"acf":[],"yoast_head":"<!-- This site is optimized with the Yoast SEO plugin v23.0 - https:\/\/yoast.com\/wordpress\/plugins\/seo\/ -->\n<title>Prefeito David Almeida vistoria obras na avenida M\u00e1rio Ypiranga e comprova celeridade dos servi\u00e7os<\/title>\n<meta name=\"description\" content=\"O prefeito de Manaus, David Almeida, vistoriou, na tarde deste domingo, 17\/11, os trabalhos de interven\u00e7\u00e3o estrutural na avenida\" \/>\n<meta name=\"robots\" content=\"index, follow, max-snippet:-1, max-image-preview:large, max-video-preview:-1\" \/>\n<link rel=\"canonical\" href=\"https:\/\/www.manaus.am.gov.br\/seminf\/obras-mario-ypiranga-celeridade\/\" \/>\n<meta property=\"og:locale\" content=\"pt_BR\" \/>\n<meta property=\"og:type\" content=\"article\" \/>\n<meta property=\"og:title\" content=\"Prefeito David Almeida vistoria obras na avenida M\u00e1rio Ypiranga e comprova celeridade dos servi\u00e7os\" \/>\n<meta property=\"og:description\" content=\"O prefeito de Manaus, David Almeida, vistoriou, na tarde deste domingo, 17\/11, os trabalhos de interven\u00e7\u00e3o estrutural na avenida\" \/>\n<meta property=\"og:url\" content=\"https:\/\/www.manaus.am.gov.br\/seminf\/obras-mario-ypiranga-celeridade\/\" \/>\n<meta property=\"og:site_name\" content=\"SEMINF\" \/>\n<meta property=\"article:published_time\" content=\"2024-11-17T20:00:48+00:00\" \/>\n<meta property=\"article:modified_time\" content=\"2024-11-17T20:00:50+00:00\" \/>\n<meta property=\"og:image\" content=\"https:\/\/www.manaus.am.gov.br\/seminf\/wp-content\/uploads\/sites\/6\/2024\/11\/54146301486_9ff3955579_c.jpg\" \/>\n\t<meta property=\"og:image:width\" content=\"799\" \/>\n\t<meta property=\"og:image:height\" content=\"533\" \/>\n\t<meta property=\"og:image:type\" content=\"image\/jpeg\" \/>\n<meta name=\"author\" content=\"Maur\u00edcio Freire\" \/>\n<meta name=\"twitter:card\" content=\"summary_large_image\" \/>\n<meta name=\"twitter:label1\" content=\"Written by\" \/>\n\t<meta name=\"twitter:data1\" content=\"Maur\u00edcio Freire\" \/>\n\t<meta name=\"twitter:label2\" content=\"Est. reading time\" \/>\n\t<meta name=\"twitter:data2\" content=\"2 minutos\" \/>\n<script type=\"application\/ld+json\" class=\"yoast-schema-graph\">{\"@context\":\"https:\/\/schema.org\",\"@graph\":[{\"@type\":\"WebPage\",\"@id\":\"https:\/\/www.manaus.am.gov.br\/seminf\/obras-mario-ypiranga-celeridade\/\",\"url\":\"https:\/\/www.manaus.am.gov.br\/seminf\/obras-mario-ypiranga-celeridade\/\",\"name\":\"Prefeito David Almeida vistoria obras na avenida M\u00e1rio Ypiranga e comprova celeridade dos servi\u00e7os\",\"isPartOf\":{\"@id\":\"https:\/\/www.manaus.am.gov.br\/seminf\/#website\"},\"primaryImageOfPage\":{\"@id\":\"https:\/\/www.manaus.am.gov.br\/seminf\/obras-mario-ypiranga-celeridade\/#primaryimage\"},\"image\":{\"@id\":\"https:\/\/www.manaus.am.gov.br\/seminf\/obras-mario-ypiranga-celeridade\/#primaryimage\"},\"thumbnailUrl\":\"https:\/\/www.manaus.am.gov.br\/seminf\/wp-content\/uploads\/sites\/6\/2024\/11\/54146301486_9ff3955579_c.jpg\",\"datePublished\":\"2024-11-17T20:00:48+00:00\",\"dateModified\":\"2024-11-17T20:00:50+00:00\",\"author\":{\"@id\":\"https:\/\/www.manaus.am.gov.br\/seminf\/#\/schema\/person\/587989a23a463cde5618e6a028977a9a\"},\"description\":\"O prefeito de Manaus, David Almeida, vistoriou, na tarde deste domingo, 17\/11, os trabalhos de interven\u00e7\u00e3o estrutural na avenida\",\"inLanguage\":\"pt-BR\",\"potentialAction\":[{\"@type\":\"ReadAction\",\"target\":[\"https:\/\/www.manaus.am.gov.br\/seminf\/obras-mario-ypiranga-celeridade\/\"]}]},{\"@type\":\"ImageObject\",\"inLanguage\":\"pt-BR\",\"@id\":\"https:\/\/www.manaus.am.gov.br\/seminf\/obras-mario-ypiranga-celeridade\/#primaryimage\",\"url\":\"https:\/\/www.manaus.am.gov.br\/seminf\/wp-content\/uploads\/sites\/6\/2024\/11\/54146301486_9ff3955579_c.jpg\",\"contentUrl\":\"https:\/\/www.manaus.am.gov.br\/seminf\/wp-content\/uploads\/sites\/6\/2024\/11\/54146301486_9ff3955579_c.jpg\",\"width\":799,\"height\":533,\"caption\":\"#paratodosverem prefeito David Almeida constatou o avan\u00e7o da obra\"},{\"@type\":\"WebSite\",\"@id\":\"https:\/\/www.manaus.am.gov.br\/seminf\/#website\",\"url\":\"https:\/\/www.manaus.am.gov.br\/seminf\/\",\"name\":\"Secretaria de Infraestrutura\",\"description\":\"Secretaria Municipal de Infraestrutura\",\"potentialAction\":[{\"@type\":\"SearchAction\",\"target\":{\"@type\":\"EntryPoint\",\"urlTemplate\":\"https:\/\/www.manaus.am.gov.br\/seminf\/?s={search_term_string}\"},\"query-input\":\"required name=search_term_string\"}],\"inLanguage\":\"pt-BR\"},{\"@type\":\"Person\",\"@id\":\"https:\/\/www.manaus.am.gov.br\/seminf\/#\/schema\/person\/587989a23a463cde5618e6a028977a9a\",\"name\":\"Maur\u00edcio Freire\",\"image\":{\"@type\":\"ImageObject\",\"inLanguage\":\"pt-BR\",\"@id\":\"https:\/\/www.manaus.am.gov.br\/seminf\/#\/schema\/person\/image\/\",\"url\":\"https:\/\/secure.gravatar.com\/avatar\/dc1481799a1f75c733ac3b2634cd6749?s=96&d=mm&r=g\",\"contentUrl\":\"https:\/\/secure.gravatar.com\/avatar\/dc1481799a1f75c733ac3b2634cd6749?s=96&d=mm&r=g\",\"caption\":\"Maur\u00edcio Freire\"}}]}<\/script>\n<!-- \/ Yoast SEO plugin. -->","yoast_head_json":{"title":"Prefeito David Almeida vistoria obras na avenida M\u00e1rio Ypiranga e comprova celeridade dos servi\u00e7os","description":"O prefeito de Manaus, David Almeida, vistoriou, na tarde deste domingo, 17\/11, os trabalhos de interven\u00e7\u00e3o estrutural na avenida","robots":{"index":"index","follow":"follow","max-snippet":"max-snippet:-1","max-image-preview":"max-image-preview:large","max-video-preview":"max-video-preview:-1"},"canonical":"https:\/\/www.manaus.am.gov.br\/seminf\/obras-mario-ypiranga-celeridade\/","og_locale":"pt_BR","og_type":"article","og_title":"Prefeito David Almeida vistoria obras na avenida M\u00e1rio Ypiranga e comprova celeridade dos servi\u00e7os","og_description":"O prefeito de Manaus, David Almeida, vistoriou, na tarde deste domingo, 17\/11, os trabalhos de interven\u00e7\u00e3o estrutural na avenida","og_url":"https:\/\/www.manaus.am.gov.br\/seminf\/obras-mario-ypiranga-celeridade\/","og_site_name":"SEMINF","article_published_time":"2024-11-17T20:00:48+00:00","article_modified_time":"2024-11-17T20:00:50+00:00","og_image":[{"width":799,"height":533,"url":"https:\/\/www.manaus.am.gov.br\/seminf\/wp-content\/uploads\/sites\/6\/2024\/11\/54146301486_9ff3955579_c.jpg","type":"image\/jpeg"}],"author":"Maur\u00edcio Freire","twitter_card":"summary_large_image","twitter_misc":{"Written by":"Maur\u00edcio Freire","Est. reading time":"2 minutos"},"schema":{"@context":"https:\/\/schema.org","@graph":[{"@type":"WebPage","@id":"https:\/\/www.manaus.am.gov.br\/seminf\/obras-mario-ypiranga-celeridade\/","url":"https:\/\/www.manaus.am.gov.br\/seminf\/obras-mario-ypiranga-celeridade\/","name":"Prefeito David Almeida vistoria obras na avenida M\u00e1rio Ypiranga e comprova celeridade dos servi\u00e7os","isPartOf":{"@id":"https:\/\/www.manaus.am.gov.br\/seminf\/#website"},"primaryImageOfPage":{"@id":"https:\/\/www.manaus.am.gov.br\/seminf\/obras-mario-ypiranga-celeridade\/#primaryimage"},"image":{"@id":"https:\/\/www.manaus.am.gov.br\/seminf\/obras-mario-ypiranga-celeridade\/#primaryimage"},"thumbnailUrl":"https:\/\/www.manaus.am.gov.br\/seminf\/wp-content\/uploads\/sites\/6\/2024\/11\/54146301486_9ff3955579_c.jpg","datePublished":"2024-11-17T20:00:48+00:00","dateModified":"2024-11-17T20:00:50+00:00","author":{"@id":"https:\/\/www.manaus.am.gov.br\/seminf\/#\/schema\/person\/587989a23a463cde5618e6a028977a9a"},"description":"O prefeito de Manaus, David Almeida, vistoriou, na tarde deste domingo, 17\/11, os trabalhos de interven\u00e7\u00e3o estrutural na avenida","inLanguage":"pt-BR","potentialAction":[{"@type":"ReadAction","target":["https:\/\/www.manaus.am.gov.br\/seminf\/obras-mario-ypiranga-celeridade\/"]}]},{"@type":"ImageObject","inLanguage":"pt-BR","@id":"https:\/\/www.manaus.am.gov.br\/seminf\/obras-mario-ypiranga-celeridade\/#primaryimage","url":"https:\/\/www.manaus.am.gov.br\/seminf\/wp-content\/uploads\/sites\/6\/2024\/11\/54146301486_9ff3955579_c.jpg","contentUrl":"https:\/\/www.manaus.am.gov.br\/seminf\/wp-content\/uploads\/sites\/6\/2024\/11\/54146301486_9ff3955579_c.jpg","width":799,"height":533,"caption":"#paratodosverem prefeito David Almeida constatou o avan\u00e7o da obra"},{"@type":"WebSite","@id":"https:\/\/www.manaus.am.gov.br\/seminf\/#website","url":"https:\/\/www.manaus.am.gov.br\/seminf\/","name":"Secretaria de Infraestrutura","description":"Secretaria Municipal de Infraestrutura","potentialAction":[{"@type":"SearchAction","target":{"@type":"EntryPoint","urlTemplate":"https:\/\/www.manaus.am.gov.br\/seminf\/?s={search_term_string}"},"query-input":"required name=search_term_string"}],"inLanguage":"pt-BR"},{"@type":"Person","@id":"https:\/\/www.manaus.am.gov.br\/seminf\/#\/schema\/person\/587989a23a463cde5618e6a028977a9a","name":"Maur\u00edcio Freire","image":{"@type":"ImageObject","inLanguage":"pt-BR","@id":"https:\/\/www.manaus.am.gov.br\/seminf\/#\/schema\/person\/image\/","url":"https:\/\/secure.gravatar.com\/avatar\/dc1481799a1f75c733ac3b2634cd6749?s=96&d=mm&r=g","contentUrl":"https:\/\/secure.gravatar.com\/avatar\/dc1481799a1f75c733ac3b2634cd6749?s=96&d=mm&r=g","caption":"Maur\u00edcio Freire"}}]}},"_links":{"self":[{"href":"https:\/\/www.manaus.am.gov.br\/seminf\/wp-json\/wp\/v2\/posts\/3707"}],"collection":[{"href":"https:\/\/www.manaus.am.gov.br\/seminf\/wp-json\/wp\/v2\/posts"}],"about":[{"href":"https:\/\/www.manaus.am.gov.br\/seminf\/wp-json\/wp\/v2\/types\/post"}],"author":[{"embeddable":true,"href":"https:\/\/www.manaus.am.gov.br\/seminf\/wp-json\/wp\/v2\/users\/25"}],"replies":[{"embeddable":true,"href":"https:\/\/www.manaus.am.gov.br\/seminf\/wp-json\/wp\/v2\/comments?post=3707"}],"version-history":[{"count":0,"href":"https:\/\/www.manaus.am.gov.br\/seminf\/wp-json\/wp\/v2\/posts\/3707\/revisions"}],"wp:featuredmedia":[{"embeddable":true,"href":"https:\/\/www.manaus.am.gov.br\/seminf\/wp-json\/wp\/v2\/media\/3708"}],"wp:attachment":[{"href":"https:\/\/www.manaus.am.gov.br\/seminf\/wp-json\/wp\/v2\/media?parent=3707"}],"wp:term":[{"taxonomy":"category","embeddable":true,"href":"https:\/\/www.manaus.am.gov.br\/seminf\/wp-json\/wp\/v2\/categories?post=3707"},{"taxonomy":"post_tag","embeddable":true,"href":"https:\/\/www.manaus.am.gov.br\/seminf\/wp-json\/wp\/v2\/tags?post=3707"}],"curies":[{"name":"wp","href":"https:\/\/api.w.org\/{rel}","templated":true}]}}