{"id":3567,"date":"2024-10-30T13:41:30","date_gmt":"2024-10-30T17:41:30","guid":{"rendered":"https:\/\/www.manaus.am.gov.br\/seminf\/prefeito-reconduz-renato-junior-comando-seminf\/"},"modified":"2024-10-30T14:27:24","modified_gmt":"2024-10-30T18:27:24","slug":"prefeito-reconduz-renato-junior-comando-seminf","status":"publish","type":"post","link":"https:\/\/www.manaus.am.gov.br\/seminf\/prefeito-reconduz-renato-junior-comando-seminf\/","title":{"rendered":"Prefeito David Almeida reconduz Renato Junior para o comando da Seminf"},"content":{"rendered":"\n<p>O prefeito de Manaus, David Almeida, anunciou, nesta quarta-feira, 30\/10, durante coletiva de imprensa, o retorno do vice-prefeito eleito, Renato Junior, para o comando da Secretaria Municipal de Infraestrutura (Seminf). Este \u00e9 o primeiro an\u00fancio do chefe do Executivo municipal ap\u00f3s sua reelei\u00e7\u00e3o.<\/p>\n\n\n\n<p>Renato J\u00fanior deixou o comando da pasta para a disputa da elei\u00e7\u00e3o, e Heliatan Botelho assumiu a Seminf&nbsp;nesse per\u00edodo. O prefeito agradeceu o trabalho de Heliatan \u00e0 frente da secretaria, que resultou na entrega da al\u00e7a superior do complexo vi\u00e1rio Rei Pel\u00e9, conclus\u00e3o do viaduto M\u00e1rcio Souza e no avan\u00e7o dos servi\u00e7os do programa &#8220;Asfalta Manaus&#8221;.<\/p>\n\n\n\n<p>Sob a gest\u00e3o de Renato Junior, o prefeito disse que o secret\u00e1rio de Obras ter\u00e1 a miss\u00e3o de entregar o complexo vi\u00e1rio Rei Pel\u00e9 no primeiro semestre de 2025, coordenar a constru\u00e7\u00e3o do complexo vi\u00e1rio localizado entre as avenidas Brasil e Coronel Teixeira, que se chamar\u00e1 &#8220;Passar\u00e3o&#8221;, em homenagem ao empres\u00e1rio Jos\u00e9 Ferreira de Oliveira, fundador do porto Chibat\u00e3o, entre outras obras.<\/p>\n\n\n\n<p>&#8220;Eu quero aqui agradecer o trabalho do Renato nessa elei\u00e7\u00e3o, em que esteve junto conosco, foi um dos coordenadores, e que agora volta como secret\u00e1rio, dando continuidade aos trabalhos estruturantes na cidade de Manaus. Sobre aquele complexo vi\u00e1rio da Compensa, a prefeitura vai homenagear um dos maiores empreendedores amazonenses que \u00e9 o Passar\u00e3o&#8221;, declarou Almeida.<\/p>\n\n\n\n<p>O vice-prefeito eleito e agora secret\u00e1rio da Seminf, Renato Junior, agradeceu ao prefeito pela confian\u00e7a e por lhe dar novamente a oportunidade de seguir atendendo as demandas da popula\u00e7\u00e3o.<\/p>\n\n\n\n<p>&#8220;Quero aqui, prefeito, agradecer ao senhor por mais uma oportunidade de poder assumir a Seminf frente a este grande desafio. Desafio esse que n\u00f3s vimos agora na campanha, n\u00e3o somente as pessoas&nbsp;agradecendo o trabalho j\u00e1 realizado pela sua gest\u00e3o na rua, mas tamb\u00e9m as demandas que&nbsp;elas ainda esperam&nbsp;que sejam resolvidas por esta secretaria. Me coloco \u00e0 disposi\u00e7\u00e3o, mais do que isso, para juntos construirmos a Manaus para daqui a 10, 20, 30 anos, a Manaus do futuro que n\u00f3s queremos construir agora, juntamente com a popula\u00e7\u00e3o&#8221;, enfatizou.<\/p>\n\n\n\n<figure class=\"wp-block-image size-large\"><img loading=\"lazy\" decoding=\"async\" width=\"1024\" height=\"683\" src=\"https:\/\/www.manaus.am.gov.br\/seminf\/wp-content\/uploads\/sites\/6\/2024\/10\/WhatsApp-Image-2024-10-30-at-10.14.15-1024x683.jpeg\" alt=\"\" class=\"wp-image-3568\" srcset=\"https:\/\/www.manaus.am.gov.br\/seminf\/wp-content\/uploads\/sites\/6\/2024\/10\/WhatsApp-Image-2024-10-30-at-10.14.15-1024x683.jpeg 1024w, https:\/\/www.manaus.am.gov.br\/seminf\/wp-content\/uploads\/sites\/6\/2024\/10\/WhatsApp-Image-2024-10-30-at-10.14.15-300x200.jpeg 300w, https:\/\/www.manaus.am.gov.br\/seminf\/wp-content\/uploads\/sites\/6\/2024\/10\/WhatsApp-Image-2024-10-30-at-10.14.15-768x512.jpeg 768w, https:\/\/www.manaus.am.gov.br\/seminf\/wp-content\/uploads\/sites\/6\/2024\/10\/WhatsApp-Image-2024-10-30-at-10.14.15-1536x1024.jpeg 1536w, https:\/\/www.manaus.am.gov.br\/seminf\/wp-content\/uploads\/sites\/6\/2024\/10\/WhatsApp-Image-2024-10-30-at-10.14.15-2048x1365.jpeg 2048w\" sizes=\"(max-width: 1024px) 100vw, 1024px\" \/><\/figure>\n\n\n\n<p><strong>Mais obras<\/strong><\/p>\n\n\n\n<p>O prefeito ainda citou quais s\u00e3o as demais obras de infraestrutura que ser\u00e3o realizadas pela Seminf, como o alargamento da avenida do Turismo, entre o aeroporto internacional Eduardo Gomes at\u00e9 a rotat\u00f3ria da Ponta Negra, que ter\u00e1 uma nova faixa nos dois sentidos.<\/p>\n\n\n\n<p>Ainda est\u00e3o previstos servi\u00e7os de interliga\u00e7\u00e3o da avenida Max Teixeira com a avenida do Turismo, conclus\u00e3o do recapeamento da avenida Coronel Teixeira, que ter\u00e1 as tr\u00eas faixas livres, com extin\u00e7\u00e3o da ciclofaixa, e o recapeamento da avenida Brasil.<\/p>\n\n\n\n<p>O alargamento da avenida Andr\u00e9 Ara\u00fajo e a interliga\u00e7\u00e3o da avenida Maneca Marques com a avenida Ephig\u00eanio Salles.<\/p>\n\n\n\n<p><strong>Perfil<\/strong><\/p>\n\n\n\n<p>Atual secret\u00e1rio de Infraestrutura e vice-prefeito eleito no \u00faltimo pleito municipal, Renato Junior, de 37 anos, \u00e9 manauara e formado em gest\u00e3o p\u00fablica. Ainda garoto, passou a trabalhar na tradicional feira Manaus Moderna ao lado dos pais, o&nbsp;casal de feirantes seu Renato e dona Menta. Aos 22 anos, ingressou no mundo do empreendedorismo e passou a trabalhar por conta pr\u00f3pria na \u00e1rea da Constru\u00e7\u00e3o Civil.<\/p>\n\n\n\n<p>Em 2021, gra\u00e7as \u00e0 sua larga experi\u00eancia com feiras e com a cadeia produtiva, foi convidado pelo prefeito David Almeida para administrar a Secretaria Municipal de Agricultura, Abastecimento, Centro e Com\u00e9rcio Informal (Semacc).<\/p>\n\n\n\n<p>Durante a pandemia, por exemplo, providenciou a sanitiza\u00e7\u00e3o das feiras e, durante a cheia do rio Negro, sob determina\u00e7\u00e3o do prefeito David Almeida, viabilizou em sete dias a cria\u00e7\u00e3o da primeira \u201cfeira flutuante\u201d do Brasil, ideia que garantiu a continuidade do trabalho dos feirantes da Manaus Moderna e teve repercuss\u00e3o nacional e internacional pelo ineditismo e criatividade.<\/p>\n\n\n\n<p>Em abril de 2022, Renato Junior&nbsp;se tornou&nbsp;o titular da Seminf e agora \u00e9 reconduzido \u00e0 pasta.<\/p>\n\n\n\n<p>&#8212; &#8212; &#8212;<\/p>\n\n\n\n<p><strong>Texto &#8211;<\/strong>&nbsp;Geraldo Farias\/Semcom e Alessandra Taveira e Valesca Martins\/Seminf<\/p>\n\n\n\n<p><strong>Fotos\u00a0<\/strong>&#8211; Antonio Pereira\/Semcom<\/p>\n\n\n\n<p><strong>Dispon\u00edveis em<\/strong> &#8211; https:\/\/flic.kr\/s\/aHBqjBQ6Cn<\/p>\n","protected":false},"excerpt":{"rendered":"","protected":false},"author":39,"featured_media":3569,"comment_status":"closed","ping_status":"closed","sticky":false,"template":"","format":"standard","meta":{"footnotes":""},"categories":[109],"tags":[1519,1520,28,43,118,1521,26],"acf":[],"yoast_head":"<!-- This site is optimized with the Yoast SEO plugin v23.0 - https:\/\/yoast.com\/wordpress\/plugins\/seo\/ -->\n<title>Prefeito reconduz Renato Junior para o comando da Seminf<\/title>\n<meta name=\"description\" content=\"Prefeito David Almeida reconduz Renato Junior para o comando da Secretaria Municipal de Infraestrutura (Seminf).\" \/>\n<meta name=\"robots\" content=\"index, follow, max-snippet:-1, max-image-preview:large, max-video-preview:-1\" \/>\n<link rel=\"canonical\" href=\"https:\/\/www.manaus.am.gov.br\/seminf\/prefeito-reconduz-renato-junior-comando-seminf\/\" \/>\n<meta property=\"og:locale\" content=\"pt_BR\" \/>\n<meta property=\"og:type\" content=\"article\" \/>\n<meta property=\"og:title\" content=\"Prefeito reconduz Renato Junior para o comando da Seminf\" \/>\n<meta property=\"og:description\" content=\"Prefeito David Almeida reconduz Renato Junior para o comando da Secretaria Municipal de Infraestrutura (Seminf).\" \/>\n<meta property=\"og:url\" content=\"https:\/\/www.manaus.am.gov.br\/seminf\/prefeito-reconduz-renato-junior-comando-seminf\/\" \/>\n<meta property=\"og:site_name\" content=\"SEMINF\" \/>\n<meta property=\"article:published_time\" content=\"2024-10-30T17:41:30+00:00\" \/>\n<meta property=\"article:modified_time\" content=\"2024-10-30T18:27:24+00:00\" \/>\n<meta property=\"og:image\" content=\"https:\/\/www.manaus.am.gov.br\/seminf\/wp-content\/uploads\/sites\/6\/2024\/10\/WhatsApp-Image-2024-10-30-at-10.08.44-2.jpeg\" \/>\n\t<meta property=\"og:image:width\" content=\"4160\" \/>\n\t<meta property=\"og:image:height\" content=\"2773\" \/>\n\t<meta property=\"og:image:type\" content=\"image\/jpeg\" \/>\n<meta name=\"author\" content=\"Bruna Greco\" \/>\n<meta name=\"twitter:card\" content=\"summary_large_image\" \/>\n<meta name=\"twitter:label1\" content=\"Written by\" \/>\n\t<meta name=\"twitter:data1\" content=\"Bruna Greco\" \/>\n\t<meta name=\"twitter:label2\" content=\"Est. reading time\" \/>\n\t<meta name=\"twitter:data2\" content=\"4 minutos\" \/>\n<script type=\"application\/ld+json\" class=\"yoast-schema-graph\">{\"@context\":\"https:\/\/schema.org\",\"@graph\":[{\"@type\":\"WebPage\",\"@id\":\"https:\/\/www.manaus.am.gov.br\/seminf\/prefeito-reconduz-renato-junior-comando-seminf\/\",\"url\":\"https:\/\/www.manaus.am.gov.br\/seminf\/prefeito-reconduz-renato-junior-comando-seminf\/\",\"name\":\"Prefeito reconduz Renato Junior para o comando da Seminf\",\"isPartOf\":{\"@id\":\"https:\/\/www.manaus.am.gov.br\/seminf\/#website\"},\"primaryImageOfPage\":{\"@id\":\"https:\/\/www.manaus.am.gov.br\/seminf\/prefeito-reconduz-renato-junior-comando-seminf\/#primaryimage\"},\"image\":{\"@id\":\"https:\/\/www.manaus.am.gov.br\/seminf\/prefeito-reconduz-renato-junior-comando-seminf\/#primaryimage\"},\"thumbnailUrl\":\"https:\/\/www.manaus.am.gov.br\/seminf\/wp-content\/uploads\/sites\/6\/2024\/10\/WhatsApp-Image-2024-10-30-at-10.08.44-2.jpeg\",\"datePublished\":\"2024-10-30T17:41:30+00:00\",\"dateModified\":\"2024-10-30T18:27:24+00:00\",\"author\":{\"@id\":\"https:\/\/www.manaus.am.gov.br\/seminf\/#\/schema\/person\/05d223aea2bf115f9883a6ff3683d81b\"},\"description\":\"Prefeito David Almeida reconduz Renato Junior para o comando da Secretaria Municipal de Infraestrutura (Seminf).\",\"inLanguage\":\"pt-BR\",\"potentialAction\":[{\"@type\":\"ReadAction\",\"target\":[\"https:\/\/www.manaus.am.gov.br\/seminf\/prefeito-reconduz-renato-junior-comando-seminf\/\"]}]},{\"@type\":\"ImageObject\",\"inLanguage\":\"pt-BR\",\"@id\":\"https:\/\/www.manaus.am.gov.br\/seminf\/prefeito-reconduz-renato-junior-comando-seminf\/#primaryimage\",\"url\":\"https:\/\/www.manaus.am.gov.br\/seminf\/wp-content\/uploads\/sites\/6\/2024\/10\/WhatsApp-Image-2024-10-30-at-10.08.44-2.jpeg\",\"contentUrl\":\"https:\/\/www.manaus.am.gov.br\/seminf\/wp-content\/uploads\/sites\/6\/2024\/10\/WhatsApp-Image-2024-10-30-at-10.08.44-2.jpeg\",\"width\":4160,\"height\":2773,\"caption\":\"#paratodosverem - Prefeito de Manaus, David Almeida, e vice-prefeito e titular da Seminf, Renato Junior\"},{\"@type\":\"WebSite\",\"@id\":\"https:\/\/www.manaus.am.gov.br\/seminf\/#website\",\"url\":\"https:\/\/www.manaus.am.gov.br\/seminf\/\",\"name\":\"Secretaria de Infraestrutura\",\"description\":\"Secretaria Municipal de Infraestrutura\",\"potentialAction\":[{\"@type\":\"SearchAction\",\"target\":{\"@type\":\"EntryPoint\",\"urlTemplate\":\"https:\/\/www.manaus.am.gov.br\/seminf\/?s={search_term_string}\"},\"query-input\":\"required name=search_term_string\"}],\"inLanguage\":\"pt-BR\"},{\"@type\":\"Person\",\"@id\":\"https:\/\/www.manaus.am.gov.br\/seminf\/#\/schema\/person\/05d223aea2bf115f9883a6ff3683d81b\",\"name\":\"Bruna Greco\",\"image\":{\"@type\":\"ImageObject\",\"inLanguage\":\"pt-BR\",\"@id\":\"https:\/\/www.manaus.am.gov.br\/seminf\/#\/schema\/person\/image\/\",\"url\":\"https:\/\/secure.gravatar.com\/avatar\/9c877d1a6adc2a055330e5c09a8653ce?s=96&d=mm&r=g\",\"contentUrl\":\"https:\/\/secure.gravatar.com\/avatar\/9c877d1a6adc2a055330e5c09a8653ce?s=96&d=mm&r=g\",\"caption\":\"Bruna Greco\"}}]}<\/script>\n<!-- \/ Yoast SEO plugin. -->","yoast_head_json":{"title":"Prefeito reconduz Renato Junior para o comando da Seminf","description":"Prefeito David Almeida reconduz Renato Junior para o comando da Secretaria Municipal de Infraestrutura (Seminf).","robots":{"index":"index","follow":"follow","max-snippet":"max-snippet:-1","max-image-preview":"max-image-preview:large","max-video-preview":"max-video-preview:-1"},"canonical":"https:\/\/www.manaus.am.gov.br\/seminf\/prefeito-reconduz-renato-junior-comando-seminf\/","og_locale":"pt_BR","og_type":"article","og_title":"Prefeito reconduz Renato Junior para o comando da Seminf","og_description":"Prefeito David Almeida reconduz Renato Junior para o comando da Secretaria Municipal de Infraestrutura (Seminf).","og_url":"https:\/\/www.manaus.am.gov.br\/seminf\/prefeito-reconduz-renato-junior-comando-seminf\/","og_site_name":"SEMINF","article_published_time":"2024-10-30T17:41:30+00:00","article_modified_time":"2024-10-30T18:27:24+00:00","og_image":[{"width":4160,"height":2773,"url":"https:\/\/www.manaus.am.gov.br\/seminf\/wp-content\/uploads\/sites\/6\/2024\/10\/WhatsApp-Image-2024-10-30-at-10.08.44-2.jpeg","type":"image\/jpeg"}],"author":"Bruna Greco","twitter_card":"summary_large_image","twitter_misc":{"Written by":"Bruna Greco","Est. reading time":"4 minutos"},"schema":{"@context":"https:\/\/schema.org","@graph":[{"@type":"WebPage","@id":"https:\/\/www.manaus.am.gov.br\/seminf\/prefeito-reconduz-renato-junior-comando-seminf\/","url":"https:\/\/www.manaus.am.gov.br\/seminf\/prefeito-reconduz-renato-junior-comando-seminf\/","name":"Prefeito reconduz Renato Junior para o comando da Seminf","isPartOf":{"@id":"https:\/\/www.manaus.am.gov.br\/seminf\/#website"},"primaryImageOfPage":{"@id":"https:\/\/www.manaus.am.gov.br\/seminf\/prefeito-reconduz-renato-junior-comando-seminf\/#primaryimage"},"image":{"@id":"https:\/\/www.manaus.am.gov.br\/seminf\/prefeito-reconduz-renato-junior-comando-seminf\/#primaryimage"},"thumbnailUrl":"https:\/\/www.manaus.am.gov.br\/seminf\/wp-content\/uploads\/sites\/6\/2024\/10\/WhatsApp-Image-2024-10-30-at-10.08.44-2.jpeg","datePublished":"2024-10-30T17:41:30+00:00","dateModified":"2024-10-30T18:27:24+00:00","author":{"@id":"https:\/\/www.manaus.am.gov.br\/seminf\/#\/schema\/person\/05d223aea2bf115f9883a6ff3683d81b"},"description":"Prefeito David Almeida reconduz Renato Junior para o comando da Secretaria Municipal de Infraestrutura (Seminf).","inLanguage":"pt-BR","potentialAction":[{"@type":"ReadAction","target":["https:\/\/www.manaus.am.gov.br\/seminf\/prefeito-reconduz-renato-junior-comando-seminf\/"]}]},{"@type":"ImageObject","inLanguage":"pt-BR","@id":"https:\/\/www.manaus.am.gov.br\/seminf\/prefeito-reconduz-renato-junior-comando-seminf\/#primaryimage","url":"https:\/\/www.manaus.am.gov.br\/seminf\/wp-content\/uploads\/sites\/6\/2024\/10\/WhatsApp-Image-2024-10-30-at-10.08.44-2.jpeg","contentUrl":"https:\/\/www.manaus.am.gov.br\/seminf\/wp-content\/uploads\/sites\/6\/2024\/10\/WhatsApp-Image-2024-10-30-at-10.08.44-2.jpeg","width":4160,"height":2773,"caption":"#paratodosverem - Prefeito de Manaus, David Almeida, e vice-prefeito e titular da Seminf, Renato Junior"},{"@type":"WebSite","@id":"https:\/\/www.manaus.am.gov.br\/seminf\/#website","url":"https:\/\/www.manaus.am.gov.br\/seminf\/","name":"Secretaria de Infraestrutura","description":"Secretaria Municipal de Infraestrutura","potentialAction":[{"@type":"SearchAction","target":{"@type":"EntryPoint","urlTemplate":"https:\/\/www.manaus.am.gov.br\/seminf\/?s={search_term_string}"},"query-input":"required name=search_term_string"}],"inLanguage":"pt-BR"},{"@type":"Person","@id":"https:\/\/www.manaus.am.gov.br\/seminf\/#\/schema\/person\/05d223aea2bf115f9883a6ff3683d81b","name":"Bruna Greco","image":{"@type":"ImageObject","inLanguage":"pt-BR","@id":"https:\/\/www.manaus.am.gov.br\/seminf\/#\/schema\/person\/image\/","url":"https:\/\/secure.gravatar.com\/avatar\/9c877d1a6adc2a055330e5c09a8653ce?s=96&d=mm&r=g","contentUrl":"https:\/\/secure.gravatar.com\/avatar\/9c877d1a6adc2a055330e5c09a8653ce?s=96&d=mm&r=g","caption":"Bruna Greco"}}]}},"_links":{"self":[{"href":"https:\/\/www.manaus.am.gov.br\/seminf\/wp-json\/wp\/v2\/posts\/3567"}],"collection":[{"href":"https:\/\/www.manaus.am.gov.br\/seminf\/wp-json\/wp\/v2\/posts"}],"about":[{"href":"https:\/\/www.manaus.am.gov.br\/seminf\/wp-json\/wp\/v2\/types\/post"}],"author":[{"embeddable":true,"href":"https:\/\/www.manaus.am.gov.br\/seminf\/wp-json\/wp\/v2\/users\/39"}],"replies":[{"embeddable":true,"href":"https:\/\/www.manaus.am.gov.br\/seminf\/wp-json\/wp\/v2\/comments?post=3567"}],"version-history":[{"count":3,"href":"https:\/\/www.manaus.am.gov.br\/seminf\/wp-json\/wp\/v2\/posts\/3567\/revisions"}],"predecessor-version":[{"id":3572,"href":"https:\/\/www.manaus.am.gov.br\/seminf\/wp-json\/wp\/v2\/posts\/3567\/revisions\/3572"}],"wp:featuredmedia":[{"embeddable":true,"href":"https:\/\/www.manaus.am.gov.br\/seminf\/wp-json\/wp\/v2\/media\/3569"}],"wp:attachment":[{"href":"https:\/\/www.manaus.am.gov.br\/seminf\/wp-json\/wp\/v2\/media?parent=3567"}],"wp:term":[{"taxonomy":"category","embeddable":true,"href":"https:\/\/www.manaus.am.gov.br\/seminf\/wp-json\/wp\/v2\/categories?post=3567"},{"taxonomy":"post_tag","embeddable":true,"href":"https:\/\/www.manaus.am.gov.br\/seminf\/wp-json\/wp\/v2\/tags?post=3567"}],"curies":[{"name":"wp","href":"https:\/\/api.w.org\/{rel}","templated":true}]}}