{"id":352,"date":"2023-01-12T15:00:00","date_gmt":"2023-01-12T19:00:00","guid":{"rendered":"https:\/\/www.manaus.am.gov.br\/seminf\/prefeitura-de-manaus-trabalha-no-recapeamento-da-avenida-atlantica-no-bairro-raiz\/"},"modified":"2023-01-16T11:06:08","modified_gmt":"2023-01-16T15:06:08","slug":"prefeitura-de-manaus-trabalha-no-recapeamento-da-avenida-atlantica-no-bairro-raiz","status":"publish","type":"post","link":"https:\/\/www.manaus.am.gov.br\/seminf\/prefeitura-de-manaus-trabalha-no-recapeamento-da-avenida-atlantica-no-bairro-raiz\/","title":{"rendered":"Prefeitura de Manaus trabalha no recapeamento da avenida Atl\u00e2ntica no bairro Raiz"},"content":{"rendered":"\n<p>A Prefeitura de Manaus, por meio da Secretaria Municipal de Infraestrutura (Seminf), trabalha nesta quinta-feira, 12\/1, no recapeamento asf\u00e1ltico da avenida Atl\u00e2ntica, no bairro Raiz, localizado na zona Sul, ap\u00f3s o trecho ter cedido no come\u00e7o de dezembro em decorr\u00eancia das fortes chuvas.<\/p>\n\n\n\n<p>Um efetivo de 20 trabalhadores executa a aplica\u00e7\u00e3o de aproximadamente 200 toneladas de massa asf\u00e1ltica de forma gradativa em toda a extens\u00e3o da via, contando com o apoio das m\u00e1quinas, que d\u00e3o efici\u00eancia e celeridade na obra.<\/p>\n\n\n\n<p>O superintendente da Seminf, engenheiro \u00cdtalo Oliveira, acompanha o servi\u00e7o de recapeamento na avenida Atl\u00e2ntica e explica os trabalhos que foram realizados ap\u00f3s o trecho ter cedido, ocasionando uma eros\u00e3o e afundamento parcial da via.<\/p>\n\n\n\n<p>\u201cQuando aconteceu a eros\u00e3o, a nossa equipe t\u00e9cnica identificou que as tubula\u00e7\u00f5es implantadas na \u00e1rea, eram bastante antigas, da d\u00e9cada de 80, e n\u00e3o recebiam manuten\u00e7\u00f5es h\u00e1 &nbsp;cerca de 40 anos. O trabalho foi emergencial e acelerado, para recuperar 30 metros de extens\u00e3o da rede de drenagem. As equipes substitu\u00edram o antigo turbo \u00e1rmico, por 24 novas aduelas em concreto armado, e em seis dias a via foi liberada para o tr\u00e1fego de ve\u00edculos, e hoje estamos dando seguimento ao servi\u00e7o com a aplica\u00e7\u00e3o de asfalto. Um servi\u00e7o completo que proporcionar\u00e1 seguran\u00e7a e melhor trafegabilidade para os moradores, conforme determina o prefeito David Almeida e o secret\u00e1rio de Obras, Renato J\u00fanior\u201d, explicou \u00cdtalo.<\/p>\n\n\n\n<p>A Prefeitura de Manaus vem trabalhando de forma simult\u00e2nea em todas as zonas da cidade, empregando a infraestrutura e reestruturando a trafegabilidade nos locais comprometidos, com a meta de proporcionar uma melhor qualidade de vida para a popula\u00e7\u00e3o.<\/p>\n\n\n\n<hr class=\"wp-block-separator has-alpha-channel-opacity\"\/>\n\n\n\n<p><strong>Texto\u00a0<\/strong>\u2013 Rayana Coutinho\/ Seminf<br><strong>Fotos \u2013<\/strong>\u00a0M\u00e1rcio Melo\/ Seminf<br><strong>Dispon\u00edveis em \u2013\u00a0<\/strong><a href=\"https:\/\/flic.kr\/s\/aHBqjAo1gP\">https:\/\/flic.kr\/s\/aHBqjAo1gP<\/a><\/p>\n","protected":false},"excerpt":{"rendered":"","protected":false},"author":27,"featured_media":353,"comment_status":"closed","ping_status":"closed","sticky":false,"template":"","format":"standard","meta":{"footnotes":""},"categories":[7],"tags":[],"acf":[],"yoast_head":"<!-- This site is optimized with the Yoast SEO plugin v23.0 - https:\/\/yoast.com\/wordpress\/plugins\/seo\/ -->\n<title>Prefeitura de Manaus trabalha no recapeamento da avenida Atl\u00e2ntica no bairro Raiz - SEMINF<\/title>\n<meta name=\"robots\" content=\"index, follow, max-snippet:-1, max-image-preview:large, max-video-preview:-1\" \/>\n<link rel=\"canonical\" href=\"https:\/\/www.manaus.am.gov.br\/seminf\/prefeitura-de-manaus-trabalha-no-recapeamento-da-avenida-atlantica-no-bairro-raiz\/\" \/>\n<meta property=\"og:locale\" content=\"pt_BR\" \/>\n<meta property=\"og:type\" content=\"article\" \/>\n<meta property=\"og:title\" content=\"Prefeitura de Manaus trabalha no recapeamento da avenida Atl\u00e2ntica no bairro Raiz - SEMINF\" \/>\n<meta property=\"og:url\" content=\"https:\/\/www.manaus.am.gov.br\/seminf\/prefeitura-de-manaus-trabalha-no-recapeamento-da-avenida-atlantica-no-bairro-raiz\/\" \/>\n<meta property=\"og:site_name\" content=\"SEMINF\" \/>\n<meta property=\"article:published_time\" content=\"2023-01-12T19:00:00+00:00\" \/>\n<meta property=\"article:modified_time\" content=\"2023-01-16T15:06:08+00:00\" \/>\n<meta property=\"og:image\" content=\"https:\/\/www.manaus.am.gov.br\/seminf\/wp-content\/uploads\/sites\/6\/2023\/01\/Prefeitura-de-Manaus-trabalha-no-recapeamento-da-avenida-Atlantica-no-bairro-Raiz.jpg\" \/>\n\t<meta property=\"og:image:width\" content=\"720\" \/>\n\t<meta property=\"og:image:height\" content=\"407\" \/>\n\t<meta property=\"og:image:type\" content=\"image\/jpeg\" \/>\n<meta name=\"author\" content=\"Imarketing Digital\" \/>\n<meta name=\"twitter:card\" content=\"summary_large_image\" \/>\n<meta name=\"twitter:label1\" content=\"Written by\" \/>\n\t<meta name=\"twitter:data1\" content=\"Imarketing Digital\" \/>\n\t<meta name=\"twitter:label2\" content=\"Est. reading time\" \/>\n\t<meta name=\"twitter:data2\" content=\"2 minutos\" \/>\n<script type=\"application\/ld+json\" class=\"yoast-schema-graph\">{\"@context\":\"https:\/\/schema.org\",\"@graph\":[{\"@type\":\"WebPage\",\"@id\":\"https:\/\/www.manaus.am.gov.br\/seminf\/prefeitura-de-manaus-trabalha-no-recapeamento-da-avenida-atlantica-no-bairro-raiz\/\",\"url\":\"https:\/\/www.manaus.am.gov.br\/seminf\/prefeitura-de-manaus-trabalha-no-recapeamento-da-avenida-atlantica-no-bairro-raiz\/\",\"name\":\"Prefeitura de Manaus trabalha no recapeamento da avenida Atl\u00e2ntica no bairro Raiz - SEMINF\",\"isPartOf\":{\"@id\":\"https:\/\/www.manaus.am.gov.br\/seminf\/#website\"},\"primaryImageOfPage\":{\"@id\":\"https:\/\/www.manaus.am.gov.br\/seminf\/prefeitura-de-manaus-trabalha-no-recapeamento-da-avenida-atlantica-no-bairro-raiz\/#primaryimage\"},\"image\":{\"@id\":\"https:\/\/www.manaus.am.gov.br\/seminf\/prefeitura-de-manaus-trabalha-no-recapeamento-da-avenida-atlantica-no-bairro-raiz\/#primaryimage\"},\"thumbnailUrl\":\"https:\/\/www.manaus.am.gov.br\/seminf\/wp-content\/uploads\/sites\/6\/2023\/01\/Prefeitura-de-Manaus-trabalha-no-recapeamento-da-avenida-Atlantica-no-bairro-Raiz.jpg\",\"datePublished\":\"2023-01-12T19:00:00+00:00\",\"dateModified\":\"2023-01-16T15:06:08+00:00\",\"author\":{\"@id\":\"https:\/\/www.manaus.am.gov.br\/seminf\/#\/schema\/person\/79525a47ac5902f50493820d995728ee\"},\"inLanguage\":\"pt-BR\",\"potentialAction\":[{\"@type\":\"ReadAction\",\"target\":[\"https:\/\/www.manaus.am.gov.br\/seminf\/prefeitura-de-manaus-trabalha-no-recapeamento-da-avenida-atlantica-no-bairro-raiz\/\"]}]},{\"@type\":\"ImageObject\",\"inLanguage\":\"pt-BR\",\"@id\":\"https:\/\/www.manaus.am.gov.br\/seminf\/prefeitura-de-manaus-trabalha-no-recapeamento-da-avenida-atlantica-no-bairro-raiz\/#primaryimage\",\"url\":\"https:\/\/www.manaus.am.gov.br\/seminf\/wp-content\/uploads\/sites\/6\/2023\/01\/Prefeitura-de-Manaus-trabalha-no-recapeamento-da-avenida-Atlantica-no-bairro-Raiz.jpg\",\"contentUrl\":\"https:\/\/www.manaus.am.gov.br\/seminf\/wp-content\/uploads\/sites\/6\/2023\/01\/Prefeitura-de-Manaus-trabalha-no-recapeamento-da-avenida-Atlantica-no-bairro-Raiz.jpg\",\"width\":720,\"height\":407,\"caption\":\"Prefeitura de Manaus trabalha no recapeamento da avenida Atl\u00e2ntica no bairro Raiz\"},{\"@type\":\"WebSite\",\"@id\":\"https:\/\/www.manaus.am.gov.br\/seminf\/#website\",\"url\":\"https:\/\/www.manaus.am.gov.br\/seminf\/\",\"name\":\"Secretaria de Infraestrutura\",\"description\":\"Secretaria Municipal de Infraestrutura\",\"potentialAction\":[{\"@type\":\"SearchAction\",\"target\":{\"@type\":\"EntryPoint\",\"urlTemplate\":\"https:\/\/www.manaus.am.gov.br\/seminf\/?s={search_term_string}\"},\"query-input\":\"required name=search_term_string\"}],\"inLanguage\":\"pt-BR\"},{\"@type\":\"Person\",\"@id\":\"https:\/\/www.manaus.am.gov.br\/seminf\/#\/schema\/person\/79525a47ac5902f50493820d995728ee\",\"name\":\"Imarketing Digital\",\"image\":{\"@type\":\"ImageObject\",\"inLanguage\":\"pt-BR\",\"@id\":\"https:\/\/www.manaus.am.gov.br\/seminf\/#\/schema\/person\/image\/\",\"url\":\"https:\/\/secure.gravatar.com\/avatar\/03432d3c57b756ed9760f7019c815a3a?s=96&d=mm&r=g\",\"contentUrl\":\"https:\/\/secure.gravatar.com\/avatar\/03432d3c57b756ed9760f7019c815a3a?s=96&d=mm&r=g\",\"caption\":\"Imarketing Digital\"}}]}<\/script>\n<!-- \/ Yoast SEO plugin. -->","yoast_head_json":{"title":"Prefeitura de Manaus trabalha no recapeamento da avenida Atl\u00e2ntica no bairro Raiz - SEMINF","robots":{"index":"index","follow":"follow","max-snippet":"max-snippet:-1","max-image-preview":"max-image-preview:large","max-video-preview":"max-video-preview:-1"},"canonical":"https:\/\/www.manaus.am.gov.br\/seminf\/prefeitura-de-manaus-trabalha-no-recapeamento-da-avenida-atlantica-no-bairro-raiz\/","og_locale":"pt_BR","og_type":"article","og_title":"Prefeitura de Manaus trabalha no recapeamento da avenida Atl\u00e2ntica no bairro Raiz - SEMINF","og_url":"https:\/\/www.manaus.am.gov.br\/seminf\/prefeitura-de-manaus-trabalha-no-recapeamento-da-avenida-atlantica-no-bairro-raiz\/","og_site_name":"SEMINF","article_published_time":"2023-01-12T19:00:00+00:00","article_modified_time":"2023-01-16T15:06:08+00:00","og_image":[{"width":720,"height":407,"url":"https:\/\/www.manaus.am.gov.br\/seminf\/wp-content\/uploads\/sites\/6\/2023\/01\/Prefeitura-de-Manaus-trabalha-no-recapeamento-da-avenida-Atlantica-no-bairro-Raiz.jpg","type":"image\/jpeg"}],"author":"Imarketing Digital","twitter_card":"summary_large_image","twitter_misc":{"Written by":"Imarketing Digital","Est. reading time":"2 minutos"},"schema":{"@context":"https:\/\/schema.org","@graph":[{"@type":"WebPage","@id":"https:\/\/www.manaus.am.gov.br\/seminf\/prefeitura-de-manaus-trabalha-no-recapeamento-da-avenida-atlantica-no-bairro-raiz\/","url":"https:\/\/www.manaus.am.gov.br\/seminf\/prefeitura-de-manaus-trabalha-no-recapeamento-da-avenida-atlantica-no-bairro-raiz\/","name":"Prefeitura de Manaus trabalha no recapeamento da avenida Atl\u00e2ntica no bairro Raiz - SEMINF","isPartOf":{"@id":"https:\/\/www.manaus.am.gov.br\/seminf\/#website"},"primaryImageOfPage":{"@id":"https:\/\/www.manaus.am.gov.br\/seminf\/prefeitura-de-manaus-trabalha-no-recapeamento-da-avenida-atlantica-no-bairro-raiz\/#primaryimage"},"image":{"@id":"https:\/\/www.manaus.am.gov.br\/seminf\/prefeitura-de-manaus-trabalha-no-recapeamento-da-avenida-atlantica-no-bairro-raiz\/#primaryimage"},"thumbnailUrl":"https:\/\/www.manaus.am.gov.br\/seminf\/wp-content\/uploads\/sites\/6\/2023\/01\/Prefeitura-de-Manaus-trabalha-no-recapeamento-da-avenida-Atlantica-no-bairro-Raiz.jpg","datePublished":"2023-01-12T19:00:00+00:00","dateModified":"2023-01-16T15:06:08+00:00","author":{"@id":"https:\/\/www.manaus.am.gov.br\/seminf\/#\/schema\/person\/79525a47ac5902f50493820d995728ee"},"inLanguage":"pt-BR","potentialAction":[{"@type":"ReadAction","target":["https:\/\/www.manaus.am.gov.br\/seminf\/prefeitura-de-manaus-trabalha-no-recapeamento-da-avenida-atlantica-no-bairro-raiz\/"]}]},{"@type":"ImageObject","inLanguage":"pt-BR","@id":"https:\/\/www.manaus.am.gov.br\/seminf\/prefeitura-de-manaus-trabalha-no-recapeamento-da-avenida-atlantica-no-bairro-raiz\/#primaryimage","url":"https:\/\/www.manaus.am.gov.br\/seminf\/wp-content\/uploads\/sites\/6\/2023\/01\/Prefeitura-de-Manaus-trabalha-no-recapeamento-da-avenida-Atlantica-no-bairro-Raiz.jpg","contentUrl":"https:\/\/www.manaus.am.gov.br\/seminf\/wp-content\/uploads\/sites\/6\/2023\/01\/Prefeitura-de-Manaus-trabalha-no-recapeamento-da-avenida-Atlantica-no-bairro-Raiz.jpg","width":720,"height":407,"caption":"Prefeitura de Manaus trabalha no recapeamento da avenida Atl\u00e2ntica no bairro Raiz"},{"@type":"WebSite","@id":"https:\/\/www.manaus.am.gov.br\/seminf\/#website","url":"https:\/\/www.manaus.am.gov.br\/seminf\/","name":"Secretaria de Infraestrutura","description":"Secretaria Municipal de Infraestrutura","potentialAction":[{"@type":"SearchAction","target":{"@type":"EntryPoint","urlTemplate":"https:\/\/www.manaus.am.gov.br\/seminf\/?s={search_term_string}"},"query-input":"required name=search_term_string"}],"inLanguage":"pt-BR"},{"@type":"Person","@id":"https:\/\/www.manaus.am.gov.br\/seminf\/#\/schema\/person\/79525a47ac5902f50493820d995728ee","name":"Imarketing Digital","image":{"@type":"ImageObject","inLanguage":"pt-BR","@id":"https:\/\/www.manaus.am.gov.br\/seminf\/#\/schema\/person\/image\/","url":"https:\/\/secure.gravatar.com\/avatar\/03432d3c57b756ed9760f7019c815a3a?s=96&d=mm&r=g","contentUrl":"https:\/\/secure.gravatar.com\/avatar\/03432d3c57b756ed9760f7019c815a3a?s=96&d=mm&r=g","caption":"Imarketing Digital"}}]}},"_links":{"self":[{"href":"https:\/\/www.manaus.am.gov.br\/seminf\/wp-json\/wp\/v2\/posts\/352"}],"collection":[{"href":"https:\/\/www.manaus.am.gov.br\/seminf\/wp-json\/wp\/v2\/posts"}],"about":[{"href":"https:\/\/www.manaus.am.gov.br\/seminf\/wp-json\/wp\/v2\/types\/post"}],"author":[{"embeddable":true,"href":"https:\/\/www.manaus.am.gov.br\/seminf\/wp-json\/wp\/v2\/users\/27"}],"replies":[{"embeddable":true,"href":"https:\/\/www.manaus.am.gov.br\/seminf\/wp-json\/wp\/v2\/comments?post=352"}],"version-history":[{"count":0,"href":"https:\/\/www.manaus.am.gov.br\/seminf\/wp-json\/wp\/v2\/posts\/352\/revisions"}],"wp:featuredmedia":[{"embeddable":true,"href":"https:\/\/www.manaus.am.gov.br\/seminf\/wp-json\/wp\/v2\/media\/353"}],"wp:attachment":[{"href":"https:\/\/www.manaus.am.gov.br\/seminf\/wp-json\/wp\/v2\/media?parent=352"}],"wp:term":[{"taxonomy":"category","embeddable":true,"href":"https:\/\/www.manaus.am.gov.br\/seminf\/wp-json\/wp\/v2\/categories?post=352"},{"taxonomy":"post_tag","embeddable":true,"href":"https:\/\/www.manaus.am.gov.br\/seminf\/wp-json\/wp\/v2\/tags?post=352"}],"curies":[{"name":"wp","href":"https:\/\/api.w.org\/{rel}","templated":true}]}}