{"id":3482,"date":"2024-06-30T15:54:16","date_gmt":"2024-06-30T19:54:16","guid":{"rendered":"https:\/\/www.manaus.am.gov.br\/seminf\/termo-de-convenio-casas-de-farinha\/"},"modified":"2024-06-30T16:06:17","modified_gmt":"2024-06-30T20:06:17","slug":"termo-de-convenio-casas-de-farinha","status":"publish","type":"post","link":"https:\/\/www.manaus.am.gov.br\/seminf\/termo-de-convenio-casas-de-farinha\/","title":{"rendered":"Prefeitura de Manaus assina Termo de Conv\u00eanio para a constru\u00e7\u00e3o de mais quatro Casas de Farinha"},"content":{"rendered":"\n<p>A Prefeitura de Manaus, por meio da Secretaria Municipal de Agricultura, Abastecimento, Centro e Com\u00e9rcio Informal (Semacc), realizou, na manh\u00e3 deste domingo, 30\/6, a assinatura do Termo de Conv\u00eanio para a constru\u00e7\u00e3o de quatro novas Casas de Farinha, que ser\u00e3o implantadas em comunidades do ramal do Brasileirinho, zona Leste de Manaus.<\/p>\n\n\n\n<p>As comunidades Brasileirinho, Terra Nostra, Jatuarana e S\u00e3o Sebasti\u00e3o do Rio Cuieiras s\u00e3o beneficiadas. Compostas por mais de 500 pequenos agricultores familiares, as comunidades foram contempladas no edital de chamamento p\u00fablico da Semacc, para a cess\u00e3o de uso de equipamentos de casa de farinha.<\/p>\n\n\n\n<p>De acordo com Wanderson Costa, secret\u00e1rio da Semacc, as casas ser\u00e3o entregues em at\u00e9 120 dias. \u201cTodos os lugares que estamos assinando o termo neste domingo, ser\u00e3o entregues \u00e0s comunidades em at\u00e9 120 dias. S\u00e3o locais que n\u00e3o t\u00eam estrutura e necessitam receber uma \u00e1rea para que todos os equipamentos sejam colocados de forma segura. O prefeito David Almeida nos determinou essa miss\u00e3o\u201d, explicou Costa.<\/p>\n\n\n\n<p>Ainda de acordo com Costa, a preocupa\u00e7\u00e3o \u00e9 oferecer um lugar adequado para trabalhar de forma segura. \u201cAs comunidades n\u00e3o possuem um ambiente adequado para acomodar os equipamentos e processar a mandioca. Sensibilizada com a situa\u00e7\u00e3o, a prefeitura mobilizou recursos para a constru\u00e7\u00e3o das Casas de Farinha, que oferecer\u00e1 seguran\u00e7a alimentar e proporcionar\u00e1 condi\u00e7\u00f5es dignas de trabalho para os produtores rurais\u201d.<\/p>\n\n\n\n<p>Esse projeto \u00e9 um modelo de arranjo produtivo local, resultante da parceria entre a Semacc, a Secretaria Municipal de Infraestrutura (Seminf) e a Associa\u00e7\u00e3o Comunit\u00e1ria do Brasileirinho, visando promover o desenvolvimento dessa cadeia produtiva, vital para a popula\u00e7\u00e3o manauara.<\/p>\n\n\n\n<p>O secret\u00e1rio da Seminf, Heliatan Botelho, explicou como ser\u00e1 o trabalho da secretaria. \u201cNosso servi\u00e7o \u00e9 no apoio da constru\u00e7\u00e3o, na fiscaliza\u00e7\u00e3o da obra e vamos tamb\u00e9m melhorar a trafegabilidade do ramal, facilitando o escoamento da produ\u00e7\u00e3o rural\u201d, concluiu Botelho.<\/p>\n\n\n\n<p>&#8212; &#8212; &#8212;<\/p>\n\n\n\n<p><strong>Texto<\/strong> \u2013 Divulga\u00e7\u00e3o \/ Semacc<\/p>\n\n\n\n<p><strong>Fotos<\/strong> \u2013 Jo\u00e3o Viana \/ Semcom<\/p>\n\n\n\n<p><strong>Dispon\u00edveis em<\/strong> &#8211; <a href=\"https:\/\/flic.kr\/s\/aHBqjBxszU\">https:\/\/flic.kr\/s\/aHBqjBxszU<\/a><\/p>\n","protected":false},"excerpt":{"rendered":"","protected":false},"author":25,"featured_media":3483,"comment_status":"closed","ping_status":"closed","sticky":false,"template":"","format":"standard","meta":{"footnotes":""},"categories":[1510],"tags":[1511,493,453,232],"acf":[],"yoast_head":"<!-- This site is optimized with the Yoast SEO plugin v23.0 - https:\/\/yoast.com\/wordpress\/plugins\/seo\/ -->\n<title>Prefeitura assina Termo de Conv\u00eanio para a constru\u00e7\u00e3o de quatro Casas de Farinha<\/title>\n<meta name=\"description\" content=\"A Prefeitura de Manaus, por meio da Secretaria Municipal de Agricultura, Abastecimento, Centro e Com\u00e9rcio Informal (Semacc), realizou, na manh\u00e3 deste domingo\" \/>\n<meta name=\"robots\" content=\"index, follow, max-snippet:-1, max-image-preview:large, max-video-preview:-1\" \/>\n<link rel=\"canonical\" href=\"https:\/\/www.manaus.am.gov.br\/seminf\/termo-de-convenio-casas-de-farinha\/\" \/>\n<meta property=\"og:locale\" content=\"pt_BR\" \/>\n<meta property=\"og:type\" content=\"article\" \/>\n<meta property=\"og:title\" content=\"Prefeitura assina Termo de Conv\u00eanio para a constru\u00e7\u00e3o de quatro Casas de Farinha\" \/>\n<meta property=\"og:description\" content=\"A Prefeitura de Manaus, por meio da Secretaria Municipal de Agricultura, Abastecimento, Centro e Com\u00e9rcio Informal (Semacc), realizou, na manh\u00e3 deste domingo\" \/>\n<meta property=\"og:url\" content=\"https:\/\/www.manaus.am.gov.br\/seminf\/termo-de-convenio-casas-de-farinha\/\" \/>\n<meta property=\"og:site_name\" content=\"SEMINF\" \/>\n<meta property=\"article:published_time\" content=\"2024-06-30T19:54:16+00:00\" \/>\n<meta property=\"article:modified_time\" content=\"2024-06-30T20:06:17+00:00\" \/>\n<meta property=\"og:image\" content=\"https:\/\/www.manaus.am.gov.br\/seminf\/wp-content\/uploads\/sites\/6\/2024\/06\/53826235270_af7ed13158_c.jpg\" \/>\n\t<meta property=\"og:image:width\" content=\"799\" \/>\n\t<meta property=\"og:image:height\" content=\"533\" \/>\n\t<meta property=\"og:image:type\" content=\"image\/jpeg\" \/>\n<meta name=\"author\" content=\"Maur\u00edcio Freire\" \/>\n<meta name=\"twitter:card\" content=\"summary_large_image\" \/>\n<meta name=\"twitter:label1\" content=\"Written by\" \/>\n\t<meta name=\"twitter:data1\" content=\"Maur\u00edcio Freire\" \/>\n\t<meta name=\"twitter:label2\" content=\"Est. reading time\" \/>\n\t<meta name=\"twitter:data2\" content=\"2 minutos\" \/>\n<script type=\"application\/ld+json\" class=\"yoast-schema-graph\">{\"@context\":\"https:\/\/schema.org\",\"@graph\":[{\"@type\":\"WebPage\",\"@id\":\"https:\/\/www.manaus.am.gov.br\/seminf\/termo-de-convenio-casas-de-farinha\/\",\"url\":\"https:\/\/www.manaus.am.gov.br\/seminf\/termo-de-convenio-casas-de-farinha\/\",\"name\":\"Prefeitura assina Termo de Conv\u00eanio para a constru\u00e7\u00e3o de quatro Casas de Farinha\",\"isPartOf\":{\"@id\":\"https:\/\/www.manaus.am.gov.br\/seminf\/#website\"},\"primaryImageOfPage\":{\"@id\":\"https:\/\/www.manaus.am.gov.br\/seminf\/termo-de-convenio-casas-de-farinha\/#primaryimage\"},\"image\":{\"@id\":\"https:\/\/www.manaus.am.gov.br\/seminf\/termo-de-convenio-casas-de-farinha\/#primaryimage\"},\"thumbnailUrl\":\"https:\/\/www.manaus.am.gov.br\/seminf\/wp-content\/uploads\/sites\/6\/2024\/06\/53826235270_af7ed13158_c.jpg\",\"datePublished\":\"2024-06-30T19:54:16+00:00\",\"dateModified\":\"2024-06-30T20:06:17+00:00\",\"author\":{\"@id\":\"https:\/\/www.manaus.am.gov.br\/seminf\/#\/schema\/person\/587989a23a463cde5618e6a028977a9a\"},\"description\":\"A Prefeitura de Manaus, por meio da Secretaria Municipal de Agricultura, Abastecimento, Centro e Com\u00e9rcio Informal (Semacc), realizou, na manh\u00e3 deste domingo\",\"inLanguage\":\"pt-BR\",\"potentialAction\":[{\"@type\":\"ReadAction\",\"target\":[\"https:\/\/www.manaus.am.gov.br\/seminf\/termo-de-convenio-casas-de-farinha\/\"]}]},{\"@type\":\"ImageObject\",\"inLanguage\":\"pt-BR\",\"@id\":\"https:\/\/www.manaus.am.gov.br\/seminf\/termo-de-convenio-casas-de-farinha\/#primaryimage\",\"url\":\"https:\/\/www.manaus.am.gov.br\/seminf\/wp-content\/uploads\/sites\/6\/2024\/06\/53826235270_af7ed13158_c.jpg\",\"contentUrl\":\"https:\/\/www.manaus.am.gov.br\/seminf\/wp-content\/uploads\/sites\/6\/2024\/06\/53826235270_af7ed13158_c.jpg\",\"width\":799,\"height\":533,\"caption\":\"#paratodosverem secret\u00e1rios da Seminf, Heliatan Botelho, e da Semacc, Wanderson Costa, assinaram o termo\"},{\"@type\":\"WebSite\",\"@id\":\"https:\/\/www.manaus.am.gov.br\/seminf\/#website\",\"url\":\"https:\/\/www.manaus.am.gov.br\/seminf\/\",\"name\":\"Secretaria de Infraestrutura\",\"description\":\"Secretaria Municipal de Infraestrutura\",\"potentialAction\":[{\"@type\":\"SearchAction\",\"target\":{\"@type\":\"EntryPoint\",\"urlTemplate\":\"https:\/\/www.manaus.am.gov.br\/seminf\/?s={search_term_string}\"},\"query-input\":\"required name=search_term_string\"}],\"inLanguage\":\"pt-BR\"},{\"@type\":\"Person\",\"@id\":\"https:\/\/www.manaus.am.gov.br\/seminf\/#\/schema\/person\/587989a23a463cde5618e6a028977a9a\",\"name\":\"Maur\u00edcio Freire\",\"image\":{\"@type\":\"ImageObject\",\"inLanguage\":\"pt-BR\",\"@id\":\"https:\/\/www.manaus.am.gov.br\/seminf\/#\/schema\/person\/image\/\",\"url\":\"https:\/\/secure.gravatar.com\/avatar\/dc1481799a1f75c733ac3b2634cd6749?s=96&d=mm&r=g\",\"contentUrl\":\"https:\/\/secure.gravatar.com\/avatar\/dc1481799a1f75c733ac3b2634cd6749?s=96&d=mm&r=g\",\"caption\":\"Maur\u00edcio Freire\"}}]}<\/script>\n<!-- \/ Yoast SEO plugin. -->","yoast_head_json":{"title":"Prefeitura assina Termo de Conv\u00eanio para a constru\u00e7\u00e3o de quatro Casas de Farinha","description":"A Prefeitura de Manaus, por meio da Secretaria Municipal de Agricultura, Abastecimento, Centro e Com\u00e9rcio Informal (Semacc), realizou, na manh\u00e3 deste domingo","robots":{"index":"index","follow":"follow","max-snippet":"max-snippet:-1","max-image-preview":"max-image-preview:large","max-video-preview":"max-video-preview:-1"},"canonical":"https:\/\/www.manaus.am.gov.br\/seminf\/termo-de-convenio-casas-de-farinha\/","og_locale":"pt_BR","og_type":"article","og_title":"Prefeitura assina Termo de Conv\u00eanio para a constru\u00e7\u00e3o de quatro Casas de Farinha","og_description":"A Prefeitura de Manaus, por meio da Secretaria Municipal de Agricultura, Abastecimento, Centro e Com\u00e9rcio Informal (Semacc), realizou, na manh\u00e3 deste domingo","og_url":"https:\/\/www.manaus.am.gov.br\/seminf\/termo-de-convenio-casas-de-farinha\/","og_site_name":"SEMINF","article_published_time":"2024-06-30T19:54:16+00:00","article_modified_time":"2024-06-30T20:06:17+00:00","og_image":[{"width":799,"height":533,"url":"https:\/\/www.manaus.am.gov.br\/seminf\/wp-content\/uploads\/sites\/6\/2024\/06\/53826235270_af7ed13158_c.jpg","type":"image\/jpeg"}],"author":"Maur\u00edcio Freire","twitter_card":"summary_large_image","twitter_misc":{"Written by":"Maur\u00edcio Freire","Est. reading time":"2 minutos"},"schema":{"@context":"https:\/\/schema.org","@graph":[{"@type":"WebPage","@id":"https:\/\/www.manaus.am.gov.br\/seminf\/termo-de-convenio-casas-de-farinha\/","url":"https:\/\/www.manaus.am.gov.br\/seminf\/termo-de-convenio-casas-de-farinha\/","name":"Prefeitura assina Termo de Conv\u00eanio para a constru\u00e7\u00e3o de quatro Casas de Farinha","isPartOf":{"@id":"https:\/\/www.manaus.am.gov.br\/seminf\/#website"},"primaryImageOfPage":{"@id":"https:\/\/www.manaus.am.gov.br\/seminf\/termo-de-convenio-casas-de-farinha\/#primaryimage"},"image":{"@id":"https:\/\/www.manaus.am.gov.br\/seminf\/termo-de-convenio-casas-de-farinha\/#primaryimage"},"thumbnailUrl":"https:\/\/www.manaus.am.gov.br\/seminf\/wp-content\/uploads\/sites\/6\/2024\/06\/53826235270_af7ed13158_c.jpg","datePublished":"2024-06-30T19:54:16+00:00","dateModified":"2024-06-30T20:06:17+00:00","author":{"@id":"https:\/\/www.manaus.am.gov.br\/seminf\/#\/schema\/person\/587989a23a463cde5618e6a028977a9a"},"description":"A Prefeitura de Manaus, por meio da Secretaria Municipal de Agricultura, Abastecimento, Centro e Com\u00e9rcio Informal (Semacc), realizou, na manh\u00e3 deste domingo","inLanguage":"pt-BR","potentialAction":[{"@type":"ReadAction","target":["https:\/\/www.manaus.am.gov.br\/seminf\/termo-de-convenio-casas-de-farinha\/"]}]},{"@type":"ImageObject","inLanguage":"pt-BR","@id":"https:\/\/www.manaus.am.gov.br\/seminf\/termo-de-convenio-casas-de-farinha\/#primaryimage","url":"https:\/\/www.manaus.am.gov.br\/seminf\/wp-content\/uploads\/sites\/6\/2024\/06\/53826235270_af7ed13158_c.jpg","contentUrl":"https:\/\/www.manaus.am.gov.br\/seminf\/wp-content\/uploads\/sites\/6\/2024\/06\/53826235270_af7ed13158_c.jpg","width":799,"height":533,"caption":"#paratodosverem secret\u00e1rios da Seminf, Heliatan Botelho, e da Semacc, Wanderson Costa, assinaram o termo"},{"@type":"WebSite","@id":"https:\/\/www.manaus.am.gov.br\/seminf\/#website","url":"https:\/\/www.manaus.am.gov.br\/seminf\/","name":"Secretaria de Infraestrutura","description":"Secretaria Municipal de Infraestrutura","potentialAction":[{"@type":"SearchAction","target":{"@type":"EntryPoint","urlTemplate":"https:\/\/www.manaus.am.gov.br\/seminf\/?s={search_term_string}"},"query-input":"required name=search_term_string"}],"inLanguage":"pt-BR"},{"@type":"Person","@id":"https:\/\/www.manaus.am.gov.br\/seminf\/#\/schema\/person\/587989a23a463cde5618e6a028977a9a","name":"Maur\u00edcio Freire","image":{"@type":"ImageObject","inLanguage":"pt-BR","@id":"https:\/\/www.manaus.am.gov.br\/seminf\/#\/schema\/person\/image\/","url":"https:\/\/secure.gravatar.com\/avatar\/dc1481799a1f75c733ac3b2634cd6749?s=96&d=mm&r=g","contentUrl":"https:\/\/secure.gravatar.com\/avatar\/dc1481799a1f75c733ac3b2634cd6749?s=96&d=mm&r=g","caption":"Maur\u00edcio Freire"}}]}},"_links":{"self":[{"href":"https:\/\/www.manaus.am.gov.br\/seminf\/wp-json\/wp\/v2\/posts\/3482"}],"collection":[{"href":"https:\/\/www.manaus.am.gov.br\/seminf\/wp-json\/wp\/v2\/posts"}],"about":[{"href":"https:\/\/www.manaus.am.gov.br\/seminf\/wp-json\/wp\/v2\/types\/post"}],"author":[{"embeddable":true,"href":"https:\/\/www.manaus.am.gov.br\/seminf\/wp-json\/wp\/v2\/users\/25"}],"replies":[{"embeddable":true,"href":"https:\/\/www.manaus.am.gov.br\/seminf\/wp-json\/wp\/v2\/comments?post=3482"}],"version-history":[{"count":1,"href":"https:\/\/www.manaus.am.gov.br\/seminf\/wp-json\/wp\/v2\/posts\/3482\/revisions"}],"predecessor-version":[{"id":3484,"href":"https:\/\/www.manaus.am.gov.br\/seminf\/wp-json\/wp\/v2\/posts\/3482\/revisions\/3484"}],"wp:featuredmedia":[{"embeddable":true,"href":"https:\/\/www.manaus.am.gov.br\/seminf\/wp-json\/wp\/v2\/media\/3483"}],"wp:attachment":[{"href":"https:\/\/www.manaus.am.gov.br\/seminf\/wp-json\/wp\/v2\/media?parent=3482"}],"wp:term":[{"taxonomy":"category","embeddable":true,"href":"https:\/\/www.manaus.am.gov.br\/seminf\/wp-json\/wp\/v2\/categories?post=3482"},{"taxonomy":"post_tag","embeddable":true,"href":"https:\/\/www.manaus.am.gov.br\/seminf\/wp-json\/wp\/v2\/tags?post=3482"}],"curies":[{"name":"wp","href":"https:\/\/api.w.org\/{rel}","templated":true}]}}