{"id":3479,"date":"2024-06-27T22:54:38","date_gmt":"2024-06-28T02:54:38","guid":{"rendered":"https:\/\/www.manaus.am.gov.br\/seminf\/recuperacao-asfaltica\/"},"modified":"2024-06-27T22:54:39","modified_gmt":"2024-06-28T02:54:39","slug":"recuperacao-asfaltica","status":"publish","type":"post","link":"https:\/\/www.manaus.am.gov.br\/seminf\/recuperacao-asfaltica\/","title":{"rendered":"Prefeitura de Manaus inicia recupera\u00e7\u00e3o asf\u00e1ltica da avenida Constantino Nery"},"content":{"rendered":"\n<p>Uma das principais vias da capital amazonense, a avenida Constantino Nery, come\u00e7ou a ser revitalizada pela Prefeitura de Manaus. O servi\u00e7o, realizado por meio da Secretaria Municipal de Infraestrutura (Seminf), teve in\u00edcio nesta quinta-feira, 27\/6, e vai recuperar toda a malha vi\u00e1ria da via que atravessa as zonas Sul e Centro-Sul.<\/p>\n\n\n\n<p>Para minimizar os danos \u00e0 popula\u00e7\u00e3o, os servi\u00e7os de pavimenta\u00e7\u00e3o na avenida acontecer\u00e3o no per\u00edodo das 22h \u00e0s 4h. Est\u00e1 prevista a aplica\u00e7\u00e3o de cerca de 15 mil toneladas de massa asf\u00e1ltica.<\/p>\n\n\n\n<p>Presente na abertura dos trabalhos, o prefeito de Manaus, David Almeida, ressaltou o impacto positivo da obra, visto a dimens\u00e3o da avenida Constantino Nery &#8211; que totaliza quase seis quil\u00f4metros -, e sua import\u00e2ncia para a mobilidade urbana da capital.<\/p>\n\n\n\n<p>\u201c\u00c9 um trecho de 5,8 km que come\u00e7a aqui na avenida Torquato Tapaj\u00f3s e vai at\u00e9 avenida Leonardo Malcher, cruzamento com a Epaminondas, ap\u00f3s o Terminal 1. Ela vai ser toda recuperada, vamos melhorar a ilumina\u00e7\u00e3o, sinaliza\u00e7\u00e3o, recuperar a parte das drenagens e essa vai ser uma avenida modelo\u201d, afirmou o prefeito David Almeida, que ainda fez quest\u00e3o de salientar que a obra \u00e9 fruto de emenda parlamentar enviada pelo senador Plinio Val\u00e9rio.<\/p>\n\n\n\n<p>Na primeira etapa, ser\u00e1 realizada a fresagem, processo que remove o asfalto antigo e desgastado. Em seguida, ser\u00e1 feita a imprima\u00e7\u00e3o, que consiste na aplica\u00e7\u00e3o de uma camada de liga\u00e7\u00e3o para preparar a nova base, desta forma, poder aplicar a nova camada de asfalto na via.<\/p>\n\n\n\n<p>A avenida Constantino Nery \u00e9 um dos principais corredores vi\u00e1rios da capital, com uma m\u00e9dia de 4,5 mil ve\u00edculos trafegando por hora. Nesta \u00e1rea, encontram-se muitos estabelecimentos comerciais, paradas de \u00f4nibus e a Arena da Amaz\u00f4nia, um importante ponto de encontro para eventos.<\/p>\n\n\n\n<p>A prefeitura realiza trabalhos preventivos e emergenciais nos principais corredores vi\u00e1rios de Manaus, com o objetivo de melhorar a mobilidade urbana e a trafegabilidade da popula\u00e7\u00e3o, garantindo melhores condi\u00e7\u00f5es para o grande fluxo de ve\u00edculos e linhas de \u00f4nibus, como destacou o titular da Seminf, Heliatan Botelho.<\/p>\n\n\n\n<p>\u201cEssa \u00e9 uma preocupa\u00e7\u00e3o do prefeito David Almeida, com a mobilidade urbana na cidade de Manaus. Essa aqui \u00e9 uma das principais vias que d\u00e3o acesso \u00e0 zona Centro-Sul e \u00e0 zona Sul da capital. S\u00f3 para voc\u00eas terem ideia, aqui trafegam, no hor\u00e1rio de pico, cerca de 4.500 ve\u00edculos por hora. Ontem, 26\/6, n\u00f3s come\u00e7amos o recapeamento na avenida Autaz Mirim , na zona Leste, e hoje n\u00f3s estamos aqui para dar in\u00edcio ao recapeamento da avenida Constantino Nery\u201d disse o secret\u00e1rio.<\/p>\n\n\n\n<p>&#8212; &#8212; &#8212;<\/p>\n\n\n\n<p><strong>Texto<\/strong> &#8211; Thiago Fernando \/ Semcom e Rayana Coutinho\/ Seminf<\/p>\n\n\n\n<p><strong>Fotos<\/strong> &#8211; Clovis Miranda \/ Semcom e M\u00e1rcio Melo\/ Seminf<\/p>\n\n\n\n<p><strong>Dispon\u00edveis em<\/strong> \u2013 <a href=\"https:\/\/www.flickr.com\/gp\/prefeiturademanaus\/7RP3X67Wx9\">https:\/\/www.flickr.com\/gp\/prefeiturademanaus\/7RP3X67Wx9<\/a><\/p>\n","protected":false},"excerpt":{"rendered":"","protected":false},"author":61,"featured_media":3480,"comment_status":"closed","ping_status":"closed","sticky":false,"template":"","format":"standard","meta":{"footnotes":""},"categories":[3],"tags":[43,1509,26],"acf":[],"yoast_head":"<!-- This site is optimized with the Yoast SEO plugin v23.0 - https:\/\/yoast.com\/wordpress\/plugins\/seo\/ -->\n<title>Prefeitura de Manaus inicia recupera\u00e7\u00e3o asf\u00e1ltica da avenida Constantino Nery<\/title>\n<meta name=\"description\" content=\"Uma das principais vias da capital amazonense, a avenida Constantino Nery, come\u00e7ou a ser revitalizada pela Prefeitura de Manaus.\" \/>\n<meta name=\"robots\" content=\"index, follow, max-snippet:-1, max-image-preview:large, max-video-preview:-1\" \/>\n<link rel=\"canonical\" href=\"https:\/\/www.manaus.am.gov.br\/seminf\/recuperacao-asfaltica\/\" \/>\n<meta property=\"og:locale\" content=\"pt_BR\" \/>\n<meta property=\"og:type\" content=\"article\" \/>\n<meta property=\"og:title\" content=\"Prefeitura de Manaus inicia recupera\u00e7\u00e3o asf\u00e1ltica da avenida Constantino Nery\" \/>\n<meta property=\"og:description\" content=\"Uma das principais vias da capital amazonense, a avenida Constantino Nery, come\u00e7ou a ser revitalizada pela Prefeitura de Manaus.\" \/>\n<meta property=\"og:url\" content=\"https:\/\/www.manaus.am.gov.br\/seminf\/recuperacao-asfaltica\/\" \/>\n<meta property=\"og:site_name\" content=\"SEMINF\" \/>\n<meta property=\"article:published_time\" content=\"2024-06-28T02:54:38+00:00\" \/>\n<meta property=\"article:modified_time\" content=\"2024-06-28T02:54:39+00:00\" \/>\n<meta property=\"og:image\" content=\"https:\/\/www.manaus.am.gov.br\/seminf\/wp-content\/uploads\/sites\/6\/2024\/06\/Obras-Constantino-Nery-4.jpg\" \/>\n\t<meta property=\"og:image:width\" content=\"641\" \/>\n\t<meta property=\"og:image:height\" content=\"446\" \/>\n\t<meta property=\"og:image:type\" content=\"image\/jpeg\" \/>\n<meta name=\"author\" content=\"smonteiro\" \/>\n<meta name=\"twitter:card\" content=\"summary_large_image\" \/>\n<meta name=\"twitter:label1\" content=\"Written by\" \/>\n\t<meta name=\"twitter:data1\" content=\"smonteiro\" \/>\n\t<meta name=\"twitter:label2\" content=\"Est. reading time\" \/>\n\t<meta name=\"twitter:data2\" content=\"3 minutos\" \/>\n<script type=\"application\/ld+json\" class=\"yoast-schema-graph\">{\"@context\":\"https:\/\/schema.org\",\"@graph\":[{\"@type\":\"WebPage\",\"@id\":\"https:\/\/www.manaus.am.gov.br\/seminf\/recuperacao-asfaltica\/\",\"url\":\"https:\/\/www.manaus.am.gov.br\/seminf\/recuperacao-asfaltica\/\",\"name\":\"Prefeitura de Manaus inicia recupera\u00e7\u00e3o asf\u00e1ltica da avenida Constantino Nery\",\"isPartOf\":{\"@id\":\"https:\/\/www.manaus.am.gov.br\/seminf\/#website\"},\"primaryImageOfPage\":{\"@id\":\"https:\/\/www.manaus.am.gov.br\/seminf\/recuperacao-asfaltica\/#primaryimage\"},\"image\":{\"@id\":\"https:\/\/www.manaus.am.gov.br\/seminf\/recuperacao-asfaltica\/#primaryimage\"},\"thumbnailUrl\":\"https:\/\/www.manaus.am.gov.br\/seminf\/wp-content\/uploads\/sites\/6\/2024\/06\/Obras-Constantino-Nery-4.jpg\",\"datePublished\":\"2024-06-28T02:54:38+00:00\",\"dateModified\":\"2024-06-28T02:54:39+00:00\",\"author\":{\"@id\":\"https:\/\/www.manaus.am.gov.br\/seminf\/#\/schema\/person\/ab4dcf766a54dff74e8d267f5c591961\"},\"description\":\"Uma das principais vias da capital amazonense, a avenida Constantino Nery, come\u00e7ou a ser revitalizada pela Prefeitura de Manaus.\",\"inLanguage\":\"pt-BR\",\"potentialAction\":[{\"@type\":\"ReadAction\",\"target\":[\"https:\/\/www.manaus.am.gov.br\/seminf\/recuperacao-asfaltica\/\"]}]},{\"@type\":\"ImageObject\",\"inLanguage\":\"pt-BR\",\"@id\":\"https:\/\/www.manaus.am.gov.br\/seminf\/recuperacao-asfaltica\/#primaryimage\",\"url\":\"https:\/\/www.manaus.am.gov.br\/seminf\/wp-content\/uploads\/sites\/6\/2024\/06\/Obras-Constantino-Nery-4.jpg\",\"contentUrl\":\"https:\/\/www.manaus.am.gov.br\/seminf\/wp-content\/uploads\/sites\/6\/2024\/06\/Obras-Constantino-Nery-4.jpg\",\"width\":641,\"height\":446,\"caption\":\"#paratodosverem - prefeito David Almeida acompanha o in\u00edcio dos trabalhos na avenida Constantino Nery\"},{\"@type\":\"WebSite\",\"@id\":\"https:\/\/www.manaus.am.gov.br\/seminf\/#website\",\"url\":\"https:\/\/www.manaus.am.gov.br\/seminf\/\",\"name\":\"Secretaria de Infraestrutura\",\"description\":\"Secretaria Municipal de Infraestrutura\",\"potentialAction\":[{\"@type\":\"SearchAction\",\"target\":{\"@type\":\"EntryPoint\",\"urlTemplate\":\"https:\/\/www.manaus.am.gov.br\/seminf\/?s={search_term_string}\"},\"query-input\":\"required name=search_term_string\"}],\"inLanguage\":\"pt-BR\"},{\"@type\":\"Person\",\"@id\":\"https:\/\/www.manaus.am.gov.br\/seminf\/#\/schema\/person\/ab4dcf766a54dff74e8d267f5c591961\",\"name\":\"smonteiro\",\"image\":{\"@type\":\"ImageObject\",\"inLanguage\":\"pt-BR\",\"@id\":\"https:\/\/www.manaus.am.gov.br\/seminf\/#\/schema\/person\/image\/\",\"url\":\"https:\/\/secure.gravatar.com\/avatar\/21c8776ef61d9272c73322052e042d77?s=96&d=mm&r=g\",\"contentUrl\":\"https:\/\/secure.gravatar.com\/avatar\/21c8776ef61d9272c73322052e042d77?s=96&d=mm&r=g\",\"caption\":\"smonteiro\"}}]}<\/script>\n<!-- \/ Yoast SEO plugin. -->","yoast_head_json":{"title":"Prefeitura de Manaus inicia recupera\u00e7\u00e3o asf\u00e1ltica da avenida Constantino Nery","description":"Uma das principais vias da capital amazonense, a avenida Constantino Nery, come\u00e7ou a ser revitalizada pela Prefeitura de Manaus.","robots":{"index":"index","follow":"follow","max-snippet":"max-snippet:-1","max-image-preview":"max-image-preview:large","max-video-preview":"max-video-preview:-1"},"canonical":"https:\/\/www.manaus.am.gov.br\/seminf\/recuperacao-asfaltica\/","og_locale":"pt_BR","og_type":"article","og_title":"Prefeitura de Manaus inicia recupera\u00e7\u00e3o asf\u00e1ltica da avenida Constantino Nery","og_description":"Uma das principais vias da capital amazonense, a avenida Constantino Nery, come\u00e7ou a ser revitalizada pela Prefeitura de Manaus.","og_url":"https:\/\/www.manaus.am.gov.br\/seminf\/recuperacao-asfaltica\/","og_site_name":"SEMINF","article_published_time":"2024-06-28T02:54:38+00:00","article_modified_time":"2024-06-28T02:54:39+00:00","og_image":[{"width":641,"height":446,"url":"https:\/\/www.manaus.am.gov.br\/seminf\/wp-content\/uploads\/sites\/6\/2024\/06\/Obras-Constantino-Nery-4.jpg","type":"image\/jpeg"}],"author":"smonteiro","twitter_card":"summary_large_image","twitter_misc":{"Written by":"smonteiro","Est. reading time":"3 minutos"},"schema":{"@context":"https:\/\/schema.org","@graph":[{"@type":"WebPage","@id":"https:\/\/www.manaus.am.gov.br\/seminf\/recuperacao-asfaltica\/","url":"https:\/\/www.manaus.am.gov.br\/seminf\/recuperacao-asfaltica\/","name":"Prefeitura de Manaus inicia recupera\u00e7\u00e3o asf\u00e1ltica da avenida Constantino Nery","isPartOf":{"@id":"https:\/\/www.manaus.am.gov.br\/seminf\/#website"},"primaryImageOfPage":{"@id":"https:\/\/www.manaus.am.gov.br\/seminf\/recuperacao-asfaltica\/#primaryimage"},"image":{"@id":"https:\/\/www.manaus.am.gov.br\/seminf\/recuperacao-asfaltica\/#primaryimage"},"thumbnailUrl":"https:\/\/www.manaus.am.gov.br\/seminf\/wp-content\/uploads\/sites\/6\/2024\/06\/Obras-Constantino-Nery-4.jpg","datePublished":"2024-06-28T02:54:38+00:00","dateModified":"2024-06-28T02:54:39+00:00","author":{"@id":"https:\/\/www.manaus.am.gov.br\/seminf\/#\/schema\/person\/ab4dcf766a54dff74e8d267f5c591961"},"description":"Uma das principais vias da capital amazonense, a avenida Constantino Nery, come\u00e7ou a ser revitalizada pela Prefeitura de Manaus.","inLanguage":"pt-BR","potentialAction":[{"@type":"ReadAction","target":["https:\/\/www.manaus.am.gov.br\/seminf\/recuperacao-asfaltica\/"]}]},{"@type":"ImageObject","inLanguage":"pt-BR","@id":"https:\/\/www.manaus.am.gov.br\/seminf\/recuperacao-asfaltica\/#primaryimage","url":"https:\/\/www.manaus.am.gov.br\/seminf\/wp-content\/uploads\/sites\/6\/2024\/06\/Obras-Constantino-Nery-4.jpg","contentUrl":"https:\/\/www.manaus.am.gov.br\/seminf\/wp-content\/uploads\/sites\/6\/2024\/06\/Obras-Constantino-Nery-4.jpg","width":641,"height":446,"caption":"#paratodosverem - prefeito David Almeida acompanha o in\u00edcio dos trabalhos na avenida Constantino Nery"},{"@type":"WebSite","@id":"https:\/\/www.manaus.am.gov.br\/seminf\/#website","url":"https:\/\/www.manaus.am.gov.br\/seminf\/","name":"Secretaria de Infraestrutura","description":"Secretaria Municipal de Infraestrutura","potentialAction":[{"@type":"SearchAction","target":{"@type":"EntryPoint","urlTemplate":"https:\/\/www.manaus.am.gov.br\/seminf\/?s={search_term_string}"},"query-input":"required name=search_term_string"}],"inLanguage":"pt-BR"},{"@type":"Person","@id":"https:\/\/www.manaus.am.gov.br\/seminf\/#\/schema\/person\/ab4dcf766a54dff74e8d267f5c591961","name":"smonteiro","image":{"@type":"ImageObject","inLanguage":"pt-BR","@id":"https:\/\/www.manaus.am.gov.br\/seminf\/#\/schema\/person\/image\/","url":"https:\/\/secure.gravatar.com\/avatar\/21c8776ef61d9272c73322052e042d77?s=96&d=mm&r=g","contentUrl":"https:\/\/secure.gravatar.com\/avatar\/21c8776ef61d9272c73322052e042d77?s=96&d=mm&r=g","caption":"smonteiro"}}]}},"_links":{"self":[{"href":"https:\/\/www.manaus.am.gov.br\/seminf\/wp-json\/wp\/v2\/posts\/3479"}],"collection":[{"href":"https:\/\/www.manaus.am.gov.br\/seminf\/wp-json\/wp\/v2\/posts"}],"about":[{"href":"https:\/\/www.manaus.am.gov.br\/seminf\/wp-json\/wp\/v2\/types\/post"}],"author":[{"embeddable":true,"href":"https:\/\/www.manaus.am.gov.br\/seminf\/wp-json\/wp\/v2\/users\/61"}],"replies":[{"embeddable":true,"href":"https:\/\/www.manaus.am.gov.br\/seminf\/wp-json\/wp\/v2\/comments?post=3479"}],"version-history":[{"count":0,"href":"https:\/\/www.manaus.am.gov.br\/seminf\/wp-json\/wp\/v2\/posts\/3479\/revisions"}],"wp:featuredmedia":[{"embeddable":true,"href":"https:\/\/www.manaus.am.gov.br\/seminf\/wp-json\/wp\/v2\/media\/3480"}],"wp:attachment":[{"href":"https:\/\/www.manaus.am.gov.br\/seminf\/wp-json\/wp\/v2\/media?parent=3479"}],"wp:term":[{"taxonomy":"category","embeddable":true,"href":"https:\/\/www.manaus.am.gov.br\/seminf\/wp-json\/wp\/v2\/categories?post=3479"},{"taxonomy":"post_tag","embeddable":true,"href":"https:\/\/www.manaus.am.gov.br\/seminf\/wp-json\/wp\/v2\/tags?post=3479"}],"curies":[{"name":"wp","href":"https:\/\/api.w.org\/{rel}","templated":true}]}}