{"id":3301,"date":"2024-06-04T18:44:52","date_gmt":"2024-06-04T22:44:52","guid":{"rendered":"https:\/\/www.manaus.am.gov.br\/seminf\/paraiso-verde\/"},"modified":"2024-06-04T18:44:54","modified_gmt":"2024-06-04T22:44:54","slug":"paraiso-verde","status":"publish","type":"post","link":"https:\/\/www.manaus.am.gov.br\/seminf\/paraiso-verde\/","title":{"rendered":"Ap\u00f3s 20 anos de espera, comunidade Para\u00edso Verde tem ruas recapeadas pela prefeitura"},"content":{"rendered":"\n<p>A Prefeitura de Manaus, por meio da Secretaria Municipal de Infraestrutura (Seminf), ampliou as frentes de trabalho e chegou, nesta ter\u00e7a-feira, 4\/6, \u00e0 comunidade Para\u00edso Verde, no bairro Lago Azul, zona Leste da cidade. A a\u00e7\u00e3o do programa \u201cAsfalta Manaus\u201d atende a solicita\u00e7\u00e3o dos moradores, que relatam esperar h\u00e1 mais de 20 anos.<\/p>\n\n\n\n<p>A iniciativa integra uma gama de a\u00e7\u00f5es voltadas \u00e0 infraestrutura realizadas pela prefeitura no \u00faltimo m\u00eas. S\u00e3o trabalhos direcionados especialmente \u00e0s comunidades que est\u00e3o em solo natural e aos bairros degradados. Em uma das solenidades de assinatura da ordem de servi\u00e7o, um cartaz se destacou entre a plateia. D\u00e1rio Pereira, de 64 anos, \u00e9 t\u00e9cnico em eletr\u00f4nicos e reivindicou o asfalto para a comunidade onde mora.<\/p>\n\n\n\n<p>\u201c\u00c9 uma alegria muito grande ver esse derrame de asfalto acontecendo aqui na nossa comunidade. S\u00f3 o prefeito David Almeida e o secret\u00e1rio de Obras, Renato Junior, para atender ao nosso pedido e realizar esse antigo sonho que muitos prometeram, mas s\u00f3 agora chegou nessa gest\u00e3o\u201d, conta D\u00e1rio.<\/p>\n\n\n\n<p>Uma equipe formada por 30 trabalhadores executa o servi\u00e7o na rua 1, que, inclusive, \u00e9 uma ladeira de 350 metros de extens\u00e3o. Para a garantia de durabilidade do pavimento, as equipes aplicam 250 toneladas de massa asf\u00e1ltica, servi\u00e7o aprovado pela Sabrina Couteiro, que mora h\u00e1 nove anos no local.<\/p>\n\n\n\n<p>\u201cAs dificuldades eram muitas. O povo sa\u00eda na lama com sacola nos p\u00e9s para poder ir para a escola e para o trabalho. Agora tem o asfalto que vai trazer melhorias para a nossa comunidade. S\u00f3 tenho de agradecer ao prefeito David Almeida e ao secret\u00e1rio de Obras, Renato Junior, porque eles vieram aqui e falaram que ia ter asfalto no Para\u00edso 1 e 2 e est\u00e1 acontecendo\u201d, celebra a moradora.<\/p>\n\n\n\n<p>A comunidade Vila Nova, no bairro Mauzinho, zona Leste, e a comunidade Acar\u00e1, no bairro Lago Azul, zona Norte, foram completamente asfaltadas. Recentemente, a prefeitura deu a ordem de servi\u00e7o para a pavimenta\u00e7\u00e3o nas comunidades Novo Mil\u00eanio, no bairro Lago Azul, e Coliseu 3, no bairro Jorge Teixeira.<\/p>\n\n\n\n<p>\u201cEssa \u00e9 a gest\u00e3o do prefeito David Almeida que d\u00e1 assist\u00eancia para as comunidades que durante d\u00e9cadas foram desassistidas com a falta de infraestrutura e que enfrentavam o barro e lama, no sol e na chuva, era areia nos olhos e barro nos sapatos. Agora essa realidade mudou. Estamos transformando as hist\u00f3rias das comunidades\u201d, afirma o secret\u00e1rio Renato Junior.<\/p>\n","protected":false},"excerpt":{"rendered":"","protected":false},"author":61,"featured_media":3302,"comment_status":"closed","ping_status":"closed","sticky":false,"template":"","format":"standard","meta":{"footnotes":""},"categories":[77],"tags":[52,1476,312,43,91,26],"acf":[],"yoast_head":"<!-- This site is optimized with the Yoast SEO plugin v23.0 - https:\/\/yoast.com\/wordpress\/plugins\/seo\/ -->\n<title>Comunidade Para\u00edso Verde tem ruas recapeadas pela prefeitura<\/title>\n<meta name=\"description\" content=\"A Prefeitura de Manaus, por meio da Seminf, ampliou as frentes de trabalho para a comunidade Para\u00edso Verde, no bairro Lago Azul, zona Leste.\" \/>\n<meta name=\"robots\" content=\"index, follow, max-snippet:-1, max-image-preview:large, max-video-preview:-1\" \/>\n<link rel=\"canonical\" href=\"https:\/\/www.manaus.am.gov.br\/seminf\/paraiso-verde\/\" \/>\n<meta property=\"og:locale\" content=\"pt_BR\" \/>\n<meta property=\"og:type\" content=\"article\" \/>\n<meta property=\"og:title\" content=\"Comunidade Para\u00edso Verde tem ruas recapeadas pela prefeitura\" \/>\n<meta property=\"og:description\" content=\"A Prefeitura de Manaus, por meio da Seminf, ampliou as frentes de trabalho para a comunidade Para\u00edso Verde, no bairro Lago Azul, zona Leste.\" \/>\n<meta property=\"og:url\" content=\"https:\/\/www.manaus.am.gov.br\/seminf\/paraiso-verde\/\" \/>\n<meta property=\"og:site_name\" content=\"SEMINF\" \/>\n<meta property=\"article:published_time\" content=\"2024-06-04T22:44:52+00:00\" \/>\n<meta property=\"article:modified_time\" content=\"2024-06-04T22:44:54+00:00\" \/>\n<meta property=\"og:image\" content=\"https:\/\/www.manaus.am.gov.br\/seminf\/wp-content\/uploads\/sites\/6\/2024\/06\/Asfalta-Manaus-comunidade-Paraiso-Verde-4.jpg\" \/>\n\t<meta property=\"og:image:width\" content=\"799\" \/>\n\t<meta property=\"og:image:height\" content=\"533\" \/>\n\t<meta property=\"og:image:type\" content=\"image\/jpeg\" \/>\n<meta name=\"author\" content=\"smonteiro\" \/>\n<meta name=\"twitter:card\" content=\"summary_large_image\" \/>\n<meta name=\"twitter:label1\" content=\"Written by\" \/>\n\t<meta name=\"twitter:data1\" content=\"smonteiro\" \/>\n\t<meta name=\"twitter:label2\" content=\"Est. reading time\" \/>\n\t<meta name=\"twitter:data2\" content=\"3 minutos\" \/>\n<script type=\"application\/ld+json\" class=\"yoast-schema-graph\">{\"@context\":\"https:\/\/schema.org\",\"@graph\":[{\"@type\":\"WebPage\",\"@id\":\"https:\/\/www.manaus.am.gov.br\/seminf\/paraiso-verde\/\",\"url\":\"https:\/\/www.manaus.am.gov.br\/seminf\/paraiso-verde\/\",\"name\":\"Comunidade Para\u00edso Verde tem ruas recapeadas pela prefeitura\",\"isPartOf\":{\"@id\":\"https:\/\/www.manaus.am.gov.br\/seminf\/#website\"},\"primaryImageOfPage\":{\"@id\":\"https:\/\/www.manaus.am.gov.br\/seminf\/paraiso-verde\/#primaryimage\"},\"image\":{\"@id\":\"https:\/\/www.manaus.am.gov.br\/seminf\/paraiso-verde\/#primaryimage\"},\"thumbnailUrl\":\"https:\/\/www.manaus.am.gov.br\/seminf\/wp-content\/uploads\/sites\/6\/2024\/06\/Asfalta-Manaus-comunidade-Paraiso-Verde-4.jpg\",\"datePublished\":\"2024-06-04T22:44:52+00:00\",\"dateModified\":\"2024-06-04T22:44:54+00:00\",\"author\":{\"@id\":\"https:\/\/www.manaus.am.gov.br\/seminf\/#\/schema\/person\/ab4dcf766a54dff74e8d267f5c591961\"},\"description\":\"A Prefeitura de Manaus, por meio da Seminf, ampliou as frentes de trabalho para a comunidade Para\u00edso Verde, no bairro Lago Azul, zona Leste.\",\"inLanguage\":\"pt-BR\",\"potentialAction\":[{\"@type\":\"ReadAction\",\"target\":[\"https:\/\/www.manaus.am.gov.br\/seminf\/paraiso-verde\/\"]}]},{\"@type\":\"ImageObject\",\"inLanguage\":\"pt-BR\",\"@id\":\"https:\/\/www.manaus.am.gov.br\/seminf\/paraiso-verde\/#primaryimage\",\"url\":\"https:\/\/www.manaus.am.gov.br\/seminf\/wp-content\/uploads\/sites\/6\/2024\/06\/Asfalta-Manaus-comunidade-Paraiso-Verde-4.jpg\",\"contentUrl\":\"https:\/\/www.manaus.am.gov.br\/seminf\/wp-content\/uploads\/sites\/6\/2024\/06\/Asfalta-Manaus-comunidade-Paraiso-Verde-4.jpg\",\"width\":799,\"height\":533,\"caption\":\"#paratodosverem - homens e m\u00e1quinas da prefeitura no asfaltamento das ruas da comunidade Para\u00edso Verde\"},{\"@type\":\"WebSite\",\"@id\":\"https:\/\/www.manaus.am.gov.br\/seminf\/#website\",\"url\":\"https:\/\/www.manaus.am.gov.br\/seminf\/\",\"name\":\"Secretaria de Infraestrutura\",\"description\":\"Secretaria Municipal de Infraestrutura\",\"potentialAction\":[{\"@type\":\"SearchAction\",\"target\":{\"@type\":\"EntryPoint\",\"urlTemplate\":\"https:\/\/www.manaus.am.gov.br\/seminf\/?s={search_term_string}\"},\"query-input\":\"required name=search_term_string\"}],\"inLanguage\":\"pt-BR\"},{\"@type\":\"Person\",\"@id\":\"https:\/\/www.manaus.am.gov.br\/seminf\/#\/schema\/person\/ab4dcf766a54dff74e8d267f5c591961\",\"name\":\"smonteiro\",\"image\":{\"@type\":\"ImageObject\",\"inLanguage\":\"pt-BR\",\"@id\":\"https:\/\/www.manaus.am.gov.br\/seminf\/#\/schema\/person\/image\/\",\"url\":\"https:\/\/secure.gravatar.com\/avatar\/21c8776ef61d9272c73322052e042d77?s=96&d=mm&r=g\",\"contentUrl\":\"https:\/\/secure.gravatar.com\/avatar\/21c8776ef61d9272c73322052e042d77?s=96&d=mm&r=g\",\"caption\":\"smonteiro\"}}]}<\/script>\n<!-- \/ Yoast SEO plugin. -->","yoast_head_json":{"title":"Comunidade Para\u00edso Verde tem ruas recapeadas pela prefeitura","description":"A Prefeitura de Manaus, por meio da Seminf, ampliou as frentes de trabalho para a comunidade Para\u00edso Verde, no bairro Lago Azul, zona Leste.","robots":{"index":"index","follow":"follow","max-snippet":"max-snippet:-1","max-image-preview":"max-image-preview:large","max-video-preview":"max-video-preview:-1"},"canonical":"https:\/\/www.manaus.am.gov.br\/seminf\/paraiso-verde\/","og_locale":"pt_BR","og_type":"article","og_title":"Comunidade Para\u00edso Verde tem ruas recapeadas pela prefeitura","og_description":"A Prefeitura de Manaus, por meio da Seminf, ampliou as frentes de trabalho para a comunidade Para\u00edso Verde, no bairro Lago Azul, zona Leste.","og_url":"https:\/\/www.manaus.am.gov.br\/seminf\/paraiso-verde\/","og_site_name":"SEMINF","article_published_time":"2024-06-04T22:44:52+00:00","article_modified_time":"2024-06-04T22:44:54+00:00","og_image":[{"width":799,"height":533,"url":"https:\/\/www.manaus.am.gov.br\/seminf\/wp-content\/uploads\/sites\/6\/2024\/06\/Asfalta-Manaus-comunidade-Paraiso-Verde-4.jpg","type":"image\/jpeg"}],"author":"smonteiro","twitter_card":"summary_large_image","twitter_misc":{"Written by":"smonteiro","Est. reading time":"3 minutos"},"schema":{"@context":"https:\/\/schema.org","@graph":[{"@type":"WebPage","@id":"https:\/\/www.manaus.am.gov.br\/seminf\/paraiso-verde\/","url":"https:\/\/www.manaus.am.gov.br\/seminf\/paraiso-verde\/","name":"Comunidade Para\u00edso Verde tem ruas recapeadas pela prefeitura","isPartOf":{"@id":"https:\/\/www.manaus.am.gov.br\/seminf\/#website"},"primaryImageOfPage":{"@id":"https:\/\/www.manaus.am.gov.br\/seminf\/paraiso-verde\/#primaryimage"},"image":{"@id":"https:\/\/www.manaus.am.gov.br\/seminf\/paraiso-verde\/#primaryimage"},"thumbnailUrl":"https:\/\/www.manaus.am.gov.br\/seminf\/wp-content\/uploads\/sites\/6\/2024\/06\/Asfalta-Manaus-comunidade-Paraiso-Verde-4.jpg","datePublished":"2024-06-04T22:44:52+00:00","dateModified":"2024-06-04T22:44:54+00:00","author":{"@id":"https:\/\/www.manaus.am.gov.br\/seminf\/#\/schema\/person\/ab4dcf766a54dff74e8d267f5c591961"},"description":"A Prefeitura de Manaus, por meio da Seminf, ampliou as frentes de trabalho para a comunidade Para\u00edso Verde, no bairro Lago Azul, zona Leste.","inLanguage":"pt-BR","potentialAction":[{"@type":"ReadAction","target":["https:\/\/www.manaus.am.gov.br\/seminf\/paraiso-verde\/"]}]},{"@type":"ImageObject","inLanguage":"pt-BR","@id":"https:\/\/www.manaus.am.gov.br\/seminf\/paraiso-verde\/#primaryimage","url":"https:\/\/www.manaus.am.gov.br\/seminf\/wp-content\/uploads\/sites\/6\/2024\/06\/Asfalta-Manaus-comunidade-Paraiso-Verde-4.jpg","contentUrl":"https:\/\/www.manaus.am.gov.br\/seminf\/wp-content\/uploads\/sites\/6\/2024\/06\/Asfalta-Manaus-comunidade-Paraiso-Verde-4.jpg","width":799,"height":533,"caption":"#paratodosverem - homens e m\u00e1quinas da prefeitura no asfaltamento das ruas da comunidade Para\u00edso Verde"},{"@type":"WebSite","@id":"https:\/\/www.manaus.am.gov.br\/seminf\/#website","url":"https:\/\/www.manaus.am.gov.br\/seminf\/","name":"Secretaria de Infraestrutura","description":"Secretaria Municipal de Infraestrutura","potentialAction":[{"@type":"SearchAction","target":{"@type":"EntryPoint","urlTemplate":"https:\/\/www.manaus.am.gov.br\/seminf\/?s={search_term_string}"},"query-input":"required name=search_term_string"}],"inLanguage":"pt-BR"},{"@type":"Person","@id":"https:\/\/www.manaus.am.gov.br\/seminf\/#\/schema\/person\/ab4dcf766a54dff74e8d267f5c591961","name":"smonteiro","image":{"@type":"ImageObject","inLanguage":"pt-BR","@id":"https:\/\/www.manaus.am.gov.br\/seminf\/#\/schema\/person\/image\/","url":"https:\/\/secure.gravatar.com\/avatar\/21c8776ef61d9272c73322052e042d77?s=96&d=mm&r=g","contentUrl":"https:\/\/secure.gravatar.com\/avatar\/21c8776ef61d9272c73322052e042d77?s=96&d=mm&r=g","caption":"smonteiro"}}]}},"_links":{"self":[{"href":"https:\/\/www.manaus.am.gov.br\/seminf\/wp-json\/wp\/v2\/posts\/3301"}],"collection":[{"href":"https:\/\/www.manaus.am.gov.br\/seminf\/wp-json\/wp\/v2\/posts"}],"about":[{"href":"https:\/\/www.manaus.am.gov.br\/seminf\/wp-json\/wp\/v2\/types\/post"}],"author":[{"embeddable":true,"href":"https:\/\/www.manaus.am.gov.br\/seminf\/wp-json\/wp\/v2\/users\/61"}],"replies":[{"embeddable":true,"href":"https:\/\/www.manaus.am.gov.br\/seminf\/wp-json\/wp\/v2\/comments?post=3301"}],"version-history":[{"count":0,"href":"https:\/\/www.manaus.am.gov.br\/seminf\/wp-json\/wp\/v2\/posts\/3301\/revisions"}],"wp:featuredmedia":[{"embeddable":true,"href":"https:\/\/www.manaus.am.gov.br\/seminf\/wp-json\/wp\/v2\/media\/3302"}],"wp:attachment":[{"href":"https:\/\/www.manaus.am.gov.br\/seminf\/wp-json\/wp\/v2\/media?parent=3301"}],"wp:term":[{"taxonomy":"category","embeddable":true,"href":"https:\/\/www.manaus.am.gov.br\/seminf\/wp-json\/wp\/v2\/categories?post=3301"},{"taxonomy":"post_tag","embeddable":true,"href":"https:\/\/www.manaus.am.gov.br\/seminf\/wp-json\/wp\/v2\/tags?post=3301"}],"curies":[{"name":"wp","href":"https:\/\/api.w.org\/{rel}","templated":true}]}}