{"id":3296,"date":"2024-06-04T11:35:28","date_gmt":"2024-06-04T15:35:28","guid":{"rendered":"https:\/\/www.manaus.am.gov.br\/seminf\/recuperacao-erosao\/"},"modified":"2024-06-04T11:35:28","modified_gmt":"2024-06-04T15:35:28","slug":"recuperacao-erosao","status":"publish","type":"post","link":"https:\/\/www.manaus.am.gov.br\/seminf\/recuperacao-erosao\/","title":{"rendered":"Prefeitura investe na recupera\u00e7\u00e3o de \u00e1reas atingidas por eros\u00e3o"},"content":{"rendered":"\n<p>Segunda maior capital brasileira em extens\u00e3o, historicamente a cidade de Manaus enfrenta um grande problema em rela\u00e7\u00e3o ao crescimento desordenado de sua \u00e1rea urbana. Com a chegada do rigoroso inverno amaz\u00f4nico, algumas \u00e1reas da cidade sofrem com o avan\u00e7o de eros\u00f5es devido a moradias constru\u00eddas em \u00e1reas de barranco. Na busca para resolver esse problema, a Prefeitura de Manaus j\u00e1 realizou a conten\u00e7\u00e3o de 27 eros\u00f5es nos \u00faltimos tr\u00eas anos e meio.<\/p>\n\n\n\n<p>O prefeito David Almeida destacou o trabalho realizado pela atual gest\u00e3o municipal no combate ao problema e ainda ressaltou que at\u00e9 o final da gest\u00e3o, mais 15 obras ser\u00e3o iniciadas em \u00e1reas de riscos.<\/p>\n\n\n\n<p>\u201cUm dos grandes problemas que enfrentamos na nossa gest\u00e3o foram as grandes eros\u00f5es. No total, por meio da Seminf, j\u00e1 recuperamos 27 \u00e1reas e temos a previs\u00e3o de iniciar a recupera\u00e7\u00e3o de mais 15 vo\u00e7orocas at\u00e9 o final do ano. Esse \u00e9 um trabalho muito importante, visto que impacta diretamente na vida da popula\u00e7\u00e3o mais humilde da nossa cidade. Assim, temos o cuidado de identificar os locais com maiores riscos e j\u00e1 iniciar a recupera\u00e7\u00e3o\u201d, afirmou Almeida.<\/p>\n\n\n\n<p>De acordo com dados da Secretaria Municipal de Infraestrutura (Seminf), a prefeitura trabalha de forma cont\u00ednua em obras emergenciais para conter grandes eros\u00f5es que levam riscos \u00e0 vida de moradores em v\u00e1rios bairros da capital, chegando \u00e0 marca de 32 grandes interven\u00e7\u00f5es a eros\u00f5es, 27 conclu\u00eddas e 5 em andamento.<\/p>\n\n\n\n<p>As \u00e1reas mais atingidas pelas eros\u00f5es s\u00e3o as zonas Norte e Leste. S\u00f3 nesses locais, a prefeitura j\u00e1 concluiu 19 obras.<\/p>\n\n\n<div class=\"wp-block-image\">\n<figure class=\"aligncenter size-full\"><img loading=\"lazy\" decoding=\"async\" width=\"800\" height=\"450\" src=\"https:\/\/www.manaus.am.gov.br\/seminf\/wp-content\/uploads\/sites\/6\/2024\/06\/52292738475_cb632895a5_c.jpg\" alt=\"\" class=\"wp-image-3297\" srcset=\"https:\/\/www.manaus.am.gov.br\/seminf\/wp-content\/uploads\/sites\/6\/2024\/06\/52292738475_cb632895a5_c.jpg 800w, https:\/\/www.manaus.am.gov.br\/seminf\/wp-content\/uploads\/sites\/6\/2024\/06\/52292738475_cb632895a5_c-300x169.jpg 300w, https:\/\/www.manaus.am.gov.br\/seminf\/wp-content\/uploads\/sites\/6\/2024\/06\/52292738475_cb632895a5_c-768x432.jpg 768w\" sizes=\"(max-width: 800px) 100vw, 800px\" \/><figcaption class=\"wp-element-caption\">#paratodosverem \u00e1rea transformada ap\u00f3s o trabalho de conten\u00e7\u00e3o de uma eros\u00e3o<\/figcaption><\/figure><\/div>\n\n\n<p>Para amenizar o problema, David Almeida informou que a prefeitura est\u00e1 investindo em \u00e1reas habitacionais planejadas, como o bairro Nova Manaus, que ser\u00e1 constru\u00eddo pela Prefeitura de Manaus no Parque das Tribos, no Tarum\u00e3, zona Oeste.<\/p>\n\n\n\n<p>\u201cManaus \u00e9 uma capital que cresceu de forma desordenada. Para resolvermos esse problema, estamos investindo em moradias para retirar essa popula\u00e7\u00e3o que mora em \u00e1reas de risco e lev\u00e1-las para espa\u00e7os dignos e planejados. Um desses espa\u00e7os \u00e9 o bairro planejado que ser\u00e1 constru\u00eddo no Parque das Tribos. Fora esse, teremos outros espa\u00e7os constru\u00eddos pela prefeitura, para beneficiar a popula\u00e7\u00e3o que mais precisa na cidade de Manaus\u201d, concluiu o prefeito.<\/p>\n\n\n\n<p>&#8212; &#8212; &#8212;<\/p>\n\n\n\n<p><strong>Texto<\/strong> \u2013 Thiago Fernando \/ Semcom<\/p>\n\n\n\n<p><strong>Fotos<\/strong> \u2013 Arquivo \/ Semcom<\/p>\n","protected":false},"excerpt":{"rendered":"","protected":false},"author":25,"featured_media":3298,"comment_status":"closed","ping_status":"closed","sticky":false,"template":"","format":"standard","meta":{"footnotes":""},"categories":[3],"tags":[28,177,26],"acf":[],"yoast_head":"<!-- This site is optimized with the Yoast SEO plugin v23.0 - https:\/\/yoast.com\/wordpress\/plugins\/seo\/ -->\n<title>Prefeitura investe na recupera\u00e7\u00e3o de \u00e1reas atingidas por eros\u00e3o<\/title>\n<meta name=\"description\" content=\"Segunda maior capital brasileira em extens\u00e3o, historicamente a cidade de Manaus enfrenta um grande problema em rela\u00e7\u00e3o ao crescimento desordenado de sua \u00e1rea urbana\" \/>\n<meta name=\"robots\" content=\"index, follow, max-snippet:-1, max-image-preview:large, max-video-preview:-1\" \/>\n<link rel=\"canonical\" href=\"https:\/\/www.manaus.am.gov.br\/seminf\/recuperacao-erosao\/\" \/>\n<meta property=\"og:locale\" content=\"pt_BR\" \/>\n<meta property=\"og:type\" content=\"article\" \/>\n<meta property=\"og:title\" content=\"Prefeitura investe na recupera\u00e7\u00e3o de \u00e1reas atingidas por eros\u00e3o\" \/>\n<meta property=\"og:description\" content=\"Segunda maior capital brasileira em extens\u00e3o, historicamente a cidade de Manaus enfrenta um grande problema em rela\u00e7\u00e3o ao crescimento desordenado de sua \u00e1rea urbana\" \/>\n<meta property=\"og:url\" content=\"https:\/\/www.manaus.am.gov.br\/seminf\/recuperacao-erosao\/\" \/>\n<meta property=\"og:site_name\" content=\"SEMINF\" \/>\n<meta property=\"article:published_time\" content=\"2024-06-04T15:35:28+00:00\" \/>\n<meta property=\"og:image\" content=\"https:\/\/www.manaus.am.gov.br\/seminf\/wp-content\/uploads\/sites\/6\/2024\/06\/WhatsApp-Image-2024-06-04-at-11.08.16.jpeg\" \/>\n\t<meta property=\"og:image:width\" content=\"1070\" \/>\n\t<meta property=\"og:image:height\" content=\"728\" \/>\n\t<meta property=\"og:image:type\" content=\"image\/jpeg\" \/>\n<meta name=\"author\" content=\"Maur\u00edcio Freire\" \/>\n<meta name=\"twitter:card\" content=\"summary_large_image\" \/>\n<meta name=\"twitter:label1\" content=\"Written by\" \/>\n\t<meta name=\"twitter:data1\" content=\"Maur\u00edcio Freire\" \/>\n\t<meta name=\"twitter:label2\" content=\"Est. reading time\" \/>\n\t<meta name=\"twitter:data2\" content=\"3 minutos\" \/>\n<script type=\"application\/ld+json\" class=\"yoast-schema-graph\">{\"@context\":\"https:\/\/schema.org\",\"@graph\":[{\"@type\":\"WebPage\",\"@id\":\"https:\/\/www.manaus.am.gov.br\/seminf\/recuperacao-erosao\/\",\"url\":\"https:\/\/www.manaus.am.gov.br\/seminf\/recuperacao-erosao\/\",\"name\":\"Prefeitura investe na recupera\u00e7\u00e3o de \u00e1reas atingidas por eros\u00e3o\",\"isPartOf\":{\"@id\":\"https:\/\/www.manaus.am.gov.br\/seminf\/#website\"},\"primaryImageOfPage\":{\"@id\":\"https:\/\/www.manaus.am.gov.br\/seminf\/recuperacao-erosao\/#primaryimage\"},\"image\":{\"@id\":\"https:\/\/www.manaus.am.gov.br\/seminf\/recuperacao-erosao\/#primaryimage\"},\"thumbnailUrl\":\"https:\/\/www.manaus.am.gov.br\/seminf\/wp-content\/uploads\/sites\/6\/2024\/06\/WhatsApp-Image-2024-06-04-at-11.08.16.jpeg\",\"datePublished\":\"2024-06-04T15:35:28+00:00\",\"dateModified\":\"2024-06-04T15:35:28+00:00\",\"author\":{\"@id\":\"https:\/\/www.manaus.am.gov.br\/seminf\/#\/schema\/person\/587989a23a463cde5618e6a028977a9a\"},\"description\":\"Segunda maior capital brasileira em extens\u00e3o, historicamente a cidade de Manaus enfrenta um grande problema em rela\u00e7\u00e3o ao crescimento desordenado de sua \u00e1rea urbana\",\"inLanguage\":\"pt-BR\",\"potentialAction\":[{\"@type\":\"ReadAction\",\"target\":[\"https:\/\/www.manaus.am.gov.br\/seminf\/recuperacao-erosao\/\"]}]},{\"@type\":\"ImageObject\",\"inLanguage\":\"pt-BR\",\"@id\":\"https:\/\/www.manaus.am.gov.br\/seminf\/recuperacao-erosao\/#primaryimage\",\"url\":\"https:\/\/www.manaus.am.gov.br\/seminf\/wp-content\/uploads\/sites\/6\/2024\/06\/WhatsApp-Image-2024-06-04-at-11.08.16.jpeg\",\"contentUrl\":\"https:\/\/www.manaus.am.gov.br\/seminf\/wp-content\/uploads\/sites\/6\/2024\/06\/WhatsApp-Image-2024-06-04-at-11.08.16.jpeg\",\"width\":1070,\"height\":728,\"caption\":\"#paratodosverem prefeito David Almeida vistoriando uma interven\u00e7\u00e3o em uma \u00e1rea de eros\u00e3o\"},{\"@type\":\"WebSite\",\"@id\":\"https:\/\/www.manaus.am.gov.br\/seminf\/#website\",\"url\":\"https:\/\/www.manaus.am.gov.br\/seminf\/\",\"name\":\"Secretaria de Infraestrutura\",\"description\":\"Secretaria Municipal de Infraestrutura\",\"potentialAction\":[{\"@type\":\"SearchAction\",\"target\":{\"@type\":\"EntryPoint\",\"urlTemplate\":\"https:\/\/www.manaus.am.gov.br\/seminf\/?s={search_term_string}\"},\"query-input\":\"required name=search_term_string\"}],\"inLanguage\":\"pt-BR\"},{\"@type\":\"Person\",\"@id\":\"https:\/\/www.manaus.am.gov.br\/seminf\/#\/schema\/person\/587989a23a463cde5618e6a028977a9a\",\"name\":\"Maur\u00edcio Freire\",\"image\":{\"@type\":\"ImageObject\",\"inLanguage\":\"pt-BR\",\"@id\":\"https:\/\/www.manaus.am.gov.br\/seminf\/#\/schema\/person\/image\/\",\"url\":\"https:\/\/secure.gravatar.com\/avatar\/dc1481799a1f75c733ac3b2634cd6749?s=96&d=mm&r=g\",\"contentUrl\":\"https:\/\/secure.gravatar.com\/avatar\/dc1481799a1f75c733ac3b2634cd6749?s=96&d=mm&r=g\",\"caption\":\"Maur\u00edcio Freire\"}}]}<\/script>\n<!-- \/ Yoast SEO plugin. -->","yoast_head_json":{"title":"Prefeitura investe na recupera\u00e7\u00e3o de \u00e1reas atingidas por eros\u00e3o","description":"Segunda maior capital brasileira em extens\u00e3o, historicamente a cidade de Manaus enfrenta um grande problema em rela\u00e7\u00e3o ao crescimento desordenado de sua \u00e1rea urbana","robots":{"index":"index","follow":"follow","max-snippet":"max-snippet:-1","max-image-preview":"max-image-preview:large","max-video-preview":"max-video-preview:-1"},"canonical":"https:\/\/www.manaus.am.gov.br\/seminf\/recuperacao-erosao\/","og_locale":"pt_BR","og_type":"article","og_title":"Prefeitura investe na recupera\u00e7\u00e3o de \u00e1reas atingidas por eros\u00e3o","og_description":"Segunda maior capital brasileira em extens\u00e3o, historicamente a cidade de Manaus enfrenta um grande problema em rela\u00e7\u00e3o ao crescimento desordenado de sua \u00e1rea urbana","og_url":"https:\/\/www.manaus.am.gov.br\/seminf\/recuperacao-erosao\/","og_site_name":"SEMINF","article_published_time":"2024-06-04T15:35:28+00:00","og_image":[{"width":1070,"height":728,"url":"https:\/\/www.manaus.am.gov.br\/seminf\/wp-content\/uploads\/sites\/6\/2024\/06\/WhatsApp-Image-2024-06-04-at-11.08.16.jpeg","type":"image\/jpeg"}],"author":"Maur\u00edcio Freire","twitter_card":"summary_large_image","twitter_misc":{"Written by":"Maur\u00edcio Freire","Est. reading time":"3 minutos"},"schema":{"@context":"https:\/\/schema.org","@graph":[{"@type":"WebPage","@id":"https:\/\/www.manaus.am.gov.br\/seminf\/recuperacao-erosao\/","url":"https:\/\/www.manaus.am.gov.br\/seminf\/recuperacao-erosao\/","name":"Prefeitura investe na recupera\u00e7\u00e3o de \u00e1reas atingidas por eros\u00e3o","isPartOf":{"@id":"https:\/\/www.manaus.am.gov.br\/seminf\/#website"},"primaryImageOfPage":{"@id":"https:\/\/www.manaus.am.gov.br\/seminf\/recuperacao-erosao\/#primaryimage"},"image":{"@id":"https:\/\/www.manaus.am.gov.br\/seminf\/recuperacao-erosao\/#primaryimage"},"thumbnailUrl":"https:\/\/www.manaus.am.gov.br\/seminf\/wp-content\/uploads\/sites\/6\/2024\/06\/WhatsApp-Image-2024-06-04-at-11.08.16.jpeg","datePublished":"2024-06-04T15:35:28+00:00","dateModified":"2024-06-04T15:35:28+00:00","author":{"@id":"https:\/\/www.manaus.am.gov.br\/seminf\/#\/schema\/person\/587989a23a463cde5618e6a028977a9a"},"description":"Segunda maior capital brasileira em extens\u00e3o, historicamente a cidade de Manaus enfrenta um grande problema em rela\u00e7\u00e3o ao crescimento desordenado de sua \u00e1rea urbana","inLanguage":"pt-BR","potentialAction":[{"@type":"ReadAction","target":["https:\/\/www.manaus.am.gov.br\/seminf\/recuperacao-erosao\/"]}]},{"@type":"ImageObject","inLanguage":"pt-BR","@id":"https:\/\/www.manaus.am.gov.br\/seminf\/recuperacao-erosao\/#primaryimage","url":"https:\/\/www.manaus.am.gov.br\/seminf\/wp-content\/uploads\/sites\/6\/2024\/06\/WhatsApp-Image-2024-06-04-at-11.08.16.jpeg","contentUrl":"https:\/\/www.manaus.am.gov.br\/seminf\/wp-content\/uploads\/sites\/6\/2024\/06\/WhatsApp-Image-2024-06-04-at-11.08.16.jpeg","width":1070,"height":728,"caption":"#paratodosverem prefeito David Almeida vistoriando uma interven\u00e7\u00e3o em uma \u00e1rea de eros\u00e3o"},{"@type":"WebSite","@id":"https:\/\/www.manaus.am.gov.br\/seminf\/#website","url":"https:\/\/www.manaus.am.gov.br\/seminf\/","name":"Secretaria de Infraestrutura","description":"Secretaria Municipal de Infraestrutura","potentialAction":[{"@type":"SearchAction","target":{"@type":"EntryPoint","urlTemplate":"https:\/\/www.manaus.am.gov.br\/seminf\/?s={search_term_string}"},"query-input":"required name=search_term_string"}],"inLanguage":"pt-BR"},{"@type":"Person","@id":"https:\/\/www.manaus.am.gov.br\/seminf\/#\/schema\/person\/587989a23a463cde5618e6a028977a9a","name":"Maur\u00edcio Freire","image":{"@type":"ImageObject","inLanguage":"pt-BR","@id":"https:\/\/www.manaus.am.gov.br\/seminf\/#\/schema\/person\/image\/","url":"https:\/\/secure.gravatar.com\/avatar\/dc1481799a1f75c733ac3b2634cd6749?s=96&d=mm&r=g","contentUrl":"https:\/\/secure.gravatar.com\/avatar\/dc1481799a1f75c733ac3b2634cd6749?s=96&d=mm&r=g","caption":"Maur\u00edcio Freire"}}]}},"_links":{"self":[{"href":"https:\/\/www.manaus.am.gov.br\/seminf\/wp-json\/wp\/v2\/posts\/3296"}],"collection":[{"href":"https:\/\/www.manaus.am.gov.br\/seminf\/wp-json\/wp\/v2\/posts"}],"about":[{"href":"https:\/\/www.manaus.am.gov.br\/seminf\/wp-json\/wp\/v2\/types\/post"}],"author":[{"embeddable":true,"href":"https:\/\/www.manaus.am.gov.br\/seminf\/wp-json\/wp\/v2\/users\/25"}],"replies":[{"embeddable":true,"href":"https:\/\/www.manaus.am.gov.br\/seminf\/wp-json\/wp\/v2\/comments?post=3296"}],"version-history":[{"count":1,"href":"https:\/\/www.manaus.am.gov.br\/seminf\/wp-json\/wp\/v2\/posts\/3296\/revisions"}],"predecessor-version":[{"id":3299,"href":"https:\/\/www.manaus.am.gov.br\/seminf\/wp-json\/wp\/v2\/posts\/3296\/revisions\/3299"}],"wp:featuredmedia":[{"embeddable":true,"href":"https:\/\/www.manaus.am.gov.br\/seminf\/wp-json\/wp\/v2\/media\/3298"}],"wp:attachment":[{"href":"https:\/\/www.manaus.am.gov.br\/seminf\/wp-json\/wp\/v2\/media?parent=3296"}],"wp:term":[{"taxonomy":"category","embeddable":true,"href":"https:\/\/www.manaus.am.gov.br\/seminf\/wp-json\/wp\/v2\/categories?post=3296"},{"taxonomy":"post_tag","embeddable":true,"href":"https:\/\/www.manaus.am.gov.br\/seminf\/wp-json\/wp\/v2\/tags?post=3296"}],"curies":[{"name":"wp","href":"https:\/\/api.w.org\/{rel}","templated":true}]}}