{"id":3219,"date":"2024-05-26T13:58:12","date_gmt":"2024-05-26T17:58:12","guid":{"rendered":"https:\/\/www.manaus.am.gov.br\/seminf\/pavimentacao-ramal\/"},"modified":"2024-05-26T13:58:12","modified_gmt":"2024-05-26T17:58:12","slug":"pavimentacao-ramal","status":"publish","type":"post","link":"https:\/\/www.manaus.am.gov.br\/seminf\/pavimentacao-ramal\/","title":{"rendered":"Prefeitura de Manaus inicia pavimenta\u00e7\u00e3o no Ramal do S\u00e3o Francisco na AM-010"},"content":{"rendered":"\n<p>A Prefeitura de Manaus, por meio da Secretaria Municipal de Infraestrutura (Seminf), deu in\u00edcio \u00e0s obras de pavimenta\u00e7\u00e3o de toda a extens\u00e3o do ramal do S\u00e3o Francisco, localizado no quil\u00f4metro 42 da rodovia AM-010. No local, ser\u00e3o aplicadas aproximadamente duas mil toneladas de massa asf\u00e1ltica em toda extens\u00e3o da via.<\/p>\n\n\n\n<p>A ordem de servi\u00e7o para a realiza\u00e7\u00e3o dos trabalhos foi assinada na manh\u00e3 deste domingo, 26\/5,&nbsp; pelo prefeito de Manaus, David Almeida, e pelo Secret\u00e1rio de Obras, Renato Junior. Segundo o chefe do executivo municipal, o projeto de infraestrutura visa melhorar a qualidade de vida dos moradores da regi\u00e3o, que h\u00e1 mais de 40 anos buscavam pela a\u00e7\u00e3o.<\/p>\n\n\n\n<p>\u201c\u00c9 um avan\u00e7o, o avan\u00e7o na infraestrutura nos ramais em torno da cidade de Manaus. Aos poucos a gente vai avan\u00e7ando e dentro do nosso cronograma, dentro das nossas condi\u00e7\u00f5es, a gente vai asfaltando todos esses ramais e dando uma melhor qualidade de vida para a popula\u00e7\u00e3o\u201d, disse Almeida.<\/p>\n\n\n\n<p>O ramal \u00e9 um dos principais respons\u00e1veis pelo fluxo de distribui\u00e7\u00e3o de produtos agr\u00edcolas da \u00e1rea. No trecho, as equipes do distrito de obras realizaram terraplanagem, imprima\u00e7\u00e3o para iniciar a aplica\u00e7\u00e3o de massa asf\u00e1ltica e compacta\u00e7\u00e3o do solo.<\/p>\n\n\n\n<figure class=\"wp-block-image aligncenter size-full\"><img loading=\"lazy\" decoding=\"async\" width=\"800\" height=\"450\" src=\"https:\/\/www.manaus.am.gov.br\/seminf\/wp-content\/uploads\/sites\/6\/2024\/05\/Ordem-de-Servico-Sao-Francisco-2.jpg\" alt=\"\" class=\"wp-image-3220\" srcset=\"https:\/\/www.manaus.am.gov.br\/seminf\/wp-content\/uploads\/sites\/6\/2024\/05\/Ordem-de-Servico-Sao-Francisco-2.jpg 800w, https:\/\/www.manaus.am.gov.br\/seminf\/wp-content\/uploads\/sites\/6\/2024\/05\/Ordem-de-Servico-Sao-Francisco-2-300x169.jpg 300w, https:\/\/www.manaus.am.gov.br\/seminf\/wp-content\/uploads\/sites\/6\/2024\/05\/Ordem-de-Servico-Sao-Francisco-2-768x432.jpg 768w\" sizes=\"(max-width: 800px) 100vw, 800px\" \/><figcaption class=\"wp-element-caption\">#paratodosverem &#8211; imagem das ca\u00e7ambas de asfalto no ramal.\n<\/figcaption><\/figure>\n\n\n\n<p>\u201c\u00c9 com grande satisfa\u00e7\u00e3o que anunciamos o in\u00edcio das obras de pavimenta\u00e7\u00e3o aqui no Ramal S\u00e3o Francisco. Hoje, come\u00e7amos a terraplanagem, que \u00e9 a prepara\u00e7\u00e3o do terreno para receber o asfalto, envolvendo a remo\u00e7\u00e3o de algumas irregularidades e a compacta\u00e7\u00e3o do solo. Em seguida, aplicaremos o asfalto, melhorando significativamente a infraestrutura aqui para a popula\u00e7\u00e3o da comunidade S\u00e3o Sebasti\u00e3o.\u201d, concluiu o Secret\u00e1rio de Obras, Renato Junior.<\/p>\n\n\n\n<p>A estimativa de aplica\u00e7\u00e3o de pavimento no trecho \u00e9 de duas mil toneladas de massa asf\u00e1ltica. Esse servi\u00e7o dever\u00e1 impactar positivamente as fam\u00edlias e os produtores rurais, que atualmente enfrentam dificuldades no deslocamento.<\/p>\n\n\n\n<p>Os moradores da comunidade S\u00e3o Sebasti\u00e3o, que ser\u00e1 contemplada pelos servi\u00e7os de infraestrutura, relatam que h\u00e1 mais de 45 anos aguardavam pela melhoria, em especial os comerciantes, que mais eram prejudicados pelas dificuldades enfrentadas para escoar seus produtos por conta das p\u00e9ssimas condi\u00e7\u00f5es da via.<\/p>\n\n\n\n<p>\u201cJ\u00e1 estamos esperando esse asfalto h\u00e1 um bom tempo e, com certeza, vai contribuir \u2018gigantemente\u2019 com a comunidade. \u00c9 um asfalto que vai melhorar o nosso acesso tanto para vir, quanto para voltar, aqui j\u00e1 aconteceram alguns acidentes e quando chove fica muito liso, mas agora com o asfalto vai ser melhoria total para todos n\u00f3s\u201d, relatou o comerciante, William Lima.<\/p>\n\n\n\n<p>Outros cinco ramais foram contemplados com o servi\u00e7o de pavimenta\u00e7\u00e3o com acesso \u00e0 AM-010, pelo programa \u201cAsfalta Manaus\u201d, enquanto os ramais \u00c1gua Branca 1, Cachoeira do Le\u00e3o, Matrinx\u00e3, Ipiranga e Bom Jesus j\u00e1 foram pavimentados, melhorando a infraestrutura rural e facilitando bastante o escoamento da produ\u00e7\u00e3o agr\u00edcola e o acesso aos servi\u00e7os essenciais.<\/p>\n\n\n\n<p>&#8212; &#8212; &#8212;<\/p>\n\n\n\n<p><strong>Texto<\/strong> &#8211; Beathriz Torres \/ Semcom e Eduarda Lira \/ Seminf<\/p>\n\n\n\n<p><strong>Fotos<\/strong> \u2013 Dhyeizo Lemos e Jo\u00e3o Viana \/ Semcom<\/p>\n","protected":false},"excerpt":{"rendered":"","protected":false},"author":61,"featured_media":3221,"comment_status":"closed","ping_status":"closed","sticky":false,"template":"","format":"standard","meta":{"footnotes":""},"categories":[3],"tags":[52,487,43,1238,26],"acf":[],"yoast_head":"<!-- This site is optimized with the Yoast SEO plugin v23.0 - https:\/\/yoast.com\/wordpress\/plugins\/seo\/ -->\n<title>Prefeitura de Manaus inicia pavimenta\u00e7\u00e3o no Ramal do S\u00e3o Francisco<\/title>\n<meta name=\"description\" content=\"A Prefeitura de Manaus, por meio da Seminf, deu in\u00edcio \u00e0s obras de pavimenta\u00e7\u00e3o de toda a extens\u00e3o do ramal do S\u00e3o Francisco.\" \/>\n<meta name=\"robots\" content=\"index, follow, max-snippet:-1, max-image-preview:large, max-video-preview:-1\" \/>\n<link rel=\"canonical\" href=\"https:\/\/www.manaus.am.gov.br\/seminf\/pavimentacao-ramal\/\" \/>\n<meta property=\"og:locale\" content=\"pt_BR\" \/>\n<meta property=\"og:type\" content=\"article\" \/>\n<meta property=\"og:title\" content=\"Prefeitura de Manaus inicia pavimenta\u00e7\u00e3o no Ramal do S\u00e3o Francisco\" \/>\n<meta property=\"og:description\" content=\"A Prefeitura de Manaus, por meio da Seminf, deu in\u00edcio \u00e0s obras de pavimenta\u00e7\u00e3o de toda a extens\u00e3o do ramal do S\u00e3o Francisco.\" \/>\n<meta property=\"og:url\" content=\"https:\/\/www.manaus.am.gov.br\/seminf\/pavimentacao-ramal\/\" \/>\n<meta property=\"og:site_name\" content=\"SEMINF\" \/>\n<meta property=\"article:published_time\" content=\"2024-05-26T17:58:12+00:00\" \/>\n<meta property=\"og:image\" content=\"https:\/\/www.manaus.am.gov.br\/seminf\/wp-content\/uploads\/sites\/6\/2024\/05\/Ordem-de-Servico-Sao-Francisco-1.jpg\" \/>\n\t<meta property=\"og:image:width\" content=\"799\" \/>\n\t<meta property=\"og:image:height\" content=\"533\" \/>\n\t<meta property=\"og:image:type\" content=\"image\/jpeg\" \/>\n<meta name=\"author\" content=\"smonteiro\" \/>\n<meta name=\"twitter:card\" content=\"summary_large_image\" \/>\n<meta name=\"twitter:label1\" content=\"Written by\" \/>\n\t<meta name=\"twitter:data1\" content=\"smonteiro\" \/>\n\t<meta name=\"twitter:label2\" content=\"Est. reading time\" \/>\n\t<meta name=\"twitter:data2\" content=\"4 minutos\" \/>\n<script type=\"application\/ld+json\" class=\"yoast-schema-graph\">{\"@context\":\"https:\/\/schema.org\",\"@graph\":[{\"@type\":\"WebPage\",\"@id\":\"https:\/\/www.manaus.am.gov.br\/seminf\/pavimentacao-ramal\/\",\"url\":\"https:\/\/www.manaus.am.gov.br\/seminf\/pavimentacao-ramal\/\",\"name\":\"Prefeitura de Manaus inicia pavimenta\u00e7\u00e3o no Ramal do S\u00e3o Francisco\",\"isPartOf\":{\"@id\":\"https:\/\/www.manaus.am.gov.br\/seminf\/#website\"},\"primaryImageOfPage\":{\"@id\":\"https:\/\/www.manaus.am.gov.br\/seminf\/pavimentacao-ramal\/#primaryimage\"},\"image\":{\"@id\":\"https:\/\/www.manaus.am.gov.br\/seminf\/pavimentacao-ramal\/#primaryimage\"},\"thumbnailUrl\":\"https:\/\/www.manaus.am.gov.br\/seminf\/wp-content\/uploads\/sites\/6\/2024\/05\/Ordem-de-Servico-Sao-Francisco-1.jpg\",\"datePublished\":\"2024-05-26T17:58:12+00:00\",\"dateModified\":\"2024-05-26T17:58:12+00:00\",\"author\":{\"@id\":\"https:\/\/www.manaus.am.gov.br\/seminf\/#\/schema\/person\/ab4dcf766a54dff74e8d267f5c591961\"},\"description\":\"A Prefeitura de Manaus, por meio da Seminf, deu in\u00edcio \u00e0s obras de pavimenta\u00e7\u00e3o de toda a extens\u00e3o do ramal do S\u00e3o Francisco.\",\"inLanguage\":\"pt-BR\",\"potentialAction\":[{\"@type\":\"ReadAction\",\"target\":[\"https:\/\/www.manaus.am.gov.br\/seminf\/pavimentacao-ramal\/\"]}]},{\"@type\":\"ImageObject\",\"inLanguage\":\"pt-BR\",\"@id\":\"https:\/\/www.manaus.am.gov.br\/seminf\/pavimentacao-ramal\/#primaryimage\",\"url\":\"https:\/\/www.manaus.am.gov.br\/seminf\/wp-content\/uploads\/sites\/6\/2024\/05\/Ordem-de-Servico-Sao-Francisco-1.jpg\",\"contentUrl\":\"https:\/\/www.manaus.am.gov.br\/seminf\/wp-content\/uploads\/sites\/6\/2024\/05\/Ordem-de-Servico-Sao-Francisco-1.jpg\",\"width\":799,\"height\":533,\"caption\":\"#paratodosverem - prefeito mostra a ordem de servi\u00e7o assinada\"},{\"@type\":\"WebSite\",\"@id\":\"https:\/\/www.manaus.am.gov.br\/seminf\/#website\",\"url\":\"https:\/\/www.manaus.am.gov.br\/seminf\/\",\"name\":\"Secretaria de Infraestrutura\",\"description\":\"Secretaria Municipal de Infraestrutura\",\"potentialAction\":[{\"@type\":\"SearchAction\",\"target\":{\"@type\":\"EntryPoint\",\"urlTemplate\":\"https:\/\/www.manaus.am.gov.br\/seminf\/?s={search_term_string}\"},\"query-input\":\"required name=search_term_string\"}],\"inLanguage\":\"pt-BR\"},{\"@type\":\"Person\",\"@id\":\"https:\/\/www.manaus.am.gov.br\/seminf\/#\/schema\/person\/ab4dcf766a54dff74e8d267f5c591961\",\"name\":\"smonteiro\",\"image\":{\"@type\":\"ImageObject\",\"inLanguage\":\"pt-BR\",\"@id\":\"https:\/\/www.manaus.am.gov.br\/seminf\/#\/schema\/person\/image\/\",\"url\":\"https:\/\/secure.gravatar.com\/avatar\/21c8776ef61d9272c73322052e042d77?s=96&d=mm&r=g\",\"contentUrl\":\"https:\/\/secure.gravatar.com\/avatar\/21c8776ef61d9272c73322052e042d77?s=96&d=mm&r=g\",\"caption\":\"smonteiro\"}}]}<\/script>\n<!-- \/ Yoast SEO plugin. -->","yoast_head_json":{"title":"Prefeitura de Manaus inicia pavimenta\u00e7\u00e3o no Ramal do S\u00e3o Francisco","description":"A Prefeitura de Manaus, por meio da Seminf, deu in\u00edcio \u00e0s obras de pavimenta\u00e7\u00e3o de toda a extens\u00e3o do ramal do S\u00e3o Francisco.","robots":{"index":"index","follow":"follow","max-snippet":"max-snippet:-1","max-image-preview":"max-image-preview:large","max-video-preview":"max-video-preview:-1"},"canonical":"https:\/\/www.manaus.am.gov.br\/seminf\/pavimentacao-ramal\/","og_locale":"pt_BR","og_type":"article","og_title":"Prefeitura de Manaus inicia pavimenta\u00e7\u00e3o no Ramal do S\u00e3o Francisco","og_description":"A Prefeitura de Manaus, por meio da Seminf, deu in\u00edcio \u00e0s obras de pavimenta\u00e7\u00e3o de toda a extens\u00e3o do ramal do S\u00e3o Francisco.","og_url":"https:\/\/www.manaus.am.gov.br\/seminf\/pavimentacao-ramal\/","og_site_name":"SEMINF","article_published_time":"2024-05-26T17:58:12+00:00","og_image":[{"width":799,"height":533,"url":"https:\/\/www.manaus.am.gov.br\/seminf\/wp-content\/uploads\/sites\/6\/2024\/05\/Ordem-de-Servico-Sao-Francisco-1.jpg","type":"image\/jpeg"}],"author":"smonteiro","twitter_card":"summary_large_image","twitter_misc":{"Written by":"smonteiro","Est. reading time":"4 minutos"},"schema":{"@context":"https:\/\/schema.org","@graph":[{"@type":"WebPage","@id":"https:\/\/www.manaus.am.gov.br\/seminf\/pavimentacao-ramal\/","url":"https:\/\/www.manaus.am.gov.br\/seminf\/pavimentacao-ramal\/","name":"Prefeitura de Manaus inicia pavimenta\u00e7\u00e3o no Ramal do S\u00e3o Francisco","isPartOf":{"@id":"https:\/\/www.manaus.am.gov.br\/seminf\/#website"},"primaryImageOfPage":{"@id":"https:\/\/www.manaus.am.gov.br\/seminf\/pavimentacao-ramal\/#primaryimage"},"image":{"@id":"https:\/\/www.manaus.am.gov.br\/seminf\/pavimentacao-ramal\/#primaryimage"},"thumbnailUrl":"https:\/\/www.manaus.am.gov.br\/seminf\/wp-content\/uploads\/sites\/6\/2024\/05\/Ordem-de-Servico-Sao-Francisco-1.jpg","datePublished":"2024-05-26T17:58:12+00:00","dateModified":"2024-05-26T17:58:12+00:00","author":{"@id":"https:\/\/www.manaus.am.gov.br\/seminf\/#\/schema\/person\/ab4dcf766a54dff74e8d267f5c591961"},"description":"A Prefeitura de Manaus, por meio da Seminf, deu in\u00edcio \u00e0s obras de pavimenta\u00e7\u00e3o de toda a extens\u00e3o do ramal do S\u00e3o Francisco.","inLanguage":"pt-BR","potentialAction":[{"@type":"ReadAction","target":["https:\/\/www.manaus.am.gov.br\/seminf\/pavimentacao-ramal\/"]}]},{"@type":"ImageObject","inLanguage":"pt-BR","@id":"https:\/\/www.manaus.am.gov.br\/seminf\/pavimentacao-ramal\/#primaryimage","url":"https:\/\/www.manaus.am.gov.br\/seminf\/wp-content\/uploads\/sites\/6\/2024\/05\/Ordem-de-Servico-Sao-Francisco-1.jpg","contentUrl":"https:\/\/www.manaus.am.gov.br\/seminf\/wp-content\/uploads\/sites\/6\/2024\/05\/Ordem-de-Servico-Sao-Francisco-1.jpg","width":799,"height":533,"caption":"#paratodosverem - prefeito mostra a ordem de servi\u00e7o assinada"},{"@type":"WebSite","@id":"https:\/\/www.manaus.am.gov.br\/seminf\/#website","url":"https:\/\/www.manaus.am.gov.br\/seminf\/","name":"Secretaria de Infraestrutura","description":"Secretaria Municipal de Infraestrutura","potentialAction":[{"@type":"SearchAction","target":{"@type":"EntryPoint","urlTemplate":"https:\/\/www.manaus.am.gov.br\/seminf\/?s={search_term_string}"},"query-input":"required name=search_term_string"}],"inLanguage":"pt-BR"},{"@type":"Person","@id":"https:\/\/www.manaus.am.gov.br\/seminf\/#\/schema\/person\/ab4dcf766a54dff74e8d267f5c591961","name":"smonteiro","image":{"@type":"ImageObject","inLanguage":"pt-BR","@id":"https:\/\/www.manaus.am.gov.br\/seminf\/#\/schema\/person\/image\/","url":"https:\/\/secure.gravatar.com\/avatar\/21c8776ef61d9272c73322052e042d77?s=96&d=mm&r=g","contentUrl":"https:\/\/secure.gravatar.com\/avatar\/21c8776ef61d9272c73322052e042d77?s=96&d=mm&r=g","caption":"smonteiro"}}]}},"_links":{"self":[{"href":"https:\/\/www.manaus.am.gov.br\/seminf\/wp-json\/wp\/v2\/posts\/3219"}],"collection":[{"href":"https:\/\/www.manaus.am.gov.br\/seminf\/wp-json\/wp\/v2\/posts"}],"about":[{"href":"https:\/\/www.manaus.am.gov.br\/seminf\/wp-json\/wp\/v2\/types\/post"}],"author":[{"embeddable":true,"href":"https:\/\/www.manaus.am.gov.br\/seminf\/wp-json\/wp\/v2\/users\/61"}],"replies":[{"embeddable":true,"href":"https:\/\/www.manaus.am.gov.br\/seminf\/wp-json\/wp\/v2\/comments?post=3219"}],"version-history":[{"count":1,"href":"https:\/\/www.manaus.am.gov.br\/seminf\/wp-json\/wp\/v2\/posts\/3219\/revisions"}],"predecessor-version":[{"id":3222,"href":"https:\/\/www.manaus.am.gov.br\/seminf\/wp-json\/wp\/v2\/posts\/3219\/revisions\/3222"}],"wp:featuredmedia":[{"embeddable":true,"href":"https:\/\/www.manaus.am.gov.br\/seminf\/wp-json\/wp\/v2\/media\/3221"}],"wp:attachment":[{"href":"https:\/\/www.manaus.am.gov.br\/seminf\/wp-json\/wp\/v2\/media?parent=3219"}],"wp:term":[{"taxonomy":"category","embeddable":true,"href":"https:\/\/www.manaus.am.gov.br\/seminf\/wp-json\/wp\/v2\/categories?post=3219"},{"taxonomy":"post_tag","embeddable":true,"href":"https:\/\/www.manaus.am.gov.br\/seminf\/wp-json\/wp\/v2\/tags?post=3219"}],"curies":[{"name":"wp","href":"https:\/\/api.w.org\/{rel}","templated":true}]}}