{"id":3186,"date":"2024-05-20T19:36:41","date_gmt":"2024-05-20T23:36:41","guid":{"rendered":"https:\/\/www.manaus.am.gov.br\/seminf\/asfaltamento-coliseu-3\/"},"modified":"2024-05-20T19:39:42","modified_gmt":"2024-05-20T23:39:42","slug":"asfaltamento-coliseu-3","status":"publish","type":"post","link":"https:\/\/www.manaus.am.gov.br\/seminf\/asfaltamento-coliseu-3\/","title":{"rendered":"Prefeitura de Manaus inicia o asfaltamento das ruas na comunidade Coliseu 3, na zona Leste"},"content":{"rendered":"\n<p>A Prefeitura de Manaus, por meio da Secretaria Municipal de Infraestrutura (Seminf), aplicou, nesta segunda-feira, 20\/5, a primeira ca\u00e7amba de asfalto na comunidade Coliseu 3, no bairro Jorge Teixeira, zona Leste, ap\u00f3s 10 anos de espera, conforme moradores. A meta \u00e9 asfaltar as 20 ruas da comunidade em 45 dias.<\/p>\n\n\n\n<p>\u201cEsse n\u00famero se somar\u00e1 as mais de 2,7 mil ruas recapeadas pela gest\u00e3o. O prefeito David Almeida determinou celeridade \u00e0 obra. Neste momento, j\u00e1 anoitecendo, \u00e9 poss\u00edvel ver as l\u00e2mpadas acesas, porque o prefeito trouxe aqui para dentro a ilumina\u00e7\u00e3o, \u00e1gua e, agora, o asfalto. Essa comunidade existe h\u00e1 dez anos, mas foi s\u00f3 na gest\u00e3o do prefeito David que foi poss\u00edvel realizar todos esses servi\u00e7os\u201d, afirmou o secret\u00e1rio de Obras, Renato Junior.<\/p>\n\n\n\n<p>A comunidade abriga cerca de duas mil pessoas e receber\u00e1, pela primeira vez, asfalto em mais de 20 ruas que est\u00e3o em solo natural. Os servi\u00e7os iniciaram pelas ruas Georgina Albuquerque e Anne Frank. O aut\u00f4nomo Raimundo Lima, de 47 anos, relatou as dificuldades que a comunidade passa e celebrou a chegada do asfalto.<\/p>\n\n\n\n<p>\u201cAqui \u00e9 intransit\u00e1vel. Em dias de chuva, os alunos n\u00e3o v\u00e3o para aula e, quando v\u00e3o, t\u00eam que colocar sacola nos p\u00e9s para poder tentar sair de casa. Passamos por muita dificuldade. Agora eu quero agradecer \u00e0 Prefeitura de Manaus, por esse grande avan\u00e7o que chega na comunidade Coliseu\u201d, contou Raimundo.<\/p>\n\n\n\n<p>Na \u00faltima semana, quatro ordens de servi\u00e7o para recapeamento de vias foram assinadas, ampliando as frentes nos bairros Cidade Nova, Cidade de Deus e Lago Azul, na zona Norte, e Parque S\u00e3o Pedro, no Tarum\u00e3, zona Oeste.<\/p>\n\n\n\n<p>Outras cinco comunidades e conjuntos foram contemplados com o servi\u00e7o de pavimenta\u00e7\u00e3o, al\u00e9m da comunidade Coliseu 3, no bairro Jorge Teixeira; como a Rosa Almeida, na zona Norte;&nbsp; comunidade Vila Nova, no Mauazinho, e a comunidade Amazonino Mendes, no Novo Aleixo, zona Leste.<\/p>\n\n\n\n<p>Lan\u00e7ado em abril de 2022, o \u201cAsfalta Manaus\u201d, maior programa de pavimenta\u00e7\u00e3o urbana da capital, j\u00e1 alcan\u00e7ou mais de 2,7 mil ruas com o pavimento novo. Na zona Norte, 751 ruas foram asfaltadas; na zona Leste, 407; na zona Sul, 325; na zona Oeste, 471 vias foram contempladas; na zona Centro-Oeste, 438; na zona Centro-Sul, 402 ruas foram asfaltadas.<\/p>\n\n\n\n<p>Os servi\u00e7os na comunidade Coliseu 3 envolvem etapas que v\u00e3o da terraplanagem ao nivelamento da superf\u00edcie para receber a aplica\u00e7\u00e3o do asfalto, dentro dos padr\u00f5es de qualidade estabelecidos pela Prefeitura de Manaus, que visam garantir a durabilidade do pavimento.<\/p>\n\n\n\n<p>A diarista Eucilene da Costa, 54 anos, disse que todo dia enfrenta o desafio de sair de casa para o trabalho.<\/p>\n\n\n<div class=\"wp-block-image\">\n<figure class=\"aligncenter size-full is-resized\"><img loading=\"lazy\" decoding=\"async\" width=\"799\" height=\"533\" src=\"https:\/\/www.manaus.am.gov.br\/seminf\/wp-content\/uploads\/sites\/6\/2024\/05\/Asfalta-Manaus-no-Coliseu-1.jpg\" alt=\"\" class=\"wp-image-3187\" style=\"width:673px;height:auto\" srcset=\"https:\/\/www.manaus.am.gov.br\/seminf\/wp-content\/uploads\/sites\/6\/2024\/05\/Asfalta-Manaus-no-Coliseu-1.jpg 799w, https:\/\/www.manaus.am.gov.br\/seminf\/wp-content\/uploads\/sites\/6\/2024\/05\/Asfalta-Manaus-no-Coliseu-1-300x200.jpg 300w, https:\/\/www.manaus.am.gov.br\/seminf\/wp-content\/uploads\/sites\/6\/2024\/05\/Asfalta-Manaus-no-Coliseu-1-768x512.jpg 768w\" sizes=\"(max-width: 799px) 100vw, 799px\" \/><\/figure><\/div>\n\n\n<p>\u201cAqui \u00e9 s\u00f3 barro e quando chovia era saco na cabe\u00e7a e sacola nos p\u00e9s, o \u00fanico jeito de eu poder sair de casa e ir para o trabalho. Saio andando daqui da comunidade at\u00e9 a principal e passo por isso desde 2014. Foram dez anos que esperei por esse asfalto, agora s\u00f3 tenho de agradecer ao prefeito David Almeida e ao secret\u00e1rio de Obras Renato Junior, que prometeram e cumpriram\u201d, relatou a moradora.<\/p>\n\n\n\n<p>&#8212; &#8212; &#8212;<\/p>\n\n\n\n<p><strong>Texto<\/strong> &#8211; Rayana Coutinho e Valesca Martins \/ Seminf<\/p>\n\n\n\n<p><strong>Fotos<\/strong> &#8211; M\u00e1rcio Melo \/ Seminf<\/p>\n","protected":false},"excerpt":{"rendered":"","protected":false},"author":61,"featured_media":3188,"comment_status":"closed","ping_status":"closed","sticky":false,"template":"","format":"standard","meta":{"footnotes":""},"categories":[3],"tags":[52,1448,43,26],"acf":[],"yoast_head":"<!-- This site is optimized with the Yoast SEO plugin v23.0 - https:\/\/yoast.com\/wordpress\/plugins\/seo\/ -->\n<title>Prefeitura inicia o asfaltamento das ruas na comunidade Coliseu 3<\/title>\n<meta name=\"description\" content=\"A Prefeitura de Manaus, por meio da Seminf, aplicou, nesta segunda-feira, 20\/5, a primeira ca\u00e7amba de asfalto na comunidade Coliseu 3.\" \/>\n<meta name=\"robots\" content=\"index, follow, max-snippet:-1, max-image-preview:large, max-video-preview:-1\" \/>\n<link rel=\"canonical\" href=\"https:\/\/www.manaus.am.gov.br\/seminf\/asfaltamento-coliseu-3\/\" \/>\n<meta property=\"og:locale\" content=\"pt_BR\" \/>\n<meta property=\"og:type\" content=\"article\" \/>\n<meta property=\"og:title\" content=\"Prefeitura inicia o asfaltamento das ruas na comunidade Coliseu 3\" \/>\n<meta property=\"og:description\" content=\"A Prefeitura de Manaus, por meio da Seminf, aplicou, nesta segunda-feira, 20\/5, a primeira ca\u00e7amba de asfalto na comunidade Coliseu 3.\" \/>\n<meta property=\"og:url\" content=\"https:\/\/www.manaus.am.gov.br\/seminf\/asfaltamento-coliseu-3\/\" \/>\n<meta property=\"og:site_name\" content=\"SEMINF\" \/>\n<meta property=\"article:published_time\" content=\"2024-05-20T23:36:41+00:00\" \/>\n<meta property=\"article:modified_time\" content=\"2024-05-20T23:39:42+00:00\" \/>\n<meta property=\"og:image\" content=\"https:\/\/www.manaus.am.gov.br\/seminf\/wp-content\/uploads\/sites\/6\/2024\/05\/Asfalta-Manaus-no-Coliseu-3.jpg\" \/>\n\t<meta property=\"og:image:width\" content=\"799\" \/>\n\t<meta property=\"og:image:height\" content=\"533\" \/>\n\t<meta property=\"og:image:type\" content=\"image\/jpeg\" \/>\n<meta name=\"author\" content=\"smonteiro\" \/>\n<meta name=\"twitter:card\" content=\"summary_large_image\" \/>\n<meta name=\"twitter:label1\" content=\"Written by\" \/>\n\t<meta name=\"twitter:data1\" content=\"smonteiro\" \/>\n\t<meta name=\"twitter:label2\" content=\"Est. reading time\" \/>\n\t<meta name=\"twitter:data2\" content=\"4 minutos\" \/>\n<script type=\"application\/ld+json\" class=\"yoast-schema-graph\">{\"@context\":\"https:\/\/schema.org\",\"@graph\":[{\"@type\":\"WebPage\",\"@id\":\"https:\/\/www.manaus.am.gov.br\/seminf\/asfaltamento-coliseu-3\/\",\"url\":\"https:\/\/www.manaus.am.gov.br\/seminf\/asfaltamento-coliseu-3\/\",\"name\":\"Prefeitura inicia o asfaltamento das ruas na comunidade Coliseu 3\",\"isPartOf\":{\"@id\":\"https:\/\/www.manaus.am.gov.br\/seminf\/#website\"},\"primaryImageOfPage\":{\"@id\":\"https:\/\/www.manaus.am.gov.br\/seminf\/asfaltamento-coliseu-3\/#primaryimage\"},\"image\":{\"@id\":\"https:\/\/www.manaus.am.gov.br\/seminf\/asfaltamento-coliseu-3\/#primaryimage\"},\"thumbnailUrl\":\"https:\/\/www.manaus.am.gov.br\/seminf\/wp-content\/uploads\/sites\/6\/2024\/05\/Asfalta-Manaus-no-Coliseu-3.jpg\",\"datePublished\":\"2024-05-20T23:36:41+00:00\",\"dateModified\":\"2024-05-20T23:39:42+00:00\",\"author\":{\"@id\":\"https:\/\/www.manaus.am.gov.br\/seminf\/#\/schema\/person\/ab4dcf766a54dff74e8d267f5c591961\"},\"description\":\"A Prefeitura de Manaus, por meio da Seminf, aplicou, nesta segunda-feira, 20\/5, a primeira ca\u00e7amba de asfalto na comunidade Coliseu 3.\",\"inLanguage\":\"pt-BR\",\"potentialAction\":[{\"@type\":\"ReadAction\",\"target\":[\"https:\/\/www.manaus.am.gov.br\/seminf\/asfaltamento-coliseu-3\/\"]}]},{\"@type\":\"ImageObject\",\"inLanguage\":\"pt-BR\",\"@id\":\"https:\/\/www.manaus.am.gov.br\/seminf\/asfaltamento-coliseu-3\/#primaryimage\",\"url\":\"https:\/\/www.manaus.am.gov.br\/seminf\/wp-content\/uploads\/sites\/6\/2024\/05\/Asfalta-Manaus-no-Coliseu-3.jpg\",\"contentUrl\":\"https:\/\/www.manaus.am.gov.br\/seminf\/wp-content\/uploads\/sites\/6\/2024\/05\/Asfalta-Manaus-no-Coliseu-3.jpg\",\"width\":799,\"height\":533,\"caption\":\"#paratodosverem - Secret\u00e1rio Renato J\u00fanior exibe a ordem de servi\u00e7o assinada\"},{\"@type\":\"WebSite\",\"@id\":\"https:\/\/www.manaus.am.gov.br\/seminf\/#website\",\"url\":\"https:\/\/www.manaus.am.gov.br\/seminf\/\",\"name\":\"Secretaria de Infraestrutura\",\"description\":\"Secretaria Municipal de Infraestrutura\",\"potentialAction\":[{\"@type\":\"SearchAction\",\"target\":{\"@type\":\"EntryPoint\",\"urlTemplate\":\"https:\/\/www.manaus.am.gov.br\/seminf\/?s={search_term_string}\"},\"query-input\":\"required name=search_term_string\"}],\"inLanguage\":\"pt-BR\"},{\"@type\":\"Person\",\"@id\":\"https:\/\/www.manaus.am.gov.br\/seminf\/#\/schema\/person\/ab4dcf766a54dff74e8d267f5c591961\",\"name\":\"smonteiro\",\"image\":{\"@type\":\"ImageObject\",\"inLanguage\":\"pt-BR\",\"@id\":\"https:\/\/www.manaus.am.gov.br\/seminf\/#\/schema\/person\/image\/\",\"url\":\"https:\/\/secure.gravatar.com\/avatar\/21c8776ef61d9272c73322052e042d77?s=96&d=mm&r=g\",\"contentUrl\":\"https:\/\/secure.gravatar.com\/avatar\/21c8776ef61d9272c73322052e042d77?s=96&d=mm&r=g\",\"caption\":\"smonteiro\"}}]}<\/script>\n<!-- \/ Yoast SEO plugin. -->","yoast_head_json":{"title":"Prefeitura inicia o asfaltamento das ruas na comunidade Coliseu 3","description":"A Prefeitura de Manaus, por meio da Seminf, aplicou, nesta segunda-feira, 20\/5, a primeira ca\u00e7amba de asfalto na comunidade Coliseu 3.","robots":{"index":"index","follow":"follow","max-snippet":"max-snippet:-1","max-image-preview":"max-image-preview:large","max-video-preview":"max-video-preview:-1"},"canonical":"https:\/\/www.manaus.am.gov.br\/seminf\/asfaltamento-coliseu-3\/","og_locale":"pt_BR","og_type":"article","og_title":"Prefeitura inicia o asfaltamento das ruas na comunidade Coliseu 3","og_description":"A Prefeitura de Manaus, por meio da Seminf, aplicou, nesta segunda-feira, 20\/5, a primeira ca\u00e7amba de asfalto na comunidade Coliseu 3.","og_url":"https:\/\/www.manaus.am.gov.br\/seminf\/asfaltamento-coliseu-3\/","og_site_name":"SEMINF","article_published_time":"2024-05-20T23:36:41+00:00","article_modified_time":"2024-05-20T23:39:42+00:00","og_image":[{"width":799,"height":533,"url":"https:\/\/www.manaus.am.gov.br\/seminf\/wp-content\/uploads\/sites\/6\/2024\/05\/Asfalta-Manaus-no-Coliseu-3.jpg","type":"image\/jpeg"}],"author":"smonteiro","twitter_card":"summary_large_image","twitter_misc":{"Written by":"smonteiro","Est. reading time":"4 minutos"},"schema":{"@context":"https:\/\/schema.org","@graph":[{"@type":"WebPage","@id":"https:\/\/www.manaus.am.gov.br\/seminf\/asfaltamento-coliseu-3\/","url":"https:\/\/www.manaus.am.gov.br\/seminf\/asfaltamento-coliseu-3\/","name":"Prefeitura inicia o asfaltamento das ruas na comunidade Coliseu 3","isPartOf":{"@id":"https:\/\/www.manaus.am.gov.br\/seminf\/#website"},"primaryImageOfPage":{"@id":"https:\/\/www.manaus.am.gov.br\/seminf\/asfaltamento-coliseu-3\/#primaryimage"},"image":{"@id":"https:\/\/www.manaus.am.gov.br\/seminf\/asfaltamento-coliseu-3\/#primaryimage"},"thumbnailUrl":"https:\/\/www.manaus.am.gov.br\/seminf\/wp-content\/uploads\/sites\/6\/2024\/05\/Asfalta-Manaus-no-Coliseu-3.jpg","datePublished":"2024-05-20T23:36:41+00:00","dateModified":"2024-05-20T23:39:42+00:00","author":{"@id":"https:\/\/www.manaus.am.gov.br\/seminf\/#\/schema\/person\/ab4dcf766a54dff74e8d267f5c591961"},"description":"A Prefeitura de Manaus, por meio da Seminf, aplicou, nesta segunda-feira, 20\/5, a primeira ca\u00e7amba de asfalto na comunidade Coliseu 3.","inLanguage":"pt-BR","potentialAction":[{"@type":"ReadAction","target":["https:\/\/www.manaus.am.gov.br\/seminf\/asfaltamento-coliseu-3\/"]}]},{"@type":"ImageObject","inLanguage":"pt-BR","@id":"https:\/\/www.manaus.am.gov.br\/seminf\/asfaltamento-coliseu-3\/#primaryimage","url":"https:\/\/www.manaus.am.gov.br\/seminf\/wp-content\/uploads\/sites\/6\/2024\/05\/Asfalta-Manaus-no-Coliseu-3.jpg","contentUrl":"https:\/\/www.manaus.am.gov.br\/seminf\/wp-content\/uploads\/sites\/6\/2024\/05\/Asfalta-Manaus-no-Coliseu-3.jpg","width":799,"height":533,"caption":"#paratodosverem - Secret\u00e1rio Renato J\u00fanior exibe a ordem de servi\u00e7o assinada"},{"@type":"WebSite","@id":"https:\/\/www.manaus.am.gov.br\/seminf\/#website","url":"https:\/\/www.manaus.am.gov.br\/seminf\/","name":"Secretaria de Infraestrutura","description":"Secretaria Municipal de Infraestrutura","potentialAction":[{"@type":"SearchAction","target":{"@type":"EntryPoint","urlTemplate":"https:\/\/www.manaus.am.gov.br\/seminf\/?s={search_term_string}"},"query-input":"required name=search_term_string"}],"inLanguage":"pt-BR"},{"@type":"Person","@id":"https:\/\/www.manaus.am.gov.br\/seminf\/#\/schema\/person\/ab4dcf766a54dff74e8d267f5c591961","name":"smonteiro","image":{"@type":"ImageObject","inLanguage":"pt-BR","@id":"https:\/\/www.manaus.am.gov.br\/seminf\/#\/schema\/person\/image\/","url":"https:\/\/secure.gravatar.com\/avatar\/21c8776ef61d9272c73322052e042d77?s=96&d=mm&r=g","contentUrl":"https:\/\/secure.gravatar.com\/avatar\/21c8776ef61d9272c73322052e042d77?s=96&d=mm&r=g","caption":"smonteiro"}}]}},"_links":{"self":[{"href":"https:\/\/www.manaus.am.gov.br\/seminf\/wp-json\/wp\/v2\/posts\/3186"}],"collection":[{"href":"https:\/\/www.manaus.am.gov.br\/seminf\/wp-json\/wp\/v2\/posts"}],"about":[{"href":"https:\/\/www.manaus.am.gov.br\/seminf\/wp-json\/wp\/v2\/types\/post"}],"author":[{"embeddable":true,"href":"https:\/\/www.manaus.am.gov.br\/seminf\/wp-json\/wp\/v2\/users\/61"}],"replies":[{"embeddable":true,"href":"https:\/\/www.manaus.am.gov.br\/seminf\/wp-json\/wp\/v2\/comments?post=3186"}],"version-history":[{"count":4,"href":"https:\/\/www.manaus.am.gov.br\/seminf\/wp-json\/wp\/v2\/posts\/3186\/revisions"}],"predecessor-version":[{"id":3192,"href":"https:\/\/www.manaus.am.gov.br\/seminf\/wp-json\/wp\/v2\/posts\/3186\/revisions\/3192"}],"wp:featuredmedia":[{"embeddable":true,"href":"https:\/\/www.manaus.am.gov.br\/seminf\/wp-json\/wp\/v2\/media\/3188"}],"wp:attachment":[{"href":"https:\/\/www.manaus.am.gov.br\/seminf\/wp-json\/wp\/v2\/media?parent=3186"}],"wp:term":[{"taxonomy":"category","embeddable":true,"href":"https:\/\/www.manaus.am.gov.br\/seminf\/wp-json\/wp\/v2\/categories?post=3186"},{"taxonomy":"post_tag","embeddable":true,"href":"https:\/\/www.manaus.am.gov.br\/seminf\/wp-json\/wp\/v2\/tags?post=3186"}],"curies":[{"name":"wp","href":"https:\/\/api.w.org\/{rel}","templated":true}]}}