{"id":3105,"date":"2024-05-08T12:38:03","date_gmt":"2024-05-08T16:38:03","guid":{"rendered":"https:\/\/www.manaus.am.gov.br\/seminf\/prefeito-vistoria-viaduto\/"},"modified":"2024-05-08T12:38:04","modified_gmt":"2024-05-08T16:38:04","slug":"prefeito-vistoria-viaduto","status":"publish","type":"post","link":"https:\/\/www.manaus.am.gov.br\/seminf\/prefeito-vistoria-viaduto\/","title":{"rendered":"Prefeito vistoria avan\u00e7o nas obras do complexo vi\u00e1rio Rei Pel\u00e9"},"content":{"rendered":"\n<p>O prefeito de Manaus, David Almeida, e o titular da Secretaria Municipal de Infraestrutura (Seminf), Renato Junior, vistoriaram, nesta quarta-feira, 8\/5, o avan\u00e7o das obras do complexo vi\u00e1rio Rei Pel\u00e9, na rotat\u00f3ria do Produtor, bairro Jorge Teixeira, zona Leste, que est\u00e1 com 50% do viaduto conclu\u00eddo.<\/p>\n\n\n\n<p>O prefeito afirmou que os trabalhos s\u00e3o realizados, de forma acelerada, para entregar o quanto antes o novo viaduto, que vai resolver o problema do fluxo de ve\u00edculos na \u00e1rea. &#8220;Estamos trabalhando, diuturnamente, acelerando o cronograma de trabalho, para que a gente possa entregar o mais r\u00e1pido poss\u00edvel, diminuindo o impacto que causa na vida das pessoas. N\u00f3s pedimos a compreens\u00e3o da popula\u00e7\u00e3o, porque \u00e9 uma obra que vai ficar perene e vai resolver, definitivamente, o problema do fluxo aqui nessa \u00e1rea da cidade entre as zonas Norte e Leste&#8221;, disse o chefe do Executivo municipal.<\/p>\n\n\n\n<p>A estimativa \u00e9 que, no pr\u00f3ximo m\u00eas, seja liberado o tr\u00e2nsito na parte superior do complexo vi\u00e1rio Rei Pel\u00e9, que compreende o viaduto. &#8220;Estamos em mais de 50% da parte de cima do viaduto, a qual j\u00e1 queremos liberar, no pr\u00f3ximo m\u00eas, o tr\u00e2nsito. Na verdade, a determina\u00e7\u00e3o do prefeito deve ser que a gente acelere de dia, de noite, de madrugada essa obra, para que a gente possa entregar o mais r\u00e1pido poss\u00edvel para a popula\u00e7\u00e3o&#8221;, informou o secret\u00e1rio da Seminf, Renato J\u00fanior.<\/p>\n\n\n\n<p>A obra j\u00e1 teve a conclus\u00e3o da instala\u00e7\u00e3o de todos os pilares, vigas e est\u00e1 na fase de realiza\u00e7\u00e3o da pr\u00e9-laje, banqueta e, logo em seguida, ser\u00e1 feito o asfaltamento, conforme cronograma da Seminf.<\/p>\n\n\n\n<p>&#8212; &#8212; &#8212;<\/p>\n\n\n\n<p><strong>Texto<\/strong>&nbsp;&#8211; Geraldo Farias \/ Semcom<\/p>\n\n\n\n<p><strong>Fotos<\/strong>&nbsp;\u2013 Dhyeizo Lemos\/Semcom e Carlos Oliveira\/Seminf<\/p>\n","protected":false},"excerpt":{"rendered":"","protected":false},"author":23,"featured_media":3106,"comment_status":"closed","ping_status":"closed","sticky":false,"template":"","format":"standard","meta":{"footnotes":""},"categories":[560],"tags":[1058,69,171,952,278],"acf":[],"yoast_head":"<!-- This site is optimized with the Yoast SEO plugin v23.0 - https:\/\/yoast.com\/wordpress\/plugins\/seo\/ -->\n<title>Prefeito vistoria avan\u00e7o nas obras do complexo vi\u00e1rio Rei Pel\u00e9<\/title>\n<meta name=\"description\" content=\"O prefeito de Manaus, David Almeida, e o titular da Secretaria Municipal de Infraestrutura (Seminf), Renato Junior, vistoriaram, nesta quarta-feira, 8\/5, o avan\u00e7o das obras do complexo vi\u00e1rio Rei Pel\u00e9, na rotat\u00f3ria do Produtor, bairro Jorge Teixeira, zona Leste, que est\u00e1 com 50% do viaduto conclu\u00eddo.\" \/>\n<meta name=\"robots\" content=\"index, follow, max-snippet:-1, max-image-preview:large, max-video-preview:-1\" \/>\n<link rel=\"canonical\" href=\"https:\/\/www.manaus.am.gov.br\/seminf\/prefeito-vistoria-viaduto\/\" \/>\n<meta property=\"og:locale\" content=\"pt_BR\" \/>\n<meta property=\"og:type\" content=\"article\" \/>\n<meta property=\"og:title\" content=\"Prefeito vistoria avan\u00e7o nas obras do complexo vi\u00e1rio Rei Pel\u00e9\" \/>\n<meta property=\"og:description\" content=\"O prefeito de Manaus, David Almeida, e o titular da Secretaria Municipal de Infraestrutura (Seminf), Renato Junior, vistoriaram, nesta quarta-feira, 8\/5, o avan\u00e7o das obras do complexo vi\u00e1rio Rei Pel\u00e9, na rotat\u00f3ria do Produtor, bairro Jorge Teixeira, zona Leste, que est\u00e1 com 50% do viaduto conclu\u00eddo.\" \/>\n<meta property=\"og:url\" content=\"https:\/\/www.manaus.am.gov.br\/seminf\/prefeito-vistoria-viaduto\/\" \/>\n<meta property=\"og:site_name\" content=\"SEMINF\" \/>\n<meta property=\"article:published_time\" content=\"2024-05-08T16:38:03+00:00\" \/>\n<meta property=\"article:modified_time\" content=\"2024-05-08T16:38:04+00:00\" \/>\n<meta property=\"og:image\" content=\"https:\/\/www.manaus.am.gov.br\/seminf\/wp-content\/uploads\/sites\/6\/2024\/05\/53706699412_e2845e9808_c.jpg\" \/>\n\t<meta property=\"og:image:width\" content=\"799\" \/>\n\t<meta property=\"og:image:height\" content=\"533\" \/>\n\t<meta property=\"og:image:type\" content=\"image\/jpeg\" \/>\n<meta name=\"author\" content=\"Adriana Costa\" \/>\n<meta name=\"twitter:card\" content=\"summary_large_image\" \/>\n<meta name=\"twitter:label1\" content=\"Written by\" \/>\n\t<meta name=\"twitter:data1\" content=\"Adriana Costa\" \/>\n\t<meta name=\"twitter:label2\" content=\"Est. reading time\" \/>\n\t<meta name=\"twitter:data2\" content=\"2 minutos\" \/>\n<script type=\"application\/ld+json\" class=\"yoast-schema-graph\">{\"@context\":\"https:\/\/schema.org\",\"@graph\":[{\"@type\":\"WebPage\",\"@id\":\"https:\/\/www.manaus.am.gov.br\/seminf\/prefeito-vistoria-viaduto\/\",\"url\":\"https:\/\/www.manaus.am.gov.br\/seminf\/prefeito-vistoria-viaduto\/\",\"name\":\"Prefeito vistoria avan\u00e7o nas obras do complexo vi\u00e1rio Rei Pel\u00e9\",\"isPartOf\":{\"@id\":\"https:\/\/www.manaus.am.gov.br\/seminf\/#website\"},\"primaryImageOfPage\":{\"@id\":\"https:\/\/www.manaus.am.gov.br\/seminf\/prefeito-vistoria-viaduto\/#primaryimage\"},\"image\":{\"@id\":\"https:\/\/www.manaus.am.gov.br\/seminf\/prefeito-vistoria-viaduto\/#primaryimage\"},\"thumbnailUrl\":\"https:\/\/www.manaus.am.gov.br\/seminf\/wp-content\/uploads\/sites\/6\/2024\/05\/53706699412_e2845e9808_c.jpg\",\"datePublished\":\"2024-05-08T16:38:03+00:00\",\"dateModified\":\"2024-05-08T16:38:04+00:00\",\"author\":{\"@id\":\"https:\/\/www.manaus.am.gov.br\/seminf\/#\/schema\/person\/4e49f4e267757a06ca072ec61b2b9968\"},\"description\":\"O prefeito de Manaus, David Almeida, e o titular da Secretaria Municipal de Infraestrutura (Seminf), Renato Junior, vistoriaram, nesta quarta-feira, 8\/5, o avan\u00e7o das obras do complexo vi\u00e1rio Rei Pel\u00e9, na rotat\u00f3ria do Produtor, bairro Jorge Teixeira, zona Leste, que est\u00e1 com 50% do viaduto conclu\u00eddo.\",\"inLanguage\":\"pt-BR\",\"potentialAction\":[{\"@type\":\"ReadAction\",\"target\":[\"https:\/\/www.manaus.am.gov.br\/seminf\/prefeito-vistoria-viaduto\/\"]}]},{\"@type\":\"ImageObject\",\"inLanguage\":\"pt-BR\",\"@id\":\"https:\/\/www.manaus.am.gov.br\/seminf\/prefeito-vistoria-viaduto\/#primaryimage\",\"url\":\"https:\/\/www.manaus.am.gov.br\/seminf\/wp-content\/uploads\/sites\/6\/2024\/05\/53706699412_e2845e9808_c.jpg\",\"contentUrl\":\"https:\/\/www.manaus.am.gov.br\/seminf\/wp-content\/uploads\/sites\/6\/2024\/05\/53706699412_e2845e9808_c.jpg\",\"width\":799,\"height\":533},{\"@type\":\"WebSite\",\"@id\":\"https:\/\/www.manaus.am.gov.br\/seminf\/#website\",\"url\":\"https:\/\/www.manaus.am.gov.br\/seminf\/\",\"name\":\"Secretaria de Infraestrutura\",\"description\":\"Secretaria Municipal de Infraestrutura\",\"potentialAction\":[{\"@type\":\"SearchAction\",\"target\":{\"@type\":\"EntryPoint\",\"urlTemplate\":\"https:\/\/www.manaus.am.gov.br\/seminf\/?s={search_term_string}\"},\"query-input\":\"required name=search_term_string\"}],\"inLanguage\":\"pt-BR\"},{\"@type\":\"Person\",\"@id\":\"https:\/\/www.manaus.am.gov.br\/seminf\/#\/schema\/person\/4e49f4e267757a06ca072ec61b2b9968\",\"name\":\"Adriana Costa\",\"image\":{\"@type\":\"ImageObject\",\"inLanguage\":\"pt-BR\",\"@id\":\"https:\/\/www.manaus.am.gov.br\/seminf\/#\/schema\/person\/image\/\",\"url\":\"https:\/\/secure.gravatar.com\/avatar\/576258617ef7194f718179e766d57bd4?s=96&d=mm&r=g\",\"contentUrl\":\"https:\/\/secure.gravatar.com\/avatar\/576258617ef7194f718179e766d57bd4?s=96&d=mm&r=g\",\"caption\":\"Adriana Costa\"}}]}<\/script>\n<!-- \/ Yoast SEO plugin. -->","yoast_head_json":{"title":"Prefeito vistoria avan\u00e7o nas obras do complexo vi\u00e1rio Rei Pel\u00e9","description":"O prefeito de Manaus, David Almeida, e o titular da Secretaria Municipal de Infraestrutura (Seminf), Renato Junior, vistoriaram, nesta quarta-feira, 8\/5, o avan\u00e7o das obras do complexo vi\u00e1rio Rei Pel\u00e9, na rotat\u00f3ria do Produtor, bairro Jorge Teixeira, zona Leste, que est\u00e1 com 50% do viaduto conclu\u00eddo.","robots":{"index":"index","follow":"follow","max-snippet":"max-snippet:-1","max-image-preview":"max-image-preview:large","max-video-preview":"max-video-preview:-1"},"canonical":"https:\/\/www.manaus.am.gov.br\/seminf\/prefeito-vistoria-viaduto\/","og_locale":"pt_BR","og_type":"article","og_title":"Prefeito vistoria avan\u00e7o nas obras do complexo vi\u00e1rio Rei Pel\u00e9","og_description":"O prefeito de Manaus, David Almeida, e o titular da Secretaria Municipal de Infraestrutura (Seminf), Renato Junior, vistoriaram, nesta quarta-feira, 8\/5, o avan\u00e7o das obras do complexo vi\u00e1rio Rei Pel\u00e9, na rotat\u00f3ria do Produtor, bairro Jorge Teixeira, zona Leste, que est\u00e1 com 50% do viaduto conclu\u00eddo.","og_url":"https:\/\/www.manaus.am.gov.br\/seminf\/prefeito-vistoria-viaduto\/","og_site_name":"SEMINF","article_published_time":"2024-05-08T16:38:03+00:00","article_modified_time":"2024-05-08T16:38:04+00:00","og_image":[{"width":799,"height":533,"url":"https:\/\/www.manaus.am.gov.br\/seminf\/wp-content\/uploads\/sites\/6\/2024\/05\/53706699412_e2845e9808_c.jpg","type":"image\/jpeg"}],"author":"Adriana Costa","twitter_card":"summary_large_image","twitter_misc":{"Written by":"Adriana Costa","Est. reading time":"2 minutos"},"schema":{"@context":"https:\/\/schema.org","@graph":[{"@type":"WebPage","@id":"https:\/\/www.manaus.am.gov.br\/seminf\/prefeito-vistoria-viaduto\/","url":"https:\/\/www.manaus.am.gov.br\/seminf\/prefeito-vistoria-viaduto\/","name":"Prefeito vistoria avan\u00e7o nas obras do complexo vi\u00e1rio Rei Pel\u00e9","isPartOf":{"@id":"https:\/\/www.manaus.am.gov.br\/seminf\/#website"},"primaryImageOfPage":{"@id":"https:\/\/www.manaus.am.gov.br\/seminf\/prefeito-vistoria-viaduto\/#primaryimage"},"image":{"@id":"https:\/\/www.manaus.am.gov.br\/seminf\/prefeito-vistoria-viaduto\/#primaryimage"},"thumbnailUrl":"https:\/\/www.manaus.am.gov.br\/seminf\/wp-content\/uploads\/sites\/6\/2024\/05\/53706699412_e2845e9808_c.jpg","datePublished":"2024-05-08T16:38:03+00:00","dateModified":"2024-05-08T16:38:04+00:00","author":{"@id":"https:\/\/www.manaus.am.gov.br\/seminf\/#\/schema\/person\/4e49f4e267757a06ca072ec61b2b9968"},"description":"O prefeito de Manaus, David Almeida, e o titular da Secretaria Municipal de Infraestrutura (Seminf), Renato Junior, vistoriaram, nesta quarta-feira, 8\/5, o avan\u00e7o das obras do complexo vi\u00e1rio Rei Pel\u00e9, na rotat\u00f3ria do Produtor, bairro Jorge Teixeira, zona Leste, que est\u00e1 com 50% do viaduto conclu\u00eddo.","inLanguage":"pt-BR","potentialAction":[{"@type":"ReadAction","target":["https:\/\/www.manaus.am.gov.br\/seminf\/prefeito-vistoria-viaduto\/"]}]},{"@type":"ImageObject","inLanguage":"pt-BR","@id":"https:\/\/www.manaus.am.gov.br\/seminf\/prefeito-vistoria-viaduto\/#primaryimage","url":"https:\/\/www.manaus.am.gov.br\/seminf\/wp-content\/uploads\/sites\/6\/2024\/05\/53706699412_e2845e9808_c.jpg","contentUrl":"https:\/\/www.manaus.am.gov.br\/seminf\/wp-content\/uploads\/sites\/6\/2024\/05\/53706699412_e2845e9808_c.jpg","width":799,"height":533},{"@type":"WebSite","@id":"https:\/\/www.manaus.am.gov.br\/seminf\/#website","url":"https:\/\/www.manaus.am.gov.br\/seminf\/","name":"Secretaria de Infraestrutura","description":"Secretaria Municipal de Infraestrutura","potentialAction":[{"@type":"SearchAction","target":{"@type":"EntryPoint","urlTemplate":"https:\/\/www.manaus.am.gov.br\/seminf\/?s={search_term_string}"},"query-input":"required name=search_term_string"}],"inLanguage":"pt-BR"},{"@type":"Person","@id":"https:\/\/www.manaus.am.gov.br\/seminf\/#\/schema\/person\/4e49f4e267757a06ca072ec61b2b9968","name":"Adriana Costa","image":{"@type":"ImageObject","inLanguage":"pt-BR","@id":"https:\/\/www.manaus.am.gov.br\/seminf\/#\/schema\/person\/image\/","url":"https:\/\/secure.gravatar.com\/avatar\/576258617ef7194f718179e766d57bd4?s=96&d=mm&r=g","contentUrl":"https:\/\/secure.gravatar.com\/avatar\/576258617ef7194f718179e766d57bd4?s=96&d=mm&r=g","caption":"Adriana Costa"}}]}},"_links":{"self":[{"href":"https:\/\/www.manaus.am.gov.br\/seminf\/wp-json\/wp\/v2\/posts\/3105"}],"collection":[{"href":"https:\/\/www.manaus.am.gov.br\/seminf\/wp-json\/wp\/v2\/posts"}],"about":[{"href":"https:\/\/www.manaus.am.gov.br\/seminf\/wp-json\/wp\/v2\/types\/post"}],"author":[{"embeddable":true,"href":"https:\/\/www.manaus.am.gov.br\/seminf\/wp-json\/wp\/v2\/users\/23"}],"replies":[{"embeddable":true,"href":"https:\/\/www.manaus.am.gov.br\/seminf\/wp-json\/wp\/v2\/comments?post=3105"}],"version-history":[{"count":0,"href":"https:\/\/www.manaus.am.gov.br\/seminf\/wp-json\/wp\/v2\/posts\/3105\/revisions"}],"wp:featuredmedia":[{"embeddable":true,"href":"https:\/\/www.manaus.am.gov.br\/seminf\/wp-json\/wp\/v2\/media\/3106"}],"wp:attachment":[{"href":"https:\/\/www.manaus.am.gov.br\/seminf\/wp-json\/wp\/v2\/media?parent=3105"}],"wp:term":[{"taxonomy":"category","embeddable":true,"href":"https:\/\/www.manaus.am.gov.br\/seminf\/wp-json\/wp\/v2\/categories?post=3105"},{"taxonomy":"post_tag","embeddable":true,"href":"https:\/\/www.manaus.am.gov.br\/seminf\/wp-json\/wp\/v2\/tags?post=3105"}],"curies":[{"name":"wp","href":"https:\/\/api.w.org\/{rel}","templated":true}]}}