{"id":3093,"date":"2024-05-07T11:30:24","date_gmt":"2024-05-07T15:30:24","guid":{"rendered":"https:\/\/www.manaus.am.gov.br\/seminf\/ordem-servico-reforma-praca-quadra-armando-mendes\/"},"modified":"2024-05-07T11:30:24","modified_gmt":"2024-05-07T15:30:24","slug":"ordem-servico-reforma-praca-quadra-armando-mendes","status":"publish","type":"post","link":"https:\/\/www.manaus.am.gov.br\/seminf\/ordem-servico-reforma-praca-quadra-armando-mendes\/","title":{"rendered":"Prefeito assina ordem de servi\u00e7o para reforma de pra\u00e7a e quadra no bairro Armando Mendes"},"content":{"rendered":"\n<p>O prefeito de Manaus, David Almeida, assinou, nesta ter\u00e7a-feira, 7\/5, a ordem de servi\u00e7o para a reforma da pra\u00e7a no bairro Armando Mendes, na zona Leste da capital amazonense. Com a obra, mais de dois mil metros quadrados de \u00e1rea ser\u00e3o revitalizados.<\/p>\n\n\n\n<p>Na ocasi\u00e3o, o chefe do Executivo municipal destacou que essa entrega faz parte das a\u00e7\u00f5es para mudar a cara da cidade.<\/p>\n\n\n\n<p>\u201cH\u00e1 28 anos esse espa\u00e7o n\u00e3o recebia uma interven\u00e7\u00e3o significativa. As pessoas viram pra\u00e7a reformada, gin\u00e1sio reformado, escolas reformadas, UBS reformada, feira reformada, ruas recapeadas, Prato do Povo j\u00e1 entregue, isso tudo em fun\u00e7\u00e3o dos programas da prefeitura para melhorar a qualidade de vida do povo da cidade de Manaus e a zona Leste est\u00e1 de parab\u00e9ns. A nossa estimativa \u00e9 que at\u00e9 o final do pr\u00f3ximo m\u00eas n\u00f3s possamos estar inaugurando essa obra\u201d, disse Almeida.<\/p>\n\n\n\n<p>O projeto, da Secretaria Municipal de Infraestrutura (Seminf), \u00e9 complexo e minucioso, contemplando desde as constru\u00e7\u00f5es de novos quiosques padronizados, a renova\u00e7\u00e3o de instala\u00e7\u00f5es el\u00e9tricas, recupera\u00e7\u00e3o das cal\u00e7adas, reforma de banheiros at\u00e9 a pintura geral do espa\u00e7o.<\/p>\n\n\n\n<p>\u201cHoje \u00e9 um dia muito especial, essa pra\u00e7a do Armando Mendes esperou 28 anos por uma reforma, e com a determina\u00e7\u00e3o do prefeito David Almeida iremos fazer uma quadra com cobertura met\u00e1lica, ter\u00e1 um piso que vai ter drenagem, absolvi\u00e7\u00e3o de impactado, tanto para zumba quanto o esporte. Ser\u00e1 a primeira quadra que receber\u00e1 essa tecnologia no bairro Armando Mendes. Essa \u00e9 a gest\u00e3o que tem dinamismo, velocidade, trabalho e entrega\u201d, explicou o secret\u00e1rio de Obras, Renato Junior.<\/p>\n\n\n\n<p>A quadra poliesportiva ser\u00e1 toda reformada, do piso modular aos alambrados, e receber\u00e1 uma cobertura, proporcionando, assim, a utiliza\u00e7\u00e3o do espa\u00e7o esportivo em todas as esta\u00e7\u00f5es do ano. O campo de areia receber\u00e1 um moderno sistema de drenagem, para evitar os alagamentos em dias de chuvas e toda areia ser\u00e1 substitu\u00edda.<\/p>\n\n\n\n<figure class=\"wp-block-image size-large\"><img loading=\"lazy\" decoding=\"async\" width=\"1024\" height=\"712\" src=\"https:\/\/www.manaus.am.gov.br\/seminf\/wp-content\/uploads\/sites\/6\/2024\/05\/53705151946_658a363f6e_k-1024x712.jpg\" alt=\"\" class=\"wp-image-3094\" srcset=\"https:\/\/www.manaus.am.gov.br\/seminf\/wp-content\/uploads\/sites\/6\/2024\/05\/53705151946_658a363f6e_k-1024x712.jpg 1024w, https:\/\/www.manaus.am.gov.br\/seminf\/wp-content\/uploads\/sites\/6\/2024\/05\/53705151946_658a363f6e_k-300x209.jpg 300w, https:\/\/www.manaus.am.gov.br\/seminf\/wp-content\/uploads\/sites\/6\/2024\/05\/53705151946_658a363f6e_k-768x534.jpg 768w, https:\/\/www.manaus.am.gov.br\/seminf\/wp-content\/uploads\/sites\/6\/2024\/05\/53705151946_658a363f6e_k-1536x1069.jpg 1536w, https:\/\/www.manaus.am.gov.br\/seminf\/wp-content\/uploads\/sites\/6\/2024\/05\/53705151946_658a363f6e_k.jpg 2047w\" sizes=\"(max-width: 1024px) 100vw, 1024px\" \/><\/figure>\n\n\n\n<p>O empreendedor Edson Magalh\u00e3es, de 42 anos, relata que utiliza a pra\u00e7a e a quadra desde adolescente e nunca viu uma reforma. \u201cEu utilizo desde crian\u00e7a, e sempre foi em p\u00e9ssimas condi\u00e7\u00f5es, quando chove a gente n\u00e3o joga por n\u00e3o ter cobertura, alaga tudo, o piso tamb\u00e9m faz a gente deslizar, a bola sai para fora dos gradis que est\u00e3o quebrados, e esse campo de areia est\u00e1 inativo h\u00e1 muito tempo. Mas agora a gente est\u00e1 muito feliz que chegou a vez do Armando Mendes, muitos pol\u00edticos prometeram, mas s\u00f3 o prefeito David Almeida veio e cumpriu\u201d, comemorou o morador.<\/p>\n\n\n\n<p>A dona de casa Luana Alfaia, de 32 anos, acompanhou a inaugura\u00e7\u00e3o e relatou que, com a reforma, poder\u00e1 ter momentos de entretenimento e lazer com os filhos.<\/p>\n\n\n\n<p>\u201cO Armando Mendes estava esquecido, h\u00e1 15 anos que eu moro aqui e nunca tivemos uma reforma. Agora sim, vou poder trazer minhas crian\u00e7as para brincar no fim de semana, ter um dia de lazer e essa reforma, tanto da pra\u00e7a quanto das quadras, vai beneficiar muito a comunidade. Agrade\u00e7o ao prefeito David Almeida que olhou pelo bairro\u201d, afirmou a moradora.<\/p>\n\n\n\n<p><strong>Novos espa\u00e7os<\/strong><\/p>\n\n\n\n<p>Obras como essa s\u00e3o recorrentes nos tr\u00eas anos de gest\u00e3o David Almeida. Na zona Sul, o campo da Lusit\u00e2nia, no Crespo, ganhou uma repaginada, reforma que chegou tamb\u00e9m \u00e0 lagoa do Japiim. No Morro da Liberdade, as crian\u00e7as aprovaram o novo formato de pra\u00e7a molhada.<\/p>\n\n\n\n<p>Na zona Leste, o complexo esportivo Casinha Branca, no Jorge Teixeira, conta, agora, com quadra poliesportiva e campo de areia, al\u00e9m de pra\u00e7a com quiosques. No Mutir\u00e3o, o campo do Cora\u00e7\u00e3o foi contemplado com a reforma.<\/p>\n\n\n\n<p>Outras quatro \u00e1reas esportivas seguem em fase final de reforma e prestes a serem inauguradas.<\/p>\n\n\n\n<p>&#8212; &#8212; &#8212;<\/p>\n\n\n\n<p><strong>Texto &#8211;<\/strong>&nbsp;Beathriz Torres \/ Semcom e Rayana Coutinho e Valesca Martins \/ Seminf<\/p>\n\n\n\n<p><strong>Fotos \u2013 <\/strong>Dhyeizo Lemos e Valdo Le\u00e3o \/ Semcom e M\u00e1rcio Melo \/ Seminf<\/p>\n\n\n\n<p><strong>Dispon\u00edveis em &#8211; <\/strong><a href=\"https:\/\/flic.kr\/s\/aHBqjBpjGj\">https:\/\/flic.kr\/s\/aHBqjBpjGj<\/a><\/p>\n","protected":false},"excerpt":{"rendered":"","protected":false},"author":39,"featured_media":3095,"comment_status":"closed","ping_status":"closed","sticky":false,"template":"","format":"standard","meta":{"footnotes":""},"categories":[74],"tags":[1434,28,643,172,43,1435,26],"acf":[],"yoast_head":"<!-- This site is optimized with the Yoast SEO plugin v23.0 - https:\/\/yoast.com\/wordpress\/plugins\/seo\/ -->\n<title>Ordem de servi\u00e7o para reforma de pra\u00e7a no Armando Mendes<\/title>\n<meta name=\"description\" content=\"O prefeito de Manaus, David Almeida, assinou, nesta ter\u00e7a-feira, 7\/5, a ordem de servi\u00e7o para a reforma da pra\u00e7a no bairro Armando Mendes.\" \/>\n<meta name=\"robots\" content=\"index, follow, max-snippet:-1, max-image-preview:large, max-video-preview:-1\" \/>\n<link rel=\"canonical\" href=\"https:\/\/www.manaus.am.gov.br\/seminf\/ordem-servico-reforma-praca-quadra-armando-mendes\/\" \/>\n<meta property=\"og:locale\" content=\"pt_BR\" \/>\n<meta property=\"og:type\" content=\"article\" \/>\n<meta property=\"og:title\" content=\"Ordem de servi\u00e7o para reforma de pra\u00e7a no Armando Mendes\" \/>\n<meta property=\"og:description\" content=\"O prefeito de Manaus, David Almeida, assinou, nesta ter\u00e7a-feira, 7\/5, a ordem de servi\u00e7o para a reforma da pra\u00e7a no bairro Armando Mendes.\" \/>\n<meta property=\"og:url\" content=\"https:\/\/www.manaus.am.gov.br\/seminf\/ordem-servico-reforma-praca-quadra-armando-mendes\/\" \/>\n<meta property=\"og:site_name\" content=\"SEMINF\" \/>\n<meta property=\"article:published_time\" content=\"2024-05-07T15:30:24+00:00\" \/>\n<meta property=\"og:image\" content=\"https:\/\/www.manaus.am.gov.br\/seminf\/wp-content\/uploads\/sites\/6\/2024\/05\/53705152996_2f762bfe23_k-e1715095725723.jpg\" \/>\n\t<meta property=\"og:image:width\" content=\"1365\" \/>\n\t<meta property=\"og:image:height\" content=\"1232\" \/>\n\t<meta property=\"og:image:type\" content=\"image\/jpeg\" \/>\n<meta name=\"author\" content=\"Bruna Greco\" \/>\n<meta name=\"twitter:card\" content=\"summary_large_image\" \/>\n<meta name=\"twitter:label1\" content=\"Written by\" \/>\n\t<meta name=\"twitter:data1\" content=\"Bruna Greco\" \/>\n\t<meta name=\"twitter:label2\" content=\"Est. reading time\" \/>\n\t<meta name=\"twitter:data2\" content=\"4 minutos\" \/>\n<script type=\"application\/ld+json\" class=\"yoast-schema-graph\">{\"@context\":\"https:\/\/schema.org\",\"@graph\":[{\"@type\":\"WebPage\",\"@id\":\"https:\/\/www.manaus.am.gov.br\/seminf\/ordem-servico-reforma-praca-quadra-armando-mendes\/\",\"url\":\"https:\/\/www.manaus.am.gov.br\/seminf\/ordem-servico-reforma-praca-quadra-armando-mendes\/\",\"name\":\"Ordem de servi\u00e7o para reforma de pra\u00e7a no Armando Mendes\",\"isPartOf\":{\"@id\":\"https:\/\/www.manaus.am.gov.br\/seminf\/#website\"},\"primaryImageOfPage\":{\"@id\":\"https:\/\/www.manaus.am.gov.br\/seminf\/ordem-servico-reforma-praca-quadra-armando-mendes\/#primaryimage\"},\"image\":{\"@id\":\"https:\/\/www.manaus.am.gov.br\/seminf\/ordem-servico-reforma-praca-quadra-armando-mendes\/#primaryimage\"},\"thumbnailUrl\":\"https:\/\/www.manaus.am.gov.br\/seminf\/wp-content\/uploads\/sites\/6\/2024\/05\/53705152996_2f762bfe23_k-e1715095725723.jpg\",\"datePublished\":\"2024-05-07T15:30:24+00:00\",\"dateModified\":\"2024-05-07T15:30:24+00:00\",\"author\":{\"@id\":\"https:\/\/www.manaus.am.gov.br\/seminf\/#\/schema\/person\/05d223aea2bf115f9883a6ff3683d81b\"},\"description\":\"O prefeito de Manaus, David Almeida, assinou, nesta ter\u00e7a-feira, 7\/5, a ordem de servi\u00e7o para a reforma da pra\u00e7a no bairro Armando Mendes.\",\"inLanguage\":\"pt-BR\",\"potentialAction\":[{\"@type\":\"ReadAction\",\"target\":[\"https:\/\/www.manaus.am.gov.br\/seminf\/ordem-servico-reforma-praca-quadra-armando-mendes\/\"]}]},{\"@type\":\"ImageObject\",\"inLanguage\":\"pt-BR\",\"@id\":\"https:\/\/www.manaus.am.gov.br\/seminf\/ordem-servico-reforma-praca-quadra-armando-mendes\/#primaryimage\",\"url\":\"https:\/\/www.manaus.am.gov.br\/seminf\/wp-content\/uploads\/sites\/6\/2024\/05\/53705152996_2f762bfe23_k-e1715095725723.jpg\",\"contentUrl\":\"https:\/\/www.manaus.am.gov.br\/seminf\/wp-content\/uploads\/sites\/6\/2024\/05\/53705152996_2f762bfe23_k-e1715095725723.jpg\",\"width\":1365,\"height\":1232,\"caption\":\"#paratodosverem - Prefeito de Manaus, David Almeida, e o secret\u00e1rio da Seminf, Renato Junior, com documento de ordem de servi\u00e7o para reforma de pra\u00e7a e quadra no bairro Armando Mendes\"},{\"@type\":\"WebSite\",\"@id\":\"https:\/\/www.manaus.am.gov.br\/seminf\/#website\",\"url\":\"https:\/\/www.manaus.am.gov.br\/seminf\/\",\"name\":\"Secretaria de Infraestrutura\",\"description\":\"Secretaria Municipal de Infraestrutura\",\"potentialAction\":[{\"@type\":\"SearchAction\",\"target\":{\"@type\":\"EntryPoint\",\"urlTemplate\":\"https:\/\/www.manaus.am.gov.br\/seminf\/?s={search_term_string}\"},\"query-input\":\"required name=search_term_string\"}],\"inLanguage\":\"pt-BR\"},{\"@type\":\"Person\",\"@id\":\"https:\/\/www.manaus.am.gov.br\/seminf\/#\/schema\/person\/05d223aea2bf115f9883a6ff3683d81b\",\"name\":\"Bruna Greco\",\"image\":{\"@type\":\"ImageObject\",\"inLanguage\":\"pt-BR\",\"@id\":\"https:\/\/www.manaus.am.gov.br\/seminf\/#\/schema\/person\/image\/\",\"url\":\"https:\/\/secure.gravatar.com\/avatar\/9c877d1a6adc2a055330e5c09a8653ce?s=96&d=mm&r=g\",\"contentUrl\":\"https:\/\/secure.gravatar.com\/avatar\/9c877d1a6adc2a055330e5c09a8653ce?s=96&d=mm&r=g\",\"caption\":\"Bruna Greco\"}}]}<\/script>\n<!-- \/ Yoast SEO plugin. -->","yoast_head_json":{"title":"Ordem de servi\u00e7o para reforma de pra\u00e7a no Armando Mendes","description":"O prefeito de Manaus, David Almeida, assinou, nesta ter\u00e7a-feira, 7\/5, a ordem de servi\u00e7o para a reforma da pra\u00e7a no bairro Armando Mendes.","robots":{"index":"index","follow":"follow","max-snippet":"max-snippet:-1","max-image-preview":"max-image-preview:large","max-video-preview":"max-video-preview:-1"},"canonical":"https:\/\/www.manaus.am.gov.br\/seminf\/ordem-servico-reforma-praca-quadra-armando-mendes\/","og_locale":"pt_BR","og_type":"article","og_title":"Ordem de servi\u00e7o para reforma de pra\u00e7a no Armando Mendes","og_description":"O prefeito de Manaus, David Almeida, assinou, nesta ter\u00e7a-feira, 7\/5, a ordem de servi\u00e7o para a reforma da pra\u00e7a no bairro Armando Mendes.","og_url":"https:\/\/www.manaus.am.gov.br\/seminf\/ordem-servico-reforma-praca-quadra-armando-mendes\/","og_site_name":"SEMINF","article_published_time":"2024-05-07T15:30:24+00:00","og_image":[{"width":1365,"height":1232,"url":"https:\/\/www.manaus.am.gov.br\/seminf\/wp-content\/uploads\/sites\/6\/2024\/05\/53705152996_2f762bfe23_k-e1715095725723.jpg","type":"image\/jpeg"}],"author":"Bruna Greco","twitter_card":"summary_large_image","twitter_misc":{"Written by":"Bruna Greco","Est. reading time":"4 minutos"},"schema":{"@context":"https:\/\/schema.org","@graph":[{"@type":"WebPage","@id":"https:\/\/www.manaus.am.gov.br\/seminf\/ordem-servico-reforma-praca-quadra-armando-mendes\/","url":"https:\/\/www.manaus.am.gov.br\/seminf\/ordem-servico-reforma-praca-quadra-armando-mendes\/","name":"Ordem de servi\u00e7o para reforma de pra\u00e7a no Armando Mendes","isPartOf":{"@id":"https:\/\/www.manaus.am.gov.br\/seminf\/#website"},"primaryImageOfPage":{"@id":"https:\/\/www.manaus.am.gov.br\/seminf\/ordem-servico-reforma-praca-quadra-armando-mendes\/#primaryimage"},"image":{"@id":"https:\/\/www.manaus.am.gov.br\/seminf\/ordem-servico-reforma-praca-quadra-armando-mendes\/#primaryimage"},"thumbnailUrl":"https:\/\/www.manaus.am.gov.br\/seminf\/wp-content\/uploads\/sites\/6\/2024\/05\/53705152996_2f762bfe23_k-e1715095725723.jpg","datePublished":"2024-05-07T15:30:24+00:00","dateModified":"2024-05-07T15:30:24+00:00","author":{"@id":"https:\/\/www.manaus.am.gov.br\/seminf\/#\/schema\/person\/05d223aea2bf115f9883a6ff3683d81b"},"description":"O prefeito de Manaus, David Almeida, assinou, nesta ter\u00e7a-feira, 7\/5, a ordem de servi\u00e7o para a reforma da pra\u00e7a no bairro Armando Mendes.","inLanguage":"pt-BR","potentialAction":[{"@type":"ReadAction","target":["https:\/\/www.manaus.am.gov.br\/seminf\/ordem-servico-reforma-praca-quadra-armando-mendes\/"]}]},{"@type":"ImageObject","inLanguage":"pt-BR","@id":"https:\/\/www.manaus.am.gov.br\/seminf\/ordem-servico-reforma-praca-quadra-armando-mendes\/#primaryimage","url":"https:\/\/www.manaus.am.gov.br\/seminf\/wp-content\/uploads\/sites\/6\/2024\/05\/53705152996_2f762bfe23_k-e1715095725723.jpg","contentUrl":"https:\/\/www.manaus.am.gov.br\/seminf\/wp-content\/uploads\/sites\/6\/2024\/05\/53705152996_2f762bfe23_k-e1715095725723.jpg","width":1365,"height":1232,"caption":"#paratodosverem - Prefeito de Manaus, David Almeida, e o secret\u00e1rio da Seminf, Renato Junior, com documento de ordem de servi\u00e7o para reforma de pra\u00e7a e quadra no bairro Armando Mendes"},{"@type":"WebSite","@id":"https:\/\/www.manaus.am.gov.br\/seminf\/#website","url":"https:\/\/www.manaus.am.gov.br\/seminf\/","name":"Secretaria de Infraestrutura","description":"Secretaria Municipal de Infraestrutura","potentialAction":[{"@type":"SearchAction","target":{"@type":"EntryPoint","urlTemplate":"https:\/\/www.manaus.am.gov.br\/seminf\/?s={search_term_string}"},"query-input":"required name=search_term_string"}],"inLanguage":"pt-BR"},{"@type":"Person","@id":"https:\/\/www.manaus.am.gov.br\/seminf\/#\/schema\/person\/05d223aea2bf115f9883a6ff3683d81b","name":"Bruna Greco","image":{"@type":"ImageObject","inLanguage":"pt-BR","@id":"https:\/\/www.manaus.am.gov.br\/seminf\/#\/schema\/person\/image\/","url":"https:\/\/secure.gravatar.com\/avatar\/9c877d1a6adc2a055330e5c09a8653ce?s=96&d=mm&r=g","contentUrl":"https:\/\/secure.gravatar.com\/avatar\/9c877d1a6adc2a055330e5c09a8653ce?s=96&d=mm&r=g","caption":"Bruna Greco"}}]}},"_links":{"self":[{"href":"https:\/\/www.manaus.am.gov.br\/seminf\/wp-json\/wp\/v2\/posts\/3093"}],"collection":[{"href":"https:\/\/www.manaus.am.gov.br\/seminf\/wp-json\/wp\/v2\/posts"}],"about":[{"href":"https:\/\/www.manaus.am.gov.br\/seminf\/wp-json\/wp\/v2\/types\/post"}],"author":[{"embeddable":true,"href":"https:\/\/www.manaus.am.gov.br\/seminf\/wp-json\/wp\/v2\/users\/39"}],"replies":[{"embeddable":true,"href":"https:\/\/www.manaus.am.gov.br\/seminf\/wp-json\/wp\/v2\/comments?post=3093"}],"version-history":[{"count":1,"href":"https:\/\/www.manaus.am.gov.br\/seminf\/wp-json\/wp\/v2\/posts\/3093\/revisions"}],"predecessor-version":[{"id":3096,"href":"https:\/\/www.manaus.am.gov.br\/seminf\/wp-json\/wp\/v2\/posts\/3093\/revisions\/3096"}],"wp:featuredmedia":[{"embeddable":true,"href":"https:\/\/www.manaus.am.gov.br\/seminf\/wp-json\/wp\/v2\/media\/3095"}],"wp:attachment":[{"href":"https:\/\/www.manaus.am.gov.br\/seminf\/wp-json\/wp\/v2\/media?parent=3093"}],"wp:term":[{"taxonomy":"category","embeddable":true,"href":"https:\/\/www.manaus.am.gov.br\/seminf\/wp-json\/wp\/v2\/categories?post=3093"},{"taxonomy":"post_tag","embeddable":true,"href":"https:\/\/www.manaus.am.gov.br\/seminf\/wp-json\/wp\/v2\/tags?post=3093"}],"curies":[{"name":"wp","href":"https:\/\/api.w.org\/{rel}","templated":true}]}}