{"id":2696,"date":"2024-01-30T13:40:15","date_gmt":"2024-01-30T17:40:15","guid":{"rendered":"https:\/\/www.manaus.am.gov.br\/seminf\/ecobarreira-zona-leste\/"},"modified":"2024-01-30T15:04:12","modified_gmt":"2024-01-30T19:04:12","slug":"ecobarreira-zona-leste","status":"publish","type":"post","link":"https:\/\/www.manaus.am.gov.br\/seminf\/ecobarreira-zona-leste\/","title":{"rendered":"Prefeitura instala ecobarreira em igarap\u00e9 na zona Leste de Manaus"},"content":{"rendered":"\n<p>A Prefeitura de Manaus finalizou, nesta ter\u00e7a-feira, 30\/1, a instala\u00e7\u00e3o de uma ecobarreira no igarap\u00e9 Beira-Rio, entre as avenidas Beira-Rio e Beira-Mar, no bairro Coroado, na zona Leste da capital. A escolha para implanta\u00e7\u00e3o do projeto-piloto se deu em virtude de mapeamento georreferenciado das \u00e1reas com maior incid\u00eancia de descarte incorreto de lixo em igarap\u00e9s da cidade. A a\u00e7\u00e3o, coordenada pelo Conselho Municipal de Gest\u00e3o Estrat\u00e9gica (CMGE), faz parte do programa \u201cAnjos da Floresta\u201d, que consiste em um conjunto de iniciativas de restaura\u00e7\u00e3o dos ecossistemas urbanos de Manaus.<\/p>\n\n\n\n<p>No local, que passou pela etapa do desassoreamento e da coleta de res\u00edduos s\u00f3lidos, foram retiradas 30 toneladas de lixo. A ecobarreira, estruturas flutuantes que permitem o bloqueio do escoamento dos res\u00edduos, atua como filtro dos poluentes das \u00e1guas sem uso de produtos qu\u00edmicos, d\u00e1 sequ\u00eancia ao programa \u201cAnjos da Floresta\u201d. De acordo com o presidente do Conselho de Gest\u00e3o Estrat\u00e9gia da Prefeitura de Manaus, Jos\u00e9 Arnaldo Grij\u00f3, esse \u00e9 o in\u00edcio de um grande projeto de recupera\u00e7\u00e3o dos igarap\u00e9s.<\/p>\n\n\n\n<p>\u201cA Prefeitura de Manaus tem um projeto denominado Anjos da Floresta e ele \u00e9 um projeto transversalizado. \u00c9 um projeto que visa recuperar os ecossistemas ambientais de Manaus, que ao longo do tempo foram degradados. N\u00f3s escolhemos aqui o igarap\u00e9 do Coroado. N\u00f3s temos mais de cem igarap\u00e9s na cidade, a gente n\u00e3o tem como fazer todos ao mesmo tempo. Ent\u00e3o, isso aqui \u00e9 um teste-piloto que precisa ainda passar por adapta\u00e7\u00f5es e que, \u00e0 medida que for dando certo, pretendemos levar a outros igarap\u00e9s de Manaus\u201d, disse Grij\u00f3.<\/p>\n\n\n\n<p>Segundo o ativista Mazinho da Carbr\u00e1s, gestor ambiental na Semmasclima, o trabalho de recupera\u00e7\u00e3o do igarap\u00e9 do Coroado iniciou h\u00e1 tr\u00eas anos, conscientizando a popula\u00e7\u00e3o, acabando com lixeiras viciadas, desassoreando e, agora, come\u00e7a a fase de purifica\u00e7\u00e3o.<\/p>\n\n\n\n<p>A ecobarreira funciona com uma \u201cgrade\u201d flutuante capaz de conter res\u00edduos s\u00f3lidos, concentrando o lixo em uma \u00fanica \u00e1rea. O lixo retido \u00e9 recolhido de maneira adequada e uma outra barreira de pedras auxilia no filtro das \u00e1guas, que depois conta com aux\u00edlio da planta muriru na retirada de impurezas.<\/p>\n\n\n\n<p>\u201cN\u00f3s come\u00e7amos, h\u00e1 tr\u00eas anos, com o trabalho de \u2018formiguinha\u2019. Na primeira fase, fizemos a conscientiza\u00e7\u00e3o dos vendedores que trabalham na orla do igarap\u00e9, comerciantes e moradores. A segunda etapa foi a retirada do lixo. Na terceira fase, implantamos coletores onde eram as lixeiras viciadas. E, a quarta fase foi o desassoreamento. Estamos desassoreando e implantando essa ecobarreira que retem o lixo, e que tem um sistema de filtros com pedras que ajuda a tratar a \u00e1gua e passa pela esta\u00e7\u00e3o de tratamento d&#8217;\u00e1gua com o muriru\u201d, explicou.<\/p>\n\n\n\n<p>Mazinho acrescenta que o mururi \u00e9 uma planta amaz\u00f4nica, parente do igap\u00f3, que purifica a \u00e1gua. Ele explica que o Jap\u00e3o j\u00e1 usa essa mesma planta, mas \u00e9 a primeira vez que est\u00e1 sendo implementada no Brasil.<\/p>\n\n\n\n<p>\u201cO muriru limpa a \u00e1gua, purifica, serve de moradia para os p\u00e1ssaros e de alimento para os peixes. Ela \u00e9 uma planta da nossa regi\u00e3o, mas que est\u00e3o usando j\u00e1 em outros pa\u00edses, para limpar os igarap\u00e9s. Uma muda de muriru no Jap\u00e3o est\u00e1 custando 250 d\u00f3lares. Aqui, na Amaz\u00f4nia, gra\u00e7as a Deus, a gente tem em abund\u00e2ncia e estamos sendo os primeiros a usar esse sistema\u201d, explicou.<\/p>\n\n\n\n<p><strong>Conscientiza\u00e7\u00e3o<\/strong><strong><\/strong><\/p>\n\n\n\n<p>O coordenador da Coleta Seletiva da Semulsp, Luiz Paz, tamb\u00e9m participou da a\u00e7\u00e3o e ressaltou o trabalho em conjunto realizado pelas secretarias nos bairros para coleta de lixo, conscientiza\u00e7\u00e3o da popula\u00e7\u00e3o e recupera\u00e7\u00e3o de \u00e1reas degradadas pr\u00f3ximas dos igarap\u00e9s.<\/p>\n\n\n\n<p>\u201cEssa a\u00e7\u00e3o conjunta entre as secretarias tem nos dado um resultado altamente positivo para todos n\u00f3s da prefeitura, n\u00e3o s\u00f3 n\u00f3s, como tamb\u00e9m da popula\u00e7\u00e3o que est\u00e1 recebendo esse servi\u00e7o todos os dias. A Semulsp est\u00e1 atuando na educa\u00e7\u00e3o ambiental, que \u00e9 fundamental para que o cidad\u00e3o tenha consci\u00eancia da responsabilidade dele, que \u00e9 o descarte correto dos res\u00edduos\u201d, disse.<\/p>\n\n\n\n<p>O trabalho de recupera\u00e7\u00e3o do igarap\u00e9 tamb\u00e9m vai dar uma estrutura digna para vendedores do com\u00e9rcio informal no entorno do local, fomentando a economia alternativa no bairro Coroado, de acordo com o titular da Secretaria Municipal de Agricultura, Abastecimento, Centro e Com\u00e9rcio Informal (Semacc), Wanderson Costa.<\/p>\n\n\n\n<p>\u201cS\u00e3o economias alternativas que t\u00eam dado certo em outros bairros e estaremos tamb\u00e9m implementando aqui no bairro Coroado. N\u00f3s estaremos com a equipe da Semacc fazendo todo o trabalho de recadastramento dessas pessoas, saber o perfil dessas pessoas, com o que elas est\u00e3o trabalhando, para que a gente consiga colocar isso em pr\u00e1tica, essa economia alternativa no bairro\u201d, informou.<\/p>\n\n\n\n<p>Tamb\u00e9m no entorno do igarap\u00e9 ser\u00e1 feito um trabalho de recupera\u00e7\u00e3o da orla, por meio da Secretaria Municipal de Infraestrutura (Seminf). O projeto de limpeza e preserva\u00e7\u00e3o dos igarap\u00e9s de Manaus ainda tem atua\u00e7\u00e3o integrada das secretarias do Meio Ambiente, Sustentabilidade e Mudan\u00e7a do Clima (Semmasclima), de Educa\u00e7\u00e3o (Semed) e de Comunica\u00e7\u00e3o (Semcom).<\/p>\n\n\n\n<p><strong>\u2018Anjos da Floresta\u2019<\/strong><strong><\/strong><\/p>\n\n\n\n<p>O \u201cAnjos da Floresta\u201d \u00e9 um programa que consiste em um conjunto de iniciativas de restaura\u00e7\u00e3o dos ecossistemas urbanos de Manaus, notadamente os igarap\u00e9s, organizando a\u00e7\u00f5es e projetos p\u00fablicos e privados em uma agenda \u00fanica e integrada voltada \u00e0 recupera\u00e7\u00e3o e preserva\u00e7\u00e3o de ecossistemas urbanos como estrat\u00e9gia de mitiga\u00e7\u00e3o e adapta\u00e7\u00e3o aos efeitos das mudan\u00e7as clim\u00e1ticas, urbanismo social e desenvolvimento social.<\/p>\n\n\n\n<p>O programa foi regulamentado pela Prefeitura de Manaus, sendo operacionalizado pela Secretaria Municipal do Meio Ambiente, Sustentabilidade e Mudan\u00e7as Clim\u00e1ticas (Semmasclima), Semulsp, Seminf, Semacc, Semed e Semcom,\u00a0 com a coordena\u00e7\u00e3o do Conselho Municipal de Gest\u00e3o Estrat\u00e9gica (CMGE).<\/p>\n\n\n\n<p>&#8212; &#8212; &#8212;<\/p>\n\n\n\n<p><strong>Texto<\/strong> \u2013 Geraldo Farias \/ Semcom<\/p>\n\n\n\n<p><strong>Fotos<\/strong> \u2013 Jo\u00e3o Viana \/ Semcom<\/p>\n\n\n\n<p><strong>Dispon\u00edveis em<\/strong> &#8211; <a href=\"https:\/\/flic.kr\/s\/aHBqjBcw46\">https:\/\/flic.kr\/s\/aHBqjBcw46<\/a><\/p>\n","protected":false},"excerpt":{"rendered":"","protected":false},"author":23,"featured_media":2697,"comment_status":"closed","ping_status":"closed","sticky":false,"template":"","format":"standard","meta":{"footnotes":""},"categories":[12],"tags":[654,1310,269,64,43,1314,113,58],"acf":[],"yoast_head":"<!-- This site is optimized with the Yoast SEO plugin v23.0 - https:\/\/yoast.com\/wordpress\/plugins\/seo\/ -->\n<title>Prefeitura implanta ecobarreiras em igarap\u00e9 na zona Leste de Manaus<\/title>\n<meta name=\"description\" content=\"A Prefeitura de Manaus realizou, nesta ter\u00e7a-feira, 30\/1, a implanta\u00e7\u00e3o de uma ecobarreira no igarap\u00e9 Beira-Rio, entre as avenidas Beira-Rio e Beira-Mar, no bairro Coroado, na zona Leste da capital. A a\u00e7\u00e3o \u00e9 um projeto-piloto de limpeza e preserva\u00e7\u00e3o dos igarap\u00e9s da cidade, coordenado pela Secretaria Municipal de Limpeza P\u00fablica (Semulsp) e em parceria com outras pastas do Executivo municipal.\" \/>\n<meta name=\"robots\" content=\"index, follow, max-snippet:-1, max-image-preview:large, max-video-preview:-1\" \/>\n<link rel=\"canonical\" href=\"https:\/\/www.manaus.am.gov.br\/seminf\/ecobarreira-zona-leste\/\" \/>\n<meta property=\"og:locale\" content=\"pt_BR\" \/>\n<meta property=\"og:type\" content=\"article\" \/>\n<meta property=\"og:title\" content=\"Prefeitura implanta ecobarreiras em igarap\u00e9 na zona Leste de Manaus\" \/>\n<meta property=\"og:description\" content=\"A Prefeitura de Manaus realizou, nesta ter\u00e7a-feira, 30\/1, a implanta\u00e7\u00e3o de uma ecobarreira no igarap\u00e9 Beira-Rio, entre as avenidas Beira-Rio e Beira-Mar, no bairro Coroado, na zona Leste da capital. A a\u00e7\u00e3o \u00e9 um projeto-piloto de limpeza e preserva\u00e7\u00e3o dos igarap\u00e9s da cidade, coordenado pela Secretaria Municipal de Limpeza P\u00fablica (Semulsp) e em parceria com outras pastas do Executivo municipal.\" \/>\n<meta property=\"og:url\" content=\"https:\/\/www.manaus.am.gov.br\/seminf\/ecobarreira-zona-leste\/\" \/>\n<meta property=\"og:site_name\" content=\"SEMINF\" \/>\n<meta property=\"article:published_time\" content=\"2024-01-30T17:40:15+00:00\" \/>\n<meta property=\"article:modified_time\" content=\"2024-01-30T19:04:12+00:00\" \/>\n<meta property=\"og:image\" content=\"https:\/\/www.manaus.am.gov.br\/seminf\/wp-content\/uploads\/sites\/6\/2024\/01\/53498227243_eebfb70ea1_c.jpg\" \/>\n\t<meta property=\"og:image:width\" content=\"799\" \/>\n\t<meta property=\"og:image:height\" content=\"533\" \/>\n\t<meta property=\"og:image:type\" content=\"image\/jpeg\" \/>\n<meta name=\"author\" content=\"Adriana Costa\" \/>\n<meta name=\"twitter:card\" content=\"summary_large_image\" \/>\n<meta name=\"twitter:label1\" content=\"Written by\" \/>\n\t<meta name=\"twitter:data1\" content=\"Adriana Costa\" \/>\n\t<meta name=\"twitter:label2\" content=\"Est. reading time\" \/>\n\t<meta name=\"twitter:data2\" content=\"6 minutos\" \/>\n<script type=\"application\/ld+json\" class=\"yoast-schema-graph\">{\"@context\":\"https:\/\/schema.org\",\"@graph\":[{\"@type\":\"WebPage\",\"@id\":\"https:\/\/www.manaus.am.gov.br\/seminf\/ecobarreira-zona-leste\/\",\"url\":\"https:\/\/www.manaus.am.gov.br\/seminf\/ecobarreira-zona-leste\/\",\"name\":\"Prefeitura implanta ecobarreiras em igarap\u00e9 na zona Leste de Manaus\",\"isPartOf\":{\"@id\":\"https:\/\/www.manaus.am.gov.br\/seminf\/#website\"},\"primaryImageOfPage\":{\"@id\":\"https:\/\/www.manaus.am.gov.br\/seminf\/ecobarreira-zona-leste\/#primaryimage\"},\"image\":{\"@id\":\"https:\/\/www.manaus.am.gov.br\/seminf\/ecobarreira-zona-leste\/#primaryimage\"},\"thumbnailUrl\":\"https:\/\/www.manaus.am.gov.br\/seminf\/wp-content\/uploads\/sites\/6\/2024\/01\/53498227243_eebfb70ea1_c.jpg\",\"datePublished\":\"2024-01-30T17:40:15+00:00\",\"dateModified\":\"2024-01-30T19:04:12+00:00\",\"author\":{\"@id\":\"https:\/\/www.manaus.am.gov.br\/seminf\/#\/schema\/person\/4e49f4e267757a06ca072ec61b2b9968\"},\"description\":\"A Prefeitura de Manaus realizou, nesta ter\u00e7a-feira, 30\/1, a implanta\u00e7\u00e3o de uma ecobarreira no igarap\u00e9 Beira-Rio, entre as avenidas Beira-Rio e Beira-Mar, no bairro Coroado, na zona Leste da capital. A a\u00e7\u00e3o \u00e9 um projeto-piloto de limpeza e preserva\u00e7\u00e3o dos igarap\u00e9s da cidade, coordenado pela Secretaria Municipal de Limpeza P\u00fablica (Semulsp) e em parceria com outras pastas do Executivo municipal.\",\"inLanguage\":\"pt-BR\",\"potentialAction\":[{\"@type\":\"ReadAction\",\"target\":[\"https:\/\/www.manaus.am.gov.br\/seminf\/ecobarreira-zona-leste\/\"]}]},{\"@type\":\"ImageObject\",\"inLanguage\":\"pt-BR\",\"@id\":\"https:\/\/www.manaus.am.gov.br\/seminf\/ecobarreira-zona-leste\/#primaryimage\",\"url\":\"https:\/\/www.manaus.am.gov.br\/seminf\/wp-content\/uploads\/sites\/6\/2024\/01\/53498227243_eebfb70ea1_c.jpg\",\"contentUrl\":\"https:\/\/www.manaus.am.gov.br\/seminf\/wp-content\/uploads\/sites\/6\/2024\/01\/53498227243_eebfb70ea1_c.jpg\",\"width\":799,\"height\":533},{\"@type\":\"WebSite\",\"@id\":\"https:\/\/www.manaus.am.gov.br\/seminf\/#website\",\"url\":\"https:\/\/www.manaus.am.gov.br\/seminf\/\",\"name\":\"Secretaria de Infraestrutura\",\"description\":\"Secretaria Municipal de Infraestrutura\",\"potentialAction\":[{\"@type\":\"SearchAction\",\"target\":{\"@type\":\"EntryPoint\",\"urlTemplate\":\"https:\/\/www.manaus.am.gov.br\/seminf\/?s={search_term_string}\"},\"query-input\":\"required name=search_term_string\"}],\"inLanguage\":\"pt-BR\"},{\"@type\":\"Person\",\"@id\":\"https:\/\/www.manaus.am.gov.br\/seminf\/#\/schema\/person\/4e49f4e267757a06ca072ec61b2b9968\",\"name\":\"Adriana Costa\",\"image\":{\"@type\":\"ImageObject\",\"inLanguage\":\"pt-BR\",\"@id\":\"https:\/\/www.manaus.am.gov.br\/seminf\/#\/schema\/person\/image\/\",\"url\":\"https:\/\/secure.gravatar.com\/avatar\/576258617ef7194f718179e766d57bd4?s=96&d=mm&r=g\",\"contentUrl\":\"https:\/\/secure.gravatar.com\/avatar\/576258617ef7194f718179e766d57bd4?s=96&d=mm&r=g\",\"caption\":\"Adriana Costa\"}}]}<\/script>\n<!-- \/ Yoast SEO plugin. -->","yoast_head_json":{"title":"Prefeitura implanta ecobarreiras em igarap\u00e9 na zona Leste de Manaus","description":"A Prefeitura de Manaus realizou, nesta ter\u00e7a-feira, 30\/1, a implanta\u00e7\u00e3o de uma ecobarreira no igarap\u00e9 Beira-Rio, entre as avenidas Beira-Rio e Beira-Mar, no bairro Coroado, na zona Leste da capital. A a\u00e7\u00e3o \u00e9 um projeto-piloto de limpeza e preserva\u00e7\u00e3o dos igarap\u00e9s da cidade, coordenado pela Secretaria Municipal de Limpeza P\u00fablica (Semulsp) e em parceria com outras pastas do Executivo municipal.","robots":{"index":"index","follow":"follow","max-snippet":"max-snippet:-1","max-image-preview":"max-image-preview:large","max-video-preview":"max-video-preview:-1"},"canonical":"https:\/\/www.manaus.am.gov.br\/seminf\/ecobarreira-zona-leste\/","og_locale":"pt_BR","og_type":"article","og_title":"Prefeitura implanta ecobarreiras em igarap\u00e9 na zona Leste de Manaus","og_description":"A Prefeitura de Manaus realizou, nesta ter\u00e7a-feira, 30\/1, a implanta\u00e7\u00e3o de uma ecobarreira no igarap\u00e9 Beira-Rio, entre as avenidas Beira-Rio e Beira-Mar, no bairro Coroado, na zona Leste da capital. A a\u00e7\u00e3o \u00e9 um projeto-piloto de limpeza e preserva\u00e7\u00e3o dos igarap\u00e9s da cidade, coordenado pela Secretaria Municipal de Limpeza P\u00fablica (Semulsp) e em parceria com outras pastas do Executivo municipal.","og_url":"https:\/\/www.manaus.am.gov.br\/seminf\/ecobarreira-zona-leste\/","og_site_name":"SEMINF","article_published_time":"2024-01-30T17:40:15+00:00","article_modified_time":"2024-01-30T19:04:12+00:00","og_image":[{"width":799,"height":533,"url":"https:\/\/www.manaus.am.gov.br\/seminf\/wp-content\/uploads\/sites\/6\/2024\/01\/53498227243_eebfb70ea1_c.jpg","type":"image\/jpeg"}],"author":"Adriana Costa","twitter_card":"summary_large_image","twitter_misc":{"Written by":"Adriana Costa","Est. reading time":"6 minutos"},"schema":{"@context":"https:\/\/schema.org","@graph":[{"@type":"WebPage","@id":"https:\/\/www.manaus.am.gov.br\/seminf\/ecobarreira-zona-leste\/","url":"https:\/\/www.manaus.am.gov.br\/seminf\/ecobarreira-zona-leste\/","name":"Prefeitura implanta ecobarreiras em igarap\u00e9 na zona Leste de Manaus","isPartOf":{"@id":"https:\/\/www.manaus.am.gov.br\/seminf\/#website"},"primaryImageOfPage":{"@id":"https:\/\/www.manaus.am.gov.br\/seminf\/ecobarreira-zona-leste\/#primaryimage"},"image":{"@id":"https:\/\/www.manaus.am.gov.br\/seminf\/ecobarreira-zona-leste\/#primaryimage"},"thumbnailUrl":"https:\/\/www.manaus.am.gov.br\/seminf\/wp-content\/uploads\/sites\/6\/2024\/01\/53498227243_eebfb70ea1_c.jpg","datePublished":"2024-01-30T17:40:15+00:00","dateModified":"2024-01-30T19:04:12+00:00","author":{"@id":"https:\/\/www.manaus.am.gov.br\/seminf\/#\/schema\/person\/4e49f4e267757a06ca072ec61b2b9968"},"description":"A Prefeitura de Manaus realizou, nesta ter\u00e7a-feira, 30\/1, a implanta\u00e7\u00e3o de uma ecobarreira no igarap\u00e9 Beira-Rio, entre as avenidas Beira-Rio e Beira-Mar, no bairro Coroado, na zona Leste da capital. A a\u00e7\u00e3o \u00e9 um projeto-piloto de limpeza e preserva\u00e7\u00e3o dos igarap\u00e9s da cidade, coordenado pela Secretaria Municipal de Limpeza P\u00fablica (Semulsp) e em parceria com outras pastas do Executivo municipal.","inLanguage":"pt-BR","potentialAction":[{"@type":"ReadAction","target":["https:\/\/www.manaus.am.gov.br\/seminf\/ecobarreira-zona-leste\/"]}]},{"@type":"ImageObject","inLanguage":"pt-BR","@id":"https:\/\/www.manaus.am.gov.br\/seminf\/ecobarreira-zona-leste\/#primaryimage","url":"https:\/\/www.manaus.am.gov.br\/seminf\/wp-content\/uploads\/sites\/6\/2024\/01\/53498227243_eebfb70ea1_c.jpg","contentUrl":"https:\/\/www.manaus.am.gov.br\/seminf\/wp-content\/uploads\/sites\/6\/2024\/01\/53498227243_eebfb70ea1_c.jpg","width":799,"height":533},{"@type":"WebSite","@id":"https:\/\/www.manaus.am.gov.br\/seminf\/#website","url":"https:\/\/www.manaus.am.gov.br\/seminf\/","name":"Secretaria de Infraestrutura","description":"Secretaria Municipal de Infraestrutura","potentialAction":[{"@type":"SearchAction","target":{"@type":"EntryPoint","urlTemplate":"https:\/\/www.manaus.am.gov.br\/seminf\/?s={search_term_string}"},"query-input":"required name=search_term_string"}],"inLanguage":"pt-BR"},{"@type":"Person","@id":"https:\/\/www.manaus.am.gov.br\/seminf\/#\/schema\/person\/4e49f4e267757a06ca072ec61b2b9968","name":"Adriana Costa","image":{"@type":"ImageObject","inLanguage":"pt-BR","@id":"https:\/\/www.manaus.am.gov.br\/seminf\/#\/schema\/person\/image\/","url":"https:\/\/secure.gravatar.com\/avatar\/576258617ef7194f718179e766d57bd4?s=96&d=mm&r=g","contentUrl":"https:\/\/secure.gravatar.com\/avatar\/576258617ef7194f718179e766d57bd4?s=96&d=mm&r=g","caption":"Adriana Costa"}}]}},"_links":{"self":[{"href":"https:\/\/www.manaus.am.gov.br\/seminf\/wp-json\/wp\/v2\/posts\/2696"}],"collection":[{"href":"https:\/\/www.manaus.am.gov.br\/seminf\/wp-json\/wp\/v2\/posts"}],"about":[{"href":"https:\/\/www.manaus.am.gov.br\/seminf\/wp-json\/wp\/v2\/types\/post"}],"author":[{"embeddable":true,"href":"https:\/\/www.manaus.am.gov.br\/seminf\/wp-json\/wp\/v2\/users\/23"}],"replies":[{"embeddable":true,"href":"https:\/\/www.manaus.am.gov.br\/seminf\/wp-json\/wp\/v2\/comments?post=2696"}],"version-history":[{"count":2,"href":"https:\/\/www.manaus.am.gov.br\/seminf\/wp-json\/wp\/v2\/posts\/2696\/revisions"}],"predecessor-version":[{"id":2699,"href":"https:\/\/www.manaus.am.gov.br\/seminf\/wp-json\/wp\/v2\/posts\/2696\/revisions\/2699"}],"wp:featuredmedia":[{"embeddable":true,"href":"https:\/\/www.manaus.am.gov.br\/seminf\/wp-json\/wp\/v2\/media\/2697"}],"wp:attachment":[{"href":"https:\/\/www.manaus.am.gov.br\/seminf\/wp-json\/wp\/v2\/media?parent=2696"}],"wp:term":[{"taxonomy":"category","embeddable":true,"href":"https:\/\/www.manaus.am.gov.br\/seminf\/wp-json\/wp\/v2\/categories?post=2696"},{"taxonomy":"post_tag","embeddable":true,"href":"https:\/\/www.manaus.am.gov.br\/seminf\/wp-json\/wp\/v2\/tags?post=2696"}],"curies":[{"name":"wp","href":"https:\/\/api.w.org\/{rel}","templated":true}]}}