{"id":239,"date":"2022-12-23T10:59:00","date_gmt":"2022-12-23T14:59:00","guid":{"rendered":"https:\/\/www.manaus.am.gov.br\/seminf\/prefeitura-de-manaus-leva-infraestrutura-as-ruas-do-bairro-alvorada\/"},"modified":"2022-12-26T09:09:55","modified_gmt":"2022-12-26T13:09:55","slug":"prefeitura-de-manaus-leva-infraestrutura-as-ruas-do-bairro-alvorada","status":"publish","type":"post","link":"https:\/\/www.manaus.am.gov.br\/seminf\/prefeitura-de-manaus-leva-infraestrutura-as-ruas-do-bairro-alvorada\/","title":{"rendered":"Prefeitura de Manaus leva infraestrutura \u00e0s ruas do bairro Alvorada"},"content":{"rendered":"\n<p>A&nbsp;Prefeitura de Manaus, por meio da Secretaria Municipal de Infraestrutura (Seminf), iniciou, nesta sexta-feira, 23\/12, o servi\u00e7o de recupera\u00e7\u00e3o asf\u00e1ltica na rua Umari, bairro&nbsp;Alvorada 2, zona Centro-Oeste da cidade.<\/p>\n\n\n\n<p>Uma equipe de dez servidores trabalha com 60 toneladas de massa asf\u00e1ltica e o aux\u00edlio de ca\u00e7ambas e rolos para compactar o solo e recuperar a rua, que est\u00e1 com a trafegabilidade comprometida por conta dos buracos.<\/p>\n\n\n\n<p>Segundo a respons\u00e1vel pela obra, engenheira Socorro Diniz, a prioridade \u00e9 devolver o fluxo seguro dos ve\u00edculos na via.<\/p>\n\n\n\n<p>\u201cO distrito de Obras atua diariamente com a\u00e7\u00f5es programadas e com prepara\u00e7\u00e3o para receber o servi\u00e7o de recapeamento asf\u00e1ltico do programa \u2018Asfalta Manaus\u2019, como \u00e9 o caso da rua Umari. Estamos empenhados para atender o m\u00e1ximo de ruas poss\u00edveis e escrever uma nova hist\u00f3ria da malha vi\u00e1ria na cidade de Manaus, como determina o prefeito David Almeida e o secret\u00e1rio de Obras, Renato J\u00fanior\u201d, explicou a engenheira.<\/p>\n\n\n\n<p>Simultaneamente, outra frente de trabalho atua na recupera\u00e7\u00e3o asf\u00e1ltica da rua 3, no Alvorada, no trecho em que o asfalto estava desgastado por conta do rompimento da tubula\u00e7\u00e3o que j\u00e1 foi recuperada.<\/p>\n\n\n\n<p>Diariamente, os distritos de Obras atuam com servi\u00e7os catalogados, por meio de um planejamento pr\u00e9vio da Seminf.<\/p>\n\n\n\n<hr class=\"wp-block-separator has-alpha-channel-opacity\"\/>\n\n\n\n<p><strong>Texto \u2013&nbsp;<\/strong>Valesca Martins\/ Seminf<br><strong>Fotos \u2013<\/strong>&nbsp;Divulga\u00e7\u00e3o\/ Seminf<br><strong>Dispon\u00edveis em \u2013&nbsp;<\/strong><a href=\"https:\/\/flic.kr\/s\/aHBqjAkgjU\">https:\/\/flic.kr\/s\/aHBqjAkgjU<\/a><\/p>\n","protected":false},"excerpt":{"rendered":"","protected":false},"author":27,"featured_media":240,"comment_status":"closed","ping_status":"closed","sticky":false,"template":"","format":"standard","meta":{"footnotes":""},"categories":[6],"tags":[],"acf":[],"yoast_head":"<!-- This site is optimized with the Yoast SEO plugin v23.0 - https:\/\/yoast.com\/wordpress\/plugins\/seo\/ -->\n<title>Prefeitura de Manaus leva infraestrutura \u00e0s ruas do bairro Alvorada - SEMINF<\/title>\n<meta name=\"robots\" content=\"index, follow, max-snippet:-1, max-image-preview:large, max-video-preview:-1\" \/>\n<link rel=\"canonical\" href=\"https:\/\/www.manaus.am.gov.br\/seminf\/prefeitura-de-manaus-leva-infraestrutura-as-ruas-do-bairro-alvorada\/\" \/>\n<meta property=\"og:locale\" content=\"pt_BR\" \/>\n<meta property=\"og:type\" content=\"article\" \/>\n<meta property=\"og:title\" content=\"Prefeitura de Manaus leva infraestrutura \u00e0s ruas do bairro Alvorada - SEMINF\" \/>\n<meta property=\"og:url\" content=\"https:\/\/www.manaus.am.gov.br\/seminf\/prefeitura-de-manaus-leva-infraestrutura-as-ruas-do-bairro-alvorada\/\" \/>\n<meta property=\"og:site_name\" content=\"SEMINF\" \/>\n<meta property=\"article:published_time\" content=\"2022-12-23T14:59:00+00:00\" \/>\n<meta property=\"article:modified_time\" content=\"2022-12-26T13:09:55+00:00\" \/>\n<meta property=\"og:image\" content=\"https:\/\/www.manaus.am.gov.br\/seminf\/wp-content\/uploads\/sites\/6\/2022\/12\/Prefeitura-de-Manaus-leva-infraestrutura-as-ruas-do-bairro-Alvorada.jpg\" \/>\n\t<meta property=\"og:image:width\" content=\"720\" \/>\n\t<meta property=\"og:image:height\" content=\"407\" \/>\n\t<meta property=\"og:image:type\" content=\"image\/jpeg\" \/>\n<meta name=\"author\" content=\"Imarketing Digital\" \/>\n<meta name=\"twitter:card\" content=\"summary_large_image\" \/>\n<meta name=\"twitter:label1\" content=\"Written by\" \/>\n\t<meta name=\"twitter:data1\" content=\"Imarketing Digital\" \/>\n\t<meta name=\"twitter:label2\" content=\"Est. reading time\" \/>\n\t<meta name=\"twitter:data2\" content=\"2 minutos\" \/>\n<script type=\"application\/ld+json\" class=\"yoast-schema-graph\">{\"@context\":\"https:\/\/schema.org\",\"@graph\":[{\"@type\":\"WebPage\",\"@id\":\"https:\/\/www.manaus.am.gov.br\/seminf\/prefeitura-de-manaus-leva-infraestrutura-as-ruas-do-bairro-alvorada\/\",\"url\":\"https:\/\/www.manaus.am.gov.br\/seminf\/prefeitura-de-manaus-leva-infraestrutura-as-ruas-do-bairro-alvorada\/\",\"name\":\"Prefeitura de Manaus leva infraestrutura \u00e0s ruas do bairro Alvorada - SEMINF\",\"isPartOf\":{\"@id\":\"https:\/\/www.manaus.am.gov.br\/seminf\/#website\"},\"primaryImageOfPage\":{\"@id\":\"https:\/\/www.manaus.am.gov.br\/seminf\/prefeitura-de-manaus-leva-infraestrutura-as-ruas-do-bairro-alvorada\/#primaryimage\"},\"image\":{\"@id\":\"https:\/\/www.manaus.am.gov.br\/seminf\/prefeitura-de-manaus-leva-infraestrutura-as-ruas-do-bairro-alvorada\/#primaryimage\"},\"thumbnailUrl\":\"https:\/\/www.manaus.am.gov.br\/seminf\/wp-content\/uploads\/sites\/6\/2022\/12\/Prefeitura-de-Manaus-leva-infraestrutura-as-ruas-do-bairro-Alvorada.jpg\",\"datePublished\":\"2022-12-23T14:59:00+00:00\",\"dateModified\":\"2022-12-26T13:09:55+00:00\",\"author\":{\"@id\":\"https:\/\/www.manaus.am.gov.br\/seminf\/#\/schema\/person\/79525a47ac5902f50493820d995728ee\"},\"inLanguage\":\"pt-BR\",\"potentialAction\":[{\"@type\":\"ReadAction\",\"target\":[\"https:\/\/www.manaus.am.gov.br\/seminf\/prefeitura-de-manaus-leva-infraestrutura-as-ruas-do-bairro-alvorada\/\"]}]},{\"@type\":\"ImageObject\",\"inLanguage\":\"pt-BR\",\"@id\":\"https:\/\/www.manaus.am.gov.br\/seminf\/prefeitura-de-manaus-leva-infraestrutura-as-ruas-do-bairro-alvorada\/#primaryimage\",\"url\":\"https:\/\/www.manaus.am.gov.br\/seminf\/wp-content\/uploads\/sites\/6\/2022\/12\/Prefeitura-de-Manaus-leva-infraestrutura-as-ruas-do-bairro-Alvorada.jpg\",\"contentUrl\":\"https:\/\/www.manaus.am.gov.br\/seminf\/wp-content\/uploads\/sites\/6\/2022\/12\/Prefeitura-de-Manaus-leva-infraestrutura-as-ruas-do-bairro-Alvorada.jpg\",\"width\":720,\"height\":407,\"caption\":\"Prefeitura de Manaus leva infraestrutura \u00e0s ruas do bairro Alvorada\"},{\"@type\":\"WebSite\",\"@id\":\"https:\/\/www.manaus.am.gov.br\/seminf\/#website\",\"url\":\"https:\/\/www.manaus.am.gov.br\/seminf\/\",\"name\":\"Secretaria de Infraestrutura\",\"description\":\"Secretaria Municipal de Infraestrutura\",\"potentialAction\":[{\"@type\":\"SearchAction\",\"target\":{\"@type\":\"EntryPoint\",\"urlTemplate\":\"https:\/\/www.manaus.am.gov.br\/seminf\/?s={search_term_string}\"},\"query-input\":\"required name=search_term_string\"}],\"inLanguage\":\"pt-BR\"},{\"@type\":\"Person\",\"@id\":\"https:\/\/www.manaus.am.gov.br\/seminf\/#\/schema\/person\/79525a47ac5902f50493820d995728ee\",\"name\":\"Imarketing Digital\",\"image\":{\"@type\":\"ImageObject\",\"inLanguage\":\"pt-BR\",\"@id\":\"https:\/\/www.manaus.am.gov.br\/seminf\/#\/schema\/person\/image\/\",\"url\":\"https:\/\/secure.gravatar.com\/avatar\/03432d3c57b756ed9760f7019c815a3a?s=96&d=mm&r=g\",\"contentUrl\":\"https:\/\/secure.gravatar.com\/avatar\/03432d3c57b756ed9760f7019c815a3a?s=96&d=mm&r=g\",\"caption\":\"Imarketing Digital\"}}]}<\/script>\n<!-- \/ Yoast SEO plugin. -->","yoast_head_json":{"title":"Prefeitura de Manaus leva infraestrutura \u00e0s ruas do bairro Alvorada - SEMINF","robots":{"index":"index","follow":"follow","max-snippet":"max-snippet:-1","max-image-preview":"max-image-preview:large","max-video-preview":"max-video-preview:-1"},"canonical":"https:\/\/www.manaus.am.gov.br\/seminf\/prefeitura-de-manaus-leva-infraestrutura-as-ruas-do-bairro-alvorada\/","og_locale":"pt_BR","og_type":"article","og_title":"Prefeitura de Manaus leva infraestrutura \u00e0s ruas do bairro Alvorada - SEMINF","og_url":"https:\/\/www.manaus.am.gov.br\/seminf\/prefeitura-de-manaus-leva-infraestrutura-as-ruas-do-bairro-alvorada\/","og_site_name":"SEMINF","article_published_time":"2022-12-23T14:59:00+00:00","article_modified_time":"2022-12-26T13:09:55+00:00","og_image":[{"width":720,"height":407,"url":"https:\/\/www.manaus.am.gov.br\/seminf\/wp-content\/uploads\/sites\/6\/2022\/12\/Prefeitura-de-Manaus-leva-infraestrutura-as-ruas-do-bairro-Alvorada.jpg","type":"image\/jpeg"}],"author":"Imarketing Digital","twitter_card":"summary_large_image","twitter_misc":{"Written by":"Imarketing Digital","Est. reading time":"2 minutos"},"schema":{"@context":"https:\/\/schema.org","@graph":[{"@type":"WebPage","@id":"https:\/\/www.manaus.am.gov.br\/seminf\/prefeitura-de-manaus-leva-infraestrutura-as-ruas-do-bairro-alvorada\/","url":"https:\/\/www.manaus.am.gov.br\/seminf\/prefeitura-de-manaus-leva-infraestrutura-as-ruas-do-bairro-alvorada\/","name":"Prefeitura de Manaus leva infraestrutura \u00e0s ruas do bairro Alvorada - SEMINF","isPartOf":{"@id":"https:\/\/www.manaus.am.gov.br\/seminf\/#website"},"primaryImageOfPage":{"@id":"https:\/\/www.manaus.am.gov.br\/seminf\/prefeitura-de-manaus-leva-infraestrutura-as-ruas-do-bairro-alvorada\/#primaryimage"},"image":{"@id":"https:\/\/www.manaus.am.gov.br\/seminf\/prefeitura-de-manaus-leva-infraestrutura-as-ruas-do-bairro-alvorada\/#primaryimage"},"thumbnailUrl":"https:\/\/www.manaus.am.gov.br\/seminf\/wp-content\/uploads\/sites\/6\/2022\/12\/Prefeitura-de-Manaus-leva-infraestrutura-as-ruas-do-bairro-Alvorada.jpg","datePublished":"2022-12-23T14:59:00+00:00","dateModified":"2022-12-26T13:09:55+00:00","author":{"@id":"https:\/\/www.manaus.am.gov.br\/seminf\/#\/schema\/person\/79525a47ac5902f50493820d995728ee"},"inLanguage":"pt-BR","potentialAction":[{"@type":"ReadAction","target":["https:\/\/www.manaus.am.gov.br\/seminf\/prefeitura-de-manaus-leva-infraestrutura-as-ruas-do-bairro-alvorada\/"]}]},{"@type":"ImageObject","inLanguage":"pt-BR","@id":"https:\/\/www.manaus.am.gov.br\/seminf\/prefeitura-de-manaus-leva-infraestrutura-as-ruas-do-bairro-alvorada\/#primaryimage","url":"https:\/\/www.manaus.am.gov.br\/seminf\/wp-content\/uploads\/sites\/6\/2022\/12\/Prefeitura-de-Manaus-leva-infraestrutura-as-ruas-do-bairro-Alvorada.jpg","contentUrl":"https:\/\/www.manaus.am.gov.br\/seminf\/wp-content\/uploads\/sites\/6\/2022\/12\/Prefeitura-de-Manaus-leva-infraestrutura-as-ruas-do-bairro-Alvorada.jpg","width":720,"height":407,"caption":"Prefeitura de Manaus leva infraestrutura \u00e0s ruas do bairro Alvorada"},{"@type":"WebSite","@id":"https:\/\/www.manaus.am.gov.br\/seminf\/#website","url":"https:\/\/www.manaus.am.gov.br\/seminf\/","name":"Secretaria de Infraestrutura","description":"Secretaria Municipal de Infraestrutura","potentialAction":[{"@type":"SearchAction","target":{"@type":"EntryPoint","urlTemplate":"https:\/\/www.manaus.am.gov.br\/seminf\/?s={search_term_string}"},"query-input":"required name=search_term_string"}],"inLanguage":"pt-BR"},{"@type":"Person","@id":"https:\/\/www.manaus.am.gov.br\/seminf\/#\/schema\/person\/79525a47ac5902f50493820d995728ee","name":"Imarketing Digital","image":{"@type":"ImageObject","inLanguage":"pt-BR","@id":"https:\/\/www.manaus.am.gov.br\/seminf\/#\/schema\/person\/image\/","url":"https:\/\/secure.gravatar.com\/avatar\/03432d3c57b756ed9760f7019c815a3a?s=96&d=mm&r=g","contentUrl":"https:\/\/secure.gravatar.com\/avatar\/03432d3c57b756ed9760f7019c815a3a?s=96&d=mm&r=g","caption":"Imarketing Digital"}}]}},"_links":{"self":[{"href":"https:\/\/www.manaus.am.gov.br\/seminf\/wp-json\/wp\/v2\/posts\/239"}],"collection":[{"href":"https:\/\/www.manaus.am.gov.br\/seminf\/wp-json\/wp\/v2\/posts"}],"about":[{"href":"https:\/\/www.manaus.am.gov.br\/seminf\/wp-json\/wp\/v2\/types\/post"}],"author":[{"embeddable":true,"href":"https:\/\/www.manaus.am.gov.br\/seminf\/wp-json\/wp\/v2\/users\/27"}],"replies":[{"embeddable":true,"href":"https:\/\/www.manaus.am.gov.br\/seminf\/wp-json\/wp\/v2\/comments?post=239"}],"version-history":[{"count":0,"href":"https:\/\/www.manaus.am.gov.br\/seminf\/wp-json\/wp\/v2\/posts\/239\/revisions"}],"wp:featuredmedia":[{"embeddable":true,"href":"https:\/\/www.manaus.am.gov.br\/seminf\/wp-json\/wp\/v2\/media\/240"}],"wp:attachment":[{"href":"https:\/\/www.manaus.am.gov.br\/seminf\/wp-json\/wp\/v2\/media?parent=239"}],"wp:term":[{"taxonomy":"category","embeddable":true,"href":"https:\/\/www.manaus.am.gov.br\/seminf\/wp-json\/wp\/v2\/categories?post=239"},{"taxonomy":"post_tag","embeddable":true,"href":"https:\/\/www.manaus.am.gov.br\/seminf\/wp-json\/wp\/v2\/tags?post=239"}],"curies":[{"name":"wp","href":"https:\/\/api.w.org\/{rel}","templated":true}]}}