{"id":237,"date":"2022-12-23T08:55:00","date_gmt":"2022-12-23T12:55:00","guid":{"rendered":"https:\/\/www.manaus.am.gov.br\/seminf\/prefeitura-intensifica-servicos-de-recomposicao-asfaltica-em-via-do-conjunto-promorar\/"},"modified":"2022-12-26T08:49:26","modified_gmt":"2022-12-26T12:49:26","slug":"prefeitura-intensifica-servicos-de-recomposicao-asfaltica-em-via-do-conjunto-promorar","status":"publish","type":"post","link":"https:\/\/www.manaus.am.gov.br\/seminf\/prefeitura-intensifica-servicos-de-recomposicao-asfaltica-em-via-do-conjunto-promorar\/","title":{"rendered":"Prefeitura intensifica servi\u00e7os de recomposi\u00e7\u00e3o asf\u00e1ltica em via do conjunto Promorar"},"content":{"rendered":"\n<p>A\u00a0Prefeitura de Manaus, por meio da Secretaria Municipal de Infraestrutura (Seminf), intensifica, nesta sexta-feira, 23\/12, as obras de recupera\u00e7\u00e3o asf\u00e1ltica da rua E-15, conjunto Promorar, bairro Alvorada, zona Centro-Oeste, que estava com o tr\u00e1fego comprometido por conta dos buracos formados pela falta de manuten\u00e7\u00e3o da rua.<\/p>\n\n\n\n<p>As equipes da Seminf trabalham com aproximadamente 50 toneladas de massa asf\u00e1ltica e rolo compressor, para compactar, de forma precisa, o asfalto. As equipes atuam na recupera\u00e7\u00e3o da via, para receber o servi\u00e7o de recapeamento do programa \u201cAsfalta Manaus\u201d, que visa recuperar 10 mil ruas na capital amazonense.<\/p>\n\n\n\n<p>Para a engenheira respons\u00e1vel pela obra de infraestrutura, Socorro Diniz, as equipes est\u00e3o empenhadas em devolver a trafegabilidade da via com seguran\u00e7a.<\/p>\n\n\n\n<p>\u201cEstamos tratando a estrutura da via para deixarmos tudo pronto para a execu\u00e7\u00e3o posterior do servi\u00e7o de recapeamento do programa \u2018Asfalta Manaus\u2019, como determinam o prefeito David Almeida e o secret\u00e1rio de Obras, Renato J\u00fanior. Nossa miss\u00e3o \u00e9 promover qualidade de vida e seguran\u00e7a nas obras de infraestrutura da cidade, mudar a vida das pessoas para melhor\u201d, explicou a engenheira.<\/p>\n\n\n\n<p>As obras de manuten\u00e7\u00e3o t\u00eam sido prioridade, determinadas pelo prefeito David Almeida. As equipes da Seminf est\u00e3o atuando diariamente em obras de infraestrutura das vias, recuperando rompimentos de drenagens na cidade, implantando tecnologias mais modernas, para solucionar em definitivo os problemas.<\/p>\n\n\n\n<hr class=\"wp-block-separator has-alpha-channel-opacity\"\/>\n\n\n\n<p><strong>Texto<\/strong>\u00a0\u2013 Valesca Martins\/ Seminf<br><strong>Fotos<\/strong>\u00a0\u2013 Divulga\u00e7\u00e3o\/ Seminf<br><strong><a href=\"https:\/\/we.tl\/t-Bg0lOnuXw8\">Dispon\u00edveis<\/a>\u00a0em \u2013\u00a0<\/strong><a href=\"https:\/\/flic.kr\/s\/aHBqjAkjGU\">https:\/\/flic.kr\/s\/aHBqjAkjGU<\/a><\/p>\n","protected":false},"excerpt":{"rendered":"","protected":false},"author":27,"featured_media":238,"comment_status":"closed","ping_status":"closed","sticky":false,"template":"","format":"standard","meta":{"footnotes":""},"categories":[4],"tags":[],"acf":[],"yoast_head":"<!-- This site is optimized with the Yoast SEO plugin v23.0 - https:\/\/yoast.com\/wordpress\/plugins\/seo\/ -->\n<title>Prefeitura intensifica servi\u00e7os de recomposi\u00e7\u00e3o asf\u00e1ltica em via do conjunto Promorar - SEMINF<\/title>\n<meta name=\"robots\" content=\"index, follow, max-snippet:-1, max-image-preview:large, max-video-preview:-1\" \/>\n<link rel=\"canonical\" href=\"https:\/\/www.manaus.am.gov.br\/seminf\/prefeitura-intensifica-servicos-de-recomposicao-asfaltica-em-via-do-conjunto-promorar\/\" \/>\n<meta property=\"og:locale\" content=\"pt_BR\" \/>\n<meta property=\"og:type\" content=\"article\" \/>\n<meta property=\"og:title\" content=\"Prefeitura intensifica servi\u00e7os de recomposi\u00e7\u00e3o asf\u00e1ltica em via do conjunto Promorar - SEMINF\" \/>\n<meta property=\"og:url\" content=\"https:\/\/www.manaus.am.gov.br\/seminf\/prefeitura-intensifica-servicos-de-recomposicao-asfaltica-em-via-do-conjunto-promorar\/\" \/>\n<meta property=\"og:site_name\" content=\"SEMINF\" \/>\n<meta property=\"article:published_time\" content=\"2022-12-23T12:55:00+00:00\" \/>\n<meta property=\"article:modified_time\" content=\"2022-12-26T12:49:26+00:00\" \/>\n<meta property=\"og:image\" content=\"https:\/\/www.manaus.am.gov.br\/seminf\/wp-content\/uploads\/sites\/6\/2022\/12\/Prefeitura-intensifica-servicos-de-recomposicao-asfaltica-em-via-do-conjunto-Promorar.jpg\" \/>\n\t<meta property=\"og:image:width\" content=\"800\" \/>\n\t<meta property=\"og:image:height\" content=\"600\" \/>\n\t<meta property=\"og:image:type\" content=\"image\/jpeg\" \/>\n<meta name=\"author\" content=\"Imarketing Digital\" \/>\n<meta name=\"twitter:card\" content=\"summary_large_image\" \/>\n<meta name=\"twitter:label1\" content=\"Written by\" \/>\n\t<meta name=\"twitter:data1\" content=\"Imarketing Digital\" \/>\n\t<meta name=\"twitter:label2\" content=\"Est. reading time\" \/>\n\t<meta name=\"twitter:data2\" content=\"2 minutos\" \/>\n<script type=\"application\/ld+json\" class=\"yoast-schema-graph\">{\"@context\":\"https:\/\/schema.org\",\"@graph\":[{\"@type\":\"WebPage\",\"@id\":\"https:\/\/www.manaus.am.gov.br\/seminf\/prefeitura-intensifica-servicos-de-recomposicao-asfaltica-em-via-do-conjunto-promorar\/\",\"url\":\"https:\/\/www.manaus.am.gov.br\/seminf\/prefeitura-intensifica-servicos-de-recomposicao-asfaltica-em-via-do-conjunto-promorar\/\",\"name\":\"Prefeitura intensifica servi\u00e7os de recomposi\u00e7\u00e3o asf\u00e1ltica em via do conjunto Promorar - SEMINF\",\"isPartOf\":{\"@id\":\"https:\/\/www.manaus.am.gov.br\/seminf\/#website\"},\"primaryImageOfPage\":{\"@id\":\"https:\/\/www.manaus.am.gov.br\/seminf\/prefeitura-intensifica-servicos-de-recomposicao-asfaltica-em-via-do-conjunto-promorar\/#primaryimage\"},\"image\":{\"@id\":\"https:\/\/www.manaus.am.gov.br\/seminf\/prefeitura-intensifica-servicos-de-recomposicao-asfaltica-em-via-do-conjunto-promorar\/#primaryimage\"},\"thumbnailUrl\":\"https:\/\/www.manaus.am.gov.br\/seminf\/wp-content\/uploads\/sites\/6\/2022\/12\/Prefeitura-intensifica-servicos-de-recomposicao-asfaltica-em-via-do-conjunto-Promorar.jpg\",\"datePublished\":\"2022-12-23T12:55:00+00:00\",\"dateModified\":\"2022-12-26T12:49:26+00:00\",\"author\":{\"@id\":\"https:\/\/www.manaus.am.gov.br\/seminf\/#\/schema\/person\/79525a47ac5902f50493820d995728ee\"},\"inLanguage\":\"pt-BR\",\"potentialAction\":[{\"@type\":\"ReadAction\",\"target\":[\"https:\/\/www.manaus.am.gov.br\/seminf\/prefeitura-intensifica-servicos-de-recomposicao-asfaltica-em-via-do-conjunto-promorar\/\"]}]},{\"@type\":\"ImageObject\",\"inLanguage\":\"pt-BR\",\"@id\":\"https:\/\/www.manaus.am.gov.br\/seminf\/prefeitura-intensifica-servicos-de-recomposicao-asfaltica-em-via-do-conjunto-promorar\/#primaryimage\",\"url\":\"https:\/\/www.manaus.am.gov.br\/seminf\/wp-content\/uploads\/sites\/6\/2022\/12\/Prefeitura-intensifica-servicos-de-recomposicao-asfaltica-em-via-do-conjunto-Promorar.jpg\",\"contentUrl\":\"https:\/\/www.manaus.am.gov.br\/seminf\/wp-content\/uploads\/sites\/6\/2022\/12\/Prefeitura-intensifica-servicos-de-recomposicao-asfaltica-em-via-do-conjunto-Promorar.jpg\",\"width\":800,\"height\":600,\"caption\":\"Prefeitura intensifica servi\u00e7os de recomposi\u00e7\u00e3o asf\u00e1ltica em via do conjunto Promorar\"},{\"@type\":\"WebSite\",\"@id\":\"https:\/\/www.manaus.am.gov.br\/seminf\/#website\",\"url\":\"https:\/\/www.manaus.am.gov.br\/seminf\/\",\"name\":\"Secretaria de Infraestrutura\",\"description\":\"Secretaria Municipal de Infraestrutura\",\"potentialAction\":[{\"@type\":\"SearchAction\",\"target\":{\"@type\":\"EntryPoint\",\"urlTemplate\":\"https:\/\/www.manaus.am.gov.br\/seminf\/?s={search_term_string}\"},\"query-input\":\"required name=search_term_string\"}],\"inLanguage\":\"pt-BR\"},{\"@type\":\"Person\",\"@id\":\"https:\/\/www.manaus.am.gov.br\/seminf\/#\/schema\/person\/79525a47ac5902f50493820d995728ee\",\"name\":\"Imarketing Digital\",\"image\":{\"@type\":\"ImageObject\",\"inLanguage\":\"pt-BR\",\"@id\":\"https:\/\/www.manaus.am.gov.br\/seminf\/#\/schema\/person\/image\/\",\"url\":\"https:\/\/secure.gravatar.com\/avatar\/03432d3c57b756ed9760f7019c815a3a?s=96&d=mm&r=g\",\"contentUrl\":\"https:\/\/secure.gravatar.com\/avatar\/03432d3c57b756ed9760f7019c815a3a?s=96&d=mm&r=g\",\"caption\":\"Imarketing Digital\"}}]}<\/script>\n<!-- \/ Yoast SEO plugin. -->","yoast_head_json":{"title":"Prefeitura intensifica servi\u00e7os de recomposi\u00e7\u00e3o asf\u00e1ltica em via do conjunto Promorar - SEMINF","robots":{"index":"index","follow":"follow","max-snippet":"max-snippet:-1","max-image-preview":"max-image-preview:large","max-video-preview":"max-video-preview:-1"},"canonical":"https:\/\/www.manaus.am.gov.br\/seminf\/prefeitura-intensifica-servicos-de-recomposicao-asfaltica-em-via-do-conjunto-promorar\/","og_locale":"pt_BR","og_type":"article","og_title":"Prefeitura intensifica servi\u00e7os de recomposi\u00e7\u00e3o asf\u00e1ltica em via do conjunto Promorar - SEMINF","og_url":"https:\/\/www.manaus.am.gov.br\/seminf\/prefeitura-intensifica-servicos-de-recomposicao-asfaltica-em-via-do-conjunto-promorar\/","og_site_name":"SEMINF","article_published_time":"2022-12-23T12:55:00+00:00","article_modified_time":"2022-12-26T12:49:26+00:00","og_image":[{"width":800,"height":600,"url":"https:\/\/www.manaus.am.gov.br\/seminf\/wp-content\/uploads\/sites\/6\/2022\/12\/Prefeitura-intensifica-servicos-de-recomposicao-asfaltica-em-via-do-conjunto-Promorar.jpg","type":"image\/jpeg"}],"author":"Imarketing Digital","twitter_card":"summary_large_image","twitter_misc":{"Written by":"Imarketing Digital","Est. reading time":"2 minutos"},"schema":{"@context":"https:\/\/schema.org","@graph":[{"@type":"WebPage","@id":"https:\/\/www.manaus.am.gov.br\/seminf\/prefeitura-intensifica-servicos-de-recomposicao-asfaltica-em-via-do-conjunto-promorar\/","url":"https:\/\/www.manaus.am.gov.br\/seminf\/prefeitura-intensifica-servicos-de-recomposicao-asfaltica-em-via-do-conjunto-promorar\/","name":"Prefeitura intensifica servi\u00e7os de recomposi\u00e7\u00e3o asf\u00e1ltica em via do conjunto Promorar - SEMINF","isPartOf":{"@id":"https:\/\/www.manaus.am.gov.br\/seminf\/#website"},"primaryImageOfPage":{"@id":"https:\/\/www.manaus.am.gov.br\/seminf\/prefeitura-intensifica-servicos-de-recomposicao-asfaltica-em-via-do-conjunto-promorar\/#primaryimage"},"image":{"@id":"https:\/\/www.manaus.am.gov.br\/seminf\/prefeitura-intensifica-servicos-de-recomposicao-asfaltica-em-via-do-conjunto-promorar\/#primaryimage"},"thumbnailUrl":"https:\/\/www.manaus.am.gov.br\/seminf\/wp-content\/uploads\/sites\/6\/2022\/12\/Prefeitura-intensifica-servicos-de-recomposicao-asfaltica-em-via-do-conjunto-Promorar.jpg","datePublished":"2022-12-23T12:55:00+00:00","dateModified":"2022-12-26T12:49:26+00:00","author":{"@id":"https:\/\/www.manaus.am.gov.br\/seminf\/#\/schema\/person\/79525a47ac5902f50493820d995728ee"},"inLanguage":"pt-BR","potentialAction":[{"@type":"ReadAction","target":["https:\/\/www.manaus.am.gov.br\/seminf\/prefeitura-intensifica-servicos-de-recomposicao-asfaltica-em-via-do-conjunto-promorar\/"]}]},{"@type":"ImageObject","inLanguage":"pt-BR","@id":"https:\/\/www.manaus.am.gov.br\/seminf\/prefeitura-intensifica-servicos-de-recomposicao-asfaltica-em-via-do-conjunto-promorar\/#primaryimage","url":"https:\/\/www.manaus.am.gov.br\/seminf\/wp-content\/uploads\/sites\/6\/2022\/12\/Prefeitura-intensifica-servicos-de-recomposicao-asfaltica-em-via-do-conjunto-Promorar.jpg","contentUrl":"https:\/\/www.manaus.am.gov.br\/seminf\/wp-content\/uploads\/sites\/6\/2022\/12\/Prefeitura-intensifica-servicos-de-recomposicao-asfaltica-em-via-do-conjunto-Promorar.jpg","width":800,"height":600,"caption":"Prefeitura intensifica servi\u00e7os de recomposi\u00e7\u00e3o asf\u00e1ltica em via do conjunto Promorar"},{"@type":"WebSite","@id":"https:\/\/www.manaus.am.gov.br\/seminf\/#website","url":"https:\/\/www.manaus.am.gov.br\/seminf\/","name":"Secretaria de Infraestrutura","description":"Secretaria Municipal de Infraestrutura","potentialAction":[{"@type":"SearchAction","target":{"@type":"EntryPoint","urlTemplate":"https:\/\/www.manaus.am.gov.br\/seminf\/?s={search_term_string}"},"query-input":"required name=search_term_string"}],"inLanguage":"pt-BR"},{"@type":"Person","@id":"https:\/\/www.manaus.am.gov.br\/seminf\/#\/schema\/person\/79525a47ac5902f50493820d995728ee","name":"Imarketing Digital","image":{"@type":"ImageObject","inLanguage":"pt-BR","@id":"https:\/\/www.manaus.am.gov.br\/seminf\/#\/schema\/person\/image\/","url":"https:\/\/secure.gravatar.com\/avatar\/03432d3c57b756ed9760f7019c815a3a?s=96&d=mm&r=g","contentUrl":"https:\/\/secure.gravatar.com\/avatar\/03432d3c57b756ed9760f7019c815a3a?s=96&d=mm&r=g","caption":"Imarketing Digital"}}]}},"_links":{"self":[{"href":"https:\/\/www.manaus.am.gov.br\/seminf\/wp-json\/wp\/v2\/posts\/237"}],"collection":[{"href":"https:\/\/www.manaus.am.gov.br\/seminf\/wp-json\/wp\/v2\/posts"}],"about":[{"href":"https:\/\/www.manaus.am.gov.br\/seminf\/wp-json\/wp\/v2\/types\/post"}],"author":[{"embeddable":true,"href":"https:\/\/www.manaus.am.gov.br\/seminf\/wp-json\/wp\/v2\/users\/27"}],"replies":[{"embeddable":true,"href":"https:\/\/www.manaus.am.gov.br\/seminf\/wp-json\/wp\/v2\/comments?post=237"}],"version-history":[{"count":0,"href":"https:\/\/www.manaus.am.gov.br\/seminf\/wp-json\/wp\/v2\/posts\/237\/revisions"}],"wp:featuredmedia":[{"embeddable":true,"href":"https:\/\/www.manaus.am.gov.br\/seminf\/wp-json\/wp\/v2\/media\/238"}],"wp:attachment":[{"href":"https:\/\/www.manaus.am.gov.br\/seminf\/wp-json\/wp\/v2\/media?parent=237"}],"wp:term":[{"taxonomy":"category","embeddable":true,"href":"https:\/\/www.manaus.am.gov.br\/seminf\/wp-json\/wp\/v2\/categories?post=237"},{"taxonomy":"post_tag","embeddable":true,"href":"https:\/\/www.manaus.am.gov.br\/seminf\/wp-json\/wp\/v2\/tags?post=237"}],"curies":[{"name":"wp","href":"https:\/\/api.w.org\/{rel}","templated":true}]}}