{"id":235,"date":"2022-12-22T15:10:00","date_gmt":"2022-12-22T19:10:00","guid":{"rendered":"https:\/\/www.manaus.am.gov.br\/seminf\/obras-de-contencao-de-erosao-no-entorno-do-viaduto-josue-claudio-de-souza-iniciam-nesta-sexta-feira\/"},"modified":"2022-12-26T08:35:01","modified_gmt":"2022-12-26T12:35:01","slug":"obras-de-contencao-de-erosao-no-entorno-do-viaduto-josue-claudio-de-souza-iniciam-nesta-sexta-feira","status":"publish","type":"post","link":"https:\/\/www.manaus.am.gov.br\/seminf\/obras-de-contencao-de-erosao-no-entorno-do-viaduto-josue-claudio-de-souza-iniciam-nesta-sexta-feira\/","title":{"rendered":"Obras de conten\u00e7\u00e3o de eros\u00e3o no entorno do viaduto Josu\u00e9 Cl\u00e1udio de Souza iniciam nesta sexta-feira"},"content":{"rendered":"\n<p>A Prefeitura de Manaus, por meio da Secretaria Municipal de Infraestrutura (Seminf), realizou, nesta quinta-feira, 22\/12, uma nova visita t\u00e9cnica ao viaduto Josu\u00e9 Cl\u00e1udio de Souza, localizado entre o boulevard \u00c1lvaro Maia e a avenida Jornalista Umberto Calderaro Filho, zona Centro-Sul.<\/p>\n\n\n\n<p>As equipes voltaram a tranquilizar a popula\u00e7\u00e3o e os moradores do entorno, de que o viaduto Josu\u00e9 Cl\u00e1udio de Souza n\u00e3o corre nenhum risco de desabamento, o que tamb\u00e9m foi confirmado por uma an\u00e1lise feita pela engenharia, seguindo as normas do Dnit, segundo o &nbsp;diretor de Engenharia da Seminf, Tabajara J\u00fanior.<\/p>\n\n\n\n<p>\u201cAs funda\u00e7\u00f5es do viaduto s\u00e3o do tipo profundas, s\u00e3o estacas com mais de 20 metros de profundidade, que d\u00e3o toda a sustenta\u00e7\u00e3o no viaduto, portanto, n\u00e3o h\u00e1 risco de desabamento iminente\u201d, afirmou o diretor.<\/p>\n\n\n\n<p>Tabajara J\u00fanior disse ainda que, na parte lateral, h\u00e1 um processo erosivo do solo, causado devido \u00e0s fortes chuvas. As obras de conten\u00e7\u00e3o de eros\u00e3o e implanta\u00e7\u00e3o de rede de drenagem come\u00e7am nesta sexta-feira, 23\/12.<\/p>\n\n\n\n<p>\u201cA partir de amanh\u00e3 (23), durante 30 dias, a Seminf atua com uma equipe de 15 a 20 funcion\u00e1rios trabalhando para conter n\u00e3o s\u00f3 essa eros\u00e3o, como tamb\u00e9m atuando na infraestrutura do beco, onde ser\u00e1 trocada toda a rede de drenagem, aumentando a tubula\u00e7\u00e3o, para dar mais vaz\u00e3o \u00e0s \u00e1guas das chuvas e, assim, evitar novos processos erosivos\u201d.<\/p>\n\n\n\n<p>O chefe de Manuten\u00e7\u00e3o e Infraestrutura Urbana da Seminf, Emerson Costa, afirma que a Seminf j\u00e1 esteve, anteriormente, no local.<\/p>\n\n\n\n<p>\u201cPassamos mais de um m\u00eas aqui refazendo toda a rede de drenagem na parte inferior. Este ano, foi recomposta uma escada hidr\u00e1ulica para conter a for\u00e7a da \u00e1gua da chuva, instalamos um arrimo (uma prote\u00e7\u00e3o de barro). O que aconteceu foi que a forte chuva levou esse barro. \u00c9 importante tamb\u00e9m que se diferencie o que \u00e9 a estrutura do viaduto e o que \u00e9 drenagem ao lado do viaduto. Hoje, n\u00f3s estamos com problema na drenagem ao lado do viaduto, que ser\u00e1 solucionado a partir desta sexta-feira\u201d, afirmou Costa.<\/p>\n\n\n\n<hr class=\"wp-block-separator has-alpha-channel-opacity\"\/>\n\n\n\n<p><strong>Texto<\/strong>\u00a0\u2013 Mariana Rocha\/Seminf<br><strong>Fotos<\/strong>\u00a0\u2013 M\u00e1rcio Melo\/Seminf<br><strong>Dispon\u00edveis em<\/strong>\u00a0\u2013\u00a0<a href=\"https:\/\/flic.kr\/s\/aHBqjAkhhh\">https:\/\/flic.kr\/s\/aHBqjAkhhh<\/a><\/p>\n","protected":false},"excerpt":{"rendered":"","protected":false},"author":27,"featured_media":236,"comment_status":"closed","ping_status":"closed","sticky":false,"template":"","format":"standard","meta":{"footnotes":""},"categories":[12],"tags":[],"acf":[],"yoast_head":"<!-- This site is optimized with the Yoast SEO plugin v23.0 - https:\/\/yoast.com\/wordpress\/plugins\/seo\/ -->\n<title>Obras de conten\u00e7\u00e3o de eros\u00e3o no entorno do viaduto Josu\u00e9 Cl\u00e1udio de Souza iniciam nesta sexta-feira - SEMINF<\/title>\n<meta name=\"robots\" content=\"index, follow, max-snippet:-1, max-image-preview:large, max-video-preview:-1\" \/>\n<link rel=\"canonical\" href=\"https:\/\/www.manaus.am.gov.br\/seminf\/obras-de-contencao-de-erosao-no-entorno-do-viaduto-josue-claudio-de-souza-iniciam-nesta-sexta-feira\/\" \/>\n<meta property=\"og:locale\" content=\"pt_BR\" \/>\n<meta property=\"og:type\" content=\"article\" \/>\n<meta property=\"og:title\" content=\"Obras de conten\u00e7\u00e3o de eros\u00e3o no entorno do viaduto Josu\u00e9 Cl\u00e1udio de Souza iniciam nesta sexta-feira - SEMINF\" \/>\n<meta property=\"og:url\" content=\"https:\/\/www.manaus.am.gov.br\/seminf\/obras-de-contencao-de-erosao-no-entorno-do-viaduto-josue-claudio-de-souza-iniciam-nesta-sexta-feira\/\" \/>\n<meta property=\"og:site_name\" content=\"SEMINF\" \/>\n<meta property=\"article:published_time\" content=\"2022-12-22T19:10:00+00:00\" \/>\n<meta property=\"article:modified_time\" content=\"2022-12-26T12:35:01+00:00\" \/>\n<meta property=\"og:image\" content=\"https:\/\/www.manaus.am.gov.br\/seminf\/wp-content\/uploads\/sites\/6\/2022\/12\/Obras-de-contencao-de-erosao-no-entorno-do-viaduto-Josue-Claudio-de-Souza-iniciam-nesta-sexta-feira.jpg\" \/>\n\t<meta property=\"og:image:width\" content=\"799\" \/>\n\t<meta property=\"og:image:height\" content=\"533\" \/>\n\t<meta property=\"og:image:type\" content=\"image\/jpeg\" \/>\n<meta name=\"author\" content=\"Imarketing Digital\" \/>\n<meta name=\"twitter:card\" content=\"summary_large_image\" \/>\n<meta name=\"twitter:label1\" content=\"Written by\" \/>\n\t<meta name=\"twitter:data1\" content=\"Imarketing Digital\" \/>\n\t<meta name=\"twitter:label2\" content=\"Est. reading time\" \/>\n\t<meta name=\"twitter:data2\" content=\"2 minutos\" \/>\n<script type=\"application\/ld+json\" class=\"yoast-schema-graph\">{\"@context\":\"https:\/\/schema.org\",\"@graph\":[{\"@type\":\"WebPage\",\"@id\":\"https:\/\/www.manaus.am.gov.br\/seminf\/obras-de-contencao-de-erosao-no-entorno-do-viaduto-josue-claudio-de-souza-iniciam-nesta-sexta-feira\/\",\"url\":\"https:\/\/www.manaus.am.gov.br\/seminf\/obras-de-contencao-de-erosao-no-entorno-do-viaduto-josue-claudio-de-souza-iniciam-nesta-sexta-feira\/\",\"name\":\"Obras de conten\u00e7\u00e3o de eros\u00e3o no entorno do viaduto Josu\u00e9 Cl\u00e1udio de Souza iniciam nesta sexta-feira - SEMINF\",\"isPartOf\":{\"@id\":\"https:\/\/www.manaus.am.gov.br\/seminf\/#website\"},\"primaryImageOfPage\":{\"@id\":\"https:\/\/www.manaus.am.gov.br\/seminf\/obras-de-contencao-de-erosao-no-entorno-do-viaduto-josue-claudio-de-souza-iniciam-nesta-sexta-feira\/#primaryimage\"},\"image\":{\"@id\":\"https:\/\/www.manaus.am.gov.br\/seminf\/obras-de-contencao-de-erosao-no-entorno-do-viaduto-josue-claudio-de-souza-iniciam-nesta-sexta-feira\/#primaryimage\"},\"thumbnailUrl\":\"https:\/\/www.manaus.am.gov.br\/seminf\/wp-content\/uploads\/sites\/6\/2022\/12\/Obras-de-contencao-de-erosao-no-entorno-do-viaduto-Josue-Claudio-de-Souza-iniciam-nesta-sexta-feira.jpg\",\"datePublished\":\"2022-12-22T19:10:00+00:00\",\"dateModified\":\"2022-12-26T12:35:01+00:00\",\"author\":{\"@id\":\"https:\/\/www.manaus.am.gov.br\/seminf\/#\/schema\/person\/79525a47ac5902f50493820d995728ee\"},\"inLanguage\":\"pt-BR\",\"potentialAction\":[{\"@type\":\"ReadAction\",\"target\":[\"https:\/\/www.manaus.am.gov.br\/seminf\/obras-de-contencao-de-erosao-no-entorno-do-viaduto-josue-claudio-de-souza-iniciam-nesta-sexta-feira\/\"]}]},{\"@type\":\"ImageObject\",\"inLanguage\":\"pt-BR\",\"@id\":\"https:\/\/www.manaus.am.gov.br\/seminf\/obras-de-contencao-de-erosao-no-entorno-do-viaduto-josue-claudio-de-souza-iniciam-nesta-sexta-feira\/#primaryimage\",\"url\":\"https:\/\/www.manaus.am.gov.br\/seminf\/wp-content\/uploads\/sites\/6\/2022\/12\/Obras-de-contencao-de-erosao-no-entorno-do-viaduto-Josue-Claudio-de-Souza-iniciam-nesta-sexta-feira.jpg\",\"contentUrl\":\"https:\/\/www.manaus.am.gov.br\/seminf\/wp-content\/uploads\/sites\/6\/2022\/12\/Obras-de-contencao-de-erosao-no-entorno-do-viaduto-Josue-Claudio-de-Souza-iniciam-nesta-sexta-feira.jpg\",\"width\":799,\"height\":533,\"caption\":\"Obras de conten\u00e7\u00e3o de eros\u00e3o no entorno do viaduto Josu\u00e9 Cl\u00e1udio de Souza iniciam nesta sexta-feira\"},{\"@type\":\"WebSite\",\"@id\":\"https:\/\/www.manaus.am.gov.br\/seminf\/#website\",\"url\":\"https:\/\/www.manaus.am.gov.br\/seminf\/\",\"name\":\"Secretaria de Infraestrutura\",\"description\":\"Secretaria Municipal de Infraestrutura\",\"potentialAction\":[{\"@type\":\"SearchAction\",\"target\":{\"@type\":\"EntryPoint\",\"urlTemplate\":\"https:\/\/www.manaus.am.gov.br\/seminf\/?s={search_term_string}\"},\"query-input\":\"required name=search_term_string\"}],\"inLanguage\":\"pt-BR\"},{\"@type\":\"Person\",\"@id\":\"https:\/\/www.manaus.am.gov.br\/seminf\/#\/schema\/person\/79525a47ac5902f50493820d995728ee\",\"name\":\"Imarketing Digital\",\"image\":{\"@type\":\"ImageObject\",\"inLanguage\":\"pt-BR\",\"@id\":\"https:\/\/www.manaus.am.gov.br\/seminf\/#\/schema\/person\/image\/\",\"url\":\"https:\/\/secure.gravatar.com\/avatar\/03432d3c57b756ed9760f7019c815a3a?s=96&d=mm&r=g\",\"contentUrl\":\"https:\/\/secure.gravatar.com\/avatar\/03432d3c57b756ed9760f7019c815a3a?s=96&d=mm&r=g\",\"caption\":\"Imarketing Digital\"}}]}<\/script>\n<!-- \/ Yoast SEO plugin. -->","yoast_head_json":{"title":"Obras de conten\u00e7\u00e3o de eros\u00e3o no entorno do viaduto Josu\u00e9 Cl\u00e1udio de Souza iniciam nesta sexta-feira - SEMINF","robots":{"index":"index","follow":"follow","max-snippet":"max-snippet:-1","max-image-preview":"max-image-preview:large","max-video-preview":"max-video-preview:-1"},"canonical":"https:\/\/www.manaus.am.gov.br\/seminf\/obras-de-contencao-de-erosao-no-entorno-do-viaduto-josue-claudio-de-souza-iniciam-nesta-sexta-feira\/","og_locale":"pt_BR","og_type":"article","og_title":"Obras de conten\u00e7\u00e3o de eros\u00e3o no entorno do viaduto Josu\u00e9 Cl\u00e1udio de Souza iniciam nesta sexta-feira - SEMINF","og_url":"https:\/\/www.manaus.am.gov.br\/seminf\/obras-de-contencao-de-erosao-no-entorno-do-viaduto-josue-claudio-de-souza-iniciam-nesta-sexta-feira\/","og_site_name":"SEMINF","article_published_time":"2022-12-22T19:10:00+00:00","article_modified_time":"2022-12-26T12:35:01+00:00","og_image":[{"width":799,"height":533,"url":"https:\/\/www.manaus.am.gov.br\/seminf\/wp-content\/uploads\/sites\/6\/2022\/12\/Obras-de-contencao-de-erosao-no-entorno-do-viaduto-Josue-Claudio-de-Souza-iniciam-nesta-sexta-feira.jpg","type":"image\/jpeg"}],"author":"Imarketing Digital","twitter_card":"summary_large_image","twitter_misc":{"Written by":"Imarketing Digital","Est. reading time":"2 minutos"},"schema":{"@context":"https:\/\/schema.org","@graph":[{"@type":"WebPage","@id":"https:\/\/www.manaus.am.gov.br\/seminf\/obras-de-contencao-de-erosao-no-entorno-do-viaduto-josue-claudio-de-souza-iniciam-nesta-sexta-feira\/","url":"https:\/\/www.manaus.am.gov.br\/seminf\/obras-de-contencao-de-erosao-no-entorno-do-viaduto-josue-claudio-de-souza-iniciam-nesta-sexta-feira\/","name":"Obras de conten\u00e7\u00e3o de eros\u00e3o no entorno do viaduto Josu\u00e9 Cl\u00e1udio de Souza iniciam nesta sexta-feira - SEMINF","isPartOf":{"@id":"https:\/\/www.manaus.am.gov.br\/seminf\/#website"},"primaryImageOfPage":{"@id":"https:\/\/www.manaus.am.gov.br\/seminf\/obras-de-contencao-de-erosao-no-entorno-do-viaduto-josue-claudio-de-souza-iniciam-nesta-sexta-feira\/#primaryimage"},"image":{"@id":"https:\/\/www.manaus.am.gov.br\/seminf\/obras-de-contencao-de-erosao-no-entorno-do-viaduto-josue-claudio-de-souza-iniciam-nesta-sexta-feira\/#primaryimage"},"thumbnailUrl":"https:\/\/www.manaus.am.gov.br\/seminf\/wp-content\/uploads\/sites\/6\/2022\/12\/Obras-de-contencao-de-erosao-no-entorno-do-viaduto-Josue-Claudio-de-Souza-iniciam-nesta-sexta-feira.jpg","datePublished":"2022-12-22T19:10:00+00:00","dateModified":"2022-12-26T12:35:01+00:00","author":{"@id":"https:\/\/www.manaus.am.gov.br\/seminf\/#\/schema\/person\/79525a47ac5902f50493820d995728ee"},"inLanguage":"pt-BR","potentialAction":[{"@type":"ReadAction","target":["https:\/\/www.manaus.am.gov.br\/seminf\/obras-de-contencao-de-erosao-no-entorno-do-viaduto-josue-claudio-de-souza-iniciam-nesta-sexta-feira\/"]}]},{"@type":"ImageObject","inLanguage":"pt-BR","@id":"https:\/\/www.manaus.am.gov.br\/seminf\/obras-de-contencao-de-erosao-no-entorno-do-viaduto-josue-claudio-de-souza-iniciam-nesta-sexta-feira\/#primaryimage","url":"https:\/\/www.manaus.am.gov.br\/seminf\/wp-content\/uploads\/sites\/6\/2022\/12\/Obras-de-contencao-de-erosao-no-entorno-do-viaduto-Josue-Claudio-de-Souza-iniciam-nesta-sexta-feira.jpg","contentUrl":"https:\/\/www.manaus.am.gov.br\/seminf\/wp-content\/uploads\/sites\/6\/2022\/12\/Obras-de-contencao-de-erosao-no-entorno-do-viaduto-Josue-Claudio-de-Souza-iniciam-nesta-sexta-feira.jpg","width":799,"height":533,"caption":"Obras de conten\u00e7\u00e3o de eros\u00e3o no entorno do viaduto Josu\u00e9 Cl\u00e1udio de Souza iniciam nesta sexta-feira"},{"@type":"WebSite","@id":"https:\/\/www.manaus.am.gov.br\/seminf\/#website","url":"https:\/\/www.manaus.am.gov.br\/seminf\/","name":"Secretaria de Infraestrutura","description":"Secretaria Municipal de Infraestrutura","potentialAction":[{"@type":"SearchAction","target":{"@type":"EntryPoint","urlTemplate":"https:\/\/www.manaus.am.gov.br\/seminf\/?s={search_term_string}"},"query-input":"required name=search_term_string"}],"inLanguage":"pt-BR"},{"@type":"Person","@id":"https:\/\/www.manaus.am.gov.br\/seminf\/#\/schema\/person\/79525a47ac5902f50493820d995728ee","name":"Imarketing Digital","image":{"@type":"ImageObject","inLanguage":"pt-BR","@id":"https:\/\/www.manaus.am.gov.br\/seminf\/#\/schema\/person\/image\/","url":"https:\/\/secure.gravatar.com\/avatar\/03432d3c57b756ed9760f7019c815a3a?s=96&d=mm&r=g","contentUrl":"https:\/\/secure.gravatar.com\/avatar\/03432d3c57b756ed9760f7019c815a3a?s=96&d=mm&r=g","caption":"Imarketing Digital"}}]}},"_links":{"self":[{"href":"https:\/\/www.manaus.am.gov.br\/seminf\/wp-json\/wp\/v2\/posts\/235"}],"collection":[{"href":"https:\/\/www.manaus.am.gov.br\/seminf\/wp-json\/wp\/v2\/posts"}],"about":[{"href":"https:\/\/www.manaus.am.gov.br\/seminf\/wp-json\/wp\/v2\/types\/post"}],"author":[{"embeddable":true,"href":"https:\/\/www.manaus.am.gov.br\/seminf\/wp-json\/wp\/v2\/users\/27"}],"replies":[{"embeddable":true,"href":"https:\/\/www.manaus.am.gov.br\/seminf\/wp-json\/wp\/v2\/comments?post=235"}],"version-history":[{"count":0,"href":"https:\/\/www.manaus.am.gov.br\/seminf\/wp-json\/wp\/v2\/posts\/235\/revisions"}],"wp:featuredmedia":[{"embeddable":true,"href":"https:\/\/www.manaus.am.gov.br\/seminf\/wp-json\/wp\/v2\/media\/236"}],"wp:attachment":[{"href":"https:\/\/www.manaus.am.gov.br\/seminf\/wp-json\/wp\/v2\/media?parent=235"}],"wp:term":[{"taxonomy":"category","embeddable":true,"href":"https:\/\/www.manaus.am.gov.br\/seminf\/wp-json\/wp\/v2\/categories?post=235"},{"taxonomy":"post_tag","embeddable":true,"href":"https:\/\/www.manaus.am.gov.br\/seminf\/wp-json\/wp\/v2\/tags?post=235"}],"curies":[{"name":"wp","href":"https:\/\/api.w.org\/{rel}","templated":true}]}}