{"id":228,"date":"2022-12-22T12:19:00","date_gmt":"2022-12-22T16:19:00","guid":{"rendered":"https:\/\/www.manaus.am.gov.br\/seminf\/prefeitura-de-manaus-realiza-reparo-emergencial-em-drenagem-na-comunidade-riacho-doce\/"},"modified":"2022-12-26T07:18:49","modified_gmt":"2022-12-26T11:18:49","slug":"prefeitura-de-manaus-realiza-reparo-emergencial-em-drenagem-na-comunidade-riacho-doce","status":"publish","type":"post","link":"https:\/\/www.manaus.am.gov.br\/seminf\/prefeitura-de-manaus-realiza-reparo-emergencial-em-drenagem-na-comunidade-riacho-doce\/","title":{"rendered":"Prefeitura de Manaus realiza reparo emergencial em drenagem na comunidade Riacho Doce"},"content":{"rendered":"\n<p>Nesta quinta-feira, 22\/12, a Prefeitura de Manaus, por meio da Secretaria Municipal de Infraestrutura (Seminf),&nbsp;realiza&nbsp;uma obra emergencial na avenida Solano S\u00e9rio, na comunidade Riacho Doce, bairro Cidade Nova, na zona Norte. A antiga rede de drenagem n\u00e3o tinha manuten\u00e7\u00e3o, e durante as fortes chuvas ocorreu o aumento no volume de \u00e1guas, for\u00e7ando a tubula\u00e7\u00e3o, que se rompeu e formou uma cratera.<\/p>\n\n\n\n<p>Uma equipe de dez servidores da Seminf foi deslocada para realizar o servi\u00e7o na \u00e1rea com o aux\u00edlio de uma retroescavaeira.<\/p>\n\n\n\n<p>\u201cPor determina\u00e7\u00e3o do prefeito David Almeida e do secret\u00e1rio de Obras, Renato J\u00fanior, emergencialmente fizemos a escava\u00e7\u00e3o para identificarmos o problema que provocou o afundamento parcial da pista. Identificamos as pe\u00e7as danificadas e estamos fazendo a substitui\u00e7\u00e3o imediata por tubos mais modernos e mais resistentes, para garantir seguran\u00e7a na via\u201d, afirmou o engenheiro da Seminf, \u00c9rico Braga.<\/p>\n\n\n\n<p>Cinco&nbsp;novos tubos est\u00e3o sendo implantados na rede de drenagem, bem mais amplos com aduelas em concreto, uma tecnologia mais moderna e resistente, para dar maior vaz\u00e3o ao fluxo de \u00e1guas pluviais.<\/p>\n\n\n\n<p>Posteriormente, os servidores da Seminf realizar\u00e3o os servi\u00e7os de reaterro e compacta\u00e7\u00e3o no local e v\u00e3o finalizar a obra com aplica\u00e7\u00e3o de massa asf\u00e1ltica.<\/p>\n\n\n\n<p>A obra deve ser finalizada ainda nesta quinta-feira, com libera\u00e7\u00e3o total do trecho que havia sido comprometido.<\/p>\n\n\n\n<p>\u2014 \u2014 \u2014<\/p>\n\n\n\n<p><strong>Texto \u2013&nbsp;<\/strong>Valesca Martins \/ Seminf<\/p>\n\n\n\n<p><strong>Fotos \u2013<\/strong>&nbsp;Divulga\u00e7\u00e3o \/ Seminf<\/p>\n\n\n\n<p><strong>Dispon\u00edveis em \u2013<\/strong>&nbsp;<a href=\"https:\/\/flic.kr\/s\/aHBqjAkepj\">https:\/\/flic.kr\/s\/aHBqjAkepj<\/a><\/p>\n","protected":false},"excerpt":{"rendered":"","protected":false},"author":27,"featured_media":229,"comment_status":"closed","ping_status":"closed","sticky":false,"template":"","format":"standard","meta":{"footnotes":""},"categories":[6],"tags":[],"acf":[],"yoast_head":"<!-- This site is optimized with the Yoast SEO plugin v23.0 - https:\/\/yoast.com\/wordpress\/plugins\/seo\/ -->\n<title>Prefeitura de Manaus realiza reparo emergencial em drenagem na comunidade Riacho Doce - SEMINF<\/title>\n<meta name=\"robots\" content=\"index, follow, max-snippet:-1, max-image-preview:large, max-video-preview:-1\" \/>\n<link rel=\"canonical\" href=\"https:\/\/www.manaus.am.gov.br\/seminf\/prefeitura-de-manaus-realiza-reparo-emergencial-em-drenagem-na-comunidade-riacho-doce\/\" \/>\n<meta property=\"og:locale\" content=\"pt_BR\" \/>\n<meta property=\"og:type\" content=\"article\" \/>\n<meta property=\"og:title\" content=\"Prefeitura de Manaus realiza reparo emergencial em drenagem na comunidade Riacho Doce - SEMINF\" \/>\n<meta property=\"og:url\" content=\"https:\/\/www.manaus.am.gov.br\/seminf\/prefeitura-de-manaus-realiza-reparo-emergencial-em-drenagem-na-comunidade-riacho-doce\/\" \/>\n<meta property=\"og:site_name\" content=\"SEMINF\" \/>\n<meta property=\"article:published_time\" content=\"2022-12-22T16:19:00+00:00\" \/>\n<meta property=\"article:modified_time\" content=\"2022-12-26T11:18:49+00:00\" \/>\n<meta property=\"og:image\" content=\"https:\/\/www.manaus.am.gov.br\/seminf\/wp-content\/uploads\/sites\/6\/2022\/12\/Prefeitura-de-Manaus-realiza-reparo-emergencial-em-drenagem-na-comunidade-Riacho-Doce.jpg\" \/>\n\t<meta property=\"og:image:width\" content=\"720\" \/>\n\t<meta property=\"og:image:height\" content=\"407\" \/>\n\t<meta property=\"og:image:type\" content=\"image\/jpeg\" \/>\n<meta name=\"author\" content=\"Imarketing Digital\" \/>\n<meta name=\"twitter:card\" content=\"summary_large_image\" \/>\n<meta name=\"twitter:label1\" content=\"Written by\" \/>\n\t<meta name=\"twitter:data1\" content=\"Imarketing Digital\" \/>\n\t<meta name=\"twitter:label2\" content=\"Est. reading time\" \/>\n\t<meta name=\"twitter:data2\" content=\"2 minutos\" \/>\n<script type=\"application\/ld+json\" class=\"yoast-schema-graph\">{\"@context\":\"https:\/\/schema.org\",\"@graph\":[{\"@type\":\"WebPage\",\"@id\":\"https:\/\/www.manaus.am.gov.br\/seminf\/prefeitura-de-manaus-realiza-reparo-emergencial-em-drenagem-na-comunidade-riacho-doce\/\",\"url\":\"https:\/\/www.manaus.am.gov.br\/seminf\/prefeitura-de-manaus-realiza-reparo-emergencial-em-drenagem-na-comunidade-riacho-doce\/\",\"name\":\"Prefeitura de Manaus realiza reparo emergencial em drenagem na comunidade Riacho Doce - SEMINF\",\"isPartOf\":{\"@id\":\"https:\/\/www.manaus.am.gov.br\/seminf\/#website\"},\"primaryImageOfPage\":{\"@id\":\"https:\/\/www.manaus.am.gov.br\/seminf\/prefeitura-de-manaus-realiza-reparo-emergencial-em-drenagem-na-comunidade-riacho-doce\/#primaryimage\"},\"image\":{\"@id\":\"https:\/\/www.manaus.am.gov.br\/seminf\/prefeitura-de-manaus-realiza-reparo-emergencial-em-drenagem-na-comunidade-riacho-doce\/#primaryimage\"},\"thumbnailUrl\":\"https:\/\/www.manaus.am.gov.br\/seminf\/wp-content\/uploads\/sites\/6\/2022\/12\/Prefeitura-de-Manaus-realiza-reparo-emergencial-em-drenagem-na-comunidade-Riacho-Doce.jpg\",\"datePublished\":\"2022-12-22T16:19:00+00:00\",\"dateModified\":\"2022-12-26T11:18:49+00:00\",\"author\":{\"@id\":\"https:\/\/www.manaus.am.gov.br\/seminf\/#\/schema\/person\/79525a47ac5902f50493820d995728ee\"},\"inLanguage\":\"pt-BR\",\"potentialAction\":[{\"@type\":\"ReadAction\",\"target\":[\"https:\/\/www.manaus.am.gov.br\/seminf\/prefeitura-de-manaus-realiza-reparo-emergencial-em-drenagem-na-comunidade-riacho-doce\/\"]}]},{\"@type\":\"ImageObject\",\"inLanguage\":\"pt-BR\",\"@id\":\"https:\/\/www.manaus.am.gov.br\/seminf\/prefeitura-de-manaus-realiza-reparo-emergencial-em-drenagem-na-comunidade-riacho-doce\/#primaryimage\",\"url\":\"https:\/\/www.manaus.am.gov.br\/seminf\/wp-content\/uploads\/sites\/6\/2022\/12\/Prefeitura-de-Manaus-realiza-reparo-emergencial-em-drenagem-na-comunidade-Riacho-Doce.jpg\",\"contentUrl\":\"https:\/\/www.manaus.am.gov.br\/seminf\/wp-content\/uploads\/sites\/6\/2022\/12\/Prefeitura-de-Manaus-realiza-reparo-emergencial-em-drenagem-na-comunidade-Riacho-Doce.jpg\",\"width\":720,\"height\":407,\"caption\":\"Prefeitura de Manaus realiza reparo emergencial em drenagem na comunidade Riacho Doce\"},{\"@type\":\"WebSite\",\"@id\":\"https:\/\/www.manaus.am.gov.br\/seminf\/#website\",\"url\":\"https:\/\/www.manaus.am.gov.br\/seminf\/\",\"name\":\"Secretaria de Infraestrutura\",\"description\":\"Secretaria Municipal de Infraestrutura\",\"potentialAction\":[{\"@type\":\"SearchAction\",\"target\":{\"@type\":\"EntryPoint\",\"urlTemplate\":\"https:\/\/www.manaus.am.gov.br\/seminf\/?s={search_term_string}\"},\"query-input\":\"required name=search_term_string\"}],\"inLanguage\":\"pt-BR\"},{\"@type\":\"Person\",\"@id\":\"https:\/\/www.manaus.am.gov.br\/seminf\/#\/schema\/person\/79525a47ac5902f50493820d995728ee\",\"name\":\"Imarketing Digital\",\"image\":{\"@type\":\"ImageObject\",\"inLanguage\":\"pt-BR\",\"@id\":\"https:\/\/www.manaus.am.gov.br\/seminf\/#\/schema\/person\/image\/\",\"url\":\"https:\/\/secure.gravatar.com\/avatar\/03432d3c57b756ed9760f7019c815a3a?s=96&d=mm&r=g\",\"contentUrl\":\"https:\/\/secure.gravatar.com\/avatar\/03432d3c57b756ed9760f7019c815a3a?s=96&d=mm&r=g\",\"caption\":\"Imarketing Digital\"}}]}<\/script>\n<!-- \/ Yoast SEO plugin. -->","yoast_head_json":{"title":"Prefeitura de Manaus realiza reparo emergencial em drenagem na comunidade Riacho Doce - SEMINF","robots":{"index":"index","follow":"follow","max-snippet":"max-snippet:-1","max-image-preview":"max-image-preview:large","max-video-preview":"max-video-preview:-1"},"canonical":"https:\/\/www.manaus.am.gov.br\/seminf\/prefeitura-de-manaus-realiza-reparo-emergencial-em-drenagem-na-comunidade-riacho-doce\/","og_locale":"pt_BR","og_type":"article","og_title":"Prefeitura de Manaus realiza reparo emergencial em drenagem na comunidade Riacho Doce - SEMINF","og_url":"https:\/\/www.manaus.am.gov.br\/seminf\/prefeitura-de-manaus-realiza-reparo-emergencial-em-drenagem-na-comunidade-riacho-doce\/","og_site_name":"SEMINF","article_published_time":"2022-12-22T16:19:00+00:00","article_modified_time":"2022-12-26T11:18:49+00:00","og_image":[{"width":720,"height":407,"url":"https:\/\/www.manaus.am.gov.br\/seminf\/wp-content\/uploads\/sites\/6\/2022\/12\/Prefeitura-de-Manaus-realiza-reparo-emergencial-em-drenagem-na-comunidade-Riacho-Doce.jpg","type":"image\/jpeg"}],"author":"Imarketing Digital","twitter_card":"summary_large_image","twitter_misc":{"Written by":"Imarketing Digital","Est. reading time":"2 minutos"},"schema":{"@context":"https:\/\/schema.org","@graph":[{"@type":"WebPage","@id":"https:\/\/www.manaus.am.gov.br\/seminf\/prefeitura-de-manaus-realiza-reparo-emergencial-em-drenagem-na-comunidade-riacho-doce\/","url":"https:\/\/www.manaus.am.gov.br\/seminf\/prefeitura-de-manaus-realiza-reparo-emergencial-em-drenagem-na-comunidade-riacho-doce\/","name":"Prefeitura de Manaus realiza reparo emergencial em drenagem na comunidade Riacho Doce - SEMINF","isPartOf":{"@id":"https:\/\/www.manaus.am.gov.br\/seminf\/#website"},"primaryImageOfPage":{"@id":"https:\/\/www.manaus.am.gov.br\/seminf\/prefeitura-de-manaus-realiza-reparo-emergencial-em-drenagem-na-comunidade-riacho-doce\/#primaryimage"},"image":{"@id":"https:\/\/www.manaus.am.gov.br\/seminf\/prefeitura-de-manaus-realiza-reparo-emergencial-em-drenagem-na-comunidade-riacho-doce\/#primaryimage"},"thumbnailUrl":"https:\/\/www.manaus.am.gov.br\/seminf\/wp-content\/uploads\/sites\/6\/2022\/12\/Prefeitura-de-Manaus-realiza-reparo-emergencial-em-drenagem-na-comunidade-Riacho-Doce.jpg","datePublished":"2022-12-22T16:19:00+00:00","dateModified":"2022-12-26T11:18:49+00:00","author":{"@id":"https:\/\/www.manaus.am.gov.br\/seminf\/#\/schema\/person\/79525a47ac5902f50493820d995728ee"},"inLanguage":"pt-BR","potentialAction":[{"@type":"ReadAction","target":["https:\/\/www.manaus.am.gov.br\/seminf\/prefeitura-de-manaus-realiza-reparo-emergencial-em-drenagem-na-comunidade-riacho-doce\/"]}]},{"@type":"ImageObject","inLanguage":"pt-BR","@id":"https:\/\/www.manaus.am.gov.br\/seminf\/prefeitura-de-manaus-realiza-reparo-emergencial-em-drenagem-na-comunidade-riacho-doce\/#primaryimage","url":"https:\/\/www.manaus.am.gov.br\/seminf\/wp-content\/uploads\/sites\/6\/2022\/12\/Prefeitura-de-Manaus-realiza-reparo-emergencial-em-drenagem-na-comunidade-Riacho-Doce.jpg","contentUrl":"https:\/\/www.manaus.am.gov.br\/seminf\/wp-content\/uploads\/sites\/6\/2022\/12\/Prefeitura-de-Manaus-realiza-reparo-emergencial-em-drenagem-na-comunidade-Riacho-Doce.jpg","width":720,"height":407,"caption":"Prefeitura de Manaus realiza reparo emergencial em drenagem na comunidade Riacho Doce"},{"@type":"WebSite","@id":"https:\/\/www.manaus.am.gov.br\/seminf\/#website","url":"https:\/\/www.manaus.am.gov.br\/seminf\/","name":"Secretaria de Infraestrutura","description":"Secretaria Municipal de Infraestrutura","potentialAction":[{"@type":"SearchAction","target":{"@type":"EntryPoint","urlTemplate":"https:\/\/www.manaus.am.gov.br\/seminf\/?s={search_term_string}"},"query-input":"required name=search_term_string"}],"inLanguage":"pt-BR"},{"@type":"Person","@id":"https:\/\/www.manaus.am.gov.br\/seminf\/#\/schema\/person\/79525a47ac5902f50493820d995728ee","name":"Imarketing Digital","image":{"@type":"ImageObject","inLanguage":"pt-BR","@id":"https:\/\/www.manaus.am.gov.br\/seminf\/#\/schema\/person\/image\/","url":"https:\/\/secure.gravatar.com\/avatar\/03432d3c57b756ed9760f7019c815a3a?s=96&d=mm&r=g","contentUrl":"https:\/\/secure.gravatar.com\/avatar\/03432d3c57b756ed9760f7019c815a3a?s=96&d=mm&r=g","caption":"Imarketing Digital"}}]}},"_links":{"self":[{"href":"https:\/\/www.manaus.am.gov.br\/seminf\/wp-json\/wp\/v2\/posts\/228"}],"collection":[{"href":"https:\/\/www.manaus.am.gov.br\/seminf\/wp-json\/wp\/v2\/posts"}],"about":[{"href":"https:\/\/www.manaus.am.gov.br\/seminf\/wp-json\/wp\/v2\/types\/post"}],"author":[{"embeddable":true,"href":"https:\/\/www.manaus.am.gov.br\/seminf\/wp-json\/wp\/v2\/users\/27"}],"replies":[{"embeddable":true,"href":"https:\/\/www.manaus.am.gov.br\/seminf\/wp-json\/wp\/v2\/comments?post=228"}],"version-history":[{"count":1,"href":"https:\/\/www.manaus.am.gov.br\/seminf\/wp-json\/wp\/v2\/posts\/228\/revisions"}],"predecessor-version":[{"id":230,"href":"https:\/\/www.manaus.am.gov.br\/seminf\/wp-json\/wp\/v2\/posts\/228\/revisions\/230"}],"wp:featuredmedia":[{"embeddable":true,"href":"https:\/\/www.manaus.am.gov.br\/seminf\/wp-json\/wp\/v2\/media\/229"}],"wp:attachment":[{"href":"https:\/\/www.manaus.am.gov.br\/seminf\/wp-json\/wp\/v2\/media?parent=228"}],"wp:term":[{"taxonomy":"category","embeddable":true,"href":"https:\/\/www.manaus.am.gov.br\/seminf\/wp-json\/wp\/v2\/categories?post=228"},{"taxonomy":"post_tag","embeddable":true,"href":"https:\/\/www.manaus.am.gov.br\/seminf\/wp-json\/wp\/v2\/tags?post=228"}],"curies":[{"name":"wp","href":"https:\/\/api.w.org\/{rel}","templated":true}]}}