{"id":2239,"date":"2023-11-16T13:16:06","date_gmt":"2023-11-16T17:16:06","guid":{"rendered":"https:\/\/www.manaus.am.gov.br\/seminf\/prefeito-david-almeida-inaugura-nova-passarela-da-avenida-ephigenio-salles\/"},"modified":"2023-11-16T13:16:06","modified_gmt":"2023-11-16T17:16:06","slug":"prefeito-david-almeida-inaugura-nova-passarela-da-avenida-ephigenio-salles","status":"publish","type":"post","link":"https:\/\/www.manaus.am.gov.br\/seminf\/prefeito-david-almeida-inaugura-nova-passarela-da-avenida-ephigenio-salles\/","title":{"rendered":"Prefeito David Almeida inaugura nova passarela da avenida Ephig\u00eanio Salles"},"content":{"rendered":"\n<p>O prefeito de Manaus, David Almeida, inaugurou, na manh\u00e3 desta quinta-feira, 16\/11, a nova passarela na avenida Ephig\u00eanio Salles, no trecho em frente ao Tribunal de Contas do Estado do Amazonas (TCE-AM), no bairro Aleixo, zona Centro-Sul da capital. A obra, que \u00e9 uma parceria da Prefeitura de Manaus com o governo do Estado, impactar\u00e1 diretamente na fluidez do tr\u00e2nsito na \u00e1rea, que \u00e9 considerada um dos maiores \u201cgargalos\u201d da cidade.<\/p>\n\n\n\n<p>Segundo o chefe do Executivo municipal, essa \u00e9 a primeira etapa das obras para melhorar a trafegabilidade da via, que integram o conv\u00eanio com recursos no valor de R$ 9 milh\u00f5es.&nbsp;<\/p>\n\n\n\n<p>\u201cOs recursos que est\u00e3o tocando essa obra s\u00e3o de um conv\u00eanio do governo com a prefeitura. Essa \u00e9 a primeira etapa, que \u00e9 a passarela com os elevadores, vamos eliminar esse sem\u00e1foro em frente ao TCE, dando maior fluidez ao tr\u00e2nsito aqui na avenida&nbsp;Ephig\u00eanio&nbsp;Salles, e as pessoas&nbsp;v\u00e3o poder se utilizar de uma moderna passarela, assim a gente ganha na mobilidade. A segunda parte da obra \u00e9 o alargamento da avenida&nbsp;Ephig\u00eanio&nbsp;Salles no trecho da Recife at\u00e9 a Via L\u00e1ctea. A nossa meta \u00e9 entregar at\u00e9 o dia 31 de dezembro\u201d, disse Almeida.<\/p>\n\n\n\n<p>Agora, com a nova passarela, o sem\u00e1foro e a faixa de pedestres s\u00e3o desativados e a avenida Ephig\u00eanio Salles se transforma em uma via expressa, onde o motorista, que sair\u00e1 da rotat\u00f3ria do Coroado, ir\u00e1 trafegar at\u00e9 a rotat\u00f3ria das Letras, no bairro Dom Pedro, sem interrup\u00e7\u00e3o semaf\u00f3rica. A passarela \u00e9 moderna e conta com uma estrutura met\u00e1lica nos 38 metros de extens\u00e3o, com material resistente e que garante mais seguran\u00e7a ao equipamento.<\/p>\n\n\n\n<p>\u201cA passarela possui dois elevadores em cada lateral e suporta oito pessoas, sendo ben\u00e9fico para os cadeirantes ou pessoas que tenham dificuldade para subir, e at\u00e9 para idosos e crian\u00e7as, alcan\u00e7ado todo o p\u00fablico como determinou o prefeito David Almeida e o secret\u00e1rio de Obras, Renato Junior\u201d, explicou o subsecret\u00e1rio de Obras P\u00fablicas, Madson Rodrigues.<\/p>\n\n\n\n<p>Um dos diferenciais \u00e9 a instala\u00e7\u00e3o dos elevadores, um em cada lado da via, que asseguram a acessibilidade. A cobertura possui telhas termo-ac\u00fasticas, que n\u00e3o absorvem o calor e diminuem o som da chuva, devido a esponja de isolamento t\u00e9rmico e ac\u00fastico. O fino acabamento \u00e9 garantido pelo forro de gesso acartonado e as lumin\u00e1rias embutidas em LED.<\/p>\n\n\n\n<p>\u201cEsse \u00e9 um pleito antigo do\u00a0Tribunal de Contas\u00a0sobre essa solu\u00e7\u00e3o. Com isso, n\u00f3s agradecemos e reconhecemos o trabalho da prefeitura neste caso, e com a constru\u00e7\u00e3o desta passarela tenho absoluta certeza que toda a comunidade ganha, n\u00e3o s\u00f3 o tribunal, mas todo mundo que precisa atravessar a Ephig\u00eanio Salles nesse ponto. Tenho certeza tamb\u00e9m que, com a conclus\u00e3o de outras obras que est\u00e3o em andamento na \u00e1rea, tudo ir\u00e1 melhorar, inclusive o tr\u00e2nsito nesta via important\u00edssima, que \u00e9 a Ephig\u00eanio Salles\u201d, completou o presidente do TCE-AM, \u00c9rico Desterro.<\/p>\n\n\n\n<p><\/p>\n\n\n\n<figure class=\"wp-block-gallery has-nested-images columns-default is-cropped wp-block-gallery-1 is-layout-flex wp-block-gallery-is-layout-flex\">\n<figure class=\"wp-block-image size-large\"><img loading=\"lazy\" decoding=\"async\" width=\"1024\" height=\"624\" data-id=\"2240\" src=\"https:\/\/www.manaus.am.gov.br\/seminf\/wp-content\/uploads\/sites\/6\/2023\/11\/53335998900_d9f8fdfabb_k-1024x624.jpg\" alt=\"\" class=\"wp-image-2240\" srcset=\"https:\/\/www.manaus.am.gov.br\/seminf\/wp-content\/uploads\/sites\/6\/2023\/11\/53335998900_d9f8fdfabb_k-1024x624.jpg 1024w, https:\/\/www.manaus.am.gov.br\/seminf\/wp-content\/uploads\/sites\/6\/2023\/11\/53335998900_d9f8fdfabb_k-300x183.jpg 300w, https:\/\/www.manaus.am.gov.br\/seminf\/wp-content\/uploads\/sites\/6\/2023\/11\/53335998900_d9f8fdfabb_k-768x468.jpg 768w, https:\/\/www.manaus.am.gov.br\/seminf\/wp-content\/uploads\/sites\/6\/2023\/11\/53335998900_d9f8fdfabb_k-1536x935.jpg 1536w, https:\/\/www.manaus.am.gov.br\/seminf\/wp-content\/uploads\/sites\/6\/2023\/11\/53335998900_d9f8fdfabb_k.jpg 2048w\" sizes=\"(max-width: 1024px) 100vw, 1024px\" \/><\/figure>\n<\/figure>\n\n\n\n<p><\/p>\n\n\n\n<p><strong>Alargamento<\/strong><\/p>\n\n\n\n<p>O alargamento da via segue em execu\u00e7\u00e3o, a partir das desapropria\u00e7\u00f5es no entorno, para a cria\u00e7\u00e3o de uma terceira faixa de ve\u00edculos no sentido bairro-Centro.<\/p>\n\n\n\n<p>A avenida \u00e9 alargada em uma faixa, na extens\u00e3o de 1,2 quil\u00f4metro, no trecho a partir da avenida M\u00e1rio Ypiranga Monteiro at\u00e9 a avenida Via L\u00e1ctea. A retirada do canteiro central foi finalizada, assim como a concretagem e a instala\u00e7\u00e3o de 450 divisores de pista.<\/p>\n\n\n\n<p>&#8212; &#8212; &#8212;<\/p>\n\n\n\n<p><strong>Texto<\/strong>&nbsp;&#8211; Beathriz Torres \/ Semcom e Valesca Martins e Rayana Coutinho \/ Seminf&nbsp;<\/p>\n\n\n\n<p><strong>Fotos <\/strong>&#8211; Ruan Souza e Cl\u00f3vis Miranda \/ Semcom, Antonio Pereira \/ Casa Civil e Divulga\u00e7\u00e3o \/ Seminf<\/p>\n\n\n\n<p><strong>Dispon\u00edveis em &#8211; <\/strong><a href=\"https:\/\/flic.kr\/s\/aHBqjB3tsF\">https:\/\/flic.kr\/s\/aHBqjB3tsF<\/a><\/p>\n","protected":false},"excerpt":{"rendered":"","protected":false},"author":39,"featured_media":2241,"comment_status":"closed","ping_status":"closed","sticky":false,"template":"","format":"standard","meta":{"footnotes":""},"categories":[15],"tags":[1139,1140,28,39,1141,43,1142,26],"acf":[],"yoast_head":"<!-- This site is optimized with the Yoast SEO plugin v23.0 - https:\/\/yoast.com\/wordpress\/plugins\/seo\/ -->\n<title>Prefeito David Almeida inaugura nova passarela da avenida Ephig\u00eanio Salles<\/title>\n<meta name=\"description\" content=\"O prefeito de Manaus, David Almeida, inaugurou, na manh\u00e3 desta quinta-feira, 16\/11, a nova passarela na avenida Ephig\u00eanio Salles, no trecho em frente ao Tribunal de Contas do Estado do Amazonas (TCE-AM), no bairro Aleixo, zona Centro-Sul da capital. A obra, que \u00e9 uma parceria da Prefeitura de Manaus com o governo do Estado, impactar\u00e1 diretamente na fluidez do tr\u00e2nsito na \u00e1rea, que \u00e9 considerada um dos maiores \u201cgargalos\u201d da cidade.\" \/>\n<meta name=\"robots\" content=\"index, follow, max-snippet:-1, max-image-preview:large, max-video-preview:-1\" \/>\n<link rel=\"canonical\" href=\"https:\/\/www.manaus.am.gov.br\/seminf\/prefeito-david-almeida-inaugura-nova-passarela-da-avenida-ephigenio-salles\/\" \/>\n<meta property=\"og:locale\" content=\"pt_BR\" \/>\n<meta property=\"og:type\" content=\"article\" \/>\n<meta property=\"og:title\" content=\"Prefeito David Almeida inaugura nova passarela da avenida Ephig\u00eanio Salles\" \/>\n<meta property=\"og:description\" content=\"O prefeito de Manaus, David Almeida, inaugurou, na manh\u00e3 desta quinta-feira, 16\/11, a nova passarela na avenida Ephig\u00eanio Salles, no trecho em frente ao Tribunal de Contas do Estado do Amazonas (TCE-AM), no bairro Aleixo, zona Centro-Sul da capital. A obra, que \u00e9 uma parceria da Prefeitura de Manaus com o governo do Estado, impactar\u00e1 diretamente na fluidez do tr\u00e2nsito na \u00e1rea, que \u00e9 considerada um dos maiores \u201cgargalos\u201d da cidade.\" \/>\n<meta property=\"og:url\" content=\"https:\/\/www.manaus.am.gov.br\/seminf\/prefeito-david-almeida-inaugura-nova-passarela-da-avenida-ephigenio-salles\/\" \/>\n<meta property=\"og:site_name\" content=\"SEMINF\" \/>\n<meta property=\"article:published_time\" content=\"2023-11-16T17:16:06+00:00\" \/>\n<meta property=\"og:image\" content=\"https:\/\/www.manaus.am.gov.br\/seminf\/wp-content\/uploads\/sites\/6\/2023\/11\/53336381595_34594b2861_k.jpg\" \/>\n\t<meta property=\"og:image:width\" content=\"2047\" \/>\n\t<meta property=\"og:image:height\" content=\"1365\" \/>\n\t<meta property=\"og:image:type\" content=\"image\/jpeg\" \/>\n<meta name=\"author\" content=\"Bruna Greco\" \/>\n<meta name=\"twitter:card\" content=\"summary_large_image\" \/>\n<meta name=\"twitter:label1\" content=\"Written by\" \/>\n\t<meta name=\"twitter:data1\" content=\"Bruna Greco\" \/>\n\t<meta name=\"twitter:label2\" content=\"Est. reading time\" \/>\n\t<meta name=\"twitter:data2\" content=\"4 minutos\" \/>\n<script type=\"application\/ld+json\" class=\"yoast-schema-graph\">{\"@context\":\"https:\/\/schema.org\",\"@graph\":[{\"@type\":\"WebPage\",\"@id\":\"https:\/\/www.manaus.am.gov.br\/seminf\/prefeito-david-almeida-inaugura-nova-passarela-da-avenida-ephigenio-salles\/\",\"url\":\"https:\/\/www.manaus.am.gov.br\/seminf\/prefeito-david-almeida-inaugura-nova-passarela-da-avenida-ephigenio-salles\/\",\"name\":\"Prefeito David Almeida inaugura nova passarela da avenida Ephig\u00eanio Salles\",\"isPartOf\":{\"@id\":\"https:\/\/www.manaus.am.gov.br\/seminf\/#website\"},\"primaryImageOfPage\":{\"@id\":\"https:\/\/www.manaus.am.gov.br\/seminf\/prefeito-david-almeida-inaugura-nova-passarela-da-avenida-ephigenio-salles\/#primaryimage\"},\"image\":{\"@id\":\"https:\/\/www.manaus.am.gov.br\/seminf\/prefeito-david-almeida-inaugura-nova-passarela-da-avenida-ephigenio-salles\/#primaryimage\"},\"thumbnailUrl\":\"https:\/\/www.manaus.am.gov.br\/seminf\/wp-content\/uploads\/sites\/6\/2023\/11\/53336381595_34594b2861_k.jpg\",\"datePublished\":\"2023-11-16T17:16:06+00:00\",\"dateModified\":\"2023-11-16T17:16:06+00:00\",\"author\":{\"@id\":\"https:\/\/www.manaus.am.gov.br\/seminf\/#\/schema\/person\/05d223aea2bf115f9883a6ff3683d81b\"},\"description\":\"O prefeito de Manaus, David Almeida, inaugurou, na manh\u00e3 desta quinta-feira, 16\/11, a nova passarela na avenida Ephig\u00eanio Salles, no trecho em frente ao Tribunal de Contas do Estado do Amazonas (TCE-AM), no bairro Aleixo, zona Centro-Sul da capital. A obra, que \u00e9 uma parceria da Prefeitura de Manaus com o governo do Estado, impactar\u00e1 diretamente na fluidez do tr\u00e2nsito na \u00e1rea, que \u00e9 considerada um dos maiores \u201cgargalos\u201d da cidade.\",\"inLanguage\":\"pt-BR\",\"potentialAction\":[{\"@type\":\"ReadAction\",\"target\":[\"https:\/\/www.manaus.am.gov.br\/seminf\/prefeito-david-almeida-inaugura-nova-passarela-da-avenida-ephigenio-salles\/\"]}]},{\"@type\":\"ImageObject\",\"inLanguage\":\"pt-BR\",\"@id\":\"https:\/\/www.manaus.am.gov.br\/seminf\/prefeito-david-almeida-inaugura-nova-passarela-da-avenida-ephigenio-salles\/#primaryimage\",\"url\":\"https:\/\/www.manaus.am.gov.br\/seminf\/wp-content\/uploads\/sites\/6\/2023\/11\/53336381595_34594b2861_k.jpg\",\"contentUrl\":\"https:\/\/www.manaus.am.gov.br\/seminf\/wp-content\/uploads\/sites\/6\/2023\/11\/53336381595_34594b2861_k.jpg\",\"width\":2047,\"height\":1365,\"caption\":\"#paratodosverem Prefeito de Manaus, acompanhado de demais autoridades, descerrando placa de inaugura\u00e7\u00e3o de nova passarela\"},{\"@type\":\"WebSite\",\"@id\":\"https:\/\/www.manaus.am.gov.br\/seminf\/#website\",\"url\":\"https:\/\/www.manaus.am.gov.br\/seminf\/\",\"name\":\"Secretaria de Infraestrutura\",\"description\":\"Secretaria Municipal de Infraestrutura\",\"potentialAction\":[{\"@type\":\"SearchAction\",\"target\":{\"@type\":\"EntryPoint\",\"urlTemplate\":\"https:\/\/www.manaus.am.gov.br\/seminf\/?s={search_term_string}\"},\"query-input\":\"required name=search_term_string\"}],\"inLanguage\":\"pt-BR\"},{\"@type\":\"Person\",\"@id\":\"https:\/\/www.manaus.am.gov.br\/seminf\/#\/schema\/person\/05d223aea2bf115f9883a6ff3683d81b\",\"name\":\"Bruna Greco\",\"image\":{\"@type\":\"ImageObject\",\"inLanguage\":\"pt-BR\",\"@id\":\"https:\/\/www.manaus.am.gov.br\/seminf\/#\/schema\/person\/image\/\",\"url\":\"https:\/\/secure.gravatar.com\/avatar\/9c877d1a6adc2a055330e5c09a8653ce?s=96&d=mm&r=g\",\"contentUrl\":\"https:\/\/secure.gravatar.com\/avatar\/9c877d1a6adc2a055330e5c09a8653ce?s=96&d=mm&r=g\",\"caption\":\"Bruna Greco\"}}]}<\/script>\n<!-- \/ Yoast SEO plugin. -->","yoast_head_json":{"title":"Prefeito David Almeida inaugura nova passarela da avenida Ephig\u00eanio Salles","description":"O prefeito de Manaus, David Almeida, inaugurou, na manh\u00e3 desta quinta-feira, 16\/11, a nova passarela na avenida Ephig\u00eanio Salles, no trecho em frente ao Tribunal de Contas do Estado do Amazonas (TCE-AM), no bairro Aleixo, zona Centro-Sul da capital. A obra, que \u00e9 uma parceria da Prefeitura de Manaus com o governo do Estado, impactar\u00e1 diretamente na fluidez do tr\u00e2nsito na \u00e1rea, que \u00e9 considerada um dos maiores \u201cgargalos\u201d da cidade.","robots":{"index":"index","follow":"follow","max-snippet":"max-snippet:-1","max-image-preview":"max-image-preview:large","max-video-preview":"max-video-preview:-1"},"canonical":"https:\/\/www.manaus.am.gov.br\/seminf\/prefeito-david-almeida-inaugura-nova-passarela-da-avenida-ephigenio-salles\/","og_locale":"pt_BR","og_type":"article","og_title":"Prefeito David Almeida inaugura nova passarela da avenida Ephig\u00eanio Salles","og_description":"O prefeito de Manaus, David Almeida, inaugurou, na manh\u00e3 desta quinta-feira, 16\/11, a nova passarela na avenida Ephig\u00eanio Salles, no trecho em frente ao Tribunal de Contas do Estado do Amazonas (TCE-AM), no bairro Aleixo, zona Centro-Sul da capital. A obra, que \u00e9 uma parceria da Prefeitura de Manaus com o governo do Estado, impactar\u00e1 diretamente na fluidez do tr\u00e2nsito na \u00e1rea, que \u00e9 considerada um dos maiores \u201cgargalos\u201d da cidade.","og_url":"https:\/\/www.manaus.am.gov.br\/seminf\/prefeito-david-almeida-inaugura-nova-passarela-da-avenida-ephigenio-salles\/","og_site_name":"SEMINF","article_published_time":"2023-11-16T17:16:06+00:00","og_image":[{"width":2047,"height":1365,"url":"https:\/\/www.manaus.am.gov.br\/seminf\/wp-content\/uploads\/sites\/6\/2023\/11\/53336381595_34594b2861_k.jpg","type":"image\/jpeg"}],"author":"Bruna Greco","twitter_card":"summary_large_image","twitter_misc":{"Written by":"Bruna Greco","Est. reading time":"4 minutos"},"schema":{"@context":"https:\/\/schema.org","@graph":[{"@type":"WebPage","@id":"https:\/\/www.manaus.am.gov.br\/seminf\/prefeito-david-almeida-inaugura-nova-passarela-da-avenida-ephigenio-salles\/","url":"https:\/\/www.manaus.am.gov.br\/seminf\/prefeito-david-almeida-inaugura-nova-passarela-da-avenida-ephigenio-salles\/","name":"Prefeito David Almeida inaugura nova passarela da avenida Ephig\u00eanio Salles","isPartOf":{"@id":"https:\/\/www.manaus.am.gov.br\/seminf\/#website"},"primaryImageOfPage":{"@id":"https:\/\/www.manaus.am.gov.br\/seminf\/prefeito-david-almeida-inaugura-nova-passarela-da-avenida-ephigenio-salles\/#primaryimage"},"image":{"@id":"https:\/\/www.manaus.am.gov.br\/seminf\/prefeito-david-almeida-inaugura-nova-passarela-da-avenida-ephigenio-salles\/#primaryimage"},"thumbnailUrl":"https:\/\/www.manaus.am.gov.br\/seminf\/wp-content\/uploads\/sites\/6\/2023\/11\/53336381595_34594b2861_k.jpg","datePublished":"2023-11-16T17:16:06+00:00","dateModified":"2023-11-16T17:16:06+00:00","author":{"@id":"https:\/\/www.manaus.am.gov.br\/seminf\/#\/schema\/person\/05d223aea2bf115f9883a6ff3683d81b"},"description":"O prefeito de Manaus, David Almeida, inaugurou, na manh\u00e3 desta quinta-feira, 16\/11, a nova passarela na avenida Ephig\u00eanio Salles, no trecho em frente ao Tribunal de Contas do Estado do Amazonas (TCE-AM), no bairro Aleixo, zona Centro-Sul da capital. A obra, que \u00e9 uma parceria da Prefeitura de Manaus com o governo do Estado, impactar\u00e1 diretamente na fluidez do tr\u00e2nsito na \u00e1rea, que \u00e9 considerada um dos maiores \u201cgargalos\u201d da cidade.","inLanguage":"pt-BR","potentialAction":[{"@type":"ReadAction","target":["https:\/\/www.manaus.am.gov.br\/seminf\/prefeito-david-almeida-inaugura-nova-passarela-da-avenida-ephigenio-salles\/"]}]},{"@type":"ImageObject","inLanguage":"pt-BR","@id":"https:\/\/www.manaus.am.gov.br\/seminf\/prefeito-david-almeida-inaugura-nova-passarela-da-avenida-ephigenio-salles\/#primaryimage","url":"https:\/\/www.manaus.am.gov.br\/seminf\/wp-content\/uploads\/sites\/6\/2023\/11\/53336381595_34594b2861_k.jpg","contentUrl":"https:\/\/www.manaus.am.gov.br\/seminf\/wp-content\/uploads\/sites\/6\/2023\/11\/53336381595_34594b2861_k.jpg","width":2047,"height":1365,"caption":"#paratodosverem Prefeito de Manaus, acompanhado de demais autoridades, descerrando placa de inaugura\u00e7\u00e3o de nova passarela"},{"@type":"WebSite","@id":"https:\/\/www.manaus.am.gov.br\/seminf\/#website","url":"https:\/\/www.manaus.am.gov.br\/seminf\/","name":"Secretaria de Infraestrutura","description":"Secretaria Municipal de Infraestrutura","potentialAction":[{"@type":"SearchAction","target":{"@type":"EntryPoint","urlTemplate":"https:\/\/www.manaus.am.gov.br\/seminf\/?s={search_term_string}"},"query-input":"required name=search_term_string"}],"inLanguage":"pt-BR"},{"@type":"Person","@id":"https:\/\/www.manaus.am.gov.br\/seminf\/#\/schema\/person\/05d223aea2bf115f9883a6ff3683d81b","name":"Bruna Greco","image":{"@type":"ImageObject","inLanguage":"pt-BR","@id":"https:\/\/www.manaus.am.gov.br\/seminf\/#\/schema\/person\/image\/","url":"https:\/\/secure.gravatar.com\/avatar\/9c877d1a6adc2a055330e5c09a8653ce?s=96&d=mm&r=g","contentUrl":"https:\/\/secure.gravatar.com\/avatar\/9c877d1a6adc2a055330e5c09a8653ce?s=96&d=mm&r=g","caption":"Bruna Greco"}}]}},"_links":{"self":[{"href":"https:\/\/www.manaus.am.gov.br\/seminf\/wp-json\/wp\/v2\/posts\/2239"}],"collection":[{"href":"https:\/\/www.manaus.am.gov.br\/seminf\/wp-json\/wp\/v2\/posts"}],"about":[{"href":"https:\/\/www.manaus.am.gov.br\/seminf\/wp-json\/wp\/v2\/types\/post"}],"author":[{"embeddable":true,"href":"https:\/\/www.manaus.am.gov.br\/seminf\/wp-json\/wp\/v2\/users\/39"}],"replies":[{"embeddable":true,"href":"https:\/\/www.manaus.am.gov.br\/seminf\/wp-json\/wp\/v2\/comments?post=2239"}],"version-history":[{"count":1,"href":"https:\/\/www.manaus.am.gov.br\/seminf\/wp-json\/wp\/v2\/posts\/2239\/revisions"}],"predecessor-version":[{"id":2242,"href":"https:\/\/www.manaus.am.gov.br\/seminf\/wp-json\/wp\/v2\/posts\/2239\/revisions\/2242"}],"wp:featuredmedia":[{"embeddable":true,"href":"https:\/\/www.manaus.am.gov.br\/seminf\/wp-json\/wp\/v2\/media\/2241"}],"wp:attachment":[{"href":"https:\/\/www.manaus.am.gov.br\/seminf\/wp-json\/wp\/v2\/media?parent=2239"}],"wp:term":[{"taxonomy":"category","embeddable":true,"href":"https:\/\/www.manaus.am.gov.br\/seminf\/wp-json\/wp\/v2\/categories?post=2239"},{"taxonomy":"post_tag","embeddable":true,"href":"https:\/\/www.manaus.am.gov.br\/seminf\/wp-json\/wp\/v2\/tags?post=2239"}],"curies":[{"name":"wp","href":"https:\/\/api.w.org\/{rel}","templated":true}]}}