{"id":1953,"date":"2023-09-12T10:34:21","date_gmt":"2023-09-12T14:34:21","guid":{"rendered":"https:\/\/www.manaus.am.gov.br\/seminf\/asfalta-manaus-da-prefeitura-trabalha-em-novo-trecho-do-bairro-mutirao\/"},"modified":"2023-09-12T10:34:22","modified_gmt":"2023-09-12T14:34:22","slug":"asfalta-manaus-da-prefeitura-trabalha-em-novo-trecho-do-bairro-mutirao","status":"publish","type":"post","link":"https:\/\/www.manaus.am.gov.br\/seminf\/asfalta-manaus-da-prefeitura-trabalha-em-novo-trecho-do-bairro-mutirao\/","title":{"rendered":"<strong>\u2018Asfalta Manaus\u2019 da prefeitura trabalha em novo trecho do bairro Mutir\u00e3o<\/strong>"},"content":{"rendered":"\n<p>A Prefeitura de Manaus, por meio da Secretaria Municipal de Infraestrutura (Seminf), atua, nesta ter\u00e7a-feira, 12\/9, na rua 81, do bairro Mutir\u00e3o, na zona Norte da capital. As equipes do programa \u201cAsfalta Manaus\u201d executam as obras de recapeamento na \u00e1rea.<\/p>\n\n\n\n<p>\u201cEstamos levando o programa \u2018Asfalta Manaus\u2019 para todos os bairros. A a\u00e7\u00e3o \u00e9 uma realidade aqui no Mutir\u00e3o. Moradores que n\u00e3o viam h\u00e1 mais de tr\u00eas d\u00e9cadas uma infraestrutura digna, agora t\u00eam o direito de trafegar por um asfalto de qualidade. O melhor dessa gest\u00e3o \u00e9 ver as m\u00e1quinas da prefeitura passando na porta de casa, chegando \u00e0s avenidas principais e at\u00e9 nos becos, conforme determina o prefeito David Almeida\u201d, afirma o secret\u00e1rio de Obras, Renato Junior.<\/p>\n\n\n\n<p>A rua 81 recebe uma m\u00e9dia de 70 toneladas de massa asf\u00e1ltica em toda a sua extens\u00e3o. Os trabalhadores da Seminf entregam tamb\u00e9m a rua 8 totalmente recuperada. A previs\u00e3o \u00e9 que mais ruas sejam executadas nos pr\u00f3ximos dias conforme a programa\u00e7\u00e3o.<\/p>\n\n\n\n<p>\u201cEu moro h\u00e1 32 anos aqui no Mutir\u00e3o. Antes, \u00e9ramos muito prejudicados, principalmente quando chovia. Sair de casa era imposs\u00edvel, por conta das po\u00e7as de lamas, agora vai melhorar muito com esse asfalto novo e todo mundo tem o direito de viver melhor. \u00c9 por isso que eu agrade\u00e7o ao prefeito David Almeida e ao secret\u00e1rio de Obras, Renato Junior, pelo trabalho que est\u00e3o fazendo no meu bairro, que \u00e9 um benef\u00edcio para toda a comunidade\u201d, relata a moradora Maria dos Santos, 58 anos.<\/p>\n\n\n\n<p>&#8212; &#8212; &#8212;<\/p>\n\n\n\n<p><strong>Texto &#8211;<\/strong>&nbsp;Rayana Coutinho \/ Seminf<\/p>\n\n\n\n<p><strong>Fotos &#8211;<\/strong>&nbsp;M\u00e1rcio Melo \/ Seminf<\/p>\n\n\n\n<p><strong>Dispon\u00edveis em &#8211; <\/strong><a href=\"https:\/\/flic.kr\/s\/aHBqjAUpfB\">https:\/\/flic.kr\/s\/aHBqjAUpfB<\/a><\/p>\n","protected":false},"excerpt":{"rendered":"","protected":false},"author":39,"featured_media":1954,"comment_status":"closed","ping_status":"closed","sticky":false,"template":"","format":"standard","meta":{"footnotes":""},"categories":[3],"tags":[817,43,179,1001,26,703],"acf":[],"yoast_head":"<!-- This site is optimized with the Yoast SEO plugin v23.0 - https:\/\/yoast.com\/wordpress\/plugins\/seo\/ -->\n<title>\u2018Asfalta Manaus\u2019 da prefeitura trabalha em novo trecho do bairro Mutir\u00e3o<\/title>\n<meta name=\"description\" content=\"A Prefeitura de Manaus, por meio da Secretaria Municipal de Infraestrutura (Seminf), atua, nesta ter\u00e7a-feira, 12\/9, na rua 81, do bairro Mutir\u00e3o, na zona Norte da capital. As equipes do programa \u201cAsfalta Manaus\u201d executam as obras de recapeamento na \u00e1rea.\" \/>\n<meta name=\"robots\" content=\"index, follow, max-snippet:-1, max-image-preview:large, max-video-preview:-1\" \/>\n<link rel=\"canonical\" href=\"https:\/\/www.manaus.am.gov.br\/seminf\/asfalta-manaus-da-prefeitura-trabalha-em-novo-trecho-do-bairro-mutirao\/\" \/>\n<meta property=\"og:locale\" content=\"pt_BR\" \/>\n<meta property=\"og:type\" content=\"article\" \/>\n<meta property=\"og:title\" content=\"\u2018Asfalta Manaus\u2019 da prefeitura trabalha em novo trecho do bairro Mutir\u00e3o\" \/>\n<meta property=\"og:description\" content=\"A Prefeitura de Manaus, por meio da Secretaria Municipal de Infraestrutura (Seminf), atua, nesta ter\u00e7a-feira, 12\/9, na rua 81, do bairro Mutir\u00e3o, na zona Norte da capital. As equipes do programa \u201cAsfalta Manaus\u201d executam as obras de recapeamento na \u00e1rea.\" \/>\n<meta property=\"og:url\" content=\"https:\/\/www.manaus.am.gov.br\/seminf\/asfalta-manaus-da-prefeitura-trabalha-em-novo-trecho-do-bairro-mutirao\/\" \/>\n<meta property=\"og:site_name\" content=\"SEMINF\" \/>\n<meta property=\"article:published_time\" content=\"2023-09-12T14:34:21+00:00\" \/>\n<meta property=\"article:modified_time\" content=\"2023-09-12T14:34:22+00:00\" \/>\n<meta property=\"og:image\" content=\"https:\/\/www.manaus.am.gov.br\/seminf\/wp-content\/uploads\/sites\/6\/2023\/09\/dji_fly_20230911_114026_118_1694446897599_photo_optimized-1024x576.jpg\" \/>\n\t<meta property=\"og:image:width\" content=\"1024\" \/>\n\t<meta property=\"og:image:height\" content=\"576\" \/>\n\t<meta property=\"og:image:type\" content=\"image\/jpeg\" \/>\n<meta name=\"author\" content=\"Bruna Greco\" \/>\n<meta name=\"twitter:card\" content=\"summary_large_image\" \/>\n<meta name=\"twitter:label1\" content=\"Written by\" \/>\n\t<meta name=\"twitter:data1\" content=\"Bruna Greco\" \/>\n\t<meta name=\"twitter:label2\" content=\"Est. reading time\" \/>\n\t<meta name=\"twitter:data2\" content=\"2 minutos\" \/>\n<script type=\"application\/ld+json\" class=\"yoast-schema-graph\">{\"@context\":\"https:\/\/schema.org\",\"@graph\":[{\"@type\":\"WebPage\",\"@id\":\"https:\/\/www.manaus.am.gov.br\/seminf\/asfalta-manaus-da-prefeitura-trabalha-em-novo-trecho-do-bairro-mutirao\/\",\"url\":\"https:\/\/www.manaus.am.gov.br\/seminf\/asfalta-manaus-da-prefeitura-trabalha-em-novo-trecho-do-bairro-mutirao\/\",\"name\":\"\u2018Asfalta Manaus\u2019 da prefeitura trabalha em novo trecho do bairro Mutir\u00e3o\",\"isPartOf\":{\"@id\":\"https:\/\/www.manaus.am.gov.br\/seminf\/#website\"},\"primaryImageOfPage\":{\"@id\":\"https:\/\/www.manaus.am.gov.br\/seminf\/asfalta-manaus-da-prefeitura-trabalha-em-novo-trecho-do-bairro-mutirao\/#primaryimage\"},\"image\":{\"@id\":\"https:\/\/www.manaus.am.gov.br\/seminf\/asfalta-manaus-da-prefeitura-trabalha-em-novo-trecho-do-bairro-mutirao\/#primaryimage\"},\"thumbnailUrl\":\"https:\/\/www.manaus.am.gov.br\/seminf\/wp-content\/uploads\/sites\/6\/2023\/09\/dji_fly_20230911_114026_118_1694446897599_photo_optimized.jpg\",\"datePublished\":\"2023-09-12T14:34:21+00:00\",\"dateModified\":\"2023-09-12T14:34:22+00:00\",\"author\":{\"@id\":\"https:\/\/www.manaus.am.gov.br\/seminf\/#\/schema\/person\/05d223aea2bf115f9883a6ff3683d81b\"},\"description\":\"A Prefeitura de Manaus, por meio da Secretaria Municipal de Infraestrutura (Seminf), atua, nesta ter\u00e7a-feira, 12\/9, na rua 81, do bairro Mutir\u00e3o, na zona Norte da capital. As equipes do programa \u201cAsfalta Manaus\u201d executam as obras de recapeamento na \u00e1rea.\",\"inLanguage\":\"pt-BR\",\"potentialAction\":[{\"@type\":\"ReadAction\",\"target\":[\"https:\/\/www.manaus.am.gov.br\/seminf\/asfalta-manaus-da-prefeitura-trabalha-em-novo-trecho-do-bairro-mutirao\/\"]}]},{\"@type\":\"ImageObject\",\"inLanguage\":\"pt-BR\",\"@id\":\"https:\/\/www.manaus.am.gov.br\/seminf\/asfalta-manaus-da-prefeitura-trabalha-em-novo-trecho-do-bairro-mutirao\/#primaryimage\",\"url\":\"https:\/\/www.manaus.am.gov.br\/seminf\/wp-content\/uploads\/sites\/6\/2023\/09\/dji_fly_20230911_114026_118_1694446897599_photo_optimized.jpg\",\"contentUrl\":\"https:\/\/www.manaus.am.gov.br\/seminf\/wp-content\/uploads\/sites\/6\/2023\/09\/dji_fly_20230911_114026_118_1694446897599_photo_optimized.jpg\",\"width\":4000,\"height\":2250,\"caption\":\"DCIM100MEDIADJI_0118.JPG\"},{\"@type\":\"WebSite\",\"@id\":\"https:\/\/www.manaus.am.gov.br\/seminf\/#website\",\"url\":\"https:\/\/www.manaus.am.gov.br\/seminf\/\",\"name\":\"Secretaria de Infraestrutura\",\"description\":\"Secretaria Municipal de Infraestrutura\",\"potentialAction\":[{\"@type\":\"SearchAction\",\"target\":{\"@type\":\"EntryPoint\",\"urlTemplate\":\"https:\/\/www.manaus.am.gov.br\/seminf\/?s={search_term_string}\"},\"query-input\":\"required name=search_term_string\"}],\"inLanguage\":\"pt-BR\"},{\"@type\":\"Person\",\"@id\":\"https:\/\/www.manaus.am.gov.br\/seminf\/#\/schema\/person\/05d223aea2bf115f9883a6ff3683d81b\",\"name\":\"Bruna Greco\",\"image\":{\"@type\":\"ImageObject\",\"inLanguage\":\"pt-BR\",\"@id\":\"https:\/\/www.manaus.am.gov.br\/seminf\/#\/schema\/person\/image\/\",\"url\":\"https:\/\/secure.gravatar.com\/avatar\/9c877d1a6adc2a055330e5c09a8653ce?s=96&d=mm&r=g\",\"contentUrl\":\"https:\/\/secure.gravatar.com\/avatar\/9c877d1a6adc2a055330e5c09a8653ce?s=96&d=mm&r=g\",\"caption\":\"Bruna Greco\"}}]}<\/script>\n<!-- \/ Yoast SEO plugin. -->","yoast_head_json":{"title":"\u2018Asfalta Manaus\u2019 da prefeitura trabalha em novo trecho do bairro Mutir\u00e3o","description":"A Prefeitura de Manaus, por meio da Secretaria Municipal de Infraestrutura (Seminf), atua, nesta ter\u00e7a-feira, 12\/9, na rua 81, do bairro Mutir\u00e3o, na zona Norte da capital. As equipes do programa \u201cAsfalta Manaus\u201d executam as obras de recapeamento na \u00e1rea.","robots":{"index":"index","follow":"follow","max-snippet":"max-snippet:-1","max-image-preview":"max-image-preview:large","max-video-preview":"max-video-preview:-1"},"canonical":"https:\/\/www.manaus.am.gov.br\/seminf\/asfalta-manaus-da-prefeitura-trabalha-em-novo-trecho-do-bairro-mutirao\/","og_locale":"pt_BR","og_type":"article","og_title":"\u2018Asfalta Manaus\u2019 da prefeitura trabalha em novo trecho do bairro Mutir\u00e3o","og_description":"A Prefeitura de Manaus, por meio da Secretaria Municipal de Infraestrutura (Seminf), atua, nesta ter\u00e7a-feira, 12\/9, na rua 81, do bairro Mutir\u00e3o, na zona Norte da capital. As equipes do programa \u201cAsfalta Manaus\u201d executam as obras de recapeamento na \u00e1rea.","og_url":"https:\/\/www.manaus.am.gov.br\/seminf\/asfalta-manaus-da-prefeitura-trabalha-em-novo-trecho-do-bairro-mutirao\/","og_site_name":"SEMINF","article_published_time":"2023-09-12T14:34:21+00:00","article_modified_time":"2023-09-12T14:34:22+00:00","og_image":[{"width":1024,"height":576,"url":"https:\/\/www.manaus.am.gov.br\/seminf\/wp-content\/uploads\/sites\/6\/2023\/09\/dji_fly_20230911_114026_118_1694446897599_photo_optimized-1024x576.jpg","type":"image\/jpeg"}],"author":"Bruna Greco","twitter_card":"summary_large_image","twitter_misc":{"Written by":"Bruna Greco","Est. reading time":"2 minutos"},"schema":{"@context":"https:\/\/schema.org","@graph":[{"@type":"WebPage","@id":"https:\/\/www.manaus.am.gov.br\/seminf\/asfalta-manaus-da-prefeitura-trabalha-em-novo-trecho-do-bairro-mutirao\/","url":"https:\/\/www.manaus.am.gov.br\/seminf\/asfalta-manaus-da-prefeitura-trabalha-em-novo-trecho-do-bairro-mutirao\/","name":"\u2018Asfalta Manaus\u2019 da prefeitura trabalha em novo trecho do bairro Mutir\u00e3o","isPartOf":{"@id":"https:\/\/www.manaus.am.gov.br\/seminf\/#website"},"primaryImageOfPage":{"@id":"https:\/\/www.manaus.am.gov.br\/seminf\/asfalta-manaus-da-prefeitura-trabalha-em-novo-trecho-do-bairro-mutirao\/#primaryimage"},"image":{"@id":"https:\/\/www.manaus.am.gov.br\/seminf\/asfalta-manaus-da-prefeitura-trabalha-em-novo-trecho-do-bairro-mutirao\/#primaryimage"},"thumbnailUrl":"https:\/\/www.manaus.am.gov.br\/seminf\/wp-content\/uploads\/sites\/6\/2023\/09\/dji_fly_20230911_114026_118_1694446897599_photo_optimized.jpg","datePublished":"2023-09-12T14:34:21+00:00","dateModified":"2023-09-12T14:34:22+00:00","author":{"@id":"https:\/\/www.manaus.am.gov.br\/seminf\/#\/schema\/person\/05d223aea2bf115f9883a6ff3683d81b"},"description":"A Prefeitura de Manaus, por meio da Secretaria Municipal de Infraestrutura (Seminf), atua, nesta ter\u00e7a-feira, 12\/9, na rua 81, do bairro Mutir\u00e3o, na zona Norte da capital. As equipes do programa \u201cAsfalta Manaus\u201d executam as obras de recapeamento na \u00e1rea.","inLanguage":"pt-BR","potentialAction":[{"@type":"ReadAction","target":["https:\/\/www.manaus.am.gov.br\/seminf\/asfalta-manaus-da-prefeitura-trabalha-em-novo-trecho-do-bairro-mutirao\/"]}]},{"@type":"ImageObject","inLanguage":"pt-BR","@id":"https:\/\/www.manaus.am.gov.br\/seminf\/asfalta-manaus-da-prefeitura-trabalha-em-novo-trecho-do-bairro-mutirao\/#primaryimage","url":"https:\/\/www.manaus.am.gov.br\/seminf\/wp-content\/uploads\/sites\/6\/2023\/09\/dji_fly_20230911_114026_118_1694446897599_photo_optimized.jpg","contentUrl":"https:\/\/www.manaus.am.gov.br\/seminf\/wp-content\/uploads\/sites\/6\/2023\/09\/dji_fly_20230911_114026_118_1694446897599_photo_optimized.jpg","width":4000,"height":2250,"caption":"DCIM100MEDIADJI_0118.JPG"},{"@type":"WebSite","@id":"https:\/\/www.manaus.am.gov.br\/seminf\/#website","url":"https:\/\/www.manaus.am.gov.br\/seminf\/","name":"Secretaria de Infraestrutura","description":"Secretaria Municipal de Infraestrutura","potentialAction":[{"@type":"SearchAction","target":{"@type":"EntryPoint","urlTemplate":"https:\/\/www.manaus.am.gov.br\/seminf\/?s={search_term_string}"},"query-input":"required name=search_term_string"}],"inLanguage":"pt-BR"},{"@type":"Person","@id":"https:\/\/www.manaus.am.gov.br\/seminf\/#\/schema\/person\/05d223aea2bf115f9883a6ff3683d81b","name":"Bruna Greco","image":{"@type":"ImageObject","inLanguage":"pt-BR","@id":"https:\/\/www.manaus.am.gov.br\/seminf\/#\/schema\/person\/image\/","url":"https:\/\/secure.gravatar.com\/avatar\/9c877d1a6adc2a055330e5c09a8653ce?s=96&d=mm&r=g","contentUrl":"https:\/\/secure.gravatar.com\/avatar\/9c877d1a6adc2a055330e5c09a8653ce?s=96&d=mm&r=g","caption":"Bruna Greco"}}]}},"_links":{"self":[{"href":"https:\/\/www.manaus.am.gov.br\/seminf\/wp-json\/wp\/v2\/posts\/1953"}],"collection":[{"href":"https:\/\/www.manaus.am.gov.br\/seminf\/wp-json\/wp\/v2\/posts"}],"about":[{"href":"https:\/\/www.manaus.am.gov.br\/seminf\/wp-json\/wp\/v2\/types\/post"}],"author":[{"embeddable":true,"href":"https:\/\/www.manaus.am.gov.br\/seminf\/wp-json\/wp\/v2\/users\/39"}],"replies":[{"embeddable":true,"href":"https:\/\/www.manaus.am.gov.br\/seminf\/wp-json\/wp\/v2\/comments?post=1953"}],"version-history":[{"count":0,"href":"https:\/\/www.manaus.am.gov.br\/seminf\/wp-json\/wp\/v2\/posts\/1953\/revisions"}],"wp:featuredmedia":[{"embeddable":true,"href":"https:\/\/www.manaus.am.gov.br\/seminf\/wp-json\/wp\/v2\/media\/1954"}],"wp:attachment":[{"href":"https:\/\/www.manaus.am.gov.br\/seminf\/wp-json\/wp\/v2\/media?parent=1953"}],"wp:term":[{"taxonomy":"category","embeddable":true,"href":"https:\/\/www.manaus.am.gov.br\/seminf\/wp-json\/wp\/v2\/categories?post=1953"},{"taxonomy":"post_tag","embeddable":true,"href":"https:\/\/www.manaus.am.gov.br\/seminf\/wp-json\/wp\/v2\/tags?post=1953"}],"curies":[{"name":"wp","href":"https:\/\/api.w.org\/{rel}","templated":true}]}}