{"id":1701,"date":"2023-07-04T16:00:45","date_gmt":"2023-07-04T20:00:45","guid":{"rendered":"https:\/\/www.manaus.am.gov.br\/seminf\/em-menos-de-24h-alca-de-acesso-a-avenida-ephigenio-salles-e-liberada-apos-obra-da-prefeitura\/"},"modified":"2023-11-28T10:42:12","modified_gmt":"2023-11-28T14:42:12","slug":"em-menos-de-24h-alca-de-acesso-a-avenida-ephigenio-salles-e-liberada-apos-obra-da-prefeitura","status":"publish","type":"post","link":"https:\/\/www.manaus.am.gov.br\/seminf\/em-menos-de-24h-alca-de-acesso-a-avenida-ephigenio-salles-e-liberada-apos-obra-da-prefeitura\/","title":{"rendered":"Em menos de 24h, al\u00e7a de acesso \u00e0 avenida Ephig\u00eanio Salles \u00e9 liberada ap\u00f3s obra da prefeitura"},"content":{"rendered":"\n<p>A al\u00e7a de acesso \u00e0 avenida Ephig\u00eanio Salles, ao lado do complexo vi\u00e1rio Gilberto Mestrinho, conhecido por \u201crotat\u00f3ria do Coroado\u201d, \u00e9 liberada ao tr\u00e1fego de ve\u00edculos, na tarde desta ter\u00e7a-feira, 4\/7, em menos de 24 horas ap\u00f3s o in\u00edcio das obras da Prefeitura de Manaus, por meio da Secretaria Municipal de Infraestrutura (Seminf).<\/p>\n\n\n\n<p>O trecho foi interditado pelo Instituto Municipal de Mobilidade Urbana (IMMU) na \u00faltima sexta-feira, 30\/6, ap\u00f3s a via ceder e apresentar um afundamento. De imediato, o corpo t\u00e9cnico da Seminf realizou a vistoria e constatou o rompimento de eletrodutos da concession\u00e1ria de energia. A Amazonas Energia sinalizou a seguridade do trecho, no que concerne \u00e0 passagem de energia el\u00e9trica.<\/p>\n\n\n\n<p>\u201cS\u00e3o tubos obsoletos, n\u00e3o h\u00e1 corrente el\u00e9trica. Ap\u00f3s laudo e di\u00e1logo com a concession\u00e1ria, iniciamos a interven\u00e7\u00e3o, por determina\u00e7\u00e3o do prefeito David Almeida e do secret\u00e1rio Renato Junior\u201d, explicou o superintendente da Seminf, \u00cdtalo Oliveira.<\/p>\n\n\n\n<p>Em poucas horas, as equipes da Seminf realizaram a escava\u00e7\u00e3o do trecho, reaterro, adensamento com cimento e areia, nivelamento da pista e, por fim, o asfaltamento. Ap\u00f3s retirada dos equipamentos e maquin\u00e1rios, por volta de 15h, os agentes do IMMU liberaram a via para o tr\u00e1fego de ve\u00edculos.<\/p>\n\n\n\n<p>&#8212; &#8212; &#8212;<\/p>\n\n\n\n<p><strong>Texto &#8211;<\/strong> Alessandra Taveira \/ Seminf<\/p>\n\n\n\n<p><strong>Fotos &#8211;<\/strong> M\u00e1rcio Melo \/ Seminf<\/p>\n\n\n\n<p><strong>Dispon\u00edveis em<\/strong> \u2013&nbsp;<a href=\"https:\/\/flic.kr\/s\/aHBqjALikQ\">https:\/\/flic.kr\/s\/aHBqjALikQ<\/a><\/p>\n","protected":false},"excerpt":{"rendered":"","protected":false},"author":39,"featured_media":1702,"comment_status":"closed","ping_status":"closed","sticky":false,"template":"","format":"standard","meta":{"footnotes":""},"categories":[15],"tags":[39,43,26],"acf":[],"yoast_head":"<!-- This site is optimized with the Yoast SEO plugin v23.0 - https:\/\/yoast.com\/wordpress\/plugins\/seo\/ -->\n<title>Em menos de 24h, al\u00e7a de acesso \u00e0 avenida Ephig\u00eanio Salles \u00e9 liberada ap\u00f3s obra da prefeitura<\/title>\n<meta name=\"description\" content=\"A al\u00e7a de acesso \u00e0 avenida Ephig\u00eanio Salles, ao lado do complexo vi\u00e1rio Gilberto Mestrinho, conhecido por \u201crotat\u00f3ria do Coroado\u201d, \u00e9 liberada ao tr\u00e1fego de ve\u00edculos, na tarde desta ter\u00e7a-feira, 4\/7, em menos de 24 horas ap\u00f3s o in\u00edcio das obras da Prefeitura de Manaus, por meio da Secretaria Municipal de Infraestrutura (Seminf).\" \/>\n<meta name=\"robots\" content=\"index, follow, max-snippet:-1, max-image-preview:large, max-video-preview:-1\" \/>\n<link rel=\"canonical\" href=\"https:\/\/www.manaus.am.gov.br\/seminf\/em-menos-de-24h-alca-de-acesso-a-avenida-ephigenio-salles-e-liberada-apos-obra-da-prefeitura\/\" \/>\n<meta property=\"og:locale\" content=\"pt_BR\" \/>\n<meta property=\"og:type\" content=\"article\" \/>\n<meta property=\"og:title\" content=\"Em menos de 24h, al\u00e7a de acesso \u00e0 avenida Ephig\u00eanio Salles \u00e9 liberada ap\u00f3s obra da prefeitura\" \/>\n<meta property=\"og:description\" content=\"A al\u00e7a de acesso \u00e0 avenida Ephig\u00eanio Salles, ao lado do complexo vi\u00e1rio Gilberto Mestrinho, conhecido por \u201crotat\u00f3ria do Coroado\u201d, \u00e9 liberada ao tr\u00e1fego de ve\u00edculos, na tarde desta ter\u00e7a-feira, 4\/7, em menos de 24 horas ap\u00f3s o in\u00edcio das obras da Prefeitura de Manaus, por meio da Secretaria Municipal de Infraestrutura (Seminf).\" \/>\n<meta property=\"og:url\" content=\"https:\/\/www.manaus.am.gov.br\/seminf\/em-menos-de-24h-alca-de-acesso-a-avenida-ephigenio-salles-e-liberada-apos-obra-da-prefeitura\/\" \/>\n<meta property=\"og:site_name\" content=\"SEMINF\" \/>\n<meta property=\"article:published_time\" content=\"2023-07-04T20:00:45+00:00\" \/>\n<meta property=\"article:modified_time\" content=\"2023-11-28T14:42:12+00:00\" \/>\n<meta property=\"og:image\" content=\"https:\/\/www.manaus.am.gov.br\/seminf\/wp-content\/uploads\/sites\/6\/2023\/07\/53023019724_0d38d2d2e4_h.jpg\" \/>\n\t<meta property=\"og:image:width\" content=\"1600\" \/>\n\t<meta property=\"og:image:height\" content=\"1066\" \/>\n\t<meta property=\"og:image:type\" content=\"image\/jpeg\" \/>\n<meta name=\"author\" content=\"Bruna Greco\" \/>\n<meta name=\"twitter:card\" content=\"summary_large_image\" \/>\n<meta name=\"twitter:label1\" content=\"Written by\" \/>\n\t<meta name=\"twitter:data1\" content=\"Bruna Greco\" \/>\n<script type=\"application\/ld+json\" class=\"yoast-schema-graph\">{\"@context\":\"https:\/\/schema.org\",\"@graph\":[{\"@type\":\"WebPage\",\"@id\":\"https:\/\/www.manaus.am.gov.br\/seminf\/em-menos-de-24h-alca-de-acesso-a-avenida-ephigenio-salles-e-liberada-apos-obra-da-prefeitura\/\",\"url\":\"https:\/\/www.manaus.am.gov.br\/seminf\/em-menos-de-24h-alca-de-acesso-a-avenida-ephigenio-salles-e-liberada-apos-obra-da-prefeitura\/\",\"name\":\"Em menos de 24h, al\u00e7a de acesso \u00e0 avenida Ephig\u00eanio Salles \u00e9 liberada ap\u00f3s obra da prefeitura\",\"isPartOf\":{\"@id\":\"https:\/\/www.manaus.am.gov.br\/seminf\/#website\"},\"primaryImageOfPage\":{\"@id\":\"https:\/\/www.manaus.am.gov.br\/seminf\/em-menos-de-24h-alca-de-acesso-a-avenida-ephigenio-salles-e-liberada-apos-obra-da-prefeitura\/#primaryimage\"},\"image\":{\"@id\":\"https:\/\/www.manaus.am.gov.br\/seminf\/em-menos-de-24h-alca-de-acesso-a-avenida-ephigenio-salles-e-liberada-apos-obra-da-prefeitura\/#primaryimage\"},\"thumbnailUrl\":\"https:\/\/www.manaus.am.gov.br\/seminf\/wp-content\/uploads\/sites\/6\/2023\/07\/53023019724_0d38d2d2e4_h.jpg\",\"datePublished\":\"2023-07-04T20:00:45+00:00\",\"dateModified\":\"2023-11-28T14:42:12+00:00\",\"author\":{\"@id\":\"https:\/\/www.manaus.am.gov.br\/seminf\/#\/schema\/person\/05d223aea2bf115f9883a6ff3683d81b\"},\"description\":\"A al\u00e7a de acesso \u00e0 avenida Ephig\u00eanio Salles, ao lado do complexo vi\u00e1rio Gilberto Mestrinho, conhecido por \u201crotat\u00f3ria do Coroado\u201d, \u00e9 liberada ao tr\u00e1fego de ve\u00edculos, na tarde desta ter\u00e7a-feira, 4\/7, em menos de 24 horas ap\u00f3s o in\u00edcio das obras da Prefeitura de Manaus, por meio da Secretaria Municipal de Infraestrutura (Seminf).\",\"inLanguage\":\"pt-BR\",\"potentialAction\":[{\"@type\":\"ReadAction\",\"target\":[\"https:\/\/www.manaus.am.gov.br\/seminf\/em-menos-de-24h-alca-de-acesso-a-avenida-ephigenio-salles-e-liberada-apos-obra-da-prefeitura\/\"]}]},{\"@type\":\"ImageObject\",\"inLanguage\":\"pt-BR\",\"@id\":\"https:\/\/www.manaus.am.gov.br\/seminf\/em-menos-de-24h-alca-de-acesso-a-avenida-ephigenio-salles-e-liberada-apos-obra-da-prefeitura\/#primaryimage\",\"url\":\"https:\/\/www.manaus.am.gov.br\/seminf\/wp-content\/uploads\/sites\/6\/2023\/07\/53023019724_0d38d2d2e4_h.jpg\",\"contentUrl\":\"https:\/\/www.manaus.am.gov.br\/seminf\/wp-content\/uploads\/sites\/6\/2023\/07\/53023019724_0d38d2d2e4_h.jpg\",\"width\":1600,\"height\":1066},{\"@type\":\"WebSite\",\"@id\":\"https:\/\/www.manaus.am.gov.br\/seminf\/#website\",\"url\":\"https:\/\/www.manaus.am.gov.br\/seminf\/\",\"name\":\"Secretaria de Infraestrutura\",\"description\":\"Secretaria Municipal de Infraestrutura\",\"potentialAction\":[{\"@type\":\"SearchAction\",\"target\":{\"@type\":\"EntryPoint\",\"urlTemplate\":\"https:\/\/www.manaus.am.gov.br\/seminf\/?s={search_term_string}\"},\"query-input\":\"required name=search_term_string\"}],\"inLanguage\":\"pt-BR\"},{\"@type\":\"Person\",\"@id\":\"https:\/\/www.manaus.am.gov.br\/seminf\/#\/schema\/person\/05d223aea2bf115f9883a6ff3683d81b\",\"name\":\"Bruna Greco\",\"image\":{\"@type\":\"ImageObject\",\"inLanguage\":\"pt-BR\",\"@id\":\"https:\/\/www.manaus.am.gov.br\/seminf\/#\/schema\/person\/image\/\",\"url\":\"https:\/\/secure.gravatar.com\/avatar\/9c877d1a6adc2a055330e5c09a8653ce?s=96&d=mm&r=g\",\"contentUrl\":\"https:\/\/secure.gravatar.com\/avatar\/9c877d1a6adc2a055330e5c09a8653ce?s=96&d=mm&r=g\",\"caption\":\"Bruna Greco\"}}]}<\/script>\n<!-- \/ Yoast SEO plugin. -->","yoast_head_json":{"title":"Em menos de 24h, al\u00e7a de acesso \u00e0 avenida Ephig\u00eanio Salles \u00e9 liberada ap\u00f3s obra da prefeitura","description":"A al\u00e7a de acesso \u00e0 avenida Ephig\u00eanio Salles, ao lado do complexo vi\u00e1rio Gilberto Mestrinho, conhecido por \u201crotat\u00f3ria do Coroado\u201d, \u00e9 liberada ao tr\u00e1fego de ve\u00edculos, na tarde desta ter\u00e7a-feira, 4\/7, em menos de 24 horas ap\u00f3s o in\u00edcio das obras da Prefeitura de Manaus, por meio da Secretaria Municipal de Infraestrutura (Seminf).","robots":{"index":"index","follow":"follow","max-snippet":"max-snippet:-1","max-image-preview":"max-image-preview:large","max-video-preview":"max-video-preview:-1"},"canonical":"https:\/\/www.manaus.am.gov.br\/seminf\/em-menos-de-24h-alca-de-acesso-a-avenida-ephigenio-salles-e-liberada-apos-obra-da-prefeitura\/","og_locale":"pt_BR","og_type":"article","og_title":"Em menos de 24h, al\u00e7a de acesso \u00e0 avenida Ephig\u00eanio Salles \u00e9 liberada ap\u00f3s obra da prefeitura","og_description":"A al\u00e7a de acesso \u00e0 avenida Ephig\u00eanio Salles, ao lado do complexo vi\u00e1rio Gilberto Mestrinho, conhecido por \u201crotat\u00f3ria do Coroado\u201d, \u00e9 liberada ao tr\u00e1fego de ve\u00edculos, na tarde desta ter\u00e7a-feira, 4\/7, em menos de 24 horas ap\u00f3s o in\u00edcio das obras da Prefeitura de Manaus, por meio da Secretaria Municipal de Infraestrutura (Seminf).","og_url":"https:\/\/www.manaus.am.gov.br\/seminf\/em-menos-de-24h-alca-de-acesso-a-avenida-ephigenio-salles-e-liberada-apos-obra-da-prefeitura\/","og_site_name":"SEMINF","article_published_time":"2023-07-04T20:00:45+00:00","article_modified_time":"2023-11-28T14:42:12+00:00","og_image":[{"width":1600,"height":1066,"url":"https:\/\/www.manaus.am.gov.br\/seminf\/wp-content\/uploads\/sites\/6\/2023\/07\/53023019724_0d38d2d2e4_h.jpg","type":"image\/jpeg"}],"author":"Bruna Greco","twitter_card":"summary_large_image","twitter_misc":{"Written by":"Bruna Greco"},"schema":{"@context":"https:\/\/schema.org","@graph":[{"@type":"WebPage","@id":"https:\/\/www.manaus.am.gov.br\/seminf\/em-menos-de-24h-alca-de-acesso-a-avenida-ephigenio-salles-e-liberada-apos-obra-da-prefeitura\/","url":"https:\/\/www.manaus.am.gov.br\/seminf\/em-menos-de-24h-alca-de-acesso-a-avenida-ephigenio-salles-e-liberada-apos-obra-da-prefeitura\/","name":"Em menos de 24h, al\u00e7a de acesso \u00e0 avenida Ephig\u00eanio Salles \u00e9 liberada ap\u00f3s obra da prefeitura","isPartOf":{"@id":"https:\/\/www.manaus.am.gov.br\/seminf\/#website"},"primaryImageOfPage":{"@id":"https:\/\/www.manaus.am.gov.br\/seminf\/em-menos-de-24h-alca-de-acesso-a-avenida-ephigenio-salles-e-liberada-apos-obra-da-prefeitura\/#primaryimage"},"image":{"@id":"https:\/\/www.manaus.am.gov.br\/seminf\/em-menos-de-24h-alca-de-acesso-a-avenida-ephigenio-salles-e-liberada-apos-obra-da-prefeitura\/#primaryimage"},"thumbnailUrl":"https:\/\/www.manaus.am.gov.br\/seminf\/wp-content\/uploads\/sites\/6\/2023\/07\/53023019724_0d38d2d2e4_h.jpg","datePublished":"2023-07-04T20:00:45+00:00","dateModified":"2023-11-28T14:42:12+00:00","author":{"@id":"https:\/\/www.manaus.am.gov.br\/seminf\/#\/schema\/person\/05d223aea2bf115f9883a6ff3683d81b"},"description":"A al\u00e7a de acesso \u00e0 avenida Ephig\u00eanio Salles, ao lado do complexo vi\u00e1rio Gilberto Mestrinho, conhecido por \u201crotat\u00f3ria do Coroado\u201d, \u00e9 liberada ao tr\u00e1fego de ve\u00edculos, na tarde desta ter\u00e7a-feira, 4\/7, em menos de 24 horas ap\u00f3s o in\u00edcio das obras da Prefeitura de Manaus, por meio da Secretaria Municipal de Infraestrutura (Seminf).","inLanguage":"pt-BR","potentialAction":[{"@type":"ReadAction","target":["https:\/\/www.manaus.am.gov.br\/seminf\/em-menos-de-24h-alca-de-acesso-a-avenida-ephigenio-salles-e-liberada-apos-obra-da-prefeitura\/"]}]},{"@type":"ImageObject","inLanguage":"pt-BR","@id":"https:\/\/www.manaus.am.gov.br\/seminf\/em-menos-de-24h-alca-de-acesso-a-avenida-ephigenio-salles-e-liberada-apos-obra-da-prefeitura\/#primaryimage","url":"https:\/\/www.manaus.am.gov.br\/seminf\/wp-content\/uploads\/sites\/6\/2023\/07\/53023019724_0d38d2d2e4_h.jpg","contentUrl":"https:\/\/www.manaus.am.gov.br\/seminf\/wp-content\/uploads\/sites\/6\/2023\/07\/53023019724_0d38d2d2e4_h.jpg","width":1600,"height":1066},{"@type":"WebSite","@id":"https:\/\/www.manaus.am.gov.br\/seminf\/#website","url":"https:\/\/www.manaus.am.gov.br\/seminf\/","name":"Secretaria de Infraestrutura","description":"Secretaria Municipal de Infraestrutura","potentialAction":[{"@type":"SearchAction","target":{"@type":"EntryPoint","urlTemplate":"https:\/\/www.manaus.am.gov.br\/seminf\/?s={search_term_string}"},"query-input":"required name=search_term_string"}],"inLanguage":"pt-BR"},{"@type":"Person","@id":"https:\/\/www.manaus.am.gov.br\/seminf\/#\/schema\/person\/05d223aea2bf115f9883a6ff3683d81b","name":"Bruna Greco","image":{"@type":"ImageObject","inLanguage":"pt-BR","@id":"https:\/\/www.manaus.am.gov.br\/seminf\/#\/schema\/person\/image\/","url":"https:\/\/secure.gravatar.com\/avatar\/9c877d1a6adc2a055330e5c09a8653ce?s=96&d=mm&r=g","contentUrl":"https:\/\/secure.gravatar.com\/avatar\/9c877d1a6adc2a055330e5c09a8653ce?s=96&d=mm&r=g","caption":"Bruna Greco"}}]}},"_links":{"self":[{"href":"https:\/\/www.manaus.am.gov.br\/seminf\/wp-json\/wp\/v2\/posts\/1701"}],"collection":[{"href":"https:\/\/www.manaus.am.gov.br\/seminf\/wp-json\/wp\/v2\/posts"}],"about":[{"href":"https:\/\/www.manaus.am.gov.br\/seminf\/wp-json\/wp\/v2\/types\/post"}],"author":[{"embeddable":true,"href":"https:\/\/www.manaus.am.gov.br\/seminf\/wp-json\/wp\/v2\/users\/39"}],"replies":[{"embeddable":true,"href":"https:\/\/www.manaus.am.gov.br\/seminf\/wp-json\/wp\/v2\/comments?post=1701"}],"version-history":[{"count":2,"href":"https:\/\/www.manaus.am.gov.br\/seminf\/wp-json\/wp\/v2\/posts\/1701\/revisions"}],"predecessor-version":[{"id":2284,"href":"https:\/\/www.manaus.am.gov.br\/seminf\/wp-json\/wp\/v2\/posts\/1701\/revisions\/2284"}],"wp:featuredmedia":[{"embeddable":true,"href":"https:\/\/www.manaus.am.gov.br\/seminf\/wp-json\/wp\/v2\/media\/1702"}],"wp:attachment":[{"href":"https:\/\/www.manaus.am.gov.br\/seminf\/wp-json\/wp\/v2\/media?parent=1701"}],"wp:term":[{"taxonomy":"category","embeddable":true,"href":"https:\/\/www.manaus.am.gov.br\/seminf\/wp-json\/wp\/v2\/categories?post=1701"},{"taxonomy":"post_tag","embeddable":true,"href":"https:\/\/www.manaus.am.gov.br\/seminf\/wp-json\/wp\/v2\/tags?post=1701"}],"curies":[{"name":"wp","href":"https:\/\/api.w.org\/{rel}","templated":true}]}}