{"id":1585,"date":"2023-06-14T19:05:55","date_gmt":"2023-06-14T23:05:55","guid":{"rendered":"https:\/\/www.manaus.am.gov.br\/seminf\/programa-asfalta-manaus-da-prefeitura-recapeia-novo-trecho-no-bairro-mutirao-apos-24-anos-sem-infraestrutura\/"},"modified":"2023-06-14T19:05:56","modified_gmt":"2023-06-14T23:05:56","slug":"programa-asfalta-manaus-da-prefeitura-recapeia-novo-trecho-no-bairro-mutirao-apos-24-anos-sem-infraestrutura","status":"publish","type":"post","link":"https:\/\/www.manaus.am.gov.br\/seminf\/programa-asfalta-manaus-da-prefeitura-recapeia-novo-trecho-no-bairro-mutirao-apos-24-anos-sem-infraestrutura\/","title":{"rendered":"<strong>Programa \u2018Asfalta Manaus\u2019 da prefeitura recapeia novo trecho no bairro Mutir\u00e3o, ap\u00f3s 24 anos sem infraestrutura<\/strong>"},"content":{"rendered":"\n<p>A Prefeitura de Manaus, por meio da Secretaria Municipal de Infraestrutura (Seminf), leva nesta quarta-feira, 14\/6, o programa \u201cAsfalta Manaus\u201d para a rua 83, localizada no bairro Mutir\u00e3o, na zona Norte da capital. O trecho de aproximadamente 300 metros de extens\u00e3o, n\u00e3o recebia servi\u00e7os de manuten\u00e7\u00e3o h\u00e1 mais de 24 anos.<\/p>\n\n\n\n<p>&#8220;O prefeito David Almeida determinou que olh\u00e1ssemos para todos os bairros que n\u00e3o recebiam assist\u00eancia. O Mutir\u00e3o \u00e9 um deles. Tanto \u00e9 que trabalhamos na reforma de um campo do bairro, que se transformou em complexo esportivo, e n\u00e3o poder\u00edamos deixar as ruas do jeito que estavam, abandonadas, com buracos. Essa gest\u00e3o \u00e9 din\u00e2mica e quem ganha \u00e9 a cidade e a nossa popula\u00e7\u00e3o&#8221;, afirma o secret\u00e1rio de Obras, Renato Junior.<\/p>\n\n\n\n<p>A via fica por tr\u00e1s do complexo esportivo Campo do Cora\u00e7\u00e3o, que tamb\u00e9m recebeu obras de reformas da prefeitura, agora os moradores podem se deslocar ao campo utilizando a via totalmente recapeada. A equipe composta por 30 trabalhadores aplica uma m\u00e9dia de 200 toneladas de massa asf\u00e1ltica na via, que ir\u00e1 recuperar a extens\u00e3o deteriorada pelas fissuras e buracos, e garantir o tr\u00e1fego seguro.<\/p>\n\n\n\n<p>A comerciante Marlucia Ribeiro, de 61 anos, \u00e9 uma das primeiras moradoras do bairro Mutir\u00e3o e relata a dificuldade que enfrentou durante esses anos.<\/p>\n\n\n\n<p>\u201cAs ruas do Mutir\u00e3o eram todas esburacadas n\u00e3o tinha condi\u00e7\u00f5es de andar, as crian\u00e7as caiam nos buracos, e o carro pior ainda, hoje eu estou vendo o asfalto chegar na minha porta, muito feliz por isso, agrade\u00e7o muito ao prefeito David Almeida e ao secret\u00e1rio de Obras Renato Junior, por esse asfalto que vai beneficiar a minha casa e o meu com\u00e9rcio e a todos que moram aqui\u201d, comemora a moradora.<\/p>\n\n\n\n<p>J\u00e1 o morador Junior Bahia, de 37 anos, contou que \u00e9 a primeira vez que est\u00e1 vendo recapeamento de verdade. \u201c\u00c9 muito gratificante ver o prefeito David Almeida e o secret\u00e1rio de Obras Renato Junior realizando este trabalho. Desde a exist\u00eancia do bairro era s\u00f3 tapa-buraco, agora na gest\u00e3o do prefeito David temos essa evolu\u00e7\u00e3o\u201d.<\/p>\n\n\n\n<p>&#8212; &#8212; &#8212;<\/p>\n\n\n\n<p><strong>Texto &#8211;<\/strong> Rayana Coutinho \/ Seminf<\/p>\n\n\n\n<p><strong>Foto &#8211;<\/strong> Carlos Oliveira\u00a0\/ Seminf<\/p>\n","protected":false},"excerpt":{"rendered":"","protected":false},"author":39,"featured_media":1586,"comment_status":"closed","ping_status":"closed","sticky":false,"template":"","format":"standard","meta":{"footnotes":""},"categories":[77],"tags":[816,817,43,359,818,26],"acf":[],"yoast_head":"<!-- This site is optimized with the Yoast SEO plugin v23.0 - https:\/\/yoast.com\/wordpress\/plugins\/seo\/ -->\n<title>Programa \u2018Asfalta Manaus\u2019 da prefeitura recapeia novo trecho no bairro Mutir\u00e3o, ap\u00f3s 24 anos sem infraestrutura<\/title>\n<meta name=\"description\" content=\"A Prefeitura de Manaus, por meio da Secretaria Municipal de Infraestrutura (Seminf), leva nesta quarta-feira, 14\/6, o programa \u201cAsfalta Manaus\u201d para a rua 83, localizada no bairro Mutir\u00e3o, na zona Norte da capital. O trecho de aproximadamente 300 metros de extens\u00e3o, n\u00e3o recebia servi\u00e7os de manuten\u00e7\u00e3o h\u00e1 mais de 24 anos.\" \/>\n<meta name=\"robots\" content=\"index, follow, max-snippet:-1, max-image-preview:large, max-video-preview:-1\" \/>\n<link rel=\"canonical\" href=\"https:\/\/www.manaus.am.gov.br\/seminf\/programa-asfalta-manaus-da-prefeitura-recapeia-novo-trecho-no-bairro-mutirao-apos-24-anos-sem-infraestrutura\/\" \/>\n<meta property=\"og:locale\" content=\"pt_BR\" \/>\n<meta property=\"og:type\" content=\"article\" \/>\n<meta property=\"og:title\" content=\"Programa \u2018Asfalta Manaus\u2019 da prefeitura recapeia novo trecho no bairro Mutir\u00e3o, ap\u00f3s 24 anos sem infraestrutura\" \/>\n<meta property=\"og:description\" content=\"A Prefeitura de Manaus, por meio da Secretaria Municipal de Infraestrutura (Seminf), leva nesta quarta-feira, 14\/6, o programa \u201cAsfalta Manaus\u201d para a rua 83, localizada no bairro Mutir\u00e3o, na zona Norte da capital. O trecho de aproximadamente 300 metros de extens\u00e3o, n\u00e3o recebia servi\u00e7os de manuten\u00e7\u00e3o h\u00e1 mais de 24 anos.\" \/>\n<meta property=\"og:url\" content=\"https:\/\/www.manaus.am.gov.br\/seminf\/programa-asfalta-manaus-da-prefeitura-recapeia-novo-trecho-no-bairro-mutirao-apos-24-anos-sem-infraestrutura\/\" \/>\n<meta property=\"og:site_name\" content=\"SEMINF\" \/>\n<meta property=\"article:published_time\" content=\"2023-06-14T23:05:55+00:00\" \/>\n<meta property=\"article:modified_time\" content=\"2023-06-14T23:05:56+00:00\" \/>\n<meta property=\"og:image\" content=\"https:\/\/www.manaus.am.gov.br\/seminf\/wp-content\/uploads\/sites\/6\/2023\/06\/Programa-\u2018Asfalta-Manaus-1.jpeg\" \/>\n\t<meta property=\"og:image:width\" content=\"1600\" \/>\n\t<meta property=\"og:image:height\" content=\"1066\" \/>\n\t<meta property=\"og:image:type\" content=\"image\/jpeg\" \/>\n<meta name=\"author\" content=\"Bruna Greco\" \/>\n<meta name=\"twitter:card\" content=\"summary_large_image\" \/>\n<meta name=\"twitter:label1\" content=\"Written by\" \/>\n\t<meta name=\"twitter:data1\" content=\"Bruna Greco\" \/>\n\t<meta name=\"twitter:label2\" content=\"Est. reading time\" \/>\n\t<meta name=\"twitter:data2\" content=\"2 minutos\" \/>\n<script type=\"application\/ld+json\" class=\"yoast-schema-graph\">{\"@context\":\"https:\/\/schema.org\",\"@graph\":[{\"@type\":\"WebPage\",\"@id\":\"https:\/\/www.manaus.am.gov.br\/seminf\/programa-asfalta-manaus-da-prefeitura-recapeia-novo-trecho-no-bairro-mutirao-apos-24-anos-sem-infraestrutura\/\",\"url\":\"https:\/\/www.manaus.am.gov.br\/seminf\/programa-asfalta-manaus-da-prefeitura-recapeia-novo-trecho-no-bairro-mutirao-apos-24-anos-sem-infraestrutura\/\",\"name\":\"Programa \u2018Asfalta Manaus\u2019 da prefeitura recapeia novo trecho no bairro Mutir\u00e3o, ap\u00f3s 24 anos sem infraestrutura\",\"isPartOf\":{\"@id\":\"https:\/\/www.manaus.am.gov.br\/seminf\/#website\"},\"primaryImageOfPage\":{\"@id\":\"https:\/\/www.manaus.am.gov.br\/seminf\/programa-asfalta-manaus-da-prefeitura-recapeia-novo-trecho-no-bairro-mutirao-apos-24-anos-sem-infraestrutura\/#primaryimage\"},\"image\":{\"@id\":\"https:\/\/www.manaus.am.gov.br\/seminf\/programa-asfalta-manaus-da-prefeitura-recapeia-novo-trecho-no-bairro-mutirao-apos-24-anos-sem-infraestrutura\/#primaryimage\"},\"thumbnailUrl\":\"https:\/\/www.manaus.am.gov.br\/seminf\/wp-content\/uploads\/sites\/6\/2023\/06\/Programa-\u2018Asfalta-Manaus-1.jpeg\",\"datePublished\":\"2023-06-14T23:05:55+00:00\",\"dateModified\":\"2023-06-14T23:05:56+00:00\",\"author\":{\"@id\":\"https:\/\/www.manaus.am.gov.br\/seminf\/#\/schema\/person\/05d223aea2bf115f9883a6ff3683d81b\"},\"description\":\"A Prefeitura de Manaus, por meio da Secretaria Municipal de Infraestrutura (Seminf), leva nesta quarta-feira, 14\/6, o programa \u201cAsfalta Manaus\u201d para a rua 83, localizada no bairro Mutir\u00e3o, na zona Norte da capital. O trecho de aproximadamente 300 metros de extens\u00e3o, n\u00e3o recebia servi\u00e7os de manuten\u00e7\u00e3o h\u00e1 mais de 24 anos.\",\"inLanguage\":\"pt-BR\",\"potentialAction\":[{\"@type\":\"ReadAction\",\"target\":[\"https:\/\/www.manaus.am.gov.br\/seminf\/programa-asfalta-manaus-da-prefeitura-recapeia-novo-trecho-no-bairro-mutirao-apos-24-anos-sem-infraestrutura\/\"]}]},{\"@type\":\"ImageObject\",\"inLanguage\":\"pt-BR\",\"@id\":\"https:\/\/www.manaus.am.gov.br\/seminf\/programa-asfalta-manaus-da-prefeitura-recapeia-novo-trecho-no-bairro-mutirao-apos-24-anos-sem-infraestrutura\/#primaryimage\",\"url\":\"https:\/\/www.manaus.am.gov.br\/seminf\/wp-content\/uploads\/sites\/6\/2023\/06\/Programa-\u2018Asfalta-Manaus-1.jpeg\",\"contentUrl\":\"https:\/\/www.manaus.am.gov.br\/seminf\/wp-content\/uploads\/sites\/6\/2023\/06\/Programa-\u2018Asfalta-Manaus-1.jpeg\",\"width\":1600,\"height\":1066},{\"@type\":\"WebSite\",\"@id\":\"https:\/\/www.manaus.am.gov.br\/seminf\/#website\",\"url\":\"https:\/\/www.manaus.am.gov.br\/seminf\/\",\"name\":\"Secretaria de Infraestrutura\",\"description\":\"Secretaria Municipal de Infraestrutura\",\"potentialAction\":[{\"@type\":\"SearchAction\",\"target\":{\"@type\":\"EntryPoint\",\"urlTemplate\":\"https:\/\/www.manaus.am.gov.br\/seminf\/?s={search_term_string}\"},\"query-input\":\"required name=search_term_string\"}],\"inLanguage\":\"pt-BR\"},{\"@type\":\"Person\",\"@id\":\"https:\/\/www.manaus.am.gov.br\/seminf\/#\/schema\/person\/05d223aea2bf115f9883a6ff3683d81b\",\"name\":\"Bruna Greco\",\"image\":{\"@type\":\"ImageObject\",\"inLanguage\":\"pt-BR\",\"@id\":\"https:\/\/www.manaus.am.gov.br\/seminf\/#\/schema\/person\/image\/\",\"url\":\"https:\/\/secure.gravatar.com\/avatar\/9c877d1a6adc2a055330e5c09a8653ce?s=96&d=mm&r=g\",\"contentUrl\":\"https:\/\/secure.gravatar.com\/avatar\/9c877d1a6adc2a055330e5c09a8653ce?s=96&d=mm&r=g\",\"caption\":\"Bruna Greco\"}}]}<\/script>\n<!-- \/ Yoast SEO plugin. -->","yoast_head_json":{"title":"Programa \u2018Asfalta Manaus\u2019 da prefeitura recapeia novo trecho no bairro Mutir\u00e3o, ap\u00f3s 24 anos sem infraestrutura","description":"A Prefeitura de Manaus, por meio da Secretaria Municipal de Infraestrutura (Seminf), leva nesta quarta-feira, 14\/6, o programa \u201cAsfalta Manaus\u201d para a rua 83, localizada no bairro Mutir\u00e3o, na zona Norte da capital. O trecho de aproximadamente 300 metros de extens\u00e3o, n\u00e3o recebia servi\u00e7os de manuten\u00e7\u00e3o h\u00e1 mais de 24 anos.","robots":{"index":"index","follow":"follow","max-snippet":"max-snippet:-1","max-image-preview":"max-image-preview:large","max-video-preview":"max-video-preview:-1"},"canonical":"https:\/\/www.manaus.am.gov.br\/seminf\/programa-asfalta-manaus-da-prefeitura-recapeia-novo-trecho-no-bairro-mutirao-apos-24-anos-sem-infraestrutura\/","og_locale":"pt_BR","og_type":"article","og_title":"Programa \u2018Asfalta Manaus\u2019 da prefeitura recapeia novo trecho no bairro Mutir\u00e3o, ap\u00f3s 24 anos sem infraestrutura","og_description":"A Prefeitura de Manaus, por meio da Secretaria Municipal de Infraestrutura (Seminf), leva nesta quarta-feira, 14\/6, o programa \u201cAsfalta Manaus\u201d para a rua 83, localizada no bairro Mutir\u00e3o, na zona Norte da capital. O trecho de aproximadamente 300 metros de extens\u00e3o, n\u00e3o recebia servi\u00e7os de manuten\u00e7\u00e3o h\u00e1 mais de 24 anos.","og_url":"https:\/\/www.manaus.am.gov.br\/seminf\/programa-asfalta-manaus-da-prefeitura-recapeia-novo-trecho-no-bairro-mutirao-apos-24-anos-sem-infraestrutura\/","og_site_name":"SEMINF","article_published_time":"2023-06-14T23:05:55+00:00","article_modified_time":"2023-06-14T23:05:56+00:00","og_image":[{"width":1600,"height":1066,"url":"https:\/\/www.manaus.am.gov.br\/seminf\/wp-content\/uploads\/sites\/6\/2023\/06\/Programa-\u2018Asfalta-Manaus-1.jpeg","type":"image\/jpeg"}],"author":"Bruna Greco","twitter_card":"summary_large_image","twitter_misc":{"Written by":"Bruna Greco","Est. reading time":"2 minutos"},"schema":{"@context":"https:\/\/schema.org","@graph":[{"@type":"WebPage","@id":"https:\/\/www.manaus.am.gov.br\/seminf\/programa-asfalta-manaus-da-prefeitura-recapeia-novo-trecho-no-bairro-mutirao-apos-24-anos-sem-infraestrutura\/","url":"https:\/\/www.manaus.am.gov.br\/seminf\/programa-asfalta-manaus-da-prefeitura-recapeia-novo-trecho-no-bairro-mutirao-apos-24-anos-sem-infraestrutura\/","name":"Programa \u2018Asfalta Manaus\u2019 da prefeitura recapeia novo trecho no bairro Mutir\u00e3o, ap\u00f3s 24 anos sem infraestrutura","isPartOf":{"@id":"https:\/\/www.manaus.am.gov.br\/seminf\/#website"},"primaryImageOfPage":{"@id":"https:\/\/www.manaus.am.gov.br\/seminf\/programa-asfalta-manaus-da-prefeitura-recapeia-novo-trecho-no-bairro-mutirao-apos-24-anos-sem-infraestrutura\/#primaryimage"},"image":{"@id":"https:\/\/www.manaus.am.gov.br\/seminf\/programa-asfalta-manaus-da-prefeitura-recapeia-novo-trecho-no-bairro-mutirao-apos-24-anos-sem-infraestrutura\/#primaryimage"},"thumbnailUrl":"https:\/\/www.manaus.am.gov.br\/seminf\/wp-content\/uploads\/sites\/6\/2023\/06\/Programa-\u2018Asfalta-Manaus-1.jpeg","datePublished":"2023-06-14T23:05:55+00:00","dateModified":"2023-06-14T23:05:56+00:00","author":{"@id":"https:\/\/www.manaus.am.gov.br\/seminf\/#\/schema\/person\/05d223aea2bf115f9883a6ff3683d81b"},"description":"A Prefeitura de Manaus, por meio da Secretaria Municipal de Infraestrutura (Seminf), leva nesta quarta-feira, 14\/6, o programa \u201cAsfalta Manaus\u201d para a rua 83, localizada no bairro Mutir\u00e3o, na zona Norte da capital. O trecho de aproximadamente 300 metros de extens\u00e3o, n\u00e3o recebia servi\u00e7os de manuten\u00e7\u00e3o h\u00e1 mais de 24 anos.","inLanguage":"pt-BR","potentialAction":[{"@type":"ReadAction","target":["https:\/\/www.manaus.am.gov.br\/seminf\/programa-asfalta-manaus-da-prefeitura-recapeia-novo-trecho-no-bairro-mutirao-apos-24-anos-sem-infraestrutura\/"]}]},{"@type":"ImageObject","inLanguage":"pt-BR","@id":"https:\/\/www.manaus.am.gov.br\/seminf\/programa-asfalta-manaus-da-prefeitura-recapeia-novo-trecho-no-bairro-mutirao-apos-24-anos-sem-infraestrutura\/#primaryimage","url":"https:\/\/www.manaus.am.gov.br\/seminf\/wp-content\/uploads\/sites\/6\/2023\/06\/Programa-\u2018Asfalta-Manaus-1.jpeg","contentUrl":"https:\/\/www.manaus.am.gov.br\/seminf\/wp-content\/uploads\/sites\/6\/2023\/06\/Programa-\u2018Asfalta-Manaus-1.jpeg","width":1600,"height":1066},{"@type":"WebSite","@id":"https:\/\/www.manaus.am.gov.br\/seminf\/#website","url":"https:\/\/www.manaus.am.gov.br\/seminf\/","name":"Secretaria de Infraestrutura","description":"Secretaria Municipal de Infraestrutura","potentialAction":[{"@type":"SearchAction","target":{"@type":"EntryPoint","urlTemplate":"https:\/\/www.manaus.am.gov.br\/seminf\/?s={search_term_string}"},"query-input":"required name=search_term_string"}],"inLanguage":"pt-BR"},{"@type":"Person","@id":"https:\/\/www.manaus.am.gov.br\/seminf\/#\/schema\/person\/05d223aea2bf115f9883a6ff3683d81b","name":"Bruna Greco","image":{"@type":"ImageObject","inLanguage":"pt-BR","@id":"https:\/\/www.manaus.am.gov.br\/seminf\/#\/schema\/person\/image\/","url":"https:\/\/secure.gravatar.com\/avatar\/9c877d1a6adc2a055330e5c09a8653ce?s=96&d=mm&r=g","contentUrl":"https:\/\/secure.gravatar.com\/avatar\/9c877d1a6adc2a055330e5c09a8653ce?s=96&d=mm&r=g","caption":"Bruna Greco"}}]}},"_links":{"self":[{"href":"https:\/\/www.manaus.am.gov.br\/seminf\/wp-json\/wp\/v2\/posts\/1585"}],"collection":[{"href":"https:\/\/www.manaus.am.gov.br\/seminf\/wp-json\/wp\/v2\/posts"}],"about":[{"href":"https:\/\/www.manaus.am.gov.br\/seminf\/wp-json\/wp\/v2\/types\/post"}],"author":[{"embeddable":true,"href":"https:\/\/www.manaus.am.gov.br\/seminf\/wp-json\/wp\/v2\/users\/39"}],"replies":[{"embeddable":true,"href":"https:\/\/www.manaus.am.gov.br\/seminf\/wp-json\/wp\/v2\/comments?post=1585"}],"version-history":[{"count":0,"href":"https:\/\/www.manaus.am.gov.br\/seminf\/wp-json\/wp\/v2\/posts\/1585\/revisions"}],"wp:featuredmedia":[{"embeddable":true,"href":"https:\/\/www.manaus.am.gov.br\/seminf\/wp-json\/wp\/v2\/media\/1586"}],"wp:attachment":[{"href":"https:\/\/www.manaus.am.gov.br\/seminf\/wp-json\/wp\/v2\/media?parent=1585"}],"wp:term":[{"taxonomy":"category","embeddable":true,"href":"https:\/\/www.manaus.am.gov.br\/seminf\/wp-json\/wp\/v2\/categories?post=1585"},{"taxonomy":"post_tag","embeddable":true,"href":"https:\/\/www.manaus.am.gov.br\/seminf\/wp-json\/wp\/v2\/tags?post=1585"}],"curies":[{"name":"wp","href":"https:\/\/api.w.org\/{rel}","templated":true}]}}