{"id":1535,"date":"2023-06-05T16:50:56","date_gmt":"2023-06-05T20:50:56","guid":{"rendered":"https:\/\/www.manaus.am.gov.br\/seminf\/prefeitura-de-manaus-intensifica-servicos-de-recuperacao-asfaltica-no-bairro-cidade-nova\/"},"modified":"2023-06-05T16:50:58","modified_gmt":"2023-06-05T20:50:58","slug":"prefeitura-de-manaus-intensifica-servicos-de-recuperacao-asfaltica-no-bairro-cidade-nova","status":"publish","type":"post","link":"https:\/\/www.manaus.am.gov.br\/seminf\/prefeitura-de-manaus-intensifica-servicos-de-recuperacao-asfaltica-no-bairro-cidade-nova\/","title":{"rendered":"<strong>Prefeitura de Manaus intensifica servi\u00e7os de recupera\u00e7\u00e3o asf\u00e1ltica no bairro Cidade Nova<\/strong>"},"content":{"rendered":"\n<p>A Prefeitura de Manaus, por meio da Secretaria Municipal de Infraestrutura (Seminf), intensifica os servi\u00e7os de manuten\u00e7\u00e3o asf\u00e1ltica, nesta segunda-feira, 5\/6, na rua Professora Felismina Cheks, localizada no bairro Cidade Nova, na zona Norte, que estava em condi\u00e7\u00f5es prec\u00e1rias, ap\u00f3s o surgimento de buracos e crateras na via.<\/p>\n\n\n\n<p>A rua secund\u00e1ria fica nas proximidades de uma \u00e1rea comercial, e de um campo de futebol, que torna o trecho movimentado por ser acesso para as principais vias da localidade. A equipe composta por 15 trabalhadores aplica 30 toneladas de massa asf\u00e1ltica e recupera o solo que estava tomado pelas fissuras.<\/p>\n\n\n\n<p>\u201cO distrito de obras da \u00e1rea mapeia as ruas intrafeg\u00e1veis do bairro Cidade Nova, que n\u00e3o recebem servi\u00e7os de recupera\u00e7\u00e3o asf\u00e1ltica h\u00e1 muitos anos, e incluem no cronograma para receber as obras de infraestrutura. As ruas desta zona est\u00e3o bem cr\u00edticas, foram d\u00e9cadas de abandono, mas com a determina\u00e7\u00e3o do prefeito David Almeida e do secret\u00e1rio de Obras Renato Junior, estamos trabalhando a todo o vapor, para fazer a diferen\u00e7a, e devolver o direito de ir e vir da popula\u00e7\u00e3o\u201d, destaca o subsecret\u00e1rio de Servi\u00e7os B\u00e1sicos Efrain Arag\u00e3o.<\/p>\n\n\n\n<p>Al\u00e9m desses servi\u00e7os, a Prefeitura de Manaus, trabalha com a drenagem profunda e superficial, desobstru\u00e7\u00e3o das caixas coletoras e a recupera\u00e7\u00e3o e recapeamento das vias degradadas. Na \u00faltima semana, as equipes da Seminf conclu\u00edram as ruas 16, 79, 205 e a Seriano, no bairro Cidade Nova.<\/p>\n\n\n\n<p>&#8212; &#8212; &#8212;<\/p>\n\n\n\n<p><strong>Texto<\/strong> &#8211; Rayana Coutinho \/ Seminf<\/p>\n\n\n\n<p><strong>Fotos<\/strong> &#8211; Marcio Melo \/ Seminf<\/p>\n\n\n\n<p>Dispon\u00edveis em &#8211; <a href=\"https:\/\/flic.kr\/s\/aHBqjAGGdH\">https:\/\/flic.kr\/s\/aHBqjAGGdH<\/a><\/p>\n","protected":false},"excerpt":{"rendered":"","protected":false},"author":31,"featured_media":1536,"comment_status":"closed","ping_status":"closed","sticky":false,"template":"","format":"standard","meta":{"footnotes":""},"categories":[77],"tags":[92,188,70,790],"acf":[],"yoast_head":"<!-- This site is optimized with the Yoast SEO plugin v23.0 - https:\/\/yoast.com\/wordpress\/plugins\/seo\/ -->\n<title>Prefeitura de Manaus intensifica servi\u00e7os de recupera\u00e7\u00e3o asf\u00e1ltica no bairro Cidade Nova - SEMINF<\/title>\n<meta name=\"robots\" content=\"index, follow, max-snippet:-1, max-image-preview:large, max-video-preview:-1\" \/>\n<link rel=\"canonical\" href=\"https:\/\/www.manaus.am.gov.br\/seminf\/prefeitura-de-manaus-intensifica-servicos-de-recuperacao-asfaltica-no-bairro-cidade-nova\/\" \/>\n<meta property=\"og:locale\" content=\"pt_BR\" \/>\n<meta property=\"og:type\" content=\"article\" \/>\n<meta property=\"og:title\" content=\"Prefeitura de Manaus intensifica servi\u00e7os de recupera\u00e7\u00e3o asf\u00e1ltica no bairro Cidade Nova - SEMINF\" \/>\n<meta property=\"og:url\" content=\"https:\/\/www.manaus.am.gov.br\/seminf\/prefeitura-de-manaus-intensifica-servicos-de-recuperacao-asfaltica-no-bairro-cidade-nova\/\" \/>\n<meta property=\"og:site_name\" content=\"SEMINF\" \/>\n<meta property=\"article:published_time\" content=\"2023-06-05T20:50:56+00:00\" \/>\n<meta property=\"article:modified_time\" content=\"2023-06-05T20:50:58+00:00\" \/>\n<meta property=\"og:image\" content=\"https:\/\/www.manaus.am.gov.br\/seminf\/wp-content\/uploads\/sites\/6\/2023\/06\/52953583051_45962de1c8_c.jpg\" \/>\n\t<meta property=\"og:image:width\" content=\"799\" \/>\n\t<meta property=\"og:image:height\" content=\"533\" \/>\n\t<meta property=\"og:image:type\" content=\"image\/jpeg\" \/>\n<meta name=\"author\" content=\"Renata Felix\" \/>\n<meta name=\"twitter:card\" content=\"summary_large_image\" \/>\n<meta name=\"twitter:label1\" content=\"Written by\" \/>\n\t<meta name=\"twitter:data1\" content=\"Renata Felix\" \/>\n\t<meta name=\"twitter:label2\" content=\"Est. reading time\" \/>\n\t<meta name=\"twitter:data2\" content=\"2 minutos\" \/>\n<script type=\"application\/ld+json\" class=\"yoast-schema-graph\">{\"@context\":\"https:\/\/schema.org\",\"@graph\":[{\"@type\":\"WebPage\",\"@id\":\"https:\/\/www.manaus.am.gov.br\/seminf\/prefeitura-de-manaus-intensifica-servicos-de-recuperacao-asfaltica-no-bairro-cidade-nova\/\",\"url\":\"https:\/\/www.manaus.am.gov.br\/seminf\/prefeitura-de-manaus-intensifica-servicos-de-recuperacao-asfaltica-no-bairro-cidade-nova\/\",\"name\":\"Prefeitura de Manaus intensifica servi\u00e7os de recupera\u00e7\u00e3o asf\u00e1ltica no bairro Cidade Nova - SEMINF\",\"isPartOf\":{\"@id\":\"https:\/\/www.manaus.am.gov.br\/seminf\/#website\"},\"primaryImageOfPage\":{\"@id\":\"https:\/\/www.manaus.am.gov.br\/seminf\/prefeitura-de-manaus-intensifica-servicos-de-recuperacao-asfaltica-no-bairro-cidade-nova\/#primaryimage\"},\"image\":{\"@id\":\"https:\/\/www.manaus.am.gov.br\/seminf\/prefeitura-de-manaus-intensifica-servicos-de-recuperacao-asfaltica-no-bairro-cidade-nova\/#primaryimage\"},\"thumbnailUrl\":\"https:\/\/www.manaus.am.gov.br\/seminf\/wp-content\/uploads\/sites\/6\/2023\/06\/52953583051_45962de1c8_c.jpg\",\"datePublished\":\"2023-06-05T20:50:56+00:00\",\"dateModified\":\"2023-06-05T20:50:58+00:00\",\"author\":{\"@id\":\"https:\/\/www.manaus.am.gov.br\/seminf\/#\/schema\/person\/4eea2a8f78dc853097abb026f728aa06\"},\"inLanguage\":\"pt-BR\",\"potentialAction\":[{\"@type\":\"ReadAction\",\"target\":[\"https:\/\/www.manaus.am.gov.br\/seminf\/prefeitura-de-manaus-intensifica-servicos-de-recuperacao-asfaltica-no-bairro-cidade-nova\/\"]}]},{\"@type\":\"ImageObject\",\"inLanguage\":\"pt-BR\",\"@id\":\"https:\/\/www.manaus.am.gov.br\/seminf\/prefeitura-de-manaus-intensifica-servicos-de-recuperacao-asfaltica-no-bairro-cidade-nova\/#primaryimage\",\"url\":\"https:\/\/www.manaus.am.gov.br\/seminf\/wp-content\/uploads\/sites\/6\/2023\/06\/52953583051_45962de1c8_c.jpg\",\"contentUrl\":\"https:\/\/www.manaus.am.gov.br\/seminf\/wp-content\/uploads\/sites\/6\/2023\/06\/52953583051_45962de1c8_c.jpg\",\"width\":799,\"height\":533},{\"@type\":\"WebSite\",\"@id\":\"https:\/\/www.manaus.am.gov.br\/seminf\/#website\",\"url\":\"https:\/\/www.manaus.am.gov.br\/seminf\/\",\"name\":\"Secretaria de Infraestrutura\",\"description\":\"Secretaria Municipal de Infraestrutura\",\"potentialAction\":[{\"@type\":\"SearchAction\",\"target\":{\"@type\":\"EntryPoint\",\"urlTemplate\":\"https:\/\/www.manaus.am.gov.br\/seminf\/?s={search_term_string}\"},\"query-input\":\"required name=search_term_string\"}],\"inLanguage\":\"pt-BR\"},{\"@type\":\"Person\",\"@id\":\"https:\/\/www.manaus.am.gov.br\/seminf\/#\/schema\/person\/4eea2a8f78dc853097abb026f728aa06\",\"name\":\"Renata Felix\",\"image\":{\"@type\":\"ImageObject\",\"inLanguage\":\"pt-BR\",\"@id\":\"https:\/\/www.manaus.am.gov.br\/seminf\/#\/schema\/person\/image\/\",\"url\":\"https:\/\/secure.gravatar.com\/avatar\/3c196cf9d3b837b24c8edb2c50fd8f29?s=96&d=mm&r=g\",\"contentUrl\":\"https:\/\/secure.gravatar.com\/avatar\/3c196cf9d3b837b24c8edb2c50fd8f29?s=96&d=mm&r=g\",\"caption\":\"Renata Felix\"}}]}<\/script>\n<!-- \/ Yoast SEO plugin. -->","yoast_head_json":{"title":"Prefeitura de Manaus intensifica servi\u00e7os de recupera\u00e7\u00e3o asf\u00e1ltica no bairro Cidade Nova - SEMINF","robots":{"index":"index","follow":"follow","max-snippet":"max-snippet:-1","max-image-preview":"max-image-preview:large","max-video-preview":"max-video-preview:-1"},"canonical":"https:\/\/www.manaus.am.gov.br\/seminf\/prefeitura-de-manaus-intensifica-servicos-de-recuperacao-asfaltica-no-bairro-cidade-nova\/","og_locale":"pt_BR","og_type":"article","og_title":"Prefeitura de Manaus intensifica servi\u00e7os de recupera\u00e7\u00e3o asf\u00e1ltica no bairro Cidade Nova - SEMINF","og_url":"https:\/\/www.manaus.am.gov.br\/seminf\/prefeitura-de-manaus-intensifica-servicos-de-recuperacao-asfaltica-no-bairro-cidade-nova\/","og_site_name":"SEMINF","article_published_time":"2023-06-05T20:50:56+00:00","article_modified_time":"2023-06-05T20:50:58+00:00","og_image":[{"width":799,"height":533,"url":"https:\/\/www.manaus.am.gov.br\/seminf\/wp-content\/uploads\/sites\/6\/2023\/06\/52953583051_45962de1c8_c.jpg","type":"image\/jpeg"}],"author":"Renata Felix","twitter_card":"summary_large_image","twitter_misc":{"Written by":"Renata Felix","Est. reading time":"2 minutos"},"schema":{"@context":"https:\/\/schema.org","@graph":[{"@type":"WebPage","@id":"https:\/\/www.manaus.am.gov.br\/seminf\/prefeitura-de-manaus-intensifica-servicos-de-recuperacao-asfaltica-no-bairro-cidade-nova\/","url":"https:\/\/www.manaus.am.gov.br\/seminf\/prefeitura-de-manaus-intensifica-servicos-de-recuperacao-asfaltica-no-bairro-cidade-nova\/","name":"Prefeitura de Manaus intensifica servi\u00e7os de recupera\u00e7\u00e3o asf\u00e1ltica no bairro Cidade Nova - SEMINF","isPartOf":{"@id":"https:\/\/www.manaus.am.gov.br\/seminf\/#website"},"primaryImageOfPage":{"@id":"https:\/\/www.manaus.am.gov.br\/seminf\/prefeitura-de-manaus-intensifica-servicos-de-recuperacao-asfaltica-no-bairro-cidade-nova\/#primaryimage"},"image":{"@id":"https:\/\/www.manaus.am.gov.br\/seminf\/prefeitura-de-manaus-intensifica-servicos-de-recuperacao-asfaltica-no-bairro-cidade-nova\/#primaryimage"},"thumbnailUrl":"https:\/\/www.manaus.am.gov.br\/seminf\/wp-content\/uploads\/sites\/6\/2023\/06\/52953583051_45962de1c8_c.jpg","datePublished":"2023-06-05T20:50:56+00:00","dateModified":"2023-06-05T20:50:58+00:00","author":{"@id":"https:\/\/www.manaus.am.gov.br\/seminf\/#\/schema\/person\/4eea2a8f78dc853097abb026f728aa06"},"inLanguage":"pt-BR","potentialAction":[{"@type":"ReadAction","target":["https:\/\/www.manaus.am.gov.br\/seminf\/prefeitura-de-manaus-intensifica-servicos-de-recuperacao-asfaltica-no-bairro-cidade-nova\/"]}]},{"@type":"ImageObject","inLanguage":"pt-BR","@id":"https:\/\/www.manaus.am.gov.br\/seminf\/prefeitura-de-manaus-intensifica-servicos-de-recuperacao-asfaltica-no-bairro-cidade-nova\/#primaryimage","url":"https:\/\/www.manaus.am.gov.br\/seminf\/wp-content\/uploads\/sites\/6\/2023\/06\/52953583051_45962de1c8_c.jpg","contentUrl":"https:\/\/www.manaus.am.gov.br\/seminf\/wp-content\/uploads\/sites\/6\/2023\/06\/52953583051_45962de1c8_c.jpg","width":799,"height":533},{"@type":"WebSite","@id":"https:\/\/www.manaus.am.gov.br\/seminf\/#website","url":"https:\/\/www.manaus.am.gov.br\/seminf\/","name":"Secretaria de Infraestrutura","description":"Secretaria Municipal de Infraestrutura","potentialAction":[{"@type":"SearchAction","target":{"@type":"EntryPoint","urlTemplate":"https:\/\/www.manaus.am.gov.br\/seminf\/?s={search_term_string}"},"query-input":"required name=search_term_string"}],"inLanguage":"pt-BR"},{"@type":"Person","@id":"https:\/\/www.manaus.am.gov.br\/seminf\/#\/schema\/person\/4eea2a8f78dc853097abb026f728aa06","name":"Renata Felix","image":{"@type":"ImageObject","inLanguage":"pt-BR","@id":"https:\/\/www.manaus.am.gov.br\/seminf\/#\/schema\/person\/image\/","url":"https:\/\/secure.gravatar.com\/avatar\/3c196cf9d3b837b24c8edb2c50fd8f29?s=96&d=mm&r=g","contentUrl":"https:\/\/secure.gravatar.com\/avatar\/3c196cf9d3b837b24c8edb2c50fd8f29?s=96&d=mm&r=g","caption":"Renata Felix"}}]}},"_links":{"self":[{"href":"https:\/\/www.manaus.am.gov.br\/seminf\/wp-json\/wp\/v2\/posts\/1535"}],"collection":[{"href":"https:\/\/www.manaus.am.gov.br\/seminf\/wp-json\/wp\/v2\/posts"}],"about":[{"href":"https:\/\/www.manaus.am.gov.br\/seminf\/wp-json\/wp\/v2\/types\/post"}],"author":[{"embeddable":true,"href":"https:\/\/www.manaus.am.gov.br\/seminf\/wp-json\/wp\/v2\/users\/31"}],"replies":[{"embeddable":true,"href":"https:\/\/www.manaus.am.gov.br\/seminf\/wp-json\/wp\/v2\/comments?post=1535"}],"version-history":[{"count":0,"href":"https:\/\/www.manaus.am.gov.br\/seminf\/wp-json\/wp\/v2\/posts\/1535\/revisions"}],"wp:featuredmedia":[{"embeddable":true,"href":"https:\/\/www.manaus.am.gov.br\/seminf\/wp-json\/wp\/v2\/media\/1536"}],"wp:attachment":[{"href":"https:\/\/www.manaus.am.gov.br\/seminf\/wp-json\/wp\/v2\/media?parent=1535"}],"wp:term":[{"taxonomy":"category","embeddable":true,"href":"https:\/\/www.manaus.am.gov.br\/seminf\/wp-json\/wp\/v2\/categories?post=1535"},{"taxonomy":"post_tag","embeddable":true,"href":"https:\/\/www.manaus.am.gov.br\/seminf\/wp-json\/wp\/v2\/tags?post=1535"}],"curies":[{"name":"wp","href":"https:\/\/api.w.org\/{rel}","templated":true}]}}