{"id":1498,"date":"2021-10-20T13:16:37","date_gmt":"2021-10-20T17:16:37","guid":{"rendered":"https:\/\/www.manaus.am.gov.br\/seminf\/orla-da-manaus-moderna-e-revitalizada-com-alargamento-da-avenida-lourenco-braga-e-implantacao-de-iluminacao-a-led\/"},"modified":"2023-05-31T09:44:54","modified_gmt":"2023-05-31T13:44:54","slug":"orla-da-manaus-moderna-e-revitalizada-com-alargamento-da-avenida-lourenco-braga-e-implantacao-de-iluminacao-a-led","status":"publish","type":"post","link":"https:\/\/www.manaus.am.gov.br\/seminf\/orla-da-manaus-moderna-e-revitalizada-com-alargamento-da-avenida-lourenco-braga-e-implantacao-de-iluminacao-a-led\/","title":{"rendered":"Orla da Manaus Moderna \u00e9 revitalizada com alargamento da avenida Louren\u00e7o Braga e implanta\u00e7\u00e3o de ilumina\u00e7\u00e3o a LED"},"content":{"rendered":"\n<p>A Prefeitura de Manaus realiza obras de revitaliza\u00e7\u00e3o e implanta\u00e7\u00e3o de ilumina\u00e7\u00e3o a LED na Orla da Manaus Moderna, na opera\u00e7\u00e3o Orla + Segura, nesta quarta-feira, 20\/10, com v\u00e1rios \u00f3rg\u00e3os municipais. A Secretaria Municipal de Infraestrutura (Seminf) atua com 60 homens, que utilizam equipamentos como retroescavadeiras e ca\u00e7ambas para a retirada de entulhos do local. Os trabalhos iniciaram \u00e0s 4h da manh\u00e3 e seguem durante todo o dia, especialmente com as obras de retirada do canteiro central da avenida Louren\u00e7o da Silva Braga, que ser\u00e1 alargada para melhorar o tr\u00e1fego na via, que \u00e9 intenso, e ganhar\u00e1 mais quatro metros de largura.<\/p>\n\n\n\n<p>\u201cA avenida Louren\u00e7o da Silva Braga \u00e9 uma via de tr\u00eas faixas, com quatro metros de largura em cada uma delas, totalizando 12 metros. O problema \u00e9 que, na altura da rua Pedro Botelho, a pista afunila e se transforma em uma m\u00e3o \u00fanica de apenas quatro metros, causando congestionamentos quilom\u00e9tricos no local, todos os dias. Agora, estamos retirando o canteiro central, para alargar essa parte da via em mais quatro metros, fazendo com que o tr\u00e2nsito possa fluir melhor\u201d, afirmou o engenheiro e fiscal da Seminf, Efrain Arag\u00e3o.<\/p>\n\n\n\n<p>A pista, j\u00e1 asfaltada, deve ser entregue nesta quinta-feira, 21\/10. as equipes da Seminf tamb\u00e9m atuam em apoio aos servi\u00e7os de desobstru\u00e7\u00e3o de cal\u00e7adas, retiradas de barracas, palets e caminh\u00f5es irregulares ao longo de toda a orla da Manaus Moderna.<\/p>\n\n\n\n<p>A Unidade Gestora de Projetos de Energia, vinculada \u00e0 Seminf, tamb\u00e9m atua em parceria. De acordo com o diretor da UGPM-Energia, Robson Goiabeira, a orla da Manaus Moderna ser\u00e1 iluminada a led.<\/p>\n\n\n\n<p>\u201cSeguimos a determina\u00e7\u00e3o do prefeito David Almeida e do vice-prefeito e secret\u00e1rio municipal de Infraestrutura, Marcos Rotta. Retiramos sete postes antigos que estavam com a estrutura comprometida e j\u00e1 estamos implantando 20 novos pontos de ilumina\u00e7\u00e3o a LED na orla da Manaus Moderna, para atender com ilumina\u00e7\u00e3o de qualidade, n\u00e3o apenas aos feirantes, mas a todos os que transitam por aqui\u201d, afirmou Goiabeira.<\/p>\n\n\n\n<p>As obras de recapeamento asf\u00e1ltico ser\u00e3o intensificadas nas principais vias de acesso \u00e0 Manaus Moderna, para que pedestres e motoristas possam transitar com mais seguran\u00e7a e conforto, em um dos pontos mais bonitos da nossa capital.<\/p>\n\n\n\n<p>&#8212; &#8212; &#8212;<\/p>\n\n\n\n<p><strong>Texto \u2013<\/strong> Divulga\u00e7\u00e3o \/ Seminf<br><strong>Fotos \u2013<\/strong> M\u00e1rcio Melo \/ Seminf<br><strong>Dispon\u00edveis em &#8211;<\/strong> <a href=\"https:\/\/flic.kr\/s\/aHsmWYki3n\">https:\/\/flic.kr\/s\/aHsmWYki3n<\/a><\/p>\n","protected":false},"excerpt":{"rendered":"","protected":false},"author":24,"featured_media":1499,"comment_status":"closed","ping_status":"closed","sticky":false,"template":"","format":"standard","meta":{"footnotes":""},"categories":[3],"tags":[759,760,28,761,108,762,763,249,764,765,43,766],"acf":[],"yoast_head":"<!-- This site is optimized with the Yoast SEO plugin v23.0 - https:\/\/yoast.com\/wordpress\/plugins\/seo\/ -->\n<title>Orla da Manaus Moderna \u00e9 revitalizada com alargamento da avenida Louren\u00e7o Braga e implanta\u00e7\u00e3o de ilumina\u00e7\u00e3o a LED - SEMINF<\/title>\n<meta name=\"robots\" content=\"index, follow, max-snippet:-1, max-image-preview:large, max-video-preview:-1\" \/>\n<link rel=\"canonical\" href=\"https:\/\/www.manaus.am.gov.br\/seminf\/orla-da-manaus-moderna-e-revitalizada-com-alargamento-da-avenida-lourenco-braga-e-implantacao-de-iluminacao-a-led\/\" \/>\n<meta property=\"og:locale\" content=\"pt_BR\" \/>\n<meta property=\"og:type\" content=\"article\" \/>\n<meta property=\"og:title\" content=\"Orla da Manaus Moderna \u00e9 revitalizada com alargamento da avenida Louren\u00e7o Braga e implanta\u00e7\u00e3o de ilumina\u00e7\u00e3o a LED - SEMINF\" \/>\n<meta property=\"og:url\" content=\"https:\/\/www.manaus.am.gov.br\/seminf\/orla-da-manaus-moderna-e-revitalizada-com-alargamento-da-avenida-lourenco-braga-e-implantacao-de-iluminacao-a-led\/\" \/>\n<meta property=\"og:site_name\" content=\"SEMINF\" \/>\n<meta property=\"article:published_time\" content=\"2021-10-20T17:16:37+00:00\" \/>\n<meta property=\"article:modified_time\" content=\"2023-05-31T13:44:54+00:00\" \/>\n<meta property=\"og:image\" content=\"https:\/\/www.manaus.am.gov.br\/seminf\/wp-content\/uploads\/sites\/6\/2023\/05\/Orla-da-Manaus-Moderna-e-revitalizada-com-alargamento-da-avenida-Lourenco-Braga-e-implantacao-de-iluminacao-a-LED.jpg\" \/>\n\t<meta property=\"og:image:width\" content=\"720\" \/>\n\t<meta property=\"og:image:height\" content=\"407\" \/>\n\t<meta property=\"og:image:type\" content=\"image\/jpeg\" \/>\n<meta name=\"author\" content=\"Cl\u00e1udia Barbosa\" \/>\n<meta name=\"twitter:card\" content=\"summary_large_image\" \/>\n<meta name=\"twitter:label1\" content=\"Written by\" \/>\n\t<meta name=\"twitter:data1\" content=\"Cl\u00e1udia Barbosa\" \/>\n\t<meta name=\"twitter:label2\" content=\"Est. reading time\" \/>\n\t<meta name=\"twitter:data2\" content=\"3 minutos\" \/>\n<script type=\"application\/ld+json\" class=\"yoast-schema-graph\">{\"@context\":\"https:\/\/schema.org\",\"@graph\":[{\"@type\":\"WebPage\",\"@id\":\"https:\/\/www.manaus.am.gov.br\/seminf\/orla-da-manaus-moderna-e-revitalizada-com-alargamento-da-avenida-lourenco-braga-e-implantacao-de-iluminacao-a-led\/\",\"url\":\"https:\/\/www.manaus.am.gov.br\/seminf\/orla-da-manaus-moderna-e-revitalizada-com-alargamento-da-avenida-lourenco-braga-e-implantacao-de-iluminacao-a-led\/\",\"name\":\"Orla da Manaus Moderna \u00e9 revitalizada com alargamento da avenida Louren\u00e7o Braga e implanta\u00e7\u00e3o de ilumina\u00e7\u00e3o a LED - SEMINF\",\"isPartOf\":{\"@id\":\"https:\/\/www.manaus.am.gov.br\/seminf\/#website\"},\"primaryImageOfPage\":{\"@id\":\"https:\/\/www.manaus.am.gov.br\/seminf\/orla-da-manaus-moderna-e-revitalizada-com-alargamento-da-avenida-lourenco-braga-e-implantacao-de-iluminacao-a-led\/#primaryimage\"},\"image\":{\"@id\":\"https:\/\/www.manaus.am.gov.br\/seminf\/orla-da-manaus-moderna-e-revitalizada-com-alargamento-da-avenida-lourenco-braga-e-implantacao-de-iluminacao-a-led\/#primaryimage\"},\"thumbnailUrl\":\"https:\/\/www.manaus.am.gov.br\/seminf\/wp-content\/uploads\/sites\/6\/2023\/05\/Orla-da-Manaus-Moderna-e-revitalizada-com-alargamento-da-avenida-Lourenco-Braga-e-implantacao-de-iluminacao-a-LED.jpg\",\"datePublished\":\"2021-10-20T17:16:37+00:00\",\"dateModified\":\"2023-05-31T13:44:54+00:00\",\"author\":{\"@id\":\"https:\/\/www.manaus.am.gov.br\/seminf\/#\/schema\/person\/d0a166b5031154c33c77794ddc9a827e\"},\"inLanguage\":\"pt-BR\",\"potentialAction\":[{\"@type\":\"ReadAction\",\"target\":[\"https:\/\/www.manaus.am.gov.br\/seminf\/orla-da-manaus-moderna-e-revitalizada-com-alargamento-da-avenida-lourenco-braga-e-implantacao-de-iluminacao-a-led\/\"]}]},{\"@type\":\"ImageObject\",\"inLanguage\":\"pt-BR\",\"@id\":\"https:\/\/www.manaus.am.gov.br\/seminf\/orla-da-manaus-moderna-e-revitalizada-com-alargamento-da-avenida-lourenco-braga-e-implantacao-de-iluminacao-a-led\/#primaryimage\",\"url\":\"https:\/\/www.manaus.am.gov.br\/seminf\/wp-content\/uploads\/sites\/6\/2023\/05\/Orla-da-Manaus-Moderna-e-revitalizada-com-alargamento-da-avenida-Lourenco-Braga-e-implantacao-de-iluminacao-a-LED.jpg\",\"contentUrl\":\"https:\/\/www.manaus.am.gov.br\/seminf\/wp-content\/uploads\/sites\/6\/2023\/05\/Orla-da-Manaus-Moderna-e-revitalizada-com-alargamento-da-avenida-Lourenco-Braga-e-implantacao-de-iluminacao-a-LED.jpg\",\"width\":720,\"height\":407,\"caption\":\"Orla da Manaus Moderna \u00e9 revitalizada com alargamento da avenida Louren\u00e7o Braga e implanta\u00e7\u00e3o de ilumina\u00e7\u00e3o a LED\"},{\"@type\":\"WebSite\",\"@id\":\"https:\/\/www.manaus.am.gov.br\/seminf\/#website\",\"url\":\"https:\/\/www.manaus.am.gov.br\/seminf\/\",\"name\":\"Secretaria de Infraestrutura\",\"description\":\"Secretaria Municipal de Infraestrutura\",\"potentialAction\":[{\"@type\":\"SearchAction\",\"target\":{\"@type\":\"EntryPoint\",\"urlTemplate\":\"https:\/\/www.manaus.am.gov.br\/seminf\/?s={search_term_string}\"},\"query-input\":\"required name=search_term_string\"}],\"inLanguage\":\"pt-BR\"},{\"@type\":\"Person\",\"@id\":\"https:\/\/www.manaus.am.gov.br\/seminf\/#\/schema\/person\/d0a166b5031154c33c77794ddc9a827e\",\"name\":\"Cl\u00e1udia Barbosa\",\"image\":{\"@type\":\"ImageObject\",\"inLanguage\":\"pt-BR\",\"@id\":\"https:\/\/www.manaus.am.gov.br\/seminf\/#\/schema\/person\/image\/\",\"url\":\"https:\/\/secure.gravatar.com\/avatar\/42958a1cf007f1a00534009218c72590?s=96&d=mm&r=g\",\"contentUrl\":\"https:\/\/secure.gravatar.com\/avatar\/42958a1cf007f1a00534009218c72590?s=96&d=mm&r=g\",\"caption\":\"Cl\u00e1udia Barbosa\"}}]}<\/script>\n<!-- \/ Yoast SEO plugin. -->","yoast_head_json":{"title":"Orla da Manaus Moderna \u00e9 revitalizada com alargamento da avenida Louren\u00e7o Braga e implanta\u00e7\u00e3o de ilumina\u00e7\u00e3o a LED - SEMINF","robots":{"index":"index","follow":"follow","max-snippet":"max-snippet:-1","max-image-preview":"max-image-preview:large","max-video-preview":"max-video-preview:-1"},"canonical":"https:\/\/www.manaus.am.gov.br\/seminf\/orla-da-manaus-moderna-e-revitalizada-com-alargamento-da-avenida-lourenco-braga-e-implantacao-de-iluminacao-a-led\/","og_locale":"pt_BR","og_type":"article","og_title":"Orla da Manaus Moderna \u00e9 revitalizada com alargamento da avenida Louren\u00e7o Braga e implanta\u00e7\u00e3o de ilumina\u00e7\u00e3o a LED - SEMINF","og_url":"https:\/\/www.manaus.am.gov.br\/seminf\/orla-da-manaus-moderna-e-revitalizada-com-alargamento-da-avenida-lourenco-braga-e-implantacao-de-iluminacao-a-led\/","og_site_name":"SEMINF","article_published_time":"2021-10-20T17:16:37+00:00","article_modified_time":"2023-05-31T13:44:54+00:00","og_image":[{"width":720,"height":407,"url":"https:\/\/www.manaus.am.gov.br\/seminf\/wp-content\/uploads\/sites\/6\/2023\/05\/Orla-da-Manaus-Moderna-e-revitalizada-com-alargamento-da-avenida-Lourenco-Braga-e-implantacao-de-iluminacao-a-LED.jpg","type":"image\/jpeg"}],"author":"Cl\u00e1udia Barbosa","twitter_card":"summary_large_image","twitter_misc":{"Written by":"Cl\u00e1udia Barbosa","Est. reading time":"3 minutos"},"schema":{"@context":"https:\/\/schema.org","@graph":[{"@type":"WebPage","@id":"https:\/\/www.manaus.am.gov.br\/seminf\/orla-da-manaus-moderna-e-revitalizada-com-alargamento-da-avenida-lourenco-braga-e-implantacao-de-iluminacao-a-led\/","url":"https:\/\/www.manaus.am.gov.br\/seminf\/orla-da-manaus-moderna-e-revitalizada-com-alargamento-da-avenida-lourenco-braga-e-implantacao-de-iluminacao-a-led\/","name":"Orla da Manaus Moderna \u00e9 revitalizada com alargamento da avenida Louren\u00e7o Braga e implanta\u00e7\u00e3o de ilumina\u00e7\u00e3o a LED - SEMINF","isPartOf":{"@id":"https:\/\/www.manaus.am.gov.br\/seminf\/#website"},"primaryImageOfPage":{"@id":"https:\/\/www.manaus.am.gov.br\/seminf\/orla-da-manaus-moderna-e-revitalizada-com-alargamento-da-avenida-lourenco-braga-e-implantacao-de-iluminacao-a-led\/#primaryimage"},"image":{"@id":"https:\/\/www.manaus.am.gov.br\/seminf\/orla-da-manaus-moderna-e-revitalizada-com-alargamento-da-avenida-lourenco-braga-e-implantacao-de-iluminacao-a-led\/#primaryimage"},"thumbnailUrl":"https:\/\/www.manaus.am.gov.br\/seminf\/wp-content\/uploads\/sites\/6\/2023\/05\/Orla-da-Manaus-Moderna-e-revitalizada-com-alargamento-da-avenida-Lourenco-Braga-e-implantacao-de-iluminacao-a-LED.jpg","datePublished":"2021-10-20T17:16:37+00:00","dateModified":"2023-05-31T13:44:54+00:00","author":{"@id":"https:\/\/www.manaus.am.gov.br\/seminf\/#\/schema\/person\/d0a166b5031154c33c77794ddc9a827e"},"inLanguage":"pt-BR","potentialAction":[{"@type":"ReadAction","target":["https:\/\/www.manaus.am.gov.br\/seminf\/orla-da-manaus-moderna-e-revitalizada-com-alargamento-da-avenida-lourenco-braga-e-implantacao-de-iluminacao-a-led\/"]}]},{"@type":"ImageObject","inLanguage":"pt-BR","@id":"https:\/\/www.manaus.am.gov.br\/seminf\/orla-da-manaus-moderna-e-revitalizada-com-alargamento-da-avenida-lourenco-braga-e-implantacao-de-iluminacao-a-led\/#primaryimage","url":"https:\/\/www.manaus.am.gov.br\/seminf\/wp-content\/uploads\/sites\/6\/2023\/05\/Orla-da-Manaus-Moderna-e-revitalizada-com-alargamento-da-avenida-Lourenco-Braga-e-implantacao-de-iluminacao-a-LED.jpg","contentUrl":"https:\/\/www.manaus.am.gov.br\/seminf\/wp-content\/uploads\/sites\/6\/2023\/05\/Orla-da-Manaus-Moderna-e-revitalizada-com-alargamento-da-avenida-Lourenco-Braga-e-implantacao-de-iluminacao-a-LED.jpg","width":720,"height":407,"caption":"Orla da Manaus Moderna \u00e9 revitalizada com alargamento da avenida Louren\u00e7o Braga e implanta\u00e7\u00e3o de ilumina\u00e7\u00e3o a LED"},{"@type":"WebSite","@id":"https:\/\/www.manaus.am.gov.br\/seminf\/#website","url":"https:\/\/www.manaus.am.gov.br\/seminf\/","name":"Secretaria de Infraestrutura","description":"Secretaria Municipal de Infraestrutura","potentialAction":[{"@type":"SearchAction","target":{"@type":"EntryPoint","urlTemplate":"https:\/\/www.manaus.am.gov.br\/seminf\/?s={search_term_string}"},"query-input":"required name=search_term_string"}],"inLanguage":"pt-BR"},{"@type":"Person","@id":"https:\/\/www.manaus.am.gov.br\/seminf\/#\/schema\/person\/d0a166b5031154c33c77794ddc9a827e","name":"Cl\u00e1udia Barbosa","image":{"@type":"ImageObject","inLanguage":"pt-BR","@id":"https:\/\/www.manaus.am.gov.br\/seminf\/#\/schema\/person\/image\/","url":"https:\/\/secure.gravatar.com\/avatar\/42958a1cf007f1a00534009218c72590?s=96&d=mm&r=g","contentUrl":"https:\/\/secure.gravatar.com\/avatar\/42958a1cf007f1a00534009218c72590?s=96&d=mm&r=g","caption":"Cl\u00e1udia Barbosa"}}]}},"_links":{"self":[{"href":"https:\/\/www.manaus.am.gov.br\/seminf\/wp-json\/wp\/v2\/posts\/1498"}],"collection":[{"href":"https:\/\/www.manaus.am.gov.br\/seminf\/wp-json\/wp\/v2\/posts"}],"about":[{"href":"https:\/\/www.manaus.am.gov.br\/seminf\/wp-json\/wp\/v2\/types\/post"}],"author":[{"embeddable":true,"href":"https:\/\/www.manaus.am.gov.br\/seminf\/wp-json\/wp\/v2\/users\/24"}],"replies":[{"embeddable":true,"href":"https:\/\/www.manaus.am.gov.br\/seminf\/wp-json\/wp\/v2\/comments?post=1498"}],"version-history":[{"count":0,"href":"https:\/\/www.manaus.am.gov.br\/seminf\/wp-json\/wp\/v2\/posts\/1498\/revisions"}],"wp:featuredmedia":[{"embeddable":true,"href":"https:\/\/www.manaus.am.gov.br\/seminf\/wp-json\/wp\/v2\/media\/1499"}],"wp:attachment":[{"href":"https:\/\/www.manaus.am.gov.br\/seminf\/wp-json\/wp\/v2\/media?parent=1498"}],"wp:term":[{"taxonomy":"category","embeddable":true,"href":"https:\/\/www.manaus.am.gov.br\/seminf\/wp-json\/wp\/v2\/categories?post=1498"},{"taxonomy":"post_tag","embeddable":true,"href":"https:\/\/www.manaus.am.gov.br\/seminf\/wp-json\/wp\/v2\/tags?post=1498"}],"curies":[{"name":"wp","href":"https:\/\/api.w.org\/{rel}","templated":true}]}}