{"id":1495,"date":"2023-05-30T20:40:12","date_gmt":"2023-05-31T00:40:12","guid":{"rendered":"https:\/\/www.manaus.am.gov.br\/seminf\/prefeito-realiza-ultima-vistoria-antes-da-reinauguracao-da-praca-do-dom-pedro\/"},"modified":"2023-05-30T20:44:57","modified_gmt":"2023-05-31T00:44:57","slug":"prefeito-realiza-ultima-vistoria-antes-da-reinauguracao-da-praca-do-dom-pedro","status":"publish","type":"post","link":"https:\/\/www.manaus.am.gov.br\/seminf\/prefeito-realiza-ultima-vistoria-antes-da-reinauguracao-da-praca-do-dom-pedro\/","title":{"rendered":"<strong>Prefeito realiza \u00faltima vistoria antes da reinaugura\u00e7\u00e3o da pra\u00e7a do Dom Pedro<\/strong>"},"content":{"rendered":"\n<p>O prefeito de Manaus, David Almeida, vistoriou na noite desta ter\u00e7a-feira, 30\/5, os \u00faltimos detalhes das obras de recupera\u00e7\u00e3o da pra\u00e7a de alimenta\u00e7\u00e3o Desembargador M\u00e1rio Ver\u00e7osa, conhecida como pra\u00e7a do Dom Pedro, zona Centro-Oeste da cidade. O espa\u00e7o, que estava sem revitaliza\u00e7\u00e3o desde 2014, ser\u00e1 entregue nesta quarta-feira, dia 31.<\/p>\n\n\n\n<p>Na ocasi\u00e3o, o prefeito refor\u00e7ou o objetivo de expandir as op\u00e7\u00f5es de lazer \u00e0 popula\u00e7\u00e3o com a reforma de diversos espa\u00e7os p\u00fablicos em Manaus.<\/p>\n\n\n\n<p>\u201cN\u00f3s estamos reformando esses espa\u00e7os na cidade de Manaus para proporcionar aos moradores, aos permission\u00e1rios, um melhor ambiente de trabalho, pra\u00e7as humanizadas, no caso da pra\u00e7a Dom Pedro, ela j\u00e1 est\u00e1 totalmente revitalizada, e aqui n\u00f3s temos tamb\u00e9m o gin\u00e1sio totalmente reformado, com ambientes totalmente recuperados para que a popula\u00e7\u00e3o possa voltar a frequentar esses espa\u00e7os, que servir\u00e3o tamb\u00e9m de centros comunit\u00e1rios e espa\u00e7os de conv\u00edvio social\u201d, disse Almeida.<\/p>\n\n\n\n<p>O local recebeu servi\u00e7os de pintura, jardinagem, e melhoria na ilumina\u00e7\u00e3o, al\u00e9m da adequa\u00e7\u00e3o e corre\u00e7\u00e3o das inconformidades como, por exemplo, as que haviam nos banheiros e nos telhados, executados por meio das secretarias municipais de Limpeza Urbana (Semulsp) e de Infraestrutura (Seminf). A pra\u00e7a conta tamb\u00e9m com novo playground, academia ao ar livre e espa\u00e7o para apresenta\u00e7\u00f5es multiculturais.<\/p>\n\n\n\n<p>&#8212; &#8212; &#8212;<\/p>\n\n\n\n<p><strong>Texto<\/strong> &#8211; Beathriz Torres \/ Semcom<\/p>\n\n\n\n<p><strong>Fotos \u2013 <\/strong>Dhyeizo Lemos \/ Semcom<\/p>\n\n\n\n<p><strong>Dispon\u00edveis em &#8211;<\/strong> <a href=\"https:\/\/flic.kr\/s\/aHBqjAFY2Y\">https:\/\/flic.kr\/s\/aHBqjAFY2Y<\/a><\/p>\n","protected":false},"excerpt":{"rendered":"","protected":false},"author":39,"featured_media":1496,"comment_status":"closed","ping_status":"closed","sticky":false,"template":"","format":"standard","meta":{"footnotes":""},"categories":[74],"tags":[28,754,755,172,43,756,757,26,113,758],"acf":[],"yoast_head":"<!-- This site is optimized with the Yoast SEO plugin v23.0 - https:\/\/yoast.com\/wordpress\/plugins\/seo\/ -->\n<title>Prefeito realiza \u00faltima vistoria antes da reinaugura\u00e7\u00e3o da pra\u00e7a do Dom Pedro<\/title>\n<meta name=\"description\" content=\"O prefeito de Manaus, David Almeida, vistoriou na noite desta ter\u00e7a-feira, 30\/5, os \u00faltimos detalhes das obras de recupera\u00e7\u00e3o da pra\u00e7a de alimenta\u00e7\u00e3o Desembargador M\u00e1rio Ver\u00e7osa, conhecida como pra\u00e7a do Dom Pedro, zona Centro-Oeste da cidade.\" \/>\n<meta name=\"robots\" content=\"index, follow, max-snippet:-1, max-image-preview:large, max-video-preview:-1\" \/>\n<link rel=\"canonical\" href=\"https:\/\/www.manaus.am.gov.br\/seminf\/prefeito-realiza-ultima-vistoria-antes-da-reinauguracao-da-praca-do-dom-pedro\/\" \/>\n<meta property=\"og:locale\" content=\"pt_BR\" \/>\n<meta property=\"og:type\" content=\"article\" \/>\n<meta property=\"og:title\" content=\"Prefeito realiza \u00faltima vistoria antes da reinaugura\u00e7\u00e3o da pra\u00e7a do Dom Pedro\" \/>\n<meta property=\"og:description\" content=\"O prefeito de Manaus, David Almeida, vistoriou na noite desta ter\u00e7a-feira, 30\/5, os \u00faltimos detalhes das obras de recupera\u00e7\u00e3o da pra\u00e7a de alimenta\u00e7\u00e3o Desembargador M\u00e1rio Ver\u00e7osa, conhecida como pra\u00e7a do Dom Pedro, zona Centro-Oeste da cidade.\" \/>\n<meta property=\"og:url\" content=\"https:\/\/www.manaus.am.gov.br\/seminf\/prefeito-realiza-ultima-vistoria-antes-da-reinauguracao-da-praca-do-dom-pedro\/\" \/>\n<meta property=\"og:site_name\" content=\"SEMINF\" \/>\n<meta property=\"article:published_time\" content=\"2023-05-31T00:40:12+00:00\" \/>\n<meta property=\"article:modified_time\" content=\"2023-05-31T00:44:57+00:00\" \/>\n<meta property=\"og:image\" content=\"https:\/\/www.manaus.am.gov.br\/seminf\/wp-content\/uploads\/sites\/6\/2023\/05\/WhatsApp-Image-2023-05-30-at-20.25.57.jpeg\" \/>\n\t<meta property=\"og:image:width\" content=\"1024\" \/>\n\t<meta property=\"og:image:height\" content=\"683\" \/>\n\t<meta property=\"og:image:type\" content=\"image\/jpeg\" \/>\n<meta name=\"author\" content=\"Bruna Greco\" \/>\n<meta name=\"twitter:card\" content=\"summary_large_image\" \/>\n<meta name=\"twitter:label1\" content=\"Written by\" \/>\n\t<meta name=\"twitter:data1\" content=\"Bruna Greco\" \/>\n\t<meta name=\"twitter:label2\" content=\"Est. reading time\" \/>\n\t<meta name=\"twitter:data2\" content=\"2 minutos\" \/>\n<script type=\"application\/ld+json\" class=\"yoast-schema-graph\">{\"@context\":\"https:\/\/schema.org\",\"@graph\":[{\"@type\":\"WebPage\",\"@id\":\"https:\/\/www.manaus.am.gov.br\/seminf\/prefeito-realiza-ultima-vistoria-antes-da-reinauguracao-da-praca-do-dom-pedro\/\",\"url\":\"https:\/\/www.manaus.am.gov.br\/seminf\/prefeito-realiza-ultima-vistoria-antes-da-reinauguracao-da-praca-do-dom-pedro\/\",\"name\":\"Prefeito realiza \u00faltima vistoria antes da reinaugura\u00e7\u00e3o da pra\u00e7a do Dom Pedro\",\"isPartOf\":{\"@id\":\"https:\/\/www.manaus.am.gov.br\/seminf\/#website\"},\"primaryImageOfPage\":{\"@id\":\"https:\/\/www.manaus.am.gov.br\/seminf\/prefeito-realiza-ultima-vistoria-antes-da-reinauguracao-da-praca-do-dom-pedro\/#primaryimage\"},\"image\":{\"@id\":\"https:\/\/www.manaus.am.gov.br\/seminf\/prefeito-realiza-ultima-vistoria-antes-da-reinauguracao-da-praca-do-dom-pedro\/#primaryimage\"},\"thumbnailUrl\":\"https:\/\/www.manaus.am.gov.br\/seminf\/wp-content\/uploads\/sites\/6\/2023\/05\/WhatsApp-Image-2023-05-30-at-20.25.57.jpeg\",\"datePublished\":\"2023-05-31T00:40:12+00:00\",\"dateModified\":\"2023-05-31T00:44:57+00:00\",\"author\":{\"@id\":\"https:\/\/www.manaus.am.gov.br\/seminf\/#\/schema\/person\/05d223aea2bf115f9883a6ff3683d81b\"},\"description\":\"O prefeito de Manaus, David Almeida, vistoriou na noite desta ter\u00e7a-feira, 30\/5, os \u00faltimos detalhes das obras de recupera\u00e7\u00e3o da pra\u00e7a de alimenta\u00e7\u00e3o Desembargador M\u00e1rio Ver\u00e7osa, conhecida como pra\u00e7a do Dom Pedro, zona Centro-Oeste da cidade.\",\"inLanguage\":\"pt-BR\",\"potentialAction\":[{\"@type\":\"ReadAction\",\"target\":[\"https:\/\/www.manaus.am.gov.br\/seminf\/prefeito-realiza-ultima-vistoria-antes-da-reinauguracao-da-praca-do-dom-pedro\/\"]}]},{\"@type\":\"ImageObject\",\"inLanguage\":\"pt-BR\",\"@id\":\"https:\/\/www.manaus.am.gov.br\/seminf\/prefeito-realiza-ultima-vistoria-antes-da-reinauguracao-da-praca-do-dom-pedro\/#primaryimage\",\"url\":\"https:\/\/www.manaus.am.gov.br\/seminf\/wp-content\/uploads\/sites\/6\/2023\/05\/WhatsApp-Image-2023-05-30-at-20.25.57.jpeg\",\"contentUrl\":\"https:\/\/www.manaus.am.gov.br\/seminf\/wp-content\/uploads\/sites\/6\/2023\/05\/WhatsApp-Image-2023-05-30-at-20.25.57.jpeg\",\"width\":1024,\"height\":683},{\"@type\":\"WebSite\",\"@id\":\"https:\/\/www.manaus.am.gov.br\/seminf\/#website\",\"url\":\"https:\/\/www.manaus.am.gov.br\/seminf\/\",\"name\":\"Secretaria de Infraestrutura\",\"description\":\"Secretaria Municipal de Infraestrutura\",\"potentialAction\":[{\"@type\":\"SearchAction\",\"target\":{\"@type\":\"EntryPoint\",\"urlTemplate\":\"https:\/\/www.manaus.am.gov.br\/seminf\/?s={search_term_string}\"},\"query-input\":\"required name=search_term_string\"}],\"inLanguage\":\"pt-BR\"},{\"@type\":\"Person\",\"@id\":\"https:\/\/www.manaus.am.gov.br\/seminf\/#\/schema\/person\/05d223aea2bf115f9883a6ff3683d81b\",\"name\":\"Bruna Greco\",\"image\":{\"@type\":\"ImageObject\",\"inLanguage\":\"pt-BR\",\"@id\":\"https:\/\/www.manaus.am.gov.br\/seminf\/#\/schema\/person\/image\/\",\"url\":\"https:\/\/secure.gravatar.com\/avatar\/9c877d1a6adc2a055330e5c09a8653ce?s=96&d=mm&r=g\",\"contentUrl\":\"https:\/\/secure.gravatar.com\/avatar\/9c877d1a6adc2a055330e5c09a8653ce?s=96&d=mm&r=g\",\"caption\":\"Bruna Greco\"}}]}<\/script>\n<!-- \/ Yoast SEO plugin. -->","yoast_head_json":{"title":"Prefeito realiza \u00faltima vistoria antes da reinaugura\u00e7\u00e3o da pra\u00e7a do Dom Pedro","description":"O prefeito de Manaus, David Almeida, vistoriou na noite desta ter\u00e7a-feira, 30\/5, os \u00faltimos detalhes das obras de recupera\u00e7\u00e3o da pra\u00e7a de alimenta\u00e7\u00e3o Desembargador M\u00e1rio Ver\u00e7osa, conhecida como pra\u00e7a do Dom Pedro, zona Centro-Oeste da cidade.","robots":{"index":"index","follow":"follow","max-snippet":"max-snippet:-1","max-image-preview":"max-image-preview:large","max-video-preview":"max-video-preview:-1"},"canonical":"https:\/\/www.manaus.am.gov.br\/seminf\/prefeito-realiza-ultima-vistoria-antes-da-reinauguracao-da-praca-do-dom-pedro\/","og_locale":"pt_BR","og_type":"article","og_title":"Prefeito realiza \u00faltima vistoria antes da reinaugura\u00e7\u00e3o da pra\u00e7a do Dom Pedro","og_description":"O prefeito de Manaus, David Almeida, vistoriou na noite desta ter\u00e7a-feira, 30\/5, os \u00faltimos detalhes das obras de recupera\u00e7\u00e3o da pra\u00e7a de alimenta\u00e7\u00e3o Desembargador M\u00e1rio Ver\u00e7osa, conhecida como pra\u00e7a do Dom Pedro, zona Centro-Oeste da cidade.","og_url":"https:\/\/www.manaus.am.gov.br\/seminf\/prefeito-realiza-ultima-vistoria-antes-da-reinauguracao-da-praca-do-dom-pedro\/","og_site_name":"SEMINF","article_published_time":"2023-05-31T00:40:12+00:00","article_modified_time":"2023-05-31T00:44:57+00:00","og_image":[{"width":1024,"height":683,"url":"https:\/\/www.manaus.am.gov.br\/seminf\/wp-content\/uploads\/sites\/6\/2023\/05\/WhatsApp-Image-2023-05-30-at-20.25.57.jpeg","type":"image\/jpeg"}],"author":"Bruna Greco","twitter_card":"summary_large_image","twitter_misc":{"Written by":"Bruna Greco","Est. reading time":"2 minutos"},"schema":{"@context":"https:\/\/schema.org","@graph":[{"@type":"WebPage","@id":"https:\/\/www.manaus.am.gov.br\/seminf\/prefeito-realiza-ultima-vistoria-antes-da-reinauguracao-da-praca-do-dom-pedro\/","url":"https:\/\/www.manaus.am.gov.br\/seminf\/prefeito-realiza-ultima-vistoria-antes-da-reinauguracao-da-praca-do-dom-pedro\/","name":"Prefeito realiza \u00faltima vistoria antes da reinaugura\u00e7\u00e3o da pra\u00e7a do Dom Pedro","isPartOf":{"@id":"https:\/\/www.manaus.am.gov.br\/seminf\/#website"},"primaryImageOfPage":{"@id":"https:\/\/www.manaus.am.gov.br\/seminf\/prefeito-realiza-ultima-vistoria-antes-da-reinauguracao-da-praca-do-dom-pedro\/#primaryimage"},"image":{"@id":"https:\/\/www.manaus.am.gov.br\/seminf\/prefeito-realiza-ultima-vistoria-antes-da-reinauguracao-da-praca-do-dom-pedro\/#primaryimage"},"thumbnailUrl":"https:\/\/www.manaus.am.gov.br\/seminf\/wp-content\/uploads\/sites\/6\/2023\/05\/WhatsApp-Image-2023-05-30-at-20.25.57.jpeg","datePublished":"2023-05-31T00:40:12+00:00","dateModified":"2023-05-31T00:44:57+00:00","author":{"@id":"https:\/\/www.manaus.am.gov.br\/seminf\/#\/schema\/person\/05d223aea2bf115f9883a6ff3683d81b"},"description":"O prefeito de Manaus, David Almeida, vistoriou na noite desta ter\u00e7a-feira, 30\/5, os \u00faltimos detalhes das obras de recupera\u00e7\u00e3o da pra\u00e7a de alimenta\u00e7\u00e3o Desembargador M\u00e1rio Ver\u00e7osa, conhecida como pra\u00e7a do Dom Pedro, zona Centro-Oeste da cidade.","inLanguage":"pt-BR","potentialAction":[{"@type":"ReadAction","target":["https:\/\/www.manaus.am.gov.br\/seminf\/prefeito-realiza-ultima-vistoria-antes-da-reinauguracao-da-praca-do-dom-pedro\/"]}]},{"@type":"ImageObject","inLanguage":"pt-BR","@id":"https:\/\/www.manaus.am.gov.br\/seminf\/prefeito-realiza-ultima-vistoria-antes-da-reinauguracao-da-praca-do-dom-pedro\/#primaryimage","url":"https:\/\/www.manaus.am.gov.br\/seminf\/wp-content\/uploads\/sites\/6\/2023\/05\/WhatsApp-Image-2023-05-30-at-20.25.57.jpeg","contentUrl":"https:\/\/www.manaus.am.gov.br\/seminf\/wp-content\/uploads\/sites\/6\/2023\/05\/WhatsApp-Image-2023-05-30-at-20.25.57.jpeg","width":1024,"height":683},{"@type":"WebSite","@id":"https:\/\/www.manaus.am.gov.br\/seminf\/#website","url":"https:\/\/www.manaus.am.gov.br\/seminf\/","name":"Secretaria de Infraestrutura","description":"Secretaria Municipal de Infraestrutura","potentialAction":[{"@type":"SearchAction","target":{"@type":"EntryPoint","urlTemplate":"https:\/\/www.manaus.am.gov.br\/seminf\/?s={search_term_string}"},"query-input":"required name=search_term_string"}],"inLanguage":"pt-BR"},{"@type":"Person","@id":"https:\/\/www.manaus.am.gov.br\/seminf\/#\/schema\/person\/05d223aea2bf115f9883a6ff3683d81b","name":"Bruna Greco","image":{"@type":"ImageObject","inLanguage":"pt-BR","@id":"https:\/\/www.manaus.am.gov.br\/seminf\/#\/schema\/person\/image\/","url":"https:\/\/secure.gravatar.com\/avatar\/9c877d1a6adc2a055330e5c09a8653ce?s=96&d=mm&r=g","contentUrl":"https:\/\/secure.gravatar.com\/avatar\/9c877d1a6adc2a055330e5c09a8653ce?s=96&d=mm&r=g","caption":"Bruna Greco"}}]}},"_links":{"self":[{"href":"https:\/\/www.manaus.am.gov.br\/seminf\/wp-json\/wp\/v2\/posts\/1495"}],"collection":[{"href":"https:\/\/www.manaus.am.gov.br\/seminf\/wp-json\/wp\/v2\/posts"}],"about":[{"href":"https:\/\/www.manaus.am.gov.br\/seminf\/wp-json\/wp\/v2\/types\/post"}],"author":[{"embeddable":true,"href":"https:\/\/www.manaus.am.gov.br\/seminf\/wp-json\/wp\/v2\/users\/39"}],"replies":[{"embeddable":true,"href":"https:\/\/www.manaus.am.gov.br\/seminf\/wp-json\/wp\/v2\/comments?post=1495"}],"version-history":[{"count":1,"href":"https:\/\/www.manaus.am.gov.br\/seminf\/wp-json\/wp\/v2\/posts\/1495\/revisions"}],"predecessor-version":[{"id":1497,"href":"https:\/\/www.manaus.am.gov.br\/seminf\/wp-json\/wp\/v2\/posts\/1495\/revisions\/1497"}],"wp:featuredmedia":[{"embeddable":true,"href":"https:\/\/www.manaus.am.gov.br\/seminf\/wp-json\/wp\/v2\/media\/1496"}],"wp:attachment":[{"href":"https:\/\/www.manaus.am.gov.br\/seminf\/wp-json\/wp\/v2\/media?parent=1495"}],"wp:term":[{"taxonomy":"category","embeddable":true,"href":"https:\/\/www.manaus.am.gov.br\/seminf\/wp-json\/wp\/v2\/categories?post=1495"},{"taxonomy":"post_tag","embeddable":true,"href":"https:\/\/www.manaus.am.gov.br\/seminf\/wp-json\/wp\/v2\/tags?post=1495"}],"curies":[{"name":"wp","href":"https:\/\/api.w.org\/{rel}","templated":true}]}}