{"id":148,"date":"2022-12-21T17:16:00","date_gmt":"2022-12-21T21:16:00","guid":{"rendered":"https:\/\/www.manaus.am.gov.br\/seminf\/prefeitura-de-manaus-intensifica-servicos-de-recomposicao-asfaltica-no-bairro-cidade-nova\/"},"modified":"2022-12-22T09:19:36","modified_gmt":"2022-12-22T13:19:36","slug":"prefeitura-de-manaus-intensifica-servicos-de-recomposicao-asfaltica-no-bairro-cidade-nova","status":"publish","type":"post","link":"https:\/\/www.manaus.am.gov.br\/seminf\/prefeitura-de-manaus-intensifica-servicos-de-recomposicao-asfaltica-no-bairro-cidade-nova\/","title":{"rendered":"Prefeitura de Manaus intensifica servi\u00e7os de recomposi\u00e7\u00e3o asf\u00e1ltica no bairro Cidade Nova"},"content":{"rendered":"\n<p>A Prefeitura de Manaus, por meio da Secretaria Municipal de Infraestrutura (Seminf), intensifica, nesta quarta-feira, 21\/12, as obras de recupera\u00e7\u00e3o asf\u00e1ltica da rua 215, n\u00facleo 16, bairro Cidade Nova, zona Norte. As equipes trabalham com aproximadamente 40 toneladas de massa asf\u00e1ltica e o aux\u00edlio de rolo compressor para compactar de forma precisa o servi\u00e7o na via, que estava h\u00e1 anos sem receber manuten\u00e7\u00e3o. As obras de recupera\u00e7\u00e3o fazem parte do servi\u00e7o, que antecede o recapeamento asf\u00e1ltico do programa \u201cAsfalta Manaus\u201d.<\/p>\n\n\n\n<p>De acordo com \u00c9rico Braga, engenheiro fiscal da Seminf, as obras programadas pelo Distrito de Obras seguem por toda a semana e mais vias da zona Norte est\u00e3o na programa\u00e7\u00e3o para serem beneficiadas com melhorias na infraestrutura.<\/p>\n\n\n\n<p>\u201c\u00c9 uma determina\u00e7\u00e3o do prefeito David Almeida e do secret\u00e1rio de Obras, Renato J\u00fanior, que trabalhemos lado a lado com a popula\u00e7\u00e3o ouvindo e atendendo suas demandas, sobretudo as ruas que n\u00e3o recebiam manuten\u00e7\u00e3o h\u00e1 anos, devolvendo n\u00e3o s\u00f3 a trafegabilidade das vias, mas tamb\u00e9m a dignidade das pessoas que se sentiram esquecidas pelo poder p\u00fablico nas antigas gest\u00f5es\u201d, afirmou o engenheiro da Seminf.<\/p>\n\n\n\n<p>Para o aposentado Jos\u00e9 do Patroc\u00ednio, 72, a situa\u00e7\u00e3o da rua 215 era prec\u00e1ria. \u201cNossa rua parecia uma t\u00e1bua de pirulitos, de tanto buraco, o carro de aplicativo nem queria mais entrar. Estamos felizes com a aten\u00e7\u00e3o e o trabalho da prefeitura conosco e com nossa rua\u201d, agradece o morador.<\/p>\n\n\n\n<p>Segundo o engenheiro, as manuten\u00e7\u00f5es t\u00eam sido prioridade, determinadas pelo prefeito David Almeida. \u201cAs equipes da Seminf est\u00e3o atuando, tanto em infraestrutura das vias quanto nos rompimentos de drenagens na cidade, implantando tecnologias mais modernas, para solucionar em definitivo os problemas\u201d, assegurou.<\/p>\n\n\n\n<p>\u2014 \u2014 \u2014<\/p>\n\n\n\n<p><strong>Texto \u2013&nbsp;<\/strong>Valesca Martins\/ Seminf<\/p>\n\n\n\n<p><strong>Fotos \u2013<\/strong>&nbsp;Divulga\u00e7\u00e3o\/ Seminf<\/p>\n\n\n\n<p><strong>Dispon\u00edveis em \u2013&nbsp;<\/strong><a href=\"https:\/\/flic.kr\/s\/aHBqjAk548\">https:\/\/flic.kr\/s\/aHBqjAk548<\/a><\/p>\n","protected":false},"excerpt":{"rendered":"","protected":false},"author":27,"featured_media":149,"comment_status":"closed","ping_status":"closed","sticky":false,"template":"","format":"standard","meta":{"footnotes":""},"categories":[8],"tags":[],"acf":[],"yoast_head":"<!-- This site is optimized with the Yoast SEO plugin v23.0 - https:\/\/yoast.com\/wordpress\/plugins\/seo\/ -->\n<title>Prefeitura de Manaus intensifica servi\u00e7os de recomposi\u00e7\u00e3o asf\u00e1ltica no bairro Cidade Nova - SEMINF<\/title>\n<meta name=\"robots\" content=\"index, follow, max-snippet:-1, max-image-preview:large, max-video-preview:-1\" \/>\n<link rel=\"canonical\" href=\"https:\/\/www.manaus.am.gov.br\/seminf\/prefeitura-de-manaus-intensifica-servicos-de-recomposicao-asfaltica-no-bairro-cidade-nova\/\" \/>\n<meta property=\"og:locale\" content=\"pt_BR\" \/>\n<meta property=\"og:type\" content=\"article\" \/>\n<meta property=\"og:title\" content=\"Prefeitura de Manaus intensifica servi\u00e7os de recomposi\u00e7\u00e3o asf\u00e1ltica no bairro Cidade Nova - SEMINF\" \/>\n<meta property=\"og:url\" content=\"https:\/\/www.manaus.am.gov.br\/seminf\/prefeitura-de-manaus-intensifica-servicos-de-recomposicao-asfaltica-no-bairro-cidade-nova\/\" \/>\n<meta property=\"og:site_name\" content=\"SEMINF\" \/>\n<meta property=\"article:published_time\" content=\"2022-12-21T21:16:00+00:00\" \/>\n<meta property=\"article:modified_time\" content=\"2022-12-22T13:19:36+00:00\" \/>\n<meta property=\"og:image\" content=\"https:\/\/www.manaus.am.gov.br\/seminf\/wp-content\/uploads\/sites\/6\/2022\/12\/Prefeitura-de-Manaus-intensifica-servicos-de-recomposicao-asfaltica-no-bairro-Cidade-Nova.jpg\" \/>\n\t<meta property=\"og:image:width\" content=\"720\" \/>\n\t<meta property=\"og:image:height\" content=\"407\" \/>\n\t<meta property=\"og:image:type\" content=\"image\/jpeg\" \/>\n<meta name=\"author\" content=\"Imarketing Digital\" \/>\n<meta name=\"twitter:card\" content=\"summary_large_image\" \/>\n<meta name=\"twitter:label1\" content=\"Written by\" \/>\n\t<meta name=\"twitter:data1\" content=\"Imarketing Digital\" \/>\n\t<meta name=\"twitter:label2\" content=\"Est. reading time\" \/>\n\t<meta name=\"twitter:data2\" content=\"2 minutos\" \/>\n<script type=\"application\/ld+json\" class=\"yoast-schema-graph\">{\"@context\":\"https:\/\/schema.org\",\"@graph\":[{\"@type\":\"WebPage\",\"@id\":\"https:\/\/www.manaus.am.gov.br\/seminf\/prefeitura-de-manaus-intensifica-servicos-de-recomposicao-asfaltica-no-bairro-cidade-nova\/\",\"url\":\"https:\/\/www.manaus.am.gov.br\/seminf\/prefeitura-de-manaus-intensifica-servicos-de-recomposicao-asfaltica-no-bairro-cidade-nova\/\",\"name\":\"Prefeitura de Manaus intensifica servi\u00e7os de recomposi\u00e7\u00e3o asf\u00e1ltica no bairro Cidade Nova - SEMINF\",\"isPartOf\":{\"@id\":\"https:\/\/www.manaus.am.gov.br\/seminf\/#website\"},\"primaryImageOfPage\":{\"@id\":\"https:\/\/www.manaus.am.gov.br\/seminf\/prefeitura-de-manaus-intensifica-servicos-de-recomposicao-asfaltica-no-bairro-cidade-nova\/#primaryimage\"},\"image\":{\"@id\":\"https:\/\/www.manaus.am.gov.br\/seminf\/prefeitura-de-manaus-intensifica-servicos-de-recomposicao-asfaltica-no-bairro-cidade-nova\/#primaryimage\"},\"thumbnailUrl\":\"https:\/\/www.manaus.am.gov.br\/seminf\/wp-content\/uploads\/sites\/6\/2022\/12\/Prefeitura-de-Manaus-intensifica-servicos-de-recomposicao-asfaltica-no-bairro-Cidade-Nova.jpg\",\"datePublished\":\"2022-12-21T21:16:00+00:00\",\"dateModified\":\"2022-12-22T13:19:36+00:00\",\"author\":{\"@id\":\"https:\/\/www.manaus.am.gov.br\/seminf\/#\/schema\/person\/79525a47ac5902f50493820d995728ee\"},\"inLanguage\":\"pt-BR\",\"potentialAction\":[{\"@type\":\"ReadAction\",\"target\":[\"https:\/\/www.manaus.am.gov.br\/seminf\/prefeitura-de-manaus-intensifica-servicos-de-recomposicao-asfaltica-no-bairro-cidade-nova\/\"]}]},{\"@type\":\"ImageObject\",\"inLanguage\":\"pt-BR\",\"@id\":\"https:\/\/www.manaus.am.gov.br\/seminf\/prefeitura-de-manaus-intensifica-servicos-de-recomposicao-asfaltica-no-bairro-cidade-nova\/#primaryimage\",\"url\":\"https:\/\/www.manaus.am.gov.br\/seminf\/wp-content\/uploads\/sites\/6\/2022\/12\/Prefeitura-de-Manaus-intensifica-servicos-de-recomposicao-asfaltica-no-bairro-Cidade-Nova.jpg\",\"contentUrl\":\"https:\/\/www.manaus.am.gov.br\/seminf\/wp-content\/uploads\/sites\/6\/2022\/12\/Prefeitura-de-Manaus-intensifica-servicos-de-recomposicao-asfaltica-no-bairro-Cidade-Nova.jpg\",\"width\":720,\"height\":407,\"caption\":\"Prefeitura de Manaus intensifica servi\u00e7os de recomposi\u00e7\u00e3o asf\u00e1ltica no bairro Cidade Nova\"},{\"@type\":\"WebSite\",\"@id\":\"https:\/\/www.manaus.am.gov.br\/seminf\/#website\",\"url\":\"https:\/\/www.manaus.am.gov.br\/seminf\/\",\"name\":\"Secretaria de Infraestrutura\",\"description\":\"Secretaria Municipal de Infraestrutura\",\"potentialAction\":[{\"@type\":\"SearchAction\",\"target\":{\"@type\":\"EntryPoint\",\"urlTemplate\":\"https:\/\/www.manaus.am.gov.br\/seminf\/?s={search_term_string}\"},\"query-input\":\"required name=search_term_string\"}],\"inLanguage\":\"pt-BR\"},{\"@type\":\"Person\",\"@id\":\"https:\/\/www.manaus.am.gov.br\/seminf\/#\/schema\/person\/79525a47ac5902f50493820d995728ee\",\"name\":\"Imarketing Digital\",\"image\":{\"@type\":\"ImageObject\",\"inLanguage\":\"pt-BR\",\"@id\":\"https:\/\/www.manaus.am.gov.br\/seminf\/#\/schema\/person\/image\/\",\"url\":\"https:\/\/secure.gravatar.com\/avatar\/03432d3c57b756ed9760f7019c815a3a?s=96&d=mm&r=g\",\"contentUrl\":\"https:\/\/secure.gravatar.com\/avatar\/03432d3c57b756ed9760f7019c815a3a?s=96&d=mm&r=g\",\"caption\":\"Imarketing Digital\"}}]}<\/script>\n<!-- \/ Yoast SEO plugin. -->","yoast_head_json":{"title":"Prefeitura de Manaus intensifica servi\u00e7os de recomposi\u00e7\u00e3o asf\u00e1ltica no bairro Cidade Nova - SEMINF","robots":{"index":"index","follow":"follow","max-snippet":"max-snippet:-1","max-image-preview":"max-image-preview:large","max-video-preview":"max-video-preview:-1"},"canonical":"https:\/\/www.manaus.am.gov.br\/seminf\/prefeitura-de-manaus-intensifica-servicos-de-recomposicao-asfaltica-no-bairro-cidade-nova\/","og_locale":"pt_BR","og_type":"article","og_title":"Prefeitura de Manaus intensifica servi\u00e7os de recomposi\u00e7\u00e3o asf\u00e1ltica no bairro Cidade Nova - SEMINF","og_url":"https:\/\/www.manaus.am.gov.br\/seminf\/prefeitura-de-manaus-intensifica-servicos-de-recomposicao-asfaltica-no-bairro-cidade-nova\/","og_site_name":"SEMINF","article_published_time":"2022-12-21T21:16:00+00:00","article_modified_time":"2022-12-22T13:19:36+00:00","og_image":[{"width":720,"height":407,"url":"https:\/\/www.manaus.am.gov.br\/seminf\/wp-content\/uploads\/sites\/6\/2022\/12\/Prefeitura-de-Manaus-intensifica-servicos-de-recomposicao-asfaltica-no-bairro-Cidade-Nova.jpg","type":"image\/jpeg"}],"author":"Imarketing Digital","twitter_card":"summary_large_image","twitter_misc":{"Written by":"Imarketing Digital","Est. reading time":"2 minutos"},"schema":{"@context":"https:\/\/schema.org","@graph":[{"@type":"WebPage","@id":"https:\/\/www.manaus.am.gov.br\/seminf\/prefeitura-de-manaus-intensifica-servicos-de-recomposicao-asfaltica-no-bairro-cidade-nova\/","url":"https:\/\/www.manaus.am.gov.br\/seminf\/prefeitura-de-manaus-intensifica-servicos-de-recomposicao-asfaltica-no-bairro-cidade-nova\/","name":"Prefeitura de Manaus intensifica servi\u00e7os de recomposi\u00e7\u00e3o asf\u00e1ltica no bairro Cidade Nova - SEMINF","isPartOf":{"@id":"https:\/\/www.manaus.am.gov.br\/seminf\/#website"},"primaryImageOfPage":{"@id":"https:\/\/www.manaus.am.gov.br\/seminf\/prefeitura-de-manaus-intensifica-servicos-de-recomposicao-asfaltica-no-bairro-cidade-nova\/#primaryimage"},"image":{"@id":"https:\/\/www.manaus.am.gov.br\/seminf\/prefeitura-de-manaus-intensifica-servicos-de-recomposicao-asfaltica-no-bairro-cidade-nova\/#primaryimage"},"thumbnailUrl":"https:\/\/www.manaus.am.gov.br\/seminf\/wp-content\/uploads\/sites\/6\/2022\/12\/Prefeitura-de-Manaus-intensifica-servicos-de-recomposicao-asfaltica-no-bairro-Cidade-Nova.jpg","datePublished":"2022-12-21T21:16:00+00:00","dateModified":"2022-12-22T13:19:36+00:00","author":{"@id":"https:\/\/www.manaus.am.gov.br\/seminf\/#\/schema\/person\/79525a47ac5902f50493820d995728ee"},"inLanguage":"pt-BR","potentialAction":[{"@type":"ReadAction","target":["https:\/\/www.manaus.am.gov.br\/seminf\/prefeitura-de-manaus-intensifica-servicos-de-recomposicao-asfaltica-no-bairro-cidade-nova\/"]}]},{"@type":"ImageObject","inLanguage":"pt-BR","@id":"https:\/\/www.manaus.am.gov.br\/seminf\/prefeitura-de-manaus-intensifica-servicos-de-recomposicao-asfaltica-no-bairro-cidade-nova\/#primaryimage","url":"https:\/\/www.manaus.am.gov.br\/seminf\/wp-content\/uploads\/sites\/6\/2022\/12\/Prefeitura-de-Manaus-intensifica-servicos-de-recomposicao-asfaltica-no-bairro-Cidade-Nova.jpg","contentUrl":"https:\/\/www.manaus.am.gov.br\/seminf\/wp-content\/uploads\/sites\/6\/2022\/12\/Prefeitura-de-Manaus-intensifica-servicos-de-recomposicao-asfaltica-no-bairro-Cidade-Nova.jpg","width":720,"height":407,"caption":"Prefeitura de Manaus intensifica servi\u00e7os de recomposi\u00e7\u00e3o asf\u00e1ltica no bairro Cidade Nova"},{"@type":"WebSite","@id":"https:\/\/www.manaus.am.gov.br\/seminf\/#website","url":"https:\/\/www.manaus.am.gov.br\/seminf\/","name":"Secretaria de Infraestrutura","description":"Secretaria Municipal de Infraestrutura","potentialAction":[{"@type":"SearchAction","target":{"@type":"EntryPoint","urlTemplate":"https:\/\/www.manaus.am.gov.br\/seminf\/?s={search_term_string}"},"query-input":"required name=search_term_string"}],"inLanguage":"pt-BR"},{"@type":"Person","@id":"https:\/\/www.manaus.am.gov.br\/seminf\/#\/schema\/person\/79525a47ac5902f50493820d995728ee","name":"Imarketing Digital","image":{"@type":"ImageObject","inLanguage":"pt-BR","@id":"https:\/\/www.manaus.am.gov.br\/seminf\/#\/schema\/person\/image\/","url":"https:\/\/secure.gravatar.com\/avatar\/03432d3c57b756ed9760f7019c815a3a?s=96&d=mm&r=g","contentUrl":"https:\/\/secure.gravatar.com\/avatar\/03432d3c57b756ed9760f7019c815a3a?s=96&d=mm&r=g","caption":"Imarketing Digital"}}]}},"_links":{"self":[{"href":"https:\/\/www.manaus.am.gov.br\/seminf\/wp-json\/wp\/v2\/posts\/148"}],"collection":[{"href":"https:\/\/www.manaus.am.gov.br\/seminf\/wp-json\/wp\/v2\/posts"}],"about":[{"href":"https:\/\/www.manaus.am.gov.br\/seminf\/wp-json\/wp\/v2\/types\/post"}],"author":[{"embeddable":true,"href":"https:\/\/www.manaus.am.gov.br\/seminf\/wp-json\/wp\/v2\/users\/27"}],"replies":[{"embeddable":true,"href":"https:\/\/www.manaus.am.gov.br\/seminf\/wp-json\/wp\/v2\/comments?post=148"}],"version-history":[{"count":0,"href":"https:\/\/www.manaus.am.gov.br\/seminf\/wp-json\/wp\/v2\/posts\/148\/revisions"}],"wp:featuredmedia":[{"embeddable":true,"href":"https:\/\/www.manaus.am.gov.br\/seminf\/wp-json\/wp\/v2\/media\/149"}],"wp:attachment":[{"href":"https:\/\/www.manaus.am.gov.br\/seminf\/wp-json\/wp\/v2\/media?parent=148"}],"wp:term":[{"taxonomy":"category","embeddable":true,"href":"https:\/\/www.manaus.am.gov.br\/seminf\/wp-json\/wp\/v2\/categories?post=148"},{"taxonomy":"post_tag","embeddable":true,"href":"https:\/\/www.manaus.am.gov.br\/seminf\/wp-json\/wp\/v2\/tags?post=148"}],"curies":[{"name":"wp","href":"https:\/\/api.w.org\/{rel}","templated":true}]}}