{"id":146,"date":"2022-12-21T16:33:00","date_gmt":"2022-12-21T20:33:00","guid":{"rendered":"https:\/\/www.manaus.am.gov.br\/seminf\/prefeitura-de-manaus-trabalha-na-troca-de-tubulacao-na-rede-de-drenagem-profunda-no-bairro-nova-republica\/"},"modified":"2022-12-22T09:18:18","modified_gmt":"2022-12-22T13:18:18","slug":"prefeitura-de-manaus-trabalha-na-troca-de-tubulacao-na-rede-de-drenagem-profunda-no-bairro-nova-republica","status":"publish","type":"post","link":"https:\/\/www.manaus.am.gov.br\/seminf\/prefeitura-de-manaus-trabalha-na-troca-de-tubulacao-na-rede-de-drenagem-profunda-no-bairro-nova-republica\/","title":{"rendered":"Prefeitura de Manaus trabalha na troca de tubula\u00e7\u00e3o na rede de drenagem profunda no bairro Nova Rep\u00fablica"},"content":{"rendered":"\n<p>A Prefeitura de Manaus, por meio da Secretaria Municipal de Infraestrutura (Seminf), intensificou, nesta quarta-feira, 21\/12, as obras na substitui\u00e7\u00e3o de uma tubula\u00e7\u00e3o quebrada, realizando os servi\u00e7os na rede de drenagem profunda, em uma via principal de \u00f4nibus na rua Francisco Bacelar, localizada no bairro Nova Rep\u00fablica, na zona Sul da cidade.<\/p>\n\n\n\n<p>A tubula\u00e7\u00e3o que atendia a rua Francisco Bacelar era bastante antiga e, por n\u00e3o receber servi\u00e7os de manuten\u00e7\u00e3o, os tubos se romperam causando uma cratera na via. Uma equipe com oito trabalhadores do Distrito de Obras do bairro Petr\u00f3polis executa as obras, implantando dez novos tubos.<\/p>\n\n\n\n<p>O fiscal da obra, engenheiro Hudson Smith, enfatiza que as equipes est\u00e3o trabalhando com celeridade para entregar a obra no menor tempo previsto, e explica os servi\u00e7os que est\u00e3o sendo feitos.<\/p>\n\n\n\n<p>\u201cAs tubula\u00e7\u00f5es eram bastante antigas e se romperam causando uma cratera na via. Com a determina\u00e7\u00e3o do prefeito David Almeida e do secret\u00e1rio de Obras, Renato J\u00fanior,&nbsp;nossa equipe est\u00e1 trabalhando com celeridade e rapidez para entregar essa via principal que atende muitas linhas de \u00f4nibus. Estamos implantando dez novos tubos e na sequ\u00eancia iremos fazer o anelamento e o aterro, para empregar uma nova trafegabilidade segura na \u00e1rea\u201d, explicou Hudson.<\/p>\n\n\n\n<p>Segundo o engenheiro, a Prefeitura de Manaus trabalha de norte a sul para solucionar no menor tempo previsto as obras de infraestrutura na cidade, empregando servi\u00e7os de qualidade e contando com o apoio das m\u00e1quinas, que otimizam o tempo, dando celeridade \u00e0s obras, com o objetivo de entregar uma nova via reestruturada para a popula\u00e7\u00e3o.<\/p>\n\n\n\n<p>\u2014 \u2014 \u2014<\/p>\n\n\n\n<p><strong>Texto \u2013\u00a0<\/strong>Rayana Coutinho \/ Seminf<br><strong>Fotos \u2013<\/strong>\u00a0Divulga\u00e7\u00e3o\u00a0\/ Seminf<br><strong>Dispon\u00edveis em \u2013\u00a0<\/strong><a href=\"https:\/\/flic.kr\/s\/aHBqjAk4TD\">https:\/\/flic.kr\/s\/aHBqjAk4TD<\/a><\/p>\n","protected":false},"excerpt":{"rendered":"","protected":false},"author":27,"featured_media":147,"comment_status":"closed","ping_status":"closed","sticky":false,"template":"","format":"standard","meta":{"footnotes":""},"categories":[6],"tags":[],"acf":[],"yoast_head":"<!-- This site is optimized with the Yoast SEO plugin v23.0 - https:\/\/yoast.com\/wordpress\/plugins\/seo\/ -->\n<title>Prefeitura de Manaus trabalha na troca de tubula\u00e7\u00e3o na rede de drenagem profunda no bairro Nova Rep\u00fablica - SEMINF<\/title>\n<meta name=\"robots\" content=\"index, follow, max-snippet:-1, max-image-preview:large, max-video-preview:-1\" \/>\n<link rel=\"canonical\" href=\"https:\/\/www.manaus.am.gov.br\/seminf\/prefeitura-de-manaus-trabalha-na-troca-de-tubulacao-na-rede-de-drenagem-profunda-no-bairro-nova-republica\/\" \/>\n<meta property=\"og:locale\" content=\"pt_BR\" \/>\n<meta property=\"og:type\" content=\"article\" \/>\n<meta property=\"og:title\" content=\"Prefeitura de Manaus trabalha na troca de tubula\u00e7\u00e3o na rede de drenagem profunda no bairro Nova Rep\u00fablica - SEMINF\" \/>\n<meta property=\"og:url\" content=\"https:\/\/www.manaus.am.gov.br\/seminf\/prefeitura-de-manaus-trabalha-na-troca-de-tubulacao-na-rede-de-drenagem-profunda-no-bairro-nova-republica\/\" \/>\n<meta property=\"og:site_name\" content=\"SEMINF\" \/>\n<meta property=\"article:published_time\" content=\"2022-12-21T20:33:00+00:00\" \/>\n<meta property=\"article:modified_time\" content=\"2022-12-22T13:18:18+00:00\" \/>\n<meta property=\"og:image\" content=\"https:\/\/www.manaus.am.gov.br\/seminf\/wp-content\/uploads\/sites\/6\/2022\/12\/Prefeitura-de-Manaus-trabalha-na-troca-de-tubulacao-na-rede-de-drenagem-profunda-no-bairro-Nova-Republica.jpg\" \/>\n\t<meta property=\"og:image:width\" content=\"581\" \/>\n\t<meta property=\"og:image:height\" content=\"327\" \/>\n\t<meta property=\"og:image:type\" content=\"image\/jpeg\" \/>\n<meta name=\"author\" content=\"Imarketing Digital\" \/>\n<meta name=\"twitter:card\" content=\"summary_large_image\" \/>\n<meta name=\"twitter:label1\" content=\"Written by\" \/>\n\t<meta name=\"twitter:data1\" content=\"Imarketing Digital\" \/>\n\t<meta name=\"twitter:label2\" content=\"Est. reading time\" \/>\n\t<meta name=\"twitter:data2\" content=\"2 minutos\" \/>\n<script type=\"application\/ld+json\" class=\"yoast-schema-graph\">{\"@context\":\"https:\/\/schema.org\",\"@graph\":[{\"@type\":\"WebPage\",\"@id\":\"https:\/\/www.manaus.am.gov.br\/seminf\/prefeitura-de-manaus-trabalha-na-troca-de-tubulacao-na-rede-de-drenagem-profunda-no-bairro-nova-republica\/\",\"url\":\"https:\/\/www.manaus.am.gov.br\/seminf\/prefeitura-de-manaus-trabalha-na-troca-de-tubulacao-na-rede-de-drenagem-profunda-no-bairro-nova-republica\/\",\"name\":\"Prefeitura de Manaus trabalha na troca de tubula\u00e7\u00e3o na rede de drenagem profunda no bairro Nova Rep\u00fablica - SEMINF\",\"isPartOf\":{\"@id\":\"https:\/\/www.manaus.am.gov.br\/seminf\/#website\"},\"primaryImageOfPage\":{\"@id\":\"https:\/\/www.manaus.am.gov.br\/seminf\/prefeitura-de-manaus-trabalha-na-troca-de-tubulacao-na-rede-de-drenagem-profunda-no-bairro-nova-republica\/#primaryimage\"},\"image\":{\"@id\":\"https:\/\/www.manaus.am.gov.br\/seminf\/prefeitura-de-manaus-trabalha-na-troca-de-tubulacao-na-rede-de-drenagem-profunda-no-bairro-nova-republica\/#primaryimage\"},\"thumbnailUrl\":\"https:\/\/www.manaus.am.gov.br\/seminf\/wp-content\/uploads\/sites\/6\/2022\/12\/Prefeitura-de-Manaus-trabalha-na-troca-de-tubulacao-na-rede-de-drenagem-profunda-no-bairro-Nova-Republica.jpg\",\"datePublished\":\"2022-12-21T20:33:00+00:00\",\"dateModified\":\"2022-12-22T13:18:18+00:00\",\"author\":{\"@id\":\"https:\/\/www.manaus.am.gov.br\/seminf\/#\/schema\/person\/79525a47ac5902f50493820d995728ee\"},\"inLanguage\":\"pt-BR\",\"potentialAction\":[{\"@type\":\"ReadAction\",\"target\":[\"https:\/\/www.manaus.am.gov.br\/seminf\/prefeitura-de-manaus-trabalha-na-troca-de-tubulacao-na-rede-de-drenagem-profunda-no-bairro-nova-republica\/\"]}]},{\"@type\":\"ImageObject\",\"inLanguage\":\"pt-BR\",\"@id\":\"https:\/\/www.manaus.am.gov.br\/seminf\/prefeitura-de-manaus-trabalha-na-troca-de-tubulacao-na-rede-de-drenagem-profunda-no-bairro-nova-republica\/#primaryimage\",\"url\":\"https:\/\/www.manaus.am.gov.br\/seminf\/wp-content\/uploads\/sites\/6\/2022\/12\/Prefeitura-de-Manaus-trabalha-na-troca-de-tubulacao-na-rede-de-drenagem-profunda-no-bairro-Nova-Republica.jpg\",\"contentUrl\":\"https:\/\/www.manaus.am.gov.br\/seminf\/wp-content\/uploads\/sites\/6\/2022\/12\/Prefeitura-de-Manaus-trabalha-na-troca-de-tubulacao-na-rede-de-drenagem-profunda-no-bairro-Nova-Republica.jpg\",\"width\":581,\"height\":327,\"caption\":\"Prefeitura de Manaus trabalha na troca de tubula\u00e7\u00e3o na rede de drenagem profunda no bairro Nova Rep\u00fablica\"},{\"@type\":\"WebSite\",\"@id\":\"https:\/\/www.manaus.am.gov.br\/seminf\/#website\",\"url\":\"https:\/\/www.manaus.am.gov.br\/seminf\/\",\"name\":\"Secretaria de Infraestrutura\",\"description\":\"Secretaria Municipal de Infraestrutura\",\"potentialAction\":[{\"@type\":\"SearchAction\",\"target\":{\"@type\":\"EntryPoint\",\"urlTemplate\":\"https:\/\/www.manaus.am.gov.br\/seminf\/?s={search_term_string}\"},\"query-input\":\"required name=search_term_string\"}],\"inLanguage\":\"pt-BR\"},{\"@type\":\"Person\",\"@id\":\"https:\/\/www.manaus.am.gov.br\/seminf\/#\/schema\/person\/79525a47ac5902f50493820d995728ee\",\"name\":\"Imarketing Digital\",\"image\":{\"@type\":\"ImageObject\",\"inLanguage\":\"pt-BR\",\"@id\":\"https:\/\/www.manaus.am.gov.br\/seminf\/#\/schema\/person\/image\/\",\"url\":\"https:\/\/secure.gravatar.com\/avatar\/03432d3c57b756ed9760f7019c815a3a?s=96&d=mm&r=g\",\"contentUrl\":\"https:\/\/secure.gravatar.com\/avatar\/03432d3c57b756ed9760f7019c815a3a?s=96&d=mm&r=g\",\"caption\":\"Imarketing Digital\"}}]}<\/script>\n<!-- \/ Yoast SEO plugin. -->","yoast_head_json":{"title":"Prefeitura de Manaus trabalha na troca de tubula\u00e7\u00e3o na rede de drenagem profunda no bairro Nova Rep\u00fablica - SEMINF","robots":{"index":"index","follow":"follow","max-snippet":"max-snippet:-1","max-image-preview":"max-image-preview:large","max-video-preview":"max-video-preview:-1"},"canonical":"https:\/\/www.manaus.am.gov.br\/seminf\/prefeitura-de-manaus-trabalha-na-troca-de-tubulacao-na-rede-de-drenagem-profunda-no-bairro-nova-republica\/","og_locale":"pt_BR","og_type":"article","og_title":"Prefeitura de Manaus trabalha na troca de tubula\u00e7\u00e3o na rede de drenagem profunda no bairro Nova Rep\u00fablica - SEMINF","og_url":"https:\/\/www.manaus.am.gov.br\/seminf\/prefeitura-de-manaus-trabalha-na-troca-de-tubulacao-na-rede-de-drenagem-profunda-no-bairro-nova-republica\/","og_site_name":"SEMINF","article_published_time":"2022-12-21T20:33:00+00:00","article_modified_time":"2022-12-22T13:18:18+00:00","og_image":[{"width":581,"height":327,"url":"https:\/\/www.manaus.am.gov.br\/seminf\/wp-content\/uploads\/sites\/6\/2022\/12\/Prefeitura-de-Manaus-trabalha-na-troca-de-tubulacao-na-rede-de-drenagem-profunda-no-bairro-Nova-Republica.jpg","type":"image\/jpeg"}],"author":"Imarketing Digital","twitter_card":"summary_large_image","twitter_misc":{"Written by":"Imarketing Digital","Est. reading time":"2 minutos"},"schema":{"@context":"https:\/\/schema.org","@graph":[{"@type":"WebPage","@id":"https:\/\/www.manaus.am.gov.br\/seminf\/prefeitura-de-manaus-trabalha-na-troca-de-tubulacao-na-rede-de-drenagem-profunda-no-bairro-nova-republica\/","url":"https:\/\/www.manaus.am.gov.br\/seminf\/prefeitura-de-manaus-trabalha-na-troca-de-tubulacao-na-rede-de-drenagem-profunda-no-bairro-nova-republica\/","name":"Prefeitura de Manaus trabalha na troca de tubula\u00e7\u00e3o na rede de drenagem profunda no bairro Nova Rep\u00fablica - SEMINF","isPartOf":{"@id":"https:\/\/www.manaus.am.gov.br\/seminf\/#website"},"primaryImageOfPage":{"@id":"https:\/\/www.manaus.am.gov.br\/seminf\/prefeitura-de-manaus-trabalha-na-troca-de-tubulacao-na-rede-de-drenagem-profunda-no-bairro-nova-republica\/#primaryimage"},"image":{"@id":"https:\/\/www.manaus.am.gov.br\/seminf\/prefeitura-de-manaus-trabalha-na-troca-de-tubulacao-na-rede-de-drenagem-profunda-no-bairro-nova-republica\/#primaryimage"},"thumbnailUrl":"https:\/\/www.manaus.am.gov.br\/seminf\/wp-content\/uploads\/sites\/6\/2022\/12\/Prefeitura-de-Manaus-trabalha-na-troca-de-tubulacao-na-rede-de-drenagem-profunda-no-bairro-Nova-Republica.jpg","datePublished":"2022-12-21T20:33:00+00:00","dateModified":"2022-12-22T13:18:18+00:00","author":{"@id":"https:\/\/www.manaus.am.gov.br\/seminf\/#\/schema\/person\/79525a47ac5902f50493820d995728ee"},"inLanguage":"pt-BR","potentialAction":[{"@type":"ReadAction","target":["https:\/\/www.manaus.am.gov.br\/seminf\/prefeitura-de-manaus-trabalha-na-troca-de-tubulacao-na-rede-de-drenagem-profunda-no-bairro-nova-republica\/"]}]},{"@type":"ImageObject","inLanguage":"pt-BR","@id":"https:\/\/www.manaus.am.gov.br\/seminf\/prefeitura-de-manaus-trabalha-na-troca-de-tubulacao-na-rede-de-drenagem-profunda-no-bairro-nova-republica\/#primaryimage","url":"https:\/\/www.manaus.am.gov.br\/seminf\/wp-content\/uploads\/sites\/6\/2022\/12\/Prefeitura-de-Manaus-trabalha-na-troca-de-tubulacao-na-rede-de-drenagem-profunda-no-bairro-Nova-Republica.jpg","contentUrl":"https:\/\/www.manaus.am.gov.br\/seminf\/wp-content\/uploads\/sites\/6\/2022\/12\/Prefeitura-de-Manaus-trabalha-na-troca-de-tubulacao-na-rede-de-drenagem-profunda-no-bairro-Nova-Republica.jpg","width":581,"height":327,"caption":"Prefeitura de Manaus trabalha na troca de tubula\u00e7\u00e3o na rede de drenagem profunda no bairro Nova Rep\u00fablica"},{"@type":"WebSite","@id":"https:\/\/www.manaus.am.gov.br\/seminf\/#website","url":"https:\/\/www.manaus.am.gov.br\/seminf\/","name":"Secretaria de Infraestrutura","description":"Secretaria Municipal de Infraestrutura","potentialAction":[{"@type":"SearchAction","target":{"@type":"EntryPoint","urlTemplate":"https:\/\/www.manaus.am.gov.br\/seminf\/?s={search_term_string}"},"query-input":"required name=search_term_string"}],"inLanguage":"pt-BR"},{"@type":"Person","@id":"https:\/\/www.manaus.am.gov.br\/seminf\/#\/schema\/person\/79525a47ac5902f50493820d995728ee","name":"Imarketing Digital","image":{"@type":"ImageObject","inLanguage":"pt-BR","@id":"https:\/\/www.manaus.am.gov.br\/seminf\/#\/schema\/person\/image\/","url":"https:\/\/secure.gravatar.com\/avatar\/03432d3c57b756ed9760f7019c815a3a?s=96&d=mm&r=g","contentUrl":"https:\/\/secure.gravatar.com\/avatar\/03432d3c57b756ed9760f7019c815a3a?s=96&d=mm&r=g","caption":"Imarketing Digital"}}]}},"_links":{"self":[{"href":"https:\/\/www.manaus.am.gov.br\/seminf\/wp-json\/wp\/v2\/posts\/146"}],"collection":[{"href":"https:\/\/www.manaus.am.gov.br\/seminf\/wp-json\/wp\/v2\/posts"}],"about":[{"href":"https:\/\/www.manaus.am.gov.br\/seminf\/wp-json\/wp\/v2\/types\/post"}],"author":[{"embeddable":true,"href":"https:\/\/www.manaus.am.gov.br\/seminf\/wp-json\/wp\/v2\/users\/27"}],"replies":[{"embeddable":true,"href":"https:\/\/www.manaus.am.gov.br\/seminf\/wp-json\/wp\/v2\/comments?post=146"}],"version-history":[{"count":0,"href":"https:\/\/www.manaus.am.gov.br\/seminf\/wp-json\/wp\/v2\/posts\/146\/revisions"}],"wp:featuredmedia":[{"embeddable":true,"href":"https:\/\/www.manaus.am.gov.br\/seminf\/wp-json\/wp\/v2\/media\/147"}],"wp:attachment":[{"href":"https:\/\/www.manaus.am.gov.br\/seminf\/wp-json\/wp\/v2\/media?parent=146"}],"wp:term":[{"taxonomy":"category","embeddable":true,"href":"https:\/\/www.manaus.am.gov.br\/seminf\/wp-json\/wp\/v2\/categories?post=146"},{"taxonomy":"post_tag","embeddable":true,"href":"https:\/\/www.manaus.am.gov.br\/seminf\/wp-json\/wp\/v2\/tags?post=146"}],"curies":[{"name":"wp","href":"https:\/\/api.w.org\/{rel}","templated":true}]}}