{"id":144,"date":"2022-12-21T15:58:00","date_gmt":"2022-12-21T19:58:00","guid":{"rendered":"https:\/\/www.manaus.am.gov.br\/seminf\/prefeitura-de-manaus-conclui-recuperacao-de-rede-de-drenagem-profunda-na-rua-curipaco-no-bairro-cidade-nova\/"},"modified":"2022-12-22T09:16:30","modified_gmt":"2022-12-22T13:16:30","slug":"prefeitura-de-manaus-conclui-recuperacao-de-rede-de-drenagem-profunda-na-rua-curipaco-no-bairro-cidade-nova","status":"publish","type":"post","link":"https:\/\/www.manaus.am.gov.br\/seminf\/prefeitura-de-manaus-conclui-recuperacao-de-rede-de-drenagem-profunda-na-rua-curipaco-no-bairro-cidade-nova\/","title":{"rendered":"Prefeitura de Manaus conclui recupera\u00e7\u00e3o de rede de drenagem profunda na rua Curipaco, no bairro Cidade Nova"},"content":{"rendered":"\n<p>A Prefeitura de Manaus, por meio da Secretaria Municipal de Infraestrutura (Seminf), concluiu, nesta quarta-feira, 21\/12, a substitui\u00e7\u00e3o de 30 metros da rede de drenagem profunda na avenida Curipaco, no bairro Cidade Nova, zona Norte. No local, um trecho da via foi rompido, provocando o afundamento parcial da via, logo ap\u00f3s a forte chuva que atingiu a capital no \u00faltimo dia 14.<\/p>\n\n\n\n<p>De acordo com o engenheiro da Seminf, respons\u00e1vel pela obra, \u00c9rico Braga, as equipes trabalharam durante toda a semana na substitui\u00e7\u00e3o dos tubos, que foram rompidos, ocasionando o afundamento parcial da pista. No local h\u00e1 uma antiga rede de drenagem de \u00e1guas pluviais, marcada pelo tempo e falta de manuten\u00e7\u00e3o das antigas gest\u00f5es. Os tubos danificados foram substitu\u00eddos por pe\u00e7as mais modernas e mais resistentes, que garantir\u00e3o uma durabilidade maior ao servi\u00e7o.<\/p>\n\n\n\n<p>\u201cAssim que a cratera se formou na via, deslocamos uma equipe para solucionar o problema no menor tempo poss\u00edvel. Trabalhamos em ritmo acelerado, fizemos a substitui\u00e7\u00e3o das pe\u00e7as danificadas da rede de drenagem e j\u00e1 estamos realizando a recupera\u00e7\u00e3o asf\u00e1ltica, como determina o prefeito David Almeida e o secret\u00e1rio de Obras, Renato J\u00fanior\u201d, explicou \u00c9rico.<\/p>\n\n\n\n<p>A aposentada Doralice Silva, 71, disse estar aliviada, porque mora na parte baixa da via e temia inunda\u00e7\u00f5es na \u00e1rea.<\/p>\n\n\n\n<p>\u201cPassei um nervoso quando essa drenagem rompeu, mas estou muito agradecida com a atua\u00e7\u00e3o da prefeitura, que veio de imediato resolver o problema\u201d, comemorou a moradora.<\/p>\n\n\n\n<p>O servi\u00e7o de recupera\u00e7\u00e3o asf\u00e1ltica segue em ritmo acelerado para ser conclu\u00eddo ainda no final desta semana.<\/p>\n\n\n\n<p>Diariamente, os 17 Distritos de Obras trabalham com a execu\u00e7\u00e3o de servi\u00e7os programados e pontuais, que v\u00e3o desde limpeza e desobstru\u00e7\u00e3o de caixas coletoras, at\u00e9 a implanta\u00e7\u00e3o e recupera\u00e7\u00e3o de rede de drenagem e pavimenta\u00e7\u00e3o asf\u00e1ltica.<\/p>\n\n\n\n<p>\u2014 \u2014 \u2014<\/p>\n\n\n\n<p><strong>Texto \u2013&nbsp;<\/strong>Valesca Martins\/Seminf<\/p>\n\n\n\n<p><strong>Fotos \u2013&nbsp;<\/strong>Divulga\u00e7\u00e3o\/ Seminf<\/p>\n\n\n\n<p><strong>Dispon\u00edveis em \u2013<\/strong>&nbsp;<a href=\"https:\/\/flic.kr\/s\/aHBqjAk2U6\">https:\/\/flic.kr\/s\/aHBqjAk2U6<\/a><\/p>\n","protected":false},"excerpt":{"rendered":"","protected":false},"author":27,"featured_media":145,"comment_status":"closed","ping_status":"closed","sticky":false,"template":"","format":"standard","meta":{"footnotes":""},"categories":[4],"tags":[],"acf":[],"yoast_head":"<!-- This site is optimized with the Yoast SEO plugin v23.0 - https:\/\/yoast.com\/wordpress\/plugins\/seo\/ -->\n<title>Prefeitura de Manaus conclui recupera\u00e7\u00e3o de rede de drenagem profunda na rua Curipaco, no bairro Cidade Nova - SEMINF<\/title>\n<meta name=\"robots\" content=\"index, follow, max-snippet:-1, max-image-preview:large, max-video-preview:-1\" \/>\n<link rel=\"canonical\" href=\"https:\/\/www.manaus.am.gov.br\/seminf\/prefeitura-de-manaus-conclui-recuperacao-de-rede-de-drenagem-profunda-na-rua-curipaco-no-bairro-cidade-nova\/\" \/>\n<meta property=\"og:locale\" content=\"pt_BR\" \/>\n<meta property=\"og:type\" content=\"article\" \/>\n<meta property=\"og:title\" content=\"Prefeitura de Manaus conclui recupera\u00e7\u00e3o de rede de drenagem profunda na rua Curipaco, no bairro Cidade Nova - SEMINF\" \/>\n<meta property=\"og:url\" content=\"https:\/\/www.manaus.am.gov.br\/seminf\/prefeitura-de-manaus-conclui-recuperacao-de-rede-de-drenagem-profunda-na-rua-curipaco-no-bairro-cidade-nova\/\" \/>\n<meta property=\"og:site_name\" content=\"SEMINF\" \/>\n<meta property=\"article:published_time\" content=\"2022-12-21T19:58:00+00:00\" \/>\n<meta property=\"article:modified_time\" content=\"2022-12-22T13:16:30+00:00\" \/>\n<meta property=\"og:image\" content=\"https:\/\/www.manaus.am.gov.br\/seminf\/wp-content\/uploads\/sites\/6\/2022\/12\/Prefeitura-de-Manaus-conclui-recuperacao-de-rede-de-drenagem-profunda-na-rua-Curipaco-no-bairro-Cidade-Nova.jpg\" \/>\n\t<meta property=\"og:image:width\" content=\"720\" \/>\n\t<meta property=\"og:image:height\" content=\"407\" \/>\n\t<meta property=\"og:image:type\" content=\"image\/jpeg\" \/>\n<meta name=\"author\" content=\"Imarketing Digital\" \/>\n<meta name=\"twitter:card\" content=\"summary_large_image\" \/>\n<meta name=\"twitter:label1\" content=\"Written by\" \/>\n\t<meta name=\"twitter:data1\" content=\"Imarketing Digital\" \/>\n\t<meta name=\"twitter:label2\" content=\"Est. reading time\" \/>\n\t<meta name=\"twitter:data2\" content=\"2 minutos\" \/>\n<script type=\"application\/ld+json\" class=\"yoast-schema-graph\">{\"@context\":\"https:\/\/schema.org\",\"@graph\":[{\"@type\":\"WebPage\",\"@id\":\"https:\/\/www.manaus.am.gov.br\/seminf\/prefeitura-de-manaus-conclui-recuperacao-de-rede-de-drenagem-profunda-na-rua-curipaco-no-bairro-cidade-nova\/\",\"url\":\"https:\/\/www.manaus.am.gov.br\/seminf\/prefeitura-de-manaus-conclui-recuperacao-de-rede-de-drenagem-profunda-na-rua-curipaco-no-bairro-cidade-nova\/\",\"name\":\"Prefeitura de Manaus conclui recupera\u00e7\u00e3o de rede de drenagem profunda na rua Curipaco, no bairro Cidade Nova - SEMINF\",\"isPartOf\":{\"@id\":\"https:\/\/www.manaus.am.gov.br\/seminf\/#website\"},\"primaryImageOfPage\":{\"@id\":\"https:\/\/www.manaus.am.gov.br\/seminf\/prefeitura-de-manaus-conclui-recuperacao-de-rede-de-drenagem-profunda-na-rua-curipaco-no-bairro-cidade-nova\/#primaryimage\"},\"image\":{\"@id\":\"https:\/\/www.manaus.am.gov.br\/seminf\/prefeitura-de-manaus-conclui-recuperacao-de-rede-de-drenagem-profunda-na-rua-curipaco-no-bairro-cidade-nova\/#primaryimage\"},\"thumbnailUrl\":\"https:\/\/www.manaus.am.gov.br\/seminf\/wp-content\/uploads\/sites\/6\/2022\/12\/Prefeitura-de-Manaus-conclui-recuperacao-de-rede-de-drenagem-profunda-na-rua-Curipaco-no-bairro-Cidade-Nova.jpg\",\"datePublished\":\"2022-12-21T19:58:00+00:00\",\"dateModified\":\"2022-12-22T13:16:30+00:00\",\"author\":{\"@id\":\"https:\/\/www.manaus.am.gov.br\/seminf\/#\/schema\/person\/79525a47ac5902f50493820d995728ee\"},\"inLanguage\":\"pt-BR\",\"potentialAction\":[{\"@type\":\"ReadAction\",\"target\":[\"https:\/\/www.manaus.am.gov.br\/seminf\/prefeitura-de-manaus-conclui-recuperacao-de-rede-de-drenagem-profunda-na-rua-curipaco-no-bairro-cidade-nova\/\"]}]},{\"@type\":\"ImageObject\",\"inLanguage\":\"pt-BR\",\"@id\":\"https:\/\/www.manaus.am.gov.br\/seminf\/prefeitura-de-manaus-conclui-recuperacao-de-rede-de-drenagem-profunda-na-rua-curipaco-no-bairro-cidade-nova\/#primaryimage\",\"url\":\"https:\/\/www.manaus.am.gov.br\/seminf\/wp-content\/uploads\/sites\/6\/2022\/12\/Prefeitura-de-Manaus-conclui-recuperacao-de-rede-de-drenagem-profunda-na-rua-Curipaco-no-bairro-Cidade-Nova.jpg\",\"contentUrl\":\"https:\/\/www.manaus.am.gov.br\/seminf\/wp-content\/uploads\/sites\/6\/2022\/12\/Prefeitura-de-Manaus-conclui-recuperacao-de-rede-de-drenagem-profunda-na-rua-Curipaco-no-bairro-Cidade-Nova.jpg\",\"width\":720,\"height\":407,\"caption\":\"Prefeitura de Manaus conclui recupera\u00e7\u00e3o de rede de drenagem profunda na rua Curipaco, no bairro Cidade Nova\"},{\"@type\":\"WebSite\",\"@id\":\"https:\/\/www.manaus.am.gov.br\/seminf\/#website\",\"url\":\"https:\/\/www.manaus.am.gov.br\/seminf\/\",\"name\":\"Secretaria de Infraestrutura\",\"description\":\"Secretaria Municipal de Infraestrutura\",\"potentialAction\":[{\"@type\":\"SearchAction\",\"target\":{\"@type\":\"EntryPoint\",\"urlTemplate\":\"https:\/\/www.manaus.am.gov.br\/seminf\/?s={search_term_string}\"},\"query-input\":\"required name=search_term_string\"}],\"inLanguage\":\"pt-BR\"},{\"@type\":\"Person\",\"@id\":\"https:\/\/www.manaus.am.gov.br\/seminf\/#\/schema\/person\/79525a47ac5902f50493820d995728ee\",\"name\":\"Imarketing Digital\",\"image\":{\"@type\":\"ImageObject\",\"inLanguage\":\"pt-BR\",\"@id\":\"https:\/\/www.manaus.am.gov.br\/seminf\/#\/schema\/person\/image\/\",\"url\":\"https:\/\/secure.gravatar.com\/avatar\/03432d3c57b756ed9760f7019c815a3a?s=96&d=mm&r=g\",\"contentUrl\":\"https:\/\/secure.gravatar.com\/avatar\/03432d3c57b756ed9760f7019c815a3a?s=96&d=mm&r=g\",\"caption\":\"Imarketing Digital\"}}]}<\/script>\n<!-- \/ Yoast SEO plugin. -->","yoast_head_json":{"title":"Prefeitura de Manaus conclui recupera\u00e7\u00e3o de rede de drenagem profunda na rua Curipaco, no bairro Cidade Nova - SEMINF","robots":{"index":"index","follow":"follow","max-snippet":"max-snippet:-1","max-image-preview":"max-image-preview:large","max-video-preview":"max-video-preview:-1"},"canonical":"https:\/\/www.manaus.am.gov.br\/seminf\/prefeitura-de-manaus-conclui-recuperacao-de-rede-de-drenagem-profunda-na-rua-curipaco-no-bairro-cidade-nova\/","og_locale":"pt_BR","og_type":"article","og_title":"Prefeitura de Manaus conclui recupera\u00e7\u00e3o de rede de drenagem profunda na rua Curipaco, no bairro Cidade Nova - SEMINF","og_url":"https:\/\/www.manaus.am.gov.br\/seminf\/prefeitura-de-manaus-conclui-recuperacao-de-rede-de-drenagem-profunda-na-rua-curipaco-no-bairro-cidade-nova\/","og_site_name":"SEMINF","article_published_time":"2022-12-21T19:58:00+00:00","article_modified_time":"2022-12-22T13:16:30+00:00","og_image":[{"width":720,"height":407,"url":"https:\/\/www.manaus.am.gov.br\/seminf\/wp-content\/uploads\/sites\/6\/2022\/12\/Prefeitura-de-Manaus-conclui-recuperacao-de-rede-de-drenagem-profunda-na-rua-Curipaco-no-bairro-Cidade-Nova.jpg","type":"image\/jpeg"}],"author":"Imarketing Digital","twitter_card":"summary_large_image","twitter_misc":{"Written by":"Imarketing Digital","Est. reading time":"2 minutos"},"schema":{"@context":"https:\/\/schema.org","@graph":[{"@type":"WebPage","@id":"https:\/\/www.manaus.am.gov.br\/seminf\/prefeitura-de-manaus-conclui-recuperacao-de-rede-de-drenagem-profunda-na-rua-curipaco-no-bairro-cidade-nova\/","url":"https:\/\/www.manaus.am.gov.br\/seminf\/prefeitura-de-manaus-conclui-recuperacao-de-rede-de-drenagem-profunda-na-rua-curipaco-no-bairro-cidade-nova\/","name":"Prefeitura de Manaus conclui recupera\u00e7\u00e3o de rede de drenagem profunda na rua Curipaco, no bairro Cidade Nova - SEMINF","isPartOf":{"@id":"https:\/\/www.manaus.am.gov.br\/seminf\/#website"},"primaryImageOfPage":{"@id":"https:\/\/www.manaus.am.gov.br\/seminf\/prefeitura-de-manaus-conclui-recuperacao-de-rede-de-drenagem-profunda-na-rua-curipaco-no-bairro-cidade-nova\/#primaryimage"},"image":{"@id":"https:\/\/www.manaus.am.gov.br\/seminf\/prefeitura-de-manaus-conclui-recuperacao-de-rede-de-drenagem-profunda-na-rua-curipaco-no-bairro-cidade-nova\/#primaryimage"},"thumbnailUrl":"https:\/\/www.manaus.am.gov.br\/seminf\/wp-content\/uploads\/sites\/6\/2022\/12\/Prefeitura-de-Manaus-conclui-recuperacao-de-rede-de-drenagem-profunda-na-rua-Curipaco-no-bairro-Cidade-Nova.jpg","datePublished":"2022-12-21T19:58:00+00:00","dateModified":"2022-12-22T13:16:30+00:00","author":{"@id":"https:\/\/www.manaus.am.gov.br\/seminf\/#\/schema\/person\/79525a47ac5902f50493820d995728ee"},"inLanguage":"pt-BR","potentialAction":[{"@type":"ReadAction","target":["https:\/\/www.manaus.am.gov.br\/seminf\/prefeitura-de-manaus-conclui-recuperacao-de-rede-de-drenagem-profunda-na-rua-curipaco-no-bairro-cidade-nova\/"]}]},{"@type":"ImageObject","inLanguage":"pt-BR","@id":"https:\/\/www.manaus.am.gov.br\/seminf\/prefeitura-de-manaus-conclui-recuperacao-de-rede-de-drenagem-profunda-na-rua-curipaco-no-bairro-cidade-nova\/#primaryimage","url":"https:\/\/www.manaus.am.gov.br\/seminf\/wp-content\/uploads\/sites\/6\/2022\/12\/Prefeitura-de-Manaus-conclui-recuperacao-de-rede-de-drenagem-profunda-na-rua-Curipaco-no-bairro-Cidade-Nova.jpg","contentUrl":"https:\/\/www.manaus.am.gov.br\/seminf\/wp-content\/uploads\/sites\/6\/2022\/12\/Prefeitura-de-Manaus-conclui-recuperacao-de-rede-de-drenagem-profunda-na-rua-Curipaco-no-bairro-Cidade-Nova.jpg","width":720,"height":407,"caption":"Prefeitura de Manaus conclui recupera\u00e7\u00e3o de rede de drenagem profunda na rua Curipaco, no bairro Cidade Nova"},{"@type":"WebSite","@id":"https:\/\/www.manaus.am.gov.br\/seminf\/#website","url":"https:\/\/www.manaus.am.gov.br\/seminf\/","name":"Secretaria de Infraestrutura","description":"Secretaria Municipal de Infraestrutura","potentialAction":[{"@type":"SearchAction","target":{"@type":"EntryPoint","urlTemplate":"https:\/\/www.manaus.am.gov.br\/seminf\/?s={search_term_string}"},"query-input":"required name=search_term_string"}],"inLanguage":"pt-BR"},{"@type":"Person","@id":"https:\/\/www.manaus.am.gov.br\/seminf\/#\/schema\/person\/79525a47ac5902f50493820d995728ee","name":"Imarketing Digital","image":{"@type":"ImageObject","inLanguage":"pt-BR","@id":"https:\/\/www.manaus.am.gov.br\/seminf\/#\/schema\/person\/image\/","url":"https:\/\/secure.gravatar.com\/avatar\/03432d3c57b756ed9760f7019c815a3a?s=96&d=mm&r=g","contentUrl":"https:\/\/secure.gravatar.com\/avatar\/03432d3c57b756ed9760f7019c815a3a?s=96&d=mm&r=g","caption":"Imarketing Digital"}}]}},"_links":{"self":[{"href":"https:\/\/www.manaus.am.gov.br\/seminf\/wp-json\/wp\/v2\/posts\/144"}],"collection":[{"href":"https:\/\/www.manaus.am.gov.br\/seminf\/wp-json\/wp\/v2\/posts"}],"about":[{"href":"https:\/\/www.manaus.am.gov.br\/seminf\/wp-json\/wp\/v2\/types\/post"}],"author":[{"embeddable":true,"href":"https:\/\/www.manaus.am.gov.br\/seminf\/wp-json\/wp\/v2\/users\/27"}],"replies":[{"embeddable":true,"href":"https:\/\/www.manaus.am.gov.br\/seminf\/wp-json\/wp\/v2\/comments?post=144"}],"version-history":[{"count":0,"href":"https:\/\/www.manaus.am.gov.br\/seminf\/wp-json\/wp\/v2\/posts\/144\/revisions"}],"wp:featuredmedia":[{"embeddable":true,"href":"https:\/\/www.manaus.am.gov.br\/seminf\/wp-json\/wp\/v2\/media\/145"}],"wp:attachment":[{"href":"https:\/\/www.manaus.am.gov.br\/seminf\/wp-json\/wp\/v2\/media?parent=144"}],"wp:term":[{"taxonomy":"category","embeddable":true,"href":"https:\/\/www.manaus.am.gov.br\/seminf\/wp-json\/wp\/v2\/categories?post=144"},{"taxonomy":"post_tag","embeddable":true,"href":"https:\/\/www.manaus.am.gov.br\/seminf\/wp-json\/wp\/v2\/tags?post=144"}],"curies":[{"name":"wp","href":"https:\/\/api.w.org\/{rel}","templated":true}]}}