{"id":142,"date":"2022-12-21T15:30:00","date_gmt":"2022-12-21T19:30:00","guid":{"rendered":"https:\/\/www.manaus.am.gov.br\/seminf\/prefeitura-de-manaus-realiza-obra-emergencial-de-drenagem-profunda-no-bairro-cidade-nova\/"},"modified":"2022-12-22T09:14:50","modified_gmt":"2022-12-22T13:14:50","slug":"prefeitura-de-manaus-realiza-obra-emergencial-de-drenagem-profunda-no-bairro-cidade-nova","status":"publish","type":"post","link":"https:\/\/www.manaus.am.gov.br\/seminf\/prefeitura-de-manaus-realiza-obra-emergencial-de-drenagem-profunda-no-bairro-cidade-nova\/","title":{"rendered":"Prefeitura de Manaus realiza obra emergencial de drenagem profunda no bairro Cidade Nova"},"content":{"rendered":"\n<p>A Prefeitura de Manaus, por meio da Secretaria Municipal de Infraestrutura (Seminf), trabalha, nesta quarta-feira, 21\/12, de forma emergencial, na recupera\u00e7\u00e3o da drenagem profunda em trecho da rua 184, n\u00facleo 15, bairro Cidade Nova, zona Norte da cidade.<\/p>\n\n\n\n<p>Na \u00faltima chuva, o local sofreu com o rompimento da rede de drenagem, abrindo um buraco no meio da via, causando transtornos. De imediato, as equipes de for\u00e7a-tarefa da Seminf foram deslocadas para a \u00e1rea e atuam para regularizar a situa\u00e7\u00e3o.<\/p>\n\n\n\n<p>Uma equipe com 12 servidores e uma retroescavadeira iniciaram o trabalho de troca da tubula\u00e7\u00e3o rompida, por pe\u00e7as novas, com uma tecnologia mais moderna e duradoura.<\/p>\n\n\n\n<p>Para o fiscal da obra, engenheiro \u00c9rico Braga, a obra emergencial se deu em consequ\u00eancia do desgaste e falta de manuten\u00e7\u00e3o nas redes de \u00e1guas pluviais.<\/p>\n\n\n\n<p>\u201cCom o in\u00edcio do per\u00edodo chuvoso, a determina\u00e7\u00e3o do prefeito David Almeida e do secret\u00e1rio de Obras, Renato J\u00fanior, foi de montarmos uma for\u00e7a-tarefa. Mobilizamos todo o nosso pessoal, para que n\u00e3o falte m\u00e3o de obra, material e equipamento para agilizarmos os servi\u00e7os de rompimentos de drenagens na cidade de Manaus. S\u00e3o muitas ocorr\u00eancias na cidade toda, mas estamos preparados para atuarmos de maneira imediata\u201d, explicou o engenheiro.<\/p>\n\n\n\n<p>Na rua 184, as equipes atuam com celeridade, uma vez que a via \u00e9 de grande fluxo de ve\u00edculos. Finalizado o servi\u00e7o na rede de drenagem, a \u00e1rea receber\u00e1 aterro e recomposi\u00e7\u00e3o asf\u00e1ltica, para devolver a trafegabilidade segura da popula\u00e7\u00e3o.<\/p>\n\n\n\n<p>\u2014 \u2014 \u2014<\/p>\n\n\n\n<p><strong>Texto \u2013<\/strong>&nbsp;Valesca Martins\/ Seminf<\/p>\n\n\n\n<p><strong>Fotos \u2013&nbsp;<\/strong>Divulga\u00e7\u00e3o\/ Seminf<\/p>\n\n\n\n<p><strong>Dispon\u00edveis em \u2013<\/strong>&nbsp;<a href=\"https:\/\/flic.kr\/s\/aHBqjAk4zH\">https:\/\/flic.kr\/s\/aHBqjAk4zH<\/a><\/p>\n","protected":false},"excerpt":{"rendered":"","protected":false},"author":27,"featured_media":143,"comment_status":"closed","ping_status":"closed","sticky":false,"template":"","format":"standard","meta":{"footnotes":""},"categories":[7],"tags":[],"acf":[],"yoast_head":"<!-- This site is optimized with the Yoast SEO plugin v23.0 - https:\/\/yoast.com\/wordpress\/plugins\/seo\/ -->\n<title>Prefeitura de Manaus realiza obra emergencial de drenagem profunda no bairro Cidade Nova - SEMINF<\/title>\n<meta name=\"robots\" content=\"index, follow, max-snippet:-1, max-image-preview:large, max-video-preview:-1\" \/>\n<link rel=\"canonical\" href=\"https:\/\/www.manaus.am.gov.br\/seminf\/prefeitura-de-manaus-realiza-obra-emergencial-de-drenagem-profunda-no-bairro-cidade-nova\/\" \/>\n<meta property=\"og:locale\" content=\"pt_BR\" \/>\n<meta property=\"og:type\" content=\"article\" \/>\n<meta property=\"og:title\" content=\"Prefeitura de Manaus realiza obra emergencial de drenagem profunda no bairro Cidade Nova - SEMINF\" \/>\n<meta property=\"og:url\" content=\"https:\/\/www.manaus.am.gov.br\/seminf\/prefeitura-de-manaus-realiza-obra-emergencial-de-drenagem-profunda-no-bairro-cidade-nova\/\" \/>\n<meta property=\"og:site_name\" content=\"SEMINF\" \/>\n<meta property=\"article:published_time\" content=\"2022-12-21T19:30:00+00:00\" \/>\n<meta property=\"article:modified_time\" content=\"2022-12-22T13:14:50+00:00\" \/>\n<meta property=\"og:image\" content=\"https:\/\/www.manaus.am.gov.br\/seminf\/wp-content\/uploads\/sites\/6\/2022\/12\/Prefeitura-de-Manaus-realiza-obra-emergencial-de-drenagem-profunda-no-bairro-Cidade-Nova.jpg\" \/>\n\t<meta property=\"og:image:width\" content=\"720\" \/>\n\t<meta property=\"og:image:height\" content=\"407\" \/>\n\t<meta property=\"og:image:type\" content=\"image\/jpeg\" \/>\n<meta name=\"author\" content=\"Imarketing Digital\" \/>\n<meta name=\"twitter:card\" content=\"summary_large_image\" \/>\n<meta name=\"twitter:label1\" content=\"Written by\" \/>\n\t<meta name=\"twitter:data1\" content=\"Imarketing Digital\" \/>\n\t<meta name=\"twitter:label2\" content=\"Est. reading time\" \/>\n\t<meta name=\"twitter:data2\" content=\"2 minutos\" \/>\n<script type=\"application\/ld+json\" class=\"yoast-schema-graph\">{\"@context\":\"https:\/\/schema.org\",\"@graph\":[{\"@type\":\"WebPage\",\"@id\":\"https:\/\/www.manaus.am.gov.br\/seminf\/prefeitura-de-manaus-realiza-obra-emergencial-de-drenagem-profunda-no-bairro-cidade-nova\/\",\"url\":\"https:\/\/www.manaus.am.gov.br\/seminf\/prefeitura-de-manaus-realiza-obra-emergencial-de-drenagem-profunda-no-bairro-cidade-nova\/\",\"name\":\"Prefeitura de Manaus realiza obra emergencial de drenagem profunda no bairro Cidade Nova - SEMINF\",\"isPartOf\":{\"@id\":\"https:\/\/www.manaus.am.gov.br\/seminf\/#website\"},\"primaryImageOfPage\":{\"@id\":\"https:\/\/www.manaus.am.gov.br\/seminf\/prefeitura-de-manaus-realiza-obra-emergencial-de-drenagem-profunda-no-bairro-cidade-nova\/#primaryimage\"},\"image\":{\"@id\":\"https:\/\/www.manaus.am.gov.br\/seminf\/prefeitura-de-manaus-realiza-obra-emergencial-de-drenagem-profunda-no-bairro-cidade-nova\/#primaryimage\"},\"thumbnailUrl\":\"https:\/\/www.manaus.am.gov.br\/seminf\/wp-content\/uploads\/sites\/6\/2022\/12\/Prefeitura-de-Manaus-realiza-obra-emergencial-de-drenagem-profunda-no-bairro-Cidade-Nova.jpg\",\"datePublished\":\"2022-12-21T19:30:00+00:00\",\"dateModified\":\"2022-12-22T13:14:50+00:00\",\"author\":{\"@id\":\"https:\/\/www.manaus.am.gov.br\/seminf\/#\/schema\/person\/79525a47ac5902f50493820d995728ee\"},\"inLanguage\":\"pt-BR\",\"potentialAction\":[{\"@type\":\"ReadAction\",\"target\":[\"https:\/\/www.manaus.am.gov.br\/seminf\/prefeitura-de-manaus-realiza-obra-emergencial-de-drenagem-profunda-no-bairro-cidade-nova\/\"]}]},{\"@type\":\"ImageObject\",\"inLanguage\":\"pt-BR\",\"@id\":\"https:\/\/www.manaus.am.gov.br\/seminf\/prefeitura-de-manaus-realiza-obra-emergencial-de-drenagem-profunda-no-bairro-cidade-nova\/#primaryimage\",\"url\":\"https:\/\/www.manaus.am.gov.br\/seminf\/wp-content\/uploads\/sites\/6\/2022\/12\/Prefeitura-de-Manaus-realiza-obra-emergencial-de-drenagem-profunda-no-bairro-Cidade-Nova.jpg\",\"contentUrl\":\"https:\/\/www.manaus.am.gov.br\/seminf\/wp-content\/uploads\/sites\/6\/2022\/12\/Prefeitura-de-Manaus-realiza-obra-emergencial-de-drenagem-profunda-no-bairro-Cidade-Nova.jpg\",\"width\":720,\"height\":407,\"caption\":\"Prefeitura de Manaus realiza obra emergencial de drenagem profunda no bairro Cidade Nova\"},{\"@type\":\"WebSite\",\"@id\":\"https:\/\/www.manaus.am.gov.br\/seminf\/#website\",\"url\":\"https:\/\/www.manaus.am.gov.br\/seminf\/\",\"name\":\"Secretaria de Infraestrutura\",\"description\":\"Secretaria Municipal de Infraestrutura\",\"potentialAction\":[{\"@type\":\"SearchAction\",\"target\":{\"@type\":\"EntryPoint\",\"urlTemplate\":\"https:\/\/www.manaus.am.gov.br\/seminf\/?s={search_term_string}\"},\"query-input\":\"required name=search_term_string\"}],\"inLanguage\":\"pt-BR\"},{\"@type\":\"Person\",\"@id\":\"https:\/\/www.manaus.am.gov.br\/seminf\/#\/schema\/person\/79525a47ac5902f50493820d995728ee\",\"name\":\"Imarketing Digital\",\"image\":{\"@type\":\"ImageObject\",\"inLanguage\":\"pt-BR\",\"@id\":\"https:\/\/www.manaus.am.gov.br\/seminf\/#\/schema\/person\/image\/\",\"url\":\"https:\/\/secure.gravatar.com\/avatar\/03432d3c57b756ed9760f7019c815a3a?s=96&d=mm&r=g\",\"contentUrl\":\"https:\/\/secure.gravatar.com\/avatar\/03432d3c57b756ed9760f7019c815a3a?s=96&d=mm&r=g\",\"caption\":\"Imarketing Digital\"}}]}<\/script>\n<!-- \/ Yoast SEO plugin. -->","yoast_head_json":{"title":"Prefeitura de Manaus realiza obra emergencial de drenagem profunda no bairro Cidade Nova - SEMINF","robots":{"index":"index","follow":"follow","max-snippet":"max-snippet:-1","max-image-preview":"max-image-preview:large","max-video-preview":"max-video-preview:-1"},"canonical":"https:\/\/www.manaus.am.gov.br\/seminf\/prefeitura-de-manaus-realiza-obra-emergencial-de-drenagem-profunda-no-bairro-cidade-nova\/","og_locale":"pt_BR","og_type":"article","og_title":"Prefeitura de Manaus realiza obra emergencial de drenagem profunda no bairro Cidade Nova - SEMINF","og_url":"https:\/\/www.manaus.am.gov.br\/seminf\/prefeitura-de-manaus-realiza-obra-emergencial-de-drenagem-profunda-no-bairro-cidade-nova\/","og_site_name":"SEMINF","article_published_time":"2022-12-21T19:30:00+00:00","article_modified_time":"2022-12-22T13:14:50+00:00","og_image":[{"width":720,"height":407,"url":"https:\/\/www.manaus.am.gov.br\/seminf\/wp-content\/uploads\/sites\/6\/2022\/12\/Prefeitura-de-Manaus-realiza-obra-emergencial-de-drenagem-profunda-no-bairro-Cidade-Nova.jpg","type":"image\/jpeg"}],"author":"Imarketing Digital","twitter_card":"summary_large_image","twitter_misc":{"Written by":"Imarketing Digital","Est. reading time":"2 minutos"},"schema":{"@context":"https:\/\/schema.org","@graph":[{"@type":"WebPage","@id":"https:\/\/www.manaus.am.gov.br\/seminf\/prefeitura-de-manaus-realiza-obra-emergencial-de-drenagem-profunda-no-bairro-cidade-nova\/","url":"https:\/\/www.manaus.am.gov.br\/seminf\/prefeitura-de-manaus-realiza-obra-emergencial-de-drenagem-profunda-no-bairro-cidade-nova\/","name":"Prefeitura de Manaus realiza obra emergencial de drenagem profunda no bairro Cidade Nova - SEMINF","isPartOf":{"@id":"https:\/\/www.manaus.am.gov.br\/seminf\/#website"},"primaryImageOfPage":{"@id":"https:\/\/www.manaus.am.gov.br\/seminf\/prefeitura-de-manaus-realiza-obra-emergencial-de-drenagem-profunda-no-bairro-cidade-nova\/#primaryimage"},"image":{"@id":"https:\/\/www.manaus.am.gov.br\/seminf\/prefeitura-de-manaus-realiza-obra-emergencial-de-drenagem-profunda-no-bairro-cidade-nova\/#primaryimage"},"thumbnailUrl":"https:\/\/www.manaus.am.gov.br\/seminf\/wp-content\/uploads\/sites\/6\/2022\/12\/Prefeitura-de-Manaus-realiza-obra-emergencial-de-drenagem-profunda-no-bairro-Cidade-Nova.jpg","datePublished":"2022-12-21T19:30:00+00:00","dateModified":"2022-12-22T13:14:50+00:00","author":{"@id":"https:\/\/www.manaus.am.gov.br\/seminf\/#\/schema\/person\/79525a47ac5902f50493820d995728ee"},"inLanguage":"pt-BR","potentialAction":[{"@type":"ReadAction","target":["https:\/\/www.manaus.am.gov.br\/seminf\/prefeitura-de-manaus-realiza-obra-emergencial-de-drenagem-profunda-no-bairro-cidade-nova\/"]}]},{"@type":"ImageObject","inLanguage":"pt-BR","@id":"https:\/\/www.manaus.am.gov.br\/seminf\/prefeitura-de-manaus-realiza-obra-emergencial-de-drenagem-profunda-no-bairro-cidade-nova\/#primaryimage","url":"https:\/\/www.manaus.am.gov.br\/seminf\/wp-content\/uploads\/sites\/6\/2022\/12\/Prefeitura-de-Manaus-realiza-obra-emergencial-de-drenagem-profunda-no-bairro-Cidade-Nova.jpg","contentUrl":"https:\/\/www.manaus.am.gov.br\/seminf\/wp-content\/uploads\/sites\/6\/2022\/12\/Prefeitura-de-Manaus-realiza-obra-emergencial-de-drenagem-profunda-no-bairro-Cidade-Nova.jpg","width":720,"height":407,"caption":"Prefeitura de Manaus realiza obra emergencial de drenagem profunda no bairro Cidade Nova"},{"@type":"WebSite","@id":"https:\/\/www.manaus.am.gov.br\/seminf\/#website","url":"https:\/\/www.manaus.am.gov.br\/seminf\/","name":"Secretaria de Infraestrutura","description":"Secretaria Municipal de Infraestrutura","potentialAction":[{"@type":"SearchAction","target":{"@type":"EntryPoint","urlTemplate":"https:\/\/www.manaus.am.gov.br\/seminf\/?s={search_term_string}"},"query-input":"required name=search_term_string"}],"inLanguage":"pt-BR"},{"@type":"Person","@id":"https:\/\/www.manaus.am.gov.br\/seminf\/#\/schema\/person\/79525a47ac5902f50493820d995728ee","name":"Imarketing Digital","image":{"@type":"ImageObject","inLanguage":"pt-BR","@id":"https:\/\/www.manaus.am.gov.br\/seminf\/#\/schema\/person\/image\/","url":"https:\/\/secure.gravatar.com\/avatar\/03432d3c57b756ed9760f7019c815a3a?s=96&d=mm&r=g","contentUrl":"https:\/\/secure.gravatar.com\/avatar\/03432d3c57b756ed9760f7019c815a3a?s=96&d=mm&r=g","caption":"Imarketing Digital"}}]}},"_links":{"self":[{"href":"https:\/\/www.manaus.am.gov.br\/seminf\/wp-json\/wp\/v2\/posts\/142"}],"collection":[{"href":"https:\/\/www.manaus.am.gov.br\/seminf\/wp-json\/wp\/v2\/posts"}],"about":[{"href":"https:\/\/www.manaus.am.gov.br\/seminf\/wp-json\/wp\/v2\/types\/post"}],"author":[{"embeddable":true,"href":"https:\/\/www.manaus.am.gov.br\/seminf\/wp-json\/wp\/v2\/users\/27"}],"replies":[{"embeddable":true,"href":"https:\/\/www.manaus.am.gov.br\/seminf\/wp-json\/wp\/v2\/comments?post=142"}],"version-history":[{"count":0,"href":"https:\/\/www.manaus.am.gov.br\/seminf\/wp-json\/wp\/v2\/posts\/142\/revisions"}],"wp:featuredmedia":[{"embeddable":true,"href":"https:\/\/www.manaus.am.gov.br\/seminf\/wp-json\/wp\/v2\/media\/143"}],"wp:attachment":[{"href":"https:\/\/www.manaus.am.gov.br\/seminf\/wp-json\/wp\/v2\/media?parent=142"}],"wp:term":[{"taxonomy":"category","embeddable":true,"href":"https:\/\/www.manaus.am.gov.br\/seminf\/wp-json\/wp\/v2\/categories?post=142"},{"taxonomy":"post_tag","embeddable":true,"href":"https:\/\/www.manaus.am.gov.br\/seminf\/wp-json\/wp\/v2\/tags?post=142"}],"curies":[{"name":"wp","href":"https:\/\/api.w.org\/{rel}","templated":true}]}}