{"id":140,"date":"2022-12-21T14:41:00","date_gmt":"2022-12-21T18:41:00","guid":{"rendered":"https:\/\/www.manaus.am.gov.br\/seminf\/prefeitura-de-manaus-atua-na-conclusao-de-obra-emergencial-em-rede-de-drenagem-no-conjunto-eldorado\/"},"modified":"2022-12-22T09:11:54","modified_gmt":"2022-12-22T13:11:54","slug":"prefeitura-de-manaus-atua-na-conclusao-de-obra-emergencial-em-rede-de-drenagem-no-conjunto-eldorado","status":"publish","type":"post","link":"https:\/\/www.manaus.am.gov.br\/seminf\/prefeitura-de-manaus-atua-na-conclusao-de-obra-emergencial-em-rede-de-drenagem-no-conjunto-eldorado\/","title":{"rendered":"Prefeitura de Manaus atua na conclus\u00e3o de obra emergencial em rede de drenagem no conjunto Eldorado"},"content":{"rendered":"\n<p>A Prefeitura de Manaus, por meio da Secretaria Municipal de Infraestrutura (Seminf), concluiu nesta quarta-feira, 21\/12, as obras emergenciais de recupera\u00e7\u00e3o em uma tubula\u00e7\u00e3o de drenagem profunda muito antiga, que cedeu no trecho da rua Dona Balbina Cordeiro, no conjunto Eldorado, bairro Parque 10 de Novembro, na zona Centro-Sul da capital.<\/p>\n\n\n\n<p>De acordo com o chefe da Divis\u00e3o de Dragagem e Drenagem da Seminf, Ednaldo Ramos, o problema foi ocasionado pelas fortes chuvas e o ac\u00famulo de lixo na tubula\u00e7\u00e3o, impedindo a passagem da \u00e1gua e causando o rompimento dos tubos instalados no local h\u00e1 mais de 30 anos.<\/p>\n\n\n\n<p>\u201cEssa tubula\u00e7\u00e3o n\u00e3o recebia reparos h\u00e1 d\u00e9cadas, o que causou a eros\u00e3o, com afundamento de parte da via, dificultando o tr\u00e1fego no local. Nossas equipes foram acionadas de forma emergencial e aqui implantamos novos tubos em concreto para evitar que novas eros\u00f5es ocorram nesta \u00e1rea\u201d, afirmou Ramos.<\/p>\n\n\n\n<p>Dez novos tubos foram implantados na rede de drenagem, bem mais amplos com aduelas em concreto, uma tecnologia mais moderna, para dar mais vaz\u00e3o ao fluxo de \u00e1guas pluviais. Ap\u00f3s a substitui\u00e7\u00e3o da antiga tubula\u00e7\u00e3o, as equipes da Seminf realizaram os servi\u00e7os de aterro e agora trabalham no asfaltamento do trecho afetado, para que a via possa ser liberada com seguran\u00e7a.<\/p>\n\n\n\n<hr class=\"wp-block-separator has-alpha-channel-opacity\"\/>\n\n\n\n<p><strong>Texto \u2013<\/strong>\u00a0Mariana Rocha \/ Seminf<br><strong>Fotos \u2013<\/strong>\u00a0M\u00e1rcio Melo \/ Seminf<br><strong>Dispon\u00edveis em \u2013<\/strong>\u00a0<a href=\"https:\/\/flic.kr\/s\/aHBqjAk931\">https:\/\/flic.kr\/s\/aHBqjAk931<\/a><\/p>\n","protected":false},"excerpt":{"rendered":"","protected":false},"author":27,"featured_media":141,"comment_status":"closed","ping_status":"closed","sticky":false,"template":"","format":"standard","meta":{"footnotes":""},"categories":[6],"tags":[],"acf":[],"yoast_head":"<!-- This site is optimized with the Yoast SEO plugin v23.0 - https:\/\/yoast.com\/wordpress\/plugins\/seo\/ -->\n<title>Prefeitura de Manaus atua na conclus\u00e3o de obra emergencial em rede de drenagem no conjunto Eldorado - SEMINF<\/title>\n<meta name=\"robots\" content=\"index, follow, max-snippet:-1, max-image-preview:large, max-video-preview:-1\" \/>\n<link rel=\"canonical\" href=\"https:\/\/www.manaus.am.gov.br\/seminf\/prefeitura-de-manaus-atua-na-conclusao-de-obra-emergencial-em-rede-de-drenagem-no-conjunto-eldorado\/\" \/>\n<meta property=\"og:locale\" content=\"pt_BR\" \/>\n<meta property=\"og:type\" content=\"article\" \/>\n<meta property=\"og:title\" content=\"Prefeitura de Manaus atua na conclus\u00e3o de obra emergencial em rede de drenagem no conjunto Eldorado - SEMINF\" \/>\n<meta property=\"og:url\" content=\"https:\/\/www.manaus.am.gov.br\/seminf\/prefeitura-de-manaus-atua-na-conclusao-de-obra-emergencial-em-rede-de-drenagem-no-conjunto-eldorado\/\" \/>\n<meta property=\"og:site_name\" content=\"SEMINF\" \/>\n<meta property=\"article:published_time\" content=\"2022-12-21T18:41:00+00:00\" \/>\n<meta property=\"article:modified_time\" content=\"2022-12-22T13:11:54+00:00\" \/>\n<meta property=\"og:image\" content=\"https:\/\/www.manaus.am.gov.br\/seminf\/wp-content\/uploads\/sites\/6\/2022\/12\/Prefeitura-de-Manaus-atua-na-conclusao-de-obra-emergencial-em-rede-de-drenagem-no-conjunto-Eldorado.jpg\" \/>\n\t<meta property=\"og:image:width\" content=\"720\" \/>\n\t<meta property=\"og:image:height\" content=\"407\" \/>\n\t<meta property=\"og:image:type\" content=\"image\/jpeg\" \/>\n<meta name=\"author\" content=\"Imarketing Digital\" \/>\n<meta name=\"twitter:card\" content=\"summary_large_image\" \/>\n<meta name=\"twitter:label1\" content=\"Written by\" \/>\n\t<meta name=\"twitter:data1\" content=\"Imarketing Digital\" \/>\n\t<meta name=\"twitter:label2\" content=\"Est. reading time\" \/>\n\t<meta name=\"twitter:data2\" content=\"2 minutos\" \/>\n<script type=\"application\/ld+json\" class=\"yoast-schema-graph\">{\"@context\":\"https:\/\/schema.org\",\"@graph\":[{\"@type\":\"WebPage\",\"@id\":\"https:\/\/www.manaus.am.gov.br\/seminf\/prefeitura-de-manaus-atua-na-conclusao-de-obra-emergencial-em-rede-de-drenagem-no-conjunto-eldorado\/\",\"url\":\"https:\/\/www.manaus.am.gov.br\/seminf\/prefeitura-de-manaus-atua-na-conclusao-de-obra-emergencial-em-rede-de-drenagem-no-conjunto-eldorado\/\",\"name\":\"Prefeitura de Manaus atua na conclus\u00e3o de obra emergencial em rede de drenagem no conjunto Eldorado - SEMINF\",\"isPartOf\":{\"@id\":\"https:\/\/www.manaus.am.gov.br\/seminf\/#website\"},\"primaryImageOfPage\":{\"@id\":\"https:\/\/www.manaus.am.gov.br\/seminf\/prefeitura-de-manaus-atua-na-conclusao-de-obra-emergencial-em-rede-de-drenagem-no-conjunto-eldorado\/#primaryimage\"},\"image\":{\"@id\":\"https:\/\/www.manaus.am.gov.br\/seminf\/prefeitura-de-manaus-atua-na-conclusao-de-obra-emergencial-em-rede-de-drenagem-no-conjunto-eldorado\/#primaryimage\"},\"thumbnailUrl\":\"https:\/\/www.manaus.am.gov.br\/seminf\/wp-content\/uploads\/sites\/6\/2022\/12\/Prefeitura-de-Manaus-atua-na-conclusao-de-obra-emergencial-em-rede-de-drenagem-no-conjunto-Eldorado.jpg\",\"datePublished\":\"2022-12-21T18:41:00+00:00\",\"dateModified\":\"2022-12-22T13:11:54+00:00\",\"author\":{\"@id\":\"https:\/\/www.manaus.am.gov.br\/seminf\/#\/schema\/person\/79525a47ac5902f50493820d995728ee\"},\"inLanguage\":\"pt-BR\",\"potentialAction\":[{\"@type\":\"ReadAction\",\"target\":[\"https:\/\/www.manaus.am.gov.br\/seminf\/prefeitura-de-manaus-atua-na-conclusao-de-obra-emergencial-em-rede-de-drenagem-no-conjunto-eldorado\/\"]}]},{\"@type\":\"ImageObject\",\"inLanguage\":\"pt-BR\",\"@id\":\"https:\/\/www.manaus.am.gov.br\/seminf\/prefeitura-de-manaus-atua-na-conclusao-de-obra-emergencial-em-rede-de-drenagem-no-conjunto-eldorado\/#primaryimage\",\"url\":\"https:\/\/www.manaus.am.gov.br\/seminf\/wp-content\/uploads\/sites\/6\/2022\/12\/Prefeitura-de-Manaus-atua-na-conclusao-de-obra-emergencial-em-rede-de-drenagem-no-conjunto-Eldorado.jpg\",\"contentUrl\":\"https:\/\/www.manaus.am.gov.br\/seminf\/wp-content\/uploads\/sites\/6\/2022\/12\/Prefeitura-de-Manaus-atua-na-conclusao-de-obra-emergencial-em-rede-de-drenagem-no-conjunto-Eldorado.jpg\",\"width\":720,\"height\":407,\"caption\":\"Prefeitura de Manaus atua na conclus\u00e3o de obra emergencial em rede de drenagem no conjunto Eldorado\"},{\"@type\":\"WebSite\",\"@id\":\"https:\/\/www.manaus.am.gov.br\/seminf\/#website\",\"url\":\"https:\/\/www.manaus.am.gov.br\/seminf\/\",\"name\":\"Secretaria de Infraestrutura\",\"description\":\"Secretaria Municipal de Infraestrutura\",\"potentialAction\":[{\"@type\":\"SearchAction\",\"target\":{\"@type\":\"EntryPoint\",\"urlTemplate\":\"https:\/\/www.manaus.am.gov.br\/seminf\/?s={search_term_string}\"},\"query-input\":\"required name=search_term_string\"}],\"inLanguage\":\"pt-BR\"},{\"@type\":\"Person\",\"@id\":\"https:\/\/www.manaus.am.gov.br\/seminf\/#\/schema\/person\/79525a47ac5902f50493820d995728ee\",\"name\":\"Imarketing Digital\",\"image\":{\"@type\":\"ImageObject\",\"inLanguage\":\"pt-BR\",\"@id\":\"https:\/\/www.manaus.am.gov.br\/seminf\/#\/schema\/person\/image\/\",\"url\":\"https:\/\/secure.gravatar.com\/avatar\/03432d3c57b756ed9760f7019c815a3a?s=96&d=mm&r=g\",\"contentUrl\":\"https:\/\/secure.gravatar.com\/avatar\/03432d3c57b756ed9760f7019c815a3a?s=96&d=mm&r=g\",\"caption\":\"Imarketing Digital\"}}]}<\/script>\n<!-- \/ Yoast SEO plugin. -->","yoast_head_json":{"title":"Prefeitura de Manaus atua na conclus\u00e3o de obra emergencial em rede de drenagem no conjunto Eldorado - SEMINF","robots":{"index":"index","follow":"follow","max-snippet":"max-snippet:-1","max-image-preview":"max-image-preview:large","max-video-preview":"max-video-preview:-1"},"canonical":"https:\/\/www.manaus.am.gov.br\/seminf\/prefeitura-de-manaus-atua-na-conclusao-de-obra-emergencial-em-rede-de-drenagem-no-conjunto-eldorado\/","og_locale":"pt_BR","og_type":"article","og_title":"Prefeitura de Manaus atua na conclus\u00e3o de obra emergencial em rede de drenagem no conjunto Eldorado - SEMINF","og_url":"https:\/\/www.manaus.am.gov.br\/seminf\/prefeitura-de-manaus-atua-na-conclusao-de-obra-emergencial-em-rede-de-drenagem-no-conjunto-eldorado\/","og_site_name":"SEMINF","article_published_time":"2022-12-21T18:41:00+00:00","article_modified_time":"2022-12-22T13:11:54+00:00","og_image":[{"width":720,"height":407,"url":"https:\/\/www.manaus.am.gov.br\/seminf\/wp-content\/uploads\/sites\/6\/2022\/12\/Prefeitura-de-Manaus-atua-na-conclusao-de-obra-emergencial-em-rede-de-drenagem-no-conjunto-Eldorado.jpg","type":"image\/jpeg"}],"author":"Imarketing Digital","twitter_card":"summary_large_image","twitter_misc":{"Written by":"Imarketing Digital","Est. reading time":"2 minutos"},"schema":{"@context":"https:\/\/schema.org","@graph":[{"@type":"WebPage","@id":"https:\/\/www.manaus.am.gov.br\/seminf\/prefeitura-de-manaus-atua-na-conclusao-de-obra-emergencial-em-rede-de-drenagem-no-conjunto-eldorado\/","url":"https:\/\/www.manaus.am.gov.br\/seminf\/prefeitura-de-manaus-atua-na-conclusao-de-obra-emergencial-em-rede-de-drenagem-no-conjunto-eldorado\/","name":"Prefeitura de Manaus atua na conclus\u00e3o de obra emergencial em rede de drenagem no conjunto Eldorado - SEMINF","isPartOf":{"@id":"https:\/\/www.manaus.am.gov.br\/seminf\/#website"},"primaryImageOfPage":{"@id":"https:\/\/www.manaus.am.gov.br\/seminf\/prefeitura-de-manaus-atua-na-conclusao-de-obra-emergencial-em-rede-de-drenagem-no-conjunto-eldorado\/#primaryimage"},"image":{"@id":"https:\/\/www.manaus.am.gov.br\/seminf\/prefeitura-de-manaus-atua-na-conclusao-de-obra-emergencial-em-rede-de-drenagem-no-conjunto-eldorado\/#primaryimage"},"thumbnailUrl":"https:\/\/www.manaus.am.gov.br\/seminf\/wp-content\/uploads\/sites\/6\/2022\/12\/Prefeitura-de-Manaus-atua-na-conclusao-de-obra-emergencial-em-rede-de-drenagem-no-conjunto-Eldorado.jpg","datePublished":"2022-12-21T18:41:00+00:00","dateModified":"2022-12-22T13:11:54+00:00","author":{"@id":"https:\/\/www.manaus.am.gov.br\/seminf\/#\/schema\/person\/79525a47ac5902f50493820d995728ee"},"inLanguage":"pt-BR","potentialAction":[{"@type":"ReadAction","target":["https:\/\/www.manaus.am.gov.br\/seminf\/prefeitura-de-manaus-atua-na-conclusao-de-obra-emergencial-em-rede-de-drenagem-no-conjunto-eldorado\/"]}]},{"@type":"ImageObject","inLanguage":"pt-BR","@id":"https:\/\/www.manaus.am.gov.br\/seminf\/prefeitura-de-manaus-atua-na-conclusao-de-obra-emergencial-em-rede-de-drenagem-no-conjunto-eldorado\/#primaryimage","url":"https:\/\/www.manaus.am.gov.br\/seminf\/wp-content\/uploads\/sites\/6\/2022\/12\/Prefeitura-de-Manaus-atua-na-conclusao-de-obra-emergencial-em-rede-de-drenagem-no-conjunto-Eldorado.jpg","contentUrl":"https:\/\/www.manaus.am.gov.br\/seminf\/wp-content\/uploads\/sites\/6\/2022\/12\/Prefeitura-de-Manaus-atua-na-conclusao-de-obra-emergencial-em-rede-de-drenagem-no-conjunto-Eldorado.jpg","width":720,"height":407,"caption":"Prefeitura de Manaus atua na conclus\u00e3o de obra emergencial em rede de drenagem no conjunto Eldorado"},{"@type":"WebSite","@id":"https:\/\/www.manaus.am.gov.br\/seminf\/#website","url":"https:\/\/www.manaus.am.gov.br\/seminf\/","name":"Secretaria de Infraestrutura","description":"Secretaria Municipal de Infraestrutura","potentialAction":[{"@type":"SearchAction","target":{"@type":"EntryPoint","urlTemplate":"https:\/\/www.manaus.am.gov.br\/seminf\/?s={search_term_string}"},"query-input":"required name=search_term_string"}],"inLanguage":"pt-BR"},{"@type":"Person","@id":"https:\/\/www.manaus.am.gov.br\/seminf\/#\/schema\/person\/79525a47ac5902f50493820d995728ee","name":"Imarketing Digital","image":{"@type":"ImageObject","inLanguage":"pt-BR","@id":"https:\/\/www.manaus.am.gov.br\/seminf\/#\/schema\/person\/image\/","url":"https:\/\/secure.gravatar.com\/avatar\/03432d3c57b756ed9760f7019c815a3a?s=96&d=mm&r=g","contentUrl":"https:\/\/secure.gravatar.com\/avatar\/03432d3c57b756ed9760f7019c815a3a?s=96&d=mm&r=g","caption":"Imarketing Digital"}}]}},"_links":{"self":[{"href":"https:\/\/www.manaus.am.gov.br\/seminf\/wp-json\/wp\/v2\/posts\/140"}],"collection":[{"href":"https:\/\/www.manaus.am.gov.br\/seminf\/wp-json\/wp\/v2\/posts"}],"about":[{"href":"https:\/\/www.manaus.am.gov.br\/seminf\/wp-json\/wp\/v2\/types\/post"}],"author":[{"embeddable":true,"href":"https:\/\/www.manaus.am.gov.br\/seminf\/wp-json\/wp\/v2\/users\/27"}],"replies":[{"embeddable":true,"href":"https:\/\/www.manaus.am.gov.br\/seminf\/wp-json\/wp\/v2\/comments?post=140"}],"version-history":[{"count":0,"href":"https:\/\/www.manaus.am.gov.br\/seminf\/wp-json\/wp\/v2\/posts\/140\/revisions"}],"wp:featuredmedia":[{"embeddable":true,"href":"https:\/\/www.manaus.am.gov.br\/seminf\/wp-json\/wp\/v2\/media\/141"}],"wp:attachment":[{"href":"https:\/\/www.manaus.am.gov.br\/seminf\/wp-json\/wp\/v2\/media?parent=140"}],"wp:term":[{"taxonomy":"category","embeddable":true,"href":"https:\/\/www.manaus.am.gov.br\/seminf\/wp-json\/wp\/v2\/categories?post=140"},{"taxonomy":"post_tag","embeddable":true,"href":"https:\/\/www.manaus.am.gov.br\/seminf\/wp-json\/wp\/v2\/tags?post=140"}],"curies":[{"name":"wp","href":"https:\/\/api.w.org\/{rel}","templated":true}]}}