{"id":138,"date":"2022-12-21T13:01:00","date_gmt":"2022-12-21T17:01:00","guid":{"rendered":"https:\/\/www.manaus.am.gov.br\/seminf\/prefeito-david-almeida-vistoria-obra-de-contencao-de-erosao-no-bairro-cidade-de-deus\/"},"modified":"2022-12-22T09:06:23","modified_gmt":"2022-12-22T13:06:23","slug":"prefeito-david-almeida-vistoria-obra-de-contencao-de-erosao-no-bairro-cidade-de-deus","status":"publish","type":"post","link":"https:\/\/www.manaus.am.gov.br\/seminf\/prefeito-david-almeida-vistoria-obra-de-contencao-de-erosao-no-bairro-cidade-de-deus\/","title":{"rendered":"Prefeito David Almeida vistoria obra de conten\u00e7\u00e3o de eros\u00e3o no bairro Cidade de Deus"},"content":{"rendered":"\n<p>O prefeito de Manaus, David Almeida, vistoriou, nesta quarta-feira, 21\/12, o andamento da recupera\u00e7\u00e3o de uma eros\u00e3o, localizada entre as ruas S\u00e3o F\u00e9lix e Corinthians, no bairro Cidade de Deus, zona Norte da capital. O local estava desmoronando e algumas casas foram atingidas. Ap\u00f3s um levantamento feito pela prefeitura, 18 fam\u00edlias foram retiradas da \u00e1rea e indenizadas, por conta do alto risco. Al\u00e9m da recupera\u00e7\u00e3o, o espa\u00e7o ir\u00e1 receber uma pra\u00e7a e uma academia ao ar livre.<\/p>\n\n\n\n<p>\u201c\u00c9 um espa\u00e7o humanizado, uma \u00e1rea recuperada. Eu acredito que, em mais 30 dias, a gente possa entregar esse espa\u00e7o para os moradores do bairro Cidade de Deus. Era uma grande eros\u00e3o, como muitas que n\u00f3s encontramos na nossa cidade e, uma a uma, n\u00f3s vamos resolvendo. Temos 16 no total, que n\u00f3s estamos fazendo e avan\u00e7ando gradativamente\u201d, afirmou o chefe do Executivo municipal.<\/p>\n\n\n\n<p>David Almeida acompanhou os servi\u00e7os em andamento pela Secretaria Municipal de Infraestrutura (Seminf). A a\u00e7\u00e3o conta com mais de 25 trabalhadores, visto a complexidade da a\u00e7\u00e3o.&nbsp; O desmoronamento atingiu uma \u00e1rea de mais de 4 mil metros quadrados de extens\u00e3o.<\/p>\n\n\n\n<p>As equipes de obras da prefeitura realizaram servi\u00e7os de terraplanagem no local, utilizando 5 mil metros c\u00fabicos de barro para a implanta\u00e7\u00e3o dos taludes (esp\u00e9cie de pared\u00e3o constru\u00eddo para aumentar a estabilidade na \u00e1rea), em seguida, foram realizados os servi\u00e7os de drenagem, com a constru\u00e7\u00e3o de uma escada hidr\u00e1ulica de 35 metros, por onde a \u00e1gua das chuvas vai perdendo a velocidade e \u00e9 conduzida de forma correta para n\u00e3o provocar a eros\u00e3o.<\/p>\n\n\n\n<p>Em uma \u00e1rea de 40 metros quadrados, foram assentadas as tubula\u00e7\u00f5es em concreto, que tamb\u00e9m ajudam na vaz\u00e3o correta das \u00e1guas, al\u00e9m de caixas coletoras. Toda a \u00e1rea de implanta\u00e7\u00e3o dos taludes receber\u00e1 servi\u00e7os de planta\u00e7\u00e3o de grama, para estabilizar o solo.<\/p>\n\n\n\n<p>De acordo com a Seminf, a previs\u00e3o \u00e9 que, j\u00e1 no in\u00edcio de 2023, o local seja entregue aos moradores da regi\u00e3o.<\/p>\n\n\n\n<hr class=\"wp-block-separator has-alpha-channel-opacity\"\/>\n\n\n\n<p><strong>Texto<\/strong>\u00a0\u2013 Thiago Fernando \/ Semcom<br><strong>Fotos<\/strong>\u00a0\u2013 Ruan Souza\/Semcom<br><strong>Dispon\u00edveis em<\/strong>\u00a0\u2013\u00a0<a href=\"https:\/\/flic.kr\/s\/aHBqjAk8pc\">https:\/\/flic.kr\/s\/aHBqjAk8pc<\/a><\/p>\n","protected":false},"excerpt":{"rendered":"","protected":false},"author":27,"featured_media":139,"comment_status":"closed","ping_status":"closed","sticky":false,"template":"","format":"standard","meta":{"footnotes":""},"categories":[3],"tags":[],"acf":[],"yoast_head":"<!-- This site is optimized with the Yoast SEO plugin v23.0 - https:\/\/yoast.com\/wordpress\/plugins\/seo\/ -->\n<title>Prefeito David Almeida vistoria obra de conten\u00e7\u00e3o de eros\u00e3o no bairro Cidade de Deus - SEMINF<\/title>\n<meta name=\"robots\" content=\"index, follow, max-snippet:-1, max-image-preview:large, max-video-preview:-1\" \/>\n<link rel=\"canonical\" href=\"https:\/\/www.manaus.am.gov.br\/seminf\/prefeito-david-almeida-vistoria-obra-de-contencao-de-erosao-no-bairro-cidade-de-deus\/\" \/>\n<meta property=\"og:locale\" content=\"pt_BR\" \/>\n<meta property=\"og:type\" content=\"article\" \/>\n<meta property=\"og:title\" content=\"Prefeito David Almeida vistoria obra de conten\u00e7\u00e3o de eros\u00e3o no bairro Cidade de Deus - SEMINF\" \/>\n<meta property=\"og:url\" content=\"https:\/\/www.manaus.am.gov.br\/seminf\/prefeito-david-almeida-vistoria-obra-de-contencao-de-erosao-no-bairro-cidade-de-deus\/\" \/>\n<meta property=\"og:site_name\" content=\"SEMINF\" \/>\n<meta property=\"article:published_time\" content=\"2022-12-21T17:01:00+00:00\" \/>\n<meta property=\"article:modified_time\" content=\"2022-12-22T13:06:23+00:00\" \/>\n<meta property=\"og:image\" content=\"https:\/\/www.manaus.am.gov.br\/seminf\/wp-content\/uploads\/sites\/6\/2022\/12\/Prefeito-David-Almeida-vistoria-obra-de-contencao-de-erosao-no-bairro-Cidade-de-Deus.jpg\" \/>\n\t<meta property=\"og:image:width\" content=\"799\" \/>\n\t<meta property=\"og:image:height\" content=\"533\" \/>\n\t<meta property=\"og:image:type\" content=\"image\/jpeg\" \/>\n<meta name=\"author\" content=\"Imarketing Digital\" \/>\n<meta name=\"twitter:card\" content=\"summary_large_image\" \/>\n<meta name=\"twitter:label1\" content=\"Written by\" \/>\n\t<meta name=\"twitter:data1\" content=\"Imarketing Digital\" \/>\n\t<meta name=\"twitter:label2\" content=\"Est. reading time\" \/>\n\t<meta name=\"twitter:data2\" content=\"2 minutos\" \/>\n<script type=\"application\/ld+json\" class=\"yoast-schema-graph\">{\"@context\":\"https:\/\/schema.org\",\"@graph\":[{\"@type\":\"WebPage\",\"@id\":\"https:\/\/www.manaus.am.gov.br\/seminf\/prefeito-david-almeida-vistoria-obra-de-contencao-de-erosao-no-bairro-cidade-de-deus\/\",\"url\":\"https:\/\/www.manaus.am.gov.br\/seminf\/prefeito-david-almeida-vistoria-obra-de-contencao-de-erosao-no-bairro-cidade-de-deus\/\",\"name\":\"Prefeito David Almeida vistoria obra de conten\u00e7\u00e3o de eros\u00e3o no bairro Cidade de Deus - SEMINF\",\"isPartOf\":{\"@id\":\"https:\/\/www.manaus.am.gov.br\/seminf\/#website\"},\"primaryImageOfPage\":{\"@id\":\"https:\/\/www.manaus.am.gov.br\/seminf\/prefeito-david-almeida-vistoria-obra-de-contencao-de-erosao-no-bairro-cidade-de-deus\/#primaryimage\"},\"image\":{\"@id\":\"https:\/\/www.manaus.am.gov.br\/seminf\/prefeito-david-almeida-vistoria-obra-de-contencao-de-erosao-no-bairro-cidade-de-deus\/#primaryimage\"},\"thumbnailUrl\":\"https:\/\/www.manaus.am.gov.br\/seminf\/wp-content\/uploads\/sites\/6\/2022\/12\/Prefeito-David-Almeida-vistoria-obra-de-contencao-de-erosao-no-bairro-Cidade-de-Deus.jpg\",\"datePublished\":\"2022-12-21T17:01:00+00:00\",\"dateModified\":\"2022-12-22T13:06:23+00:00\",\"author\":{\"@id\":\"https:\/\/www.manaus.am.gov.br\/seminf\/#\/schema\/person\/79525a47ac5902f50493820d995728ee\"},\"inLanguage\":\"pt-BR\",\"potentialAction\":[{\"@type\":\"ReadAction\",\"target\":[\"https:\/\/www.manaus.am.gov.br\/seminf\/prefeito-david-almeida-vistoria-obra-de-contencao-de-erosao-no-bairro-cidade-de-deus\/\"]}]},{\"@type\":\"ImageObject\",\"inLanguage\":\"pt-BR\",\"@id\":\"https:\/\/www.manaus.am.gov.br\/seminf\/prefeito-david-almeida-vistoria-obra-de-contencao-de-erosao-no-bairro-cidade-de-deus\/#primaryimage\",\"url\":\"https:\/\/www.manaus.am.gov.br\/seminf\/wp-content\/uploads\/sites\/6\/2022\/12\/Prefeito-David-Almeida-vistoria-obra-de-contencao-de-erosao-no-bairro-Cidade-de-Deus.jpg\",\"contentUrl\":\"https:\/\/www.manaus.am.gov.br\/seminf\/wp-content\/uploads\/sites\/6\/2022\/12\/Prefeito-David-Almeida-vistoria-obra-de-contencao-de-erosao-no-bairro-Cidade-de-Deus.jpg\",\"width\":799,\"height\":533,\"caption\":\"Prefeito David Almeida vistoria obra de conten\u00e7\u00e3o de eros\u00e3o no bairro Cidade de Deus\"},{\"@type\":\"WebSite\",\"@id\":\"https:\/\/www.manaus.am.gov.br\/seminf\/#website\",\"url\":\"https:\/\/www.manaus.am.gov.br\/seminf\/\",\"name\":\"Secretaria de Infraestrutura\",\"description\":\"Secretaria Municipal de Infraestrutura\",\"potentialAction\":[{\"@type\":\"SearchAction\",\"target\":{\"@type\":\"EntryPoint\",\"urlTemplate\":\"https:\/\/www.manaus.am.gov.br\/seminf\/?s={search_term_string}\"},\"query-input\":\"required name=search_term_string\"}],\"inLanguage\":\"pt-BR\"},{\"@type\":\"Person\",\"@id\":\"https:\/\/www.manaus.am.gov.br\/seminf\/#\/schema\/person\/79525a47ac5902f50493820d995728ee\",\"name\":\"Imarketing Digital\",\"image\":{\"@type\":\"ImageObject\",\"inLanguage\":\"pt-BR\",\"@id\":\"https:\/\/www.manaus.am.gov.br\/seminf\/#\/schema\/person\/image\/\",\"url\":\"https:\/\/secure.gravatar.com\/avatar\/03432d3c57b756ed9760f7019c815a3a?s=96&d=mm&r=g\",\"contentUrl\":\"https:\/\/secure.gravatar.com\/avatar\/03432d3c57b756ed9760f7019c815a3a?s=96&d=mm&r=g\",\"caption\":\"Imarketing Digital\"}}]}<\/script>\n<!-- \/ Yoast SEO plugin. -->","yoast_head_json":{"title":"Prefeito David Almeida vistoria obra de conten\u00e7\u00e3o de eros\u00e3o no bairro Cidade de Deus - SEMINF","robots":{"index":"index","follow":"follow","max-snippet":"max-snippet:-1","max-image-preview":"max-image-preview:large","max-video-preview":"max-video-preview:-1"},"canonical":"https:\/\/www.manaus.am.gov.br\/seminf\/prefeito-david-almeida-vistoria-obra-de-contencao-de-erosao-no-bairro-cidade-de-deus\/","og_locale":"pt_BR","og_type":"article","og_title":"Prefeito David Almeida vistoria obra de conten\u00e7\u00e3o de eros\u00e3o no bairro Cidade de Deus - SEMINF","og_url":"https:\/\/www.manaus.am.gov.br\/seminf\/prefeito-david-almeida-vistoria-obra-de-contencao-de-erosao-no-bairro-cidade-de-deus\/","og_site_name":"SEMINF","article_published_time":"2022-12-21T17:01:00+00:00","article_modified_time":"2022-12-22T13:06:23+00:00","og_image":[{"width":799,"height":533,"url":"https:\/\/www.manaus.am.gov.br\/seminf\/wp-content\/uploads\/sites\/6\/2022\/12\/Prefeito-David-Almeida-vistoria-obra-de-contencao-de-erosao-no-bairro-Cidade-de-Deus.jpg","type":"image\/jpeg"}],"author":"Imarketing Digital","twitter_card":"summary_large_image","twitter_misc":{"Written by":"Imarketing Digital","Est. reading time":"2 minutos"},"schema":{"@context":"https:\/\/schema.org","@graph":[{"@type":"WebPage","@id":"https:\/\/www.manaus.am.gov.br\/seminf\/prefeito-david-almeida-vistoria-obra-de-contencao-de-erosao-no-bairro-cidade-de-deus\/","url":"https:\/\/www.manaus.am.gov.br\/seminf\/prefeito-david-almeida-vistoria-obra-de-contencao-de-erosao-no-bairro-cidade-de-deus\/","name":"Prefeito David Almeida vistoria obra de conten\u00e7\u00e3o de eros\u00e3o no bairro Cidade de Deus - SEMINF","isPartOf":{"@id":"https:\/\/www.manaus.am.gov.br\/seminf\/#website"},"primaryImageOfPage":{"@id":"https:\/\/www.manaus.am.gov.br\/seminf\/prefeito-david-almeida-vistoria-obra-de-contencao-de-erosao-no-bairro-cidade-de-deus\/#primaryimage"},"image":{"@id":"https:\/\/www.manaus.am.gov.br\/seminf\/prefeito-david-almeida-vistoria-obra-de-contencao-de-erosao-no-bairro-cidade-de-deus\/#primaryimage"},"thumbnailUrl":"https:\/\/www.manaus.am.gov.br\/seminf\/wp-content\/uploads\/sites\/6\/2022\/12\/Prefeito-David-Almeida-vistoria-obra-de-contencao-de-erosao-no-bairro-Cidade-de-Deus.jpg","datePublished":"2022-12-21T17:01:00+00:00","dateModified":"2022-12-22T13:06:23+00:00","author":{"@id":"https:\/\/www.manaus.am.gov.br\/seminf\/#\/schema\/person\/79525a47ac5902f50493820d995728ee"},"inLanguage":"pt-BR","potentialAction":[{"@type":"ReadAction","target":["https:\/\/www.manaus.am.gov.br\/seminf\/prefeito-david-almeida-vistoria-obra-de-contencao-de-erosao-no-bairro-cidade-de-deus\/"]}]},{"@type":"ImageObject","inLanguage":"pt-BR","@id":"https:\/\/www.manaus.am.gov.br\/seminf\/prefeito-david-almeida-vistoria-obra-de-contencao-de-erosao-no-bairro-cidade-de-deus\/#primaryimage","url":"https:\/\/www.manaus.am.gov.br\/seminf\/wp-content\/uploads\/sites\/6\/2022\/12\/Prefeito-David-Almeida-vistoria-obra-de-contencao-de-erosao-no-bairro-Cidade-de-Deus.jpg","contentUrl":"https:\/\/www.manaus.am.gov.br\/seminf\/wp-content\/uploads\/sites\/6\/2022\/12\/Prefeito-David-Almeida-vistoria-obra-de-contencao-de-erosao-no-bairro-Cidade-de-Deus.jpg","width":799,"height":533,"caption":"Prefeito David Almeida vistoria obra de conten\u00e7\u00e3o de eros\u00e3o no bairro Cidade de Deus"},{"@type":"WebSite","@id":"https:\/\/www.manaus.am.gov.br\/seminf\/#website","url":"https:\/\/www.manaus.am.gov.br\/seminf\/","name":"Secretaria de Infraestrutura","description":"Secretaria Municipal de Infraestrutura","potentialAction":[{"@type":"SearchAction","target":{"@type":"EntryPoint","urlTemplate":"https:\/\/www.manaus.am.gov.br\/seminf\/?s={search_term_string}"},"query-input":"required name=search_term_string"}],"inLanguage":"pt-BR"},{"@type":"Person","@id":"https:\/\/www.manaus.am.gov.br\/seminf\/#\/schema\/person\/79525a47ac5902f50493820d995728ee","name":"Imarketing Digital","image":{"@type":"ImageObject","inLanguage":"pt-BR","@id":"https:\/\/www.manaus.am.gov.br\/seminf\/#\/schema\/person\/image\/","url":"https:\/\/secure.gravatar.com\/avatar\/03432d3c57b756ed9760f7019c815a3a?s=96&d=mm&r=g","contentUrl":"https:\/\/secure.gravatar.com\/avatar\/03432d3c57b756ed9760f7019c815a3a?s=96&d=mm&r=g","caption":"Imarketing Digital"}}]}},"_links":{"self":[{"href":"https:\/\/www.manaus.am.gov.br\/seminf\/wp-json\/wp\/v2\/posts\/138"}],"collection":[{"href":"https:\/\/www.manaus.am.gov.br\/seminf\/wp-json\/wp\/v2\/posts"}],"about":[{"href":"https:\/\/www.manaus.am.gov.br\/seminf\/wp-json\/wp\/v2\/types\/post"}],"author":[{"embeddable":true,"href":"https:\/\/www.manaus.am.gov.br\/seminf\/wp-json\/wp\/v2\/users\/27"}],"replies":[{"embeddable":true,"href":"https:\/\/www.manaus.am.gov.br\/seminf\/wp-json\/wp\/v2\/comments?post=138"}],"version-history":[{"count":0,"href":"https:\/\/www.manaus.am.gov.br\/seminf\/wp-json\/wp\/v2\/posts\/138\/revisions"}],"wp:featuredmedia":[{"embeddable":true,"href":"https:\/\/www.manaus.am.gov.br\/seminf\/wp-json\/wp\/v2\/media\/139"}],"wp:attachment":[{"href":"https:\/\/www.manaus.am.gov.br\/seminf\/wp-json\/wp\/v2\/media?parent=138"}],"wp:term":[{"taxonomy":"category","embeddable":true,"href":"https:\/\/www.manaus.am.gov.br\/seminf\/wp-json\/wp\/v2\/categories?post=138"},{"taxonomy":"post_tag","embeddable":true,"href":"https:\/\/www.manaus.am.gov.br\/seminf\/wp-json\/wp\/v2\/tags?post=138"}],"curies":[{"name":"wp","href":"https:\/\/api.w.org\/{rel}","templated":true}]}}