{"id":133,"date":"2022-12-20T12:54:00","date_gmt":"2022-12-20T16:54:00","guid":{"rendered":"https:\/\/www.manaus.am.gov.br\/seminf\/prefeitura-de-manaus-avanca-com-os-servicos-de-infraestrutura-no-bairro-petropolis\/"},"modified":"2022-12-22T08:38:56","modified_gmt":"2022-12-22T12:38:56","slug":"prefeitura-de-manaus-avanca-com-os-servicos-de-infraestrutura-no-bairro-petropolis","status":"publish","type":"post","link":"https:\/\/www.manaus.am.gov.br\/seminf\/prefeitura-de-manaus-avanca-com-os-servicos-de-infraestrutura-no-bairro-petropolis\/","title":{"rendered":"Prefeitura de Manaus avan\u00e7a com os servi\u00e7os de infraestrutura no bairro Petr\u00f3polis"},"content":{"rendered":"\n<p>A Prefeitura de Manaus, por meio da Secretaria Municipal de Infraestrutura (Seminf), finalizou, nesta ter\u00e7a-feira, 20\/12, mais um servi\u00e7o de recupera\u00e7\u00e3o asf\u00e1ltica, beneficiando os moradores da rua Marginal, no bairro Petr\u00f3polis, zona Sul da cidade.<\/p>\n\n\n\n<p>O Distrito de Obras do bairro Petr\u00f3polis executou os servi\u00e7os com o apoio de dez trabalhadores, que aplicaram 20 toneladas de massa asf\u00e1ltica na sua extens\u00e3o, que por um longo per\u00edodo estava bastante deteriorada, por n\u00e3o receber servi\u00e7os de manuten\u00e7\u00e3o.<\/p>\n\n\n\n<p>De acordo com o engenheiro Hudson Smith, os trabalhos s\u00e3o realizados de forma gradativa cumprindo o passo a passo das etapas das obras para obter uma durabilidade maior e melhor.<\/p>\n\n\n\n<p>\u201cEssa rua n\u00e3o recebia servi\u00e7os h\u00e1 muitos anos, e estava com muitos buracos e remendos. Com a determina\u00e7\u00e3o do prefeito David Almeida e do secret\u00e1rio de Obras, Renato J\u00fanior, nossa miss\u00e3o \u00e9 devolver uma nova trafegabilidade para os moradores. Realizamos os servi\u00e7os de recupera\u00e7\u00e3o asf\u00e1ltica, preparando a via para receber todos os servi\u00e7os de infraestrutura, como est\u00e1 sendo feito em todas as zonas\u201d, ressaltou Hudson.<\/p>\n\n\n\n<p>O mototaxista Diego da Costa, 25 anos, disse que ficou feliz em ver mais uma rua do seu bairro recebendo os servi\u00e7os de infraestrutura e fez agradecimentos \u00e0 Prefeitura de Manaus.<\/p>\n\n\n\n<p>\u201cCom essa gest\u00e3o do prefeito David Almeida e do secret\u00e1rio de Obras, Renato J\u00fanior, quem est\u00e1 ganhando \u00e9 o povo. \u00c9 rua nova por todo o lado. Eu ando por todas as zonas da cidade, atrav\u00e9s do meu trabalho, e antes eu tinha que me desviar dos buracos grandes, agora as ladeiras, os becos e as principais ruas est\u00e3o um tapete. Obrigado, prefeitura\u201d, agradeceu Diego.<\/p>\n\n\n\n<hr class=\"wp-block-separator has-alpha-channel-opacity\"\/>\n\n\n\n<p><strong>Texto \u2013&nbsp;<\/strong>Rayana Coutinho \/ Seminf<br><strong>Fotos \u2013<\/strong>&nbsp;Divulga\u00e7\u00e3o \/ Seminf<br><strong>Dispon\u00edveis em \u2013<\/strong>&nbsp;<a href=\"https:\/\/flic.kr\/s\/aHBqjAjZX8\">https:\/\/flic.kr\/s\/aHBqjAjZX8<\/a><\/p>\n","protected":false},"excerpt":{"rendered":"","protected":false},"author":27,"featured_media":134,"comment_status":"closed","ping_status":"closed","sticky":false,"template":"","format":"standard","meta":{"footnotes":""},"categories":[4],"tags":[],"acf":[],"yoast_head":"<!-- This site is optimized with the Yoast SEO plugin v23.0 - https:\/\/yoast.com\/wordpress\/plugins\/seo\/ -->\n<title>Prefeitura de Manaus avan\u00e7a com os servi\u00e7os de infraestrutura no bairro Petr\u00f3polis - SEMINF<\/title>\n<meta name=\"robots\" content=\"index, follow, max-snippet:-1, max-image-preview:large, max-video-preview:-1\" \/>\n<link rel=\"canonical\" href=\"https:\/\/www.manaus.am.gov.br\/seminf\/prefeitura-de-manaus-avanca-com-os-servicos-de-infraestrutura-no-bairro-petropolis\/\" \/>\n<meta property=\"og:locale\" content=\"pt_BR\" \/>\n<meta property=\"og:type\" content=\"article\" \/>\n<meta property=\"og:title\" content=\"Prefeitura de Manaus avan\u00e7a com os servi\u00e7os de infraestrutura no bairro Petr\u00f3polis - SEMINF\" \/>\n<meta property=\"og:url\" content=\"https:\/\/www.manaus.am.gov.br\/seminf\/prefeitura-de-manaus-avanca-com-os-servicos-de-infraestrutura-no-bairro-petropolis\/\" \/>\n<meta property=\"og:site_name\" content=\"SEMINF\" \/>\n<meta property=\"article:published_time\" content=\"2022-12-20T16:54:00+00:00\" \/>\n<meta property=\"article:modified_time\" content=\"2022-12-22T12:38:56+00:00\" \/>\n<meta property=\"og:image\" content=\"https:\/\/www.manaus.am.gov.br\/seminf\/wp-content\/uploads\/sites\/6\/2022\/12\/Prefeitura-de-Manaus-avanca-com-os-servicos-de-infraestrutura-no-bairro-Petropolis.jpg\" \/>\n\t<meta property=\"og:image:width\" content=\"720\" \/>\n\t<meta property=\"og:image:height\" content=\"407\" \/>\n\t<meta property=\"og:image:type\" content=\"image\/jpeg\" \/>\n<meta name=\"author\" content=\"Imarketing Digital\" \/>\n<meta name=\"twitter:card\" content=\"summary_large_image\" \/>\n<meta name=\"twitter:label1\" content=\"Written by\" \/>\n\t<meta name=\"twitter:data1\" content=\"Imarketing Digital\" \/>\n\t<meta name=\"twitter:label2\" content=\"Est. reading time\" \/>\n\t<meta name=\"twitter:data2\" content=\"2 minutos\" \/>\n<script type=\"application\/ld+json\" class=\"yoast-schema-graph\">{\"@context\":\"https:\/\/schema.org\",\"@graph\":[{\"@type\":\"WebPage\",\"@id\":\"https:\/\/www.manaus.am.gov.br\/seminf\/prefeitura-de-manaus-avanca-com-os-servicos-de-infraestrutura-no-bairro-petropolis\/\",\"url\":\"https:\/\/www.manaus.am.gov.br\/seminf\/prefeitura-de-manaus-avanca-com-os-servicos-de-infraestrutura-no-bairro-petropolis\/\",\"name\":\"Prefeitura de Manaus avan\u00e7a com os servi\u00e7os de infraestrutura no bairro Petr\u00f3polis - SEMINF\",\"isPartOf\":{\"@id\":\"https:\/\/www.manaus.am.gov.br\/seminf\/#website\"},\"primaryImageOfPage\":{\"@id\":\"https:\/\/www.manaus.am.gov.br\/seminf\/prefeitura-de-manaus-avanca-com-os-servicos-de-infraestrutura-no-bairro-petropolis\/#primaryimage\"},\"image\":{\"@id\":\"https:\/\/www.manaus.am.gov.br\/seminf\/prefeitura-de-manaus-avanca-com-os-servicos-de-infraestrutura-no-bairro-petropolis\/#primaryimage\"},\"thumbnailUrl\":\"https:\/\/www.manaus.am.gov.br\/seminf\/wp-content\/uploads\/sites\/6\/2022\/12\/Prefeitura-de-Manaus-avanca-com-os-servicos-de-infraestrutura-no-bairro-Petropolis.jpg\",\"datePublished\":\"2022-12-20T16:54:00+00:00\",\"dateModified\":\"2022-12-22T12:38:56+00:00\",\"author\":{\"@id\":\"https:\/\/www.manaus.am.gov.br\/seminf\/#\/schema\/person\/79525a47ac5902f50493820d995728ee\"},\"inLanguage\":\"pt-BR\",\"potentialAction\":[{\"@type\":\"ReadAction\",\"target\":[\"https:\/\/www.manaus.am.gov.br\/seminf\/prefeitura-de-manaus-avanca-com-os-servicos-de-infraestrutura-no-bairro-petropolis\/\"]}]},{\"@type\":\"ImageObject\",\"inLanguage\":\"pt-BR\",\"@id\":\"https:\/\/www.manaus.am.gov.br\/seminf\/prefeitura-de-manaus-avanca-com-os-servicos-de-infraestrutura-no-bairro-petropolis\/#primaryimage\",\"url\":\"https:\/\/www.manaus.am.gov.br\/seminf\/wp-content\/uploads\/sites\/6\/2022\/12\/Prefeitura-de-Manaus-avanca-com-os-servicos-de-infraestrutura-no-bairro-Petropolis.jpg\",\"contentUrl\":\"https:\/\/www.manaus.am.gov.br\/seminf\/wp-content\/uploads\/sites\/6\/2022\/12\/Prefeitura-de-Manaus-avanca-com-os-servicos-de-infraestrutura-no-bairro-Petropolis.jpg\",\"width\":720,\"height\":407,\"caption\":\"Prefeitura de Manaus avan\u00e7a com os servi\u00e7os de infraestrutura no bairro Petr\u00f3polis\"},{\"@type\":\"WebSite\",\"@id\":\"https:\/\/www.manaus.am.gov.br\/seminf\/#website\",\"url\":\"https:\/\/www.manaus.am.gov.br\/seminf\/\",\"name\":\"Secretaria de Infraestrutura\",\"description\":\"Secretaria Municipal de Infraestrutura\",\"potentialAction\":[{\"@type\":\"SearchAction\",\"target\":{\"@type\":\"EntryPoint\",\"urlTemplate\":\"https:\/\/www.manaus.am.gov.br\/seminf\/?s={search_term_string}\"},\"query-input\":\"required name=search_term_string\"}],\"inLanguage\":\"pt-BR\"},{\"@type\":\"Person\",\"@id\":\"https:\/\/www.manaus.am.gov.br\/seminf\/#\/schema\/person\/79525a47ac5902f50493820d995728ee\",\"name\":\"Imarketing Digital\",\"image\":{\"@type\":\"ImageObject\",\"inLanguage\":\"pt-BR\",\"@id\":\"https:\/\/www.manaus.am.gov.br\/seminf\/#\/schema\/person\/image\/\",\"url\":\"https:\/\/secure.gravatar.com\/avatar\/03432d3c57b756ed9760f7019c815a3a?s=96&d=mm&r=g\",\"contentUrl\":\"https:\/\/secure.gravatar.com\/avatar\/03432d3c57b756ed9760f7019c815a3a?s=96&d=mm&r=g\",\"caption\":\"Imarketing Digital\"}}]}<\/script>\n<!-- \/ Yoast SEO plugin. -->","yoast_head_json":{"title":"Prefeitura de Manaus avan\u00e7a com os servi\u00e7os de infraestrutura no bairro Petr\u00f3polis - SEMINF","robots":{"index":"index","follow":"follow","max-snippet":"max-snippet:-1","max-image-preview":"max-image-preview:large","max-video-preview":"max-video-preview:-1"},"canonical":"https:\/\/www.manaus.am.gov.br\/seminf\/prefeitura-de-manaus-avanca-com-os-servicos-de-infraestrutura-no-bairro-petropolis\/","og_locale":"pt_BR","og_type":"article","og_title":"Prefeitura de Manaus avan\u00e7a com os servi\u00e7os de infraestrutura no bairro Petr\u00f3polis - SEMINF","og_url":"https:\/\/www.manaus.am.gov.br\/seminf\/prefeitura-de-manaus-avanca-com-os-servicos-de-infraestrutura-no-bairro-petropolis\/","og_site_name":"SEMINF","article_published_time":"2022-12-20T16:54:00+00:00","article_modified_time":"2022-12-22T12:38:56+00:00","og_image":[{"width":720,"height":407,"url":"https:\/\/www.manaus.am.gov.br\/seminf\/wp-content\/uploads\/sites\/6\/2022\/12\/Prefeitura-de-Manaus-avanca-com-os-servicos-de-infraestrutura-no-bairro-Petropolis.jpg","type":"image\/jpeg"}],"author":"Imarketing Digital","twitter_card":"summary_large_image","twitter_misc":{"Written by":"Imarketing Digital","Est. reading time":"2 minutos"},"schema":{"@context":"https:\/\/schema.org","@graph":[{"@type":"WebPage","@id":"https:\/\/www.manaus.am.gov.br\/seminf\/prefeitura-de-manaus-avanca-com-os-servicos-de-infraestrutura-no-bairro-petropolis\/","url":"https:\/\/www.manaus.am.gov.br\/seminf\/prefeitura-de-manaus-avanca-com-os-servicos-de-infraestrutura-no-bairro-petropolis\/","name":"Prefeitura de Manaus avan\u00e7a com os servi\u00e7os de infraestrutura no bairro Petr\u00f3polis - SEMINF","isPartOf":{"@id":"https:\/\/www.manaus.am.gov.br\/seminf\/#website"},"primaryImageOfPage":{"@id":"https:\/\/www.manaus.am.gov.br\/seminf\/prefeitura-de-manaus-avanca-com-os-servicos-de-infraestrutura-no-bairro-petropolis\/#primaryimage"},"image":{"@id":"https:\/\/www.manaus.am.gov.br\/seminf\/prefeitura-de-manaus-avanca-com-os-servicos-de-infraestrutura-no-bairro-petropolis\/#primaryimage"},"thumbnailUrl":"https:\/\/www.manaus.am.gov.br\/seminf\/wp-content\/uploads\/sites\/6\/2022\/12\/Prefeitura-de-Manaus-avanca-com-os-servicos-de-infraestrutura-no-bairro-Petropolis.jpg","datePublished":"2022-12-20T16:54:00+00:00","dateModified":"2022-12-22T12:38:56+00:00","author":{"@id":"https:\/\/www.manaus.am.gov.br\/seminf\/#\/schema\/person\/79525a47ac5902f50493820d995728ee"},"inLanguage":"pt-BR","potentialAction":[{"@type":"ReadAction","target":["https:\/\/www.manaus.am.gov.br\/seminf\/prefeitura-de-manaus-avanca-com-os-servicos-de-infraestrutura-no-bairro-petropolis\/"]}]},{"@type":"ImageObject","inLanguage":"pt-BR","@id":"https:\/\/www.manaus.am.gov.br\/seminf\/prefeitura-de-manaus-avanca-com-os-servicos-de-infraestrutura-no-bairro-petropolis\/#primaryimage","url":"https:\/\/www.manaus.am.gov.br\/seminf\/wp-content\/uploads\/sites\/6\/2022\/12\/Prefeitura-de-Manaus-avanca-com-os-servicos-de-infraestrutura-no-bairro-Petropolis.jpg","contentUrl":"https:\/\/www.manaus.am.gov.br\/seminf\/wp-content\/uploads\/sites\/6\/2022\/12\/Prefeitura-de-Manaus-avanca-com-os-servicos-de-infraestrutura-no-bairro-Petropolis.jpg","width":720,"height":407,"caption":"Prefeitura de Manaus avan\u00e7a com os servi\u00e7os de infraestrutura no bairro Petr\u00f3polis"},{"@type":"WebSite","@id":"https:\/\/www.manaus.am.gov.br\/seminf\/#website","url":"https:\/\/www.manaus.am.gov.br\/seminf\/","name":"Secretaria de Infraestrutura","description":"Secretaria Municipal de Infraestrutura","potentialAction":[{"@type":"SearchAction","target":{"@type":"EntryPoint","urlTemplate":"https:\/\/www.manaus.am.gov.br\/seminf\/?s={search_term_string}"},"query-input":"required name=search_term_string"}],"inLanguage":"pt-BR"},{"@type":"Person","@id":"https:\/\/www.manaus.am.gov.br\/seminf\/#\/schema\/person\/79525a47ac5902f50493820d995728ee","name":"Imarketing Digital","image":{"@type":"ImageObject","inLanguage":"pt-BR","@id":"https:\/\/www.manaus.am.gov.br\/seminf\/#\/schema\/person\/image\/","url":"https:\/\/secure.gravatar.com\/avatar\/03432d3c57b756ed9760f7019c815a3a?s=96&d=mm&r=g","contentUrl":"https:\/\/secure.gravatar.com\/avatar\/03432d3c57b756ed9760f7019c815a3a?s=96&d=mm&r=g","caption":"Imarketing Digital"}}]}},"_links":{"self":[{"href":"https:\/\/www.manaus.am.gov.br\/seminf\/wp-json\/wp\/v2\/posts\/133"}],"collection":[{"href":"https:\/\/www.manaus.am.gov.br\/seminf\/wp-json\/wp\/v2\/posts"}],"about":[{"href":"https:\/\/www.manaus.am.gov.br\/seminf\/wp-json\/wp\/v2\/types\/post"}],"author":[{"embeddable":true,"href":"https:\/\/www.manaus.am.gov.br\/seminf\/wp-json\/wp\/v2\/users\/27"}],"replies":[{"embeddable":true,"href":"https:\/\/www.manaus.am.gov.br\/seminf\/wp-json\/wp\/v2\/comments?post=133"}],"version-history":[{"count":0,"href":"https:\/\/www.manaus.am.gov.br\/seminf\/wp-json\/wp\/v2\/posts\/133\/revisions"}],"wp:featuredmedia":[{"embeddable":true,"href":"https:\/\/www.manaus.am.gov.br\/seminf\/wp-json\/wp\/v2\/media\/134"}],"wp:attachment":[{"href":"https:\/\/www.manaus.am.gov.br\/seminf\/wp-json\/wp\/v2\/media?parent=133"}],"wp:term":[{"taxonomy":"category","embeddable":true,"href":"https:\/\/www.manaus.am.gov.br\/seminf\/wp-json\/wp\/v2\/categories?post=133"},{"taxonomy":"post_tag","embeddable":true,"href":"https:\/\/www.manaus.am.gov.br\/seminf\/wp-json\/wp\/v2\/tags?post=133"}],"curies":[{"name":"wp","href":"https:\/\/api.w.org\/{rel}","templated":true}]}}