{"id":131,"date":"2022-12-20T11:10:00","date_gmt":"2022-12-20T15:10:00","guid":{"rendered":"https:\/\/www.manaus.am.gov.br\/seminf\/prefeitura-entrega-mais-uma-rua-recapeada-no-conjunto-campos-eliseos-por-meio-do-programa-asfalta-manaus\/"},"modified":"2022-12-22T08:37:55","modified_gmt":"2022-12-22T12:37:55","slug":"prefeitura-entrega-mais-uma-rua-recapeada-no-conjunto-campos-eliseos-por-meio-do-programa-asfalta-manaus","status":"publish","type":"post","link":"https:\/\/www.manaus.am.gov.br\/seminf\/prefeitura-entrega-mais-uma-rua-recapeada-no-conjunto-campos-eliseos-por-meio-do-programa-asfalta-manaus\/","title":{"rendered":"Prefeitura entrega mais uma rua recapeada no conjunto Campos El\u00edseos por meio do programa \u2018Asfalta Manaus\u2019"},"content":{"rendered":"\n<p>A Prefeitura de Manaus, por meio da Secretaria Municipal de Infraestrutura (Seminf), entregou, nesta ter\u00e7a-feira, 20\/12, mais uma rua conclu\u00edda com as obras do programa \u201cAsfalta Manaus\u201d, para os moradores da rua Madrid, no conjunto Campos El\u00edseos, bairro Planalto, zona Centro-Oeste da cidade.<\/p>\n\n\n\n<p>Uma equipe composta por 20 pessoas concentrou os trabalhos na rua, aplicando uma m\u00e9dia de 160 toneladas de massa asf\u00e1ltica em aproximadamente 220 metros de extens\u00e3o, operacionalizando o servi\u00e7o com o apoio das m\u00e1quinas necess\u00e1rias que d\u00e3o efici\u00eancia \u00e0s obras.<\/p>\n\n\n\n<p>O fiscal da obra, engenheiro \u00cdtalo Oliveira, fiscalizou os servi\u00e7os realizados e enfatizou que os trabalhos foram conclu\u00eddos com sucesso no local.<\/p>\n\n\n\n<p>\u201cEstamos seguindo o cronograma, conforme determina o prefeito David Almeida e o secret\u00e1rio de Obras, Renato J\u00fanior, para entregarmos o melhor para a trafegabilidade da popula\u00e7\u00e3o, e aqui, na zona Centro-Oeste, os trabalhos est\u00e3o fluindo a todo vapor, as equipes est\u00e3o cumprindo a miss\u00e3o com sucesso\u201c, ressaltou \u00cdtalo.<\/p>\n\n\n\n<p>Segundo o engenheiro, o programa \u201cAsfalta Manaus\u201d \u00e9 a maior a\u00e7\u00e3o de recapeamento da hist\u00f3ria dos \u00faltimos tempos, e em apenas seis meses j\u00e1 recuperou mais de 1,6 mil ruas, das 10 mil que est\u00e3o na programa\u00e7\u00e3o para receber as obras de infraestrutura em todas as zonas da capital amazonense. \u201cEsse \u00e9 o trabalho e o objetivo da Prefeitura de Manaus, investir na qualidade de vida e seguran\u00e7a da popula\u00e7\u00e3o\u201d, salientou.<\/p>\n\n\n\n<hr class=\"wp-block-separator has-alpha-channel-opacity\"\/>\n\n\n\n<p><strong>Texto \u2013&nbsp;<\/strong>Rayana Coutinho \/ Seminf<br><strong>Fotos \u2013<\/strong>&nbsp;M\u00e1rcio Melo \/ Seminf<br><strong>Dispon\u00edveis em \u2013&nbsp;<\/strong><a href=\"https:\/\/flic.kr\/s\/aHBqjAjThg\">https:\/\/flic.kr\/s\/aHBqjAjThg<\/a><\/p>\n","protected":false},"excerpt":{"rendered":"","protected":false},"author":27,"featured_media":132,"comment_status":"closed","ping_status":"closed","sticky":false,"template":"","format":"standard","meta":{"footnotes":""},"categories":[3],"tags":[],"acf":[],"yoast_head":"<!-- This site is optimized with the Yoast SEO plugin v23.0 - https:\/\/yoast.com\/wordpress\/plugins\/seo\/ -->\n<title>Prefeitura entrega mais uma rua recapeada no conjunto Campos El\u00edseos por meio do programa \u2018Asfalta Manaus\u2019 - SEMINF<\/title>\n<meta name=\"robots\" content=\"index, follow, max-snippet:-1, max-image-preview:large, max-video-preview:-1\" \/>\n<link rel=\"canonical\" href=\"https:\/\/www.manaus.am.gov.br\/seminf\/prefeitura-entrega-mais-uma-rua-recapeada-no-conjunto-campos-eliseos-por-meio-do-programa-asfalta-manaus\/\" \/>\n<meta property=\"og:locale\" content=\"pt_BR\" \/>\n<meta property=\"og:type\" content=\"article\" \/>\n<meta property=\"og:title\" content=\"Prefeitura entrega mais uma rua recapeada no conjunto Campos El\u00edseos por meio do programa \u2018Asfalta Manaus\u2019 - SEMINF\" \/>\n<meta property=\"og:url\" content=\"https:\/\/www.manaus.am.gov.br\/seminf\/prefeitura-entrega-mais-uma-rua-recapeada-no-conjunto-campos-eliseos-por-meio-do-programa-asfalta-manaus\/\" \/>\n<meta property=\"og:site_name\" content=\"SEMINF\" \/>\n<meta property=\"article:published_time\" content=\"2022-12-20T15:10:00+00:00\" \/>\n<meta property=\"article:modified_time\" content=\"2022-12-22T12:37:55+00:00\" \/>\n<meta property=\"og:image\" content=\"https:\/\/www.manaus.am.gov.br\/seminf\/wp-content\/uploads\/sites\/6\/2022\/12\/Prefeitura-entrega-mais-uma-rua-recapeada-no-conjunto-Campos-Eliseos-por-meio-do-programa-\u2018Asfalta-Manaus.jpg\" \/>\n\t<meta property=\"og:image:width\" content=\"720\" \/>\n\t<meta property=\"og:image:height\" content=\"407\" \/>\n\t<meta property=\"og:image:type\" content=\"image\/jpeg\" \/>\n<meta name=\"author\" content=\"Imarketing Digital\" \/>\n<meta name=\"twitter:card\" content=\"summary_large_image\" \/>\n<meta name=\"twitter:label1\" content=\"Written by\" \/>\n\t<meta name=\"twitter:data1\" content=\"Imarketing Digital\" \/>\n\t<meta name=\"twitter:label2\" content=\"Est. reading time\" \/>\n\t<meta name=\"twitter:data2\" content=\"2 minutos\" \/>\n<script type=\"application\/ld+json\" class=\"yoast-schema-graph\">{\"@context\":\"https:\/\/schema.org\",\"@graph\":[{\"@type\":\"WebPage\",\"@id\":\"https:\/\/www.manaus.am.gov.br\/seminf\/prefeitura-entrega-mais-uma-rua-recapeada-no-conjunto-campos-eliseos-por-meio-do-programa-asfalta-manaus\/\",\"url\":\"https:\/\/www.manaus.am.gov.br\/seminf\/prefeitura-entrega-mais-uma-rua-recapeada-no-conjunto-campos-eliseos-por-meio-do-programa-asfalta-manaus\/\",\"name\":\"Prefeitura entrega mais uma rua recapeada no conjunto Campos El\u00edseos por meio do programa \u2018Asfalta Manaus\u2019 - SEMINF\",\"isPartOf\":{\"@id\":\"https:\/\/www.manaus.am.gov.br\/seminf\/#website\"},\"primaryImageOfPage\":{\"@id\":\"https:\/\/www.manaus.am.gov.br\/seminf\/prefeitura-entrega-mais-uma-rua-recapeada-no-conjunto-campos-eliseos-por-meio-do-programa-asfalta-manaus\/#primaryimage\"},\"image\":{\"@id\":\"https:\/\/www.manaus.am.gov.br\/seminf\/prefeitura-entrega-mais-uma-rua-recapeada-no-conjunto-campos-eliseos-por-meio-do-programa-asfalta-manaus\/#primaryimage\"},\"thumbnailUrl\":\"https:\/\/www.manaus.am.gov.br\/seminf\/wp-content\/uploads\/sites\/6\/2022\/12\/Prefeitura-entrega-mais-uma-rua-recapeada-no-conjunto-Campos-Eliseos-por-meio-do-programa-\u2018Asfalta-Manaus.jpg\",\"datePublished\":\"2022-12-20T15:10:00+00:00\",\"dateModified\":\"2022-12-22T12:37:55+00:00\",\"author\":{\"@id\":\"https:\/\/www.manaus.am.gov.br\/seminf\/#\/schema\/person\/79525a47ac5902f50493820d995728ee\"},\"inLanguage\":\"pt-BR\",\"potentialAction\":[{\"@type\":\"ReadAction\",\"target\":[\"https:\/\/www.manaus.am.gov.br\/seminf\/prefeitura-entrega-mais-uma-rua-recapeada-no-conjunto-campos-eliseos-por-meio-do-programa-asfalta-manaus\/\"]}]},{\"@type\":\"ImageObject\",\"inLanguage\":\"pt-BR\",\"@id\":\"https:\/\/www.manaus.am.gov.br\/seminf\/prefeitura-entrega-mais-uma-rua-recapeada-no-conjunto-campos-eliseos-por-meio-do-programa-asfalta-manaus\/#primaryimage\",\"url\":\"https:\/\/www.manaus.am.gov.br\/seminf\/wp-content\/uploads\/sites\/6\/2022\/12\/Prefeitura-entrega-mais-uma-rua-recapeada-no-conjunto-Campos-Eliseos-por-meio-do-programa-\u2018Asfalta-Manaus.jpg\",\"contentUrl\":\"https:\/\/www.manaus.am.gov.br\/seminf\/wp-content\/uploads\/sites\/6\/2022\/12\/Prefeitura-entrega-mais-uma-rua-recapeada-no-conjunto-Campos-Eliseos-por-meio-do-programa-\u2018Asfalta-Manaus.jpg\",\"width\":720,\"height\":407,\"caption\":\"Prefeitura entrega mais uma rua recapeada no conjunto Campos El\u00edseos por meio do programa \u2018Asfalta Manaus\u2019\"},{\"@type\":\"WebSite\",\"@id\":\"https:\/\/www.manaus.am.gov.br\/seminf\/#website\",\"url\":\"https:\/\/www.manaus.am.gov.br\/seminf\/\",\"name\":\"Secretaria de Infraestrutura\",\"description\":\"Secretaria Municipal de Infraestrutura\",\"potentialAction\":[{\"@type\":\"SearchAction\",\"target\":{\"@type\":\"EntryPoint\",\"urlTemplate\":\"https:\/\/www.manaus.am.gov.br\/seminf\/?s={search_term_string}\"},\"query-input\":\"required name=search_term_string\"}],\"inLanguage\":\"pt-BR\"},{\"@type\":\"Person\",\"@id\":\"https:\/\/www.manaus.am.gov.br\/seminf\/#\/schema\/person\/79525a47ac5902f50493820d995728ee\",\"name\":\"Imarketing Digital\",\"image\":{\"@type\":\"ImageObject\",\"inLanguage\":\"pt-BR\",\"@id\":\"https:\/\/www.manaus.am.gov.br\/seminf\/#\/schema\/person\/image\/\",\"url\":\"https:\/\/secure.gravatar.com\/avatar\/03432d3c57b756ed9760f7019c815a3a?s=96&d=mm&r=g\",\"contentUrl\":\"https:\/\/secure.gravatar.com\/avatar\/03432d3c57b756ed9760f7019c815a3a?s=96&d=mm&r=g\",\"caption\":\"Imarketing Digital\"}}]}<\/script>\n<!-- \/ Yoast SEO plugin. -->","yoast_head_json":{"title":"Prefeitura entrega mais uma rua recapeada no conjunto Campos El\u00edseos por meio do programa \u2018Asfalta Manaus\u2019 - SEMINF","robots":{"index":"index","follow":"follow","max-snippet":"max-snippet:-1","max-image-preview":"max-image-preview:large","max-video-preview":"max-video-preview:-1"},"canonical":"https:\/\/www.manaus.am.gov.br\/seminf\/prefeitura-entrega-mais-uma-rua-recapeada-no-conjunto-campos-eliseos-por-meio-do-programa-asfalta-manaus\/","og_locale":"pt_BR","og_type":"article","og_title":"Prefeitura entrega mais uma rua recapeada no conjunto Campos El\u00edseos por meio do programa \u2018Asfalta Manaus\u2019 - SEMINF","og_url":"https:\/\/www.manaus.am.gov.br\/seminf\/prefeitura-entrega-mais-uma-rua-recapeada-no-conjunto-campos-eliseos-por-meio-do-programa-asfalta-manaus\/","og_site_name":"SEMINF","article_published_time":"2022-12-20T15:10:00+00:00","article_modified_time":"2022-12-22T12:37:55+00:00","og_image":[{"width":720,"height":407,"url":"https:\/\/www.manaus.am.gov.br\/seminf\/wp-content\/uploads\/sites\/6\/2022\/12\/Prefeitura-entrega-mais-uma-rua-recapeada-no-conjunto-Campos-Eliseos-por-meio-do-programa-\u2018Asfalta-Manaus.jpg","type":"image\/jpeg"}],"author":"Imarketing Digital","twitter_card":"summary_large_image","twitter_misc":{"Written by":"Imarketing Digital","Est. reading time":"2 minutos"},"schema":{"@context":"https:\/\/schema.org","@graph":[{"@type":"WebPage","@id":"https:\/\/www.manaus.am.gov.br\/seminf\/prefeitura-entrega-mais-uma-rua-recapeada-no-conjunto-campos-eliseos-por-meio-do-programa-asfalta-manaus\/","url":"https:\/\/www.manaus.am.gov.br\/seminf\/prefeitura-entrega-mais-uma-rua-recapeada-no-conjunto-campos-eliseos-por-meio-do-programa-asfalta-manaus\/","name":"Prefeitura entrega mais uma rua recapeada no conjunto Campos El\u00edseos por meio do programa \u2018Asfalta Manaus\u2019 - SEMINF","isPartOf":{"@id":"https:\/\/www.manaus.am.gov.br\/seminf\/#website"},"primaryImageOfPage":{"@id":"https:\/\/www.manaus.am.gov.br\/seminf\/prefeitura-entrega-mais-uma-rua-recapeada-no-conjunto-campos-eliseos-por-meio-do-programa-asfalta-manaus\/#primaryimage"},"image":{"@id":"https:\/\/www.manaus.am.gov.br\/seminf\/prefeitura-entrega-mais-uma-rua-recapeada-no-conjunto-campos-eliseos-por-meio-do-programa-asfalta-manaus\/#primaryimage"},"thumbnailUrl":"https:\/\/www.manaus.am.gov.br\/seminf\/wp-content\/uploads\/sites\/6\/2022\/12\/Prefeitura-entrega-mais-uma-rua-recapeada-no-conjunto-Campos-Eliseos-por-meio-do-programa-\u2018Asfalta-Manaus.jpg","datePublished":"2022-12-20T15:10:00+00:00","dateModified":"2022-12-22T12:37:55+00:00","author":{"@id":"https:\/\/www.manaus.am.gov.br\/seminf\/#\/schema\/person\/79525a47ac5902f50493820d995728ee"},"inLanguage":"pt-BR","potentialAction":[{"@type":"ReadAction","target":["https:\/\/www.manaus.am.gov.br\/seminf\/prefeitura-entrega-mais-uma-rua-recapeada-no-conjunto-campos-eliseos-por-meio-do-programa-asfalta-manaus\/"]}]},{"@type":"ImageObject","inLanguage":"pt-BR","@id":"https:\/\/www.manaus.am.gov.br\/seminf\/prefeitura-entrega-mais-uma-rua-recapeada-no-conjunto-campos-eliseos-por-meio-do-programa-asfalta-manaus\/#primaryimage","url":"https:\/\/www.manaus.am.gov.br\/seminf\/wp-content\/uploads\/sites\/6\/2022\/12\/Prefeitura-entrega-mais-uma-rua-recapeada-no-conjunto-Campos-Eliseos-por-meio-do-programa-\u2018Asfalta-Manaus.jpg","contentUrl":"https:\/\/www.manaus.am.gov.br\/seminf\/wp-content\/uploads\/sites\/6\/2022\/12\/Prefeitura-entrega-mais-uma-rua-recapeada-no-conjunto-Campos-Eliseos-por-meio-do-programa-\u2018Asfalta-Manaus.jpg","width":720,"height":407,"caption":"Prefeitura entrega mais uma rua recapeada no conjunto Campos El\u00edseos por meio do programa \u2018Asfalta Manaus\u2019"},{"@type":"WebSite","@id":"https:\/\/www.manaus.am.gov.br\/seminf\/#website","url":"https:\/\/www.manaus.am.gov.br\/seminf\/","name":"Secretaria de Infraestrutura","description":"Secretaria Municipal de Infraestrutura","potentialAction":[{"@type":"SearchAction","target":{"@type":"EntryPoint","urlTemplate":"https:\/\/www.manaus.am.gov.br\/seminf\/?s={search_term_string}"},"query-input":"required name=search_term_string"}],"inLanguage":"pt-BR"},{"@type":"Person","@id":"https:\/\/www.manaus.am.gov.br\/seminf\/#\/schema\/person\/79525a47ac5902f50493820d995728ee","name":"Imarketing Digital","image":{"@type":"ImageObject","inLanguage":"pt-BR","@id":"https:\/\/www.manaus.am.gov.br\/seminf\/#\/schema\/person\/image\/","url":"https:\/\/secure.gravatar.com\/avatar\/03432d3c57b756ed9760f7019c815a3a?s=96&d=mm&r=g","contentUrl":"https:\/\/secure.gravatar.com\/avatar\/03432d3c57b756ed9760f7019c815a3a?s=96&d=mm&r=g","caption":"Imarketing Digital"}}]}},"_links":{"self":[{"href":"https:\/\/www.manaus.am.gov.br\/seminf\/wp-json\/wp\/v2\/posts\/131"}],"collection":[{"href":"https:\/\/www.manaus.am.gov.br\/seminf\/wp-json\/wp\/v2\/posts"}],"about":[{"href":"https:\/\/www.manaus.am.gov.br\/seminf\/wp-json\/wp\/v2\/types\/post"}],"author":[{"embeddable":true,"href":"https:\/\/www.manaus.am.gov.br\/seminf\/wp-json\/wp\/v2\/users\/27"}],"replies":[{"embeddable":true,"href":"https:\/\/www.manaus.am.gov.br\/seminf\/wp-json\/wp\/v2\/comments?post=131"}],"version-history":[{"count":0,"href":"https:\/\/www.manaus.am.gov.br\/seminf\/wp-json\/wp\/v2\/posts\/131\/revisions"}],"wp:featuredmedia":[{"embeddable":true,"href":"https:\/\/www.manaus.am.gov.br\/seminf\/wp-json\/wp\/v2\/media\/132"}],"wp:attachment":[{"href":"https:\/\/www.manaus.am.gov.br\/seminf\/wp-json\/wp\/v2\/media?parent=131"}],"wp:term":[{"taxonomy":"category","embeddable":true,"href":"https:\/\/www.manaus.am.gov.br\/seminf\/wp-json\/wp\/v2\/categories?post=131"},{"taxonomy":"post_tag","embeddable":true,"href":"https:\/\/www.manaus.am.gov.br\/seminf\/wp-json\/wp\/v2\/tags?post=131"}],"curies":[{"name":"wp","href":"https:\/\/api.w.org\/{rel}","templated":true}]}}