{"id":13056,"date":"2026-08-31T21:00:37","date_gmt":"2026-09-01T01:00:37","guid":{"rendered":"https:\/\/www.manaus.am.gov.br\/seminf\/obra-emergencial-2\/"},"modified":"2026-08-31T21:00:39","modified_gmt":"2026-09-01T01:00:39","slug":"obra-emergencial-2","status":"publish","type":"post","link":"https:\/\/www.manaus.am.gov.br\/seminf\/obra-emergencial-2\/","title":{"rendered":"Prefeitura de Manaus avan\u00e7a em obra emergencial para recuperar galeria subterr\u00e2nea no cruzamento das avenidas Constantino Nery e Darcy Vargas"},"content":{"rendered":"\n<p>A Prefeitura de Manaus, por meio da Secretaria Municipal de Infraestrutura (Seminf), iniciou, nesta segunda-feira, 31\/8, uma obra emergencial no cruzamento das avenidas Constantino Nery e Darcy Vargas, no bairro Chapada, zona Centro-Sul da capital. A interven\u00e7\u00e3o foi necess\u00e1ria ap\u00f3s as equipes identificarem o desgaste da base de uma galeria subterr\u00e2nea, que provocou uma eros\u00e3o no trecho e poderia comprometer a seguran\u00e7a de motoristas e pedestres.<\/p>\n\n\n\n<p>Ap\u00f3s a vistoria t\u00e9cnica e os levantamentos realizados no local, as equipes da Seminf mobilizaram trabalhadores e maquin\u00e1rios especializados para executar a recomposi\u00e7\u00e3o da base da galeria e o aterro do trecho comprometido. A medida restabelece a estabilidade da estrutura e prepara o local para a pr\u00f3xima etapa dos servi\u00e7os.<\/p>\n\n\n\n<p>O secret\u00e1rio municipal de Infraestrutura, Madson Rodrigues, destacou a atua\u00e7\u00e3o emergencial das equipes e o compromisso da Prefeitura de Manaus em solucionar situa\u00e7\u00f5es que possam representar riscos \u00e0 popula\u00e7\u00e3o.<\/p>\n\n\n\n<p>\u201cConforme a determina\u00e7\u00e3o do nosso prefeito Renato Junior, nossas a\u00e7\u00f5es precisam gerar impactos positivos para a popula\u00e7\u00e3o, com mais seguran\u00e7a, qualidade de vida e bem-estar. Foi isso que fizemos aqui. Identificamos o desgaste da base da galeria, atuamos de forma emergencial, recompusemos a estrutura e agora avan\u00e7amos para a pr\u00f3xima etapa, que ser\u00e1 a recupera\u00e7\u00e3o asf\u00e1ltica. \u00c9 mais uma miss\u00e3o do nosso time de gente que trabalha para cuidar da cidade e garantir seguran\u00e7a para a popula\u00e7\u00e3o\u201d, afirmou Madson Rodrigues.<\/p>\n\n\n\n<p>Com a recomposi\u00e7\u00e3o da base e o aterro da galeria, o trecho passa a contar com maior estabilidade. Na sequ\u00eancia, as equipes da Seminf dar\u00e3o continuidade aos trabalhos com a recupera\u00e7\u00e3o do pavimento, devolvendo as condi\u00e7\u00f5es adequadas de circula\u00e7\u00e3o \u00e0 via.<\/p>\n\n\n\n<p>Quem passou pelo local acompanhou de perto a atua\u00e7\u00e3o dos trabalhadores e destacou a import\u00e2ncia da interven\u00e7\u00e3o. A coordenadora pedag\u00f3gica Maria da Silva, de 65 anos, agradeceu o empenho das equipes.<\/p>\n\n\n\n<p>\u201cEsses servidores s\u00e3o muito importantes porque enfrentam esse sol para cuidar da nossa cidade. Estamos acompanhando o trabalho e s\u00f3 temos a agradecer. Eles est\u00e3o aqui, seja no sol ou na chuva, trabalhando para melhorar a vida da popula\u00e7\u00e3o. Que Deus aben\u00e7oe cada um deles\u201d, afirmou Maria.<\/p>\n\n\n\n<p>A interven\u00e7\u00e3o integra o trabalho permanente da Prefeitura de Manaus na manuten\u00e7\u00e3o da infraestrutura urbana, com equipes mobilizadas para identificar e solucionar pontos que necessitam de interven\u00e7\u00e3o emergencial, garantindo mais seguran\u00e7a, estabilidade e qualidade nas vias da capital.<\/p>\n\n\n\n<p>\u2014&#8211; \u2014&#8211; \u2014&#8211;<br><strong>Texto &#8211;<\/strong> Maria Amed\/Seminf<br><strong>Fotos &#8211; <\/strong>Luiz Felipe\/Seminf<\/p>\n","protected":false},"excerpt":{"rendered":"","protected":false},"author":68,"featured_media":13057,"comment_status":"closed","ping_status":"closed","sticky":false,"template":"","format":"standard","meta":{"footnotes":""},"categories":[3],"tags":[4012,4013,43,26],"acf":[],"yoast_head":"<!-- This site is optimized with the Yoast SEO plugin v23.0 - https:\/\/yoast.com\/wordpress\/plugins\/seo\/ -->\n<title>Prefeitura de Manaus avan\u00e7a em obra emergencial para recuperar galeria subterr\u00e2nea no cruzamento das avenidas Constantino Nery e Darcy Vargas<\/title>\n<meta name=\"description\" content=\"A Prefeitura de Manaus, iniciou, nesta segunda-feira, 31\/8, uma obra emergencial no cruzamento das avenidas Constantino Nery e Darcy Vargas.\" \/>\n<meta name=\"robots\" content=\"index, follow, max-snippet:-1, max-image-preview:large, max-video-preview:-1\" \/>\n<link rel=\"canonical\" href=\"https:\/\/www.manaus.am.gov.br\/seminf\/obra-emergencial-2\/\" \/>\n<meta property=\"og:locale\" content=\"pt_BR\" \/>\n<meta property=\"og:type\" content=\"article\" \/>\n<meta property=\"og:title\" content=\"Prefeitura de Manaus avan\u00e7a em obra emergencial para recuperar galeria subterr\u00e2nea no cruzamento das avenidas Constantino Nery e Darcy Vargas\" \/>\n<meta property=\"og:description\" content=\"A Prefeitura de Manaus, iniciou, nesta segunda-feira, 31\/8, uma obra emergencial no cruzamento das avenidas Constantino Nery e Darcy Vargas.\" \/>\n<meta property=\"og:url\" content=\"https:\/\/www.manaus.am.gov.br\/seminf\/obra-emergencial-2\/\" \/>\n<meta property=\"og:site_name\" content=\"SEMINF\" \/>\n<meta property=\"article:published_time\" content=\"2026-09-01T01:00:37+00:00\" \/>\n<meta property=\"article:modified_time\" content=\"2026-09-01T01:00:39+00:00\" \/>\n<meta property=\"og:image\" content=\"https:\/\/www.manaus.am.gov.br\/seminf\/wp-content\/uploads\/sites\/6\/2026\/08\/Prefeitura-de-Manaus-avanca-em-obra-emergencial-para-recuperar-galeria-subterranea-no-cruzamento-das-avenidas-Constantino-Nery-e-Darcy-Vargas-2.jpg\" \/>\n\t<meta property=\"og:image:width\" content=\"1600\" \/>\n\t<meta property=\"og:image:height\" content=\"1200\" \/>\n\t<meta property=\"og:image:type\" content=\"image\/jpeg\" \/>\n<meta name=\"author\" content=\"bvalente\" \/>\n<meta name=\"twitter:card\" content=\"summary_large_image\" \/>\n<meta name=\"twitter:label1\" content=\"Written by\" \/>\n\t<meta name=\"twitter:data1\" content=\"bvalente\" \/>\n\t<meta name=\"twitter:label2\" content=\"Est. reading time\" \/>\n\t<meta name=\"twitter:data2\" content=\"3 minutos\" \/>\n<script type=\"application\/ld+json\" class=\"yoast-schema-graph\">{\"@context\":\"https:\/\/schema.org\",\"@graph\":[{\"@type\":\"WebPage\",\"@id\":\"https:\/\/www.manaus.am.gov.br\/seminf\/obra-emergencial-2\/\",\"url\":\"https:\/\/www.manaus.am.gov.br\/seminf\/obra-emergencial-2\/\",\"name\":\"Prefeitura de Manaus avan\u00e7a em obra emergencial para recuperar galeria subterr\u00e2nea no cruzamento das avenidas Constantino Nery e Darcy Vargas\",\"isPartOf\":{\"@id\":\"https:\/\/www.manaus.am.gov.br\/seminf\/#website\"},\"primaryImageOfPage\":{\"@id\":\"https:\/\/www.manaus.am.gov.br\/seminf\/obra-emergencial-2\/#primaryimage\"},\"image\":{\"@id\":\"https:\/\/www.manaus.am.gov.br\/seminf\/obra-emergencial-2\/#primaryimage\"},\"thumbnailUrl\":\"https:\/\/www.manaus.am.gov.br\/seminf\/wp-content\/uploads\/sites\/6\/2026\/08\/Prefeitura-de-Manaus-avanca-em-obra-emergencial-para-recuperar-galeria-subterranea-no-cruzamento-das-avenidas-Constantino-Nery-e-Darcy-Vargas-2.jpg\",\"datePublished\":\"2026-09-01T01:00:37+00:00\",\"dateModified\":\"2026-09-01T01:00:39+00:00\",\"author\":{\"@id\":\"https:\/\/www.manaus.am.gov.br\/seminf\/#\/schema\/person\/466a0e03ae4b6062809046bd560ac955\"},\"description\":\"A Prefeitura de Manaus, iniciou, nesta segunda-feira, 31\/8, uma obra emergencial no cruzamento das avenidas Constantino Nery e Darcy Vargas.\",\"inLanguage\":\"pt-BR\",\"potentialAction\":[{\"@type\":\"ReadAction\",\"target\":[\"https:\/\/www.manaus.am.gov.br\/seminf\/obra-emergencial-2\/\"]}]},{\"@type\":\"ImageObject\",\"inLanguage\":\"pt-BR\",\"@id\":\"https:\/\/www.manaus.am.gov.br\/seminf\/obra-emergencial-2\/#primaryimage\",\"url\":\"https:\/\/www.manaus.am.gov.br\/seminf\/wp-content\/uploads\/sites\/6\/2026\/08\/Prefeitura-de-Manaus-avanca-em-obra-emergencial-para-recuperar-galeria-subterranea-no-cruzamento-das-avenidas-Constantino-Nery-e-Darcy-Vargas-2.jpg\",\"contentUrl\":\"https:\/\/www.manaus.am.gov.br\/seminf\/wp-content\/uploads\/sites\/6\/2026\/08\/Prefeitura-de-Manaus-avanca-em-obra-emergencial-para-recuperar-galeria-subterranea-no-cruzamento-das-avenidas-Constantino-Nery-e-Darcy-Vargas-2.jpg\",\"width\":1600,\"height\":1200,\"caption\":\"#paratodosverem - Equipe da Seminf recuperando via\"},{\"@type\":\"WebSite\",\"@id\":\"https:\/\/www.manaus.am.gov.br\/seminf\/#website\",\"url\":\"https:\/\/www.manaus.am.gov.br\/seminf\/\",\"name\":\"Secretaria de Infraestrutura\",\"description\":\"Secretaria Municipal de Infraestrutura\",\"potentialAction\":[{\"@type\":\"SearchAction\",\"target\":{\"@type\":\"EntryPoint\",\"urlTemplate\":\"https:\/\/www.manaus.am.gov.br\/seminf\/?s={search_term_string}\"},\"query-input\":\"required name=search_term_string\"}],\"inLanguage\":\"pt-BR\"},{\"@type\":\"Person\",\"@id\":\"https:\/\/www.manaus.am.gov.br\/seminf\/#\/schema\/person\/466a0e03ae4b6062809046bd560ac955\",\"name\":\"bvalente\",\"image\":{\"@type\":\"ImageObject\",\"inLanguage\":\"pt-BR\",\"@id\":\"https:\/\/www.manaus.am.gov.br\/seminf\/#\/schema\/person\/image\/\",\"url\":\"https:\/\/secure.gravatar.com\/avatar\/3e69bc2b014bdad41adfec3a39de07d2?s=96&d=mm&r=g\",\"contentUrl\":\"https:\/\/secure.gravatar.com\/avatar\/3e69bc2b014bdad41adfec3a39de07d2?s=96&d=mm&r=g\",\"caption\":\"bvalente\"}}]}<\/script>\n<!-- \/ Yoast SEO plugin. -->","yoast_head_json":{"title":"Prefeitura de Manaus avan\u00e7a em obra emergencial para recuperar galeria subterr\u00e2nea no cruzamento das avenidas Constantino Nery e Darcy Vargas","description":"A Prefeitura de Manaus, iniciou, nesta segunda-feira, 31\/8, uma obra emergencial no cruzamento das avenidas Constantino Nery e Darcy Vargas.","robots":{"index":"index","follow":"follow","max-snippet":"max-snippet:-1","max-image-preview":"max-image-preview:large","max-video-preview":"max-video-preview:-1"},"canonical":"https:\/\/www.manaus.am.gov.br\/seminf\/obra-emergencial-2\/","og_locale":"pt_BR","og_type":"article","og_title":"Prefeitura de Manaus avan\u00e7a em obra emergencial para recuperar galeria subterr\u00e2nea no cruzamento das avenidas Constantino Nery e Darcy Vargas","og_description":"A Prefeitura de Manaus, iniciou, nesta segunda-feira, 31\/8, uma obra emergencial no cruzamento das avenidas Constantino Nery e Darcy Vargas.","og_url":"https:\/\/www.manaus.am.gov.br\/seminf\/obra-emergencial-2\/","og_site_name":"SEMINF","article_published_time":"2026-09-01T01:00:37+00:00","article_modified_time":"2026-09-01T01:00:39+00:00","og_image":[{"width":1600,"height":1200,"url":"https:\/\/www.manaus.am.gov.br\/seminf\/wp-content\/uploads\/sites\/6\/2026\/08\/Prefeitura-de-Manaus-avanca-em-obra-emergencial-para-recuperar-galeria-subterranea-no-cruzamento-das-avenidas-Constantino-Nery-e-Darcy-Vargas-2.jpg","type":"image\/jpeg"}],"author":"bvalente","twitter_card":"summary_large_image","twitter_misc":{"Written by":"bvalente","Est. reading time":"3 minutos"},"schema":{"@context":"https:\/\/schema.org","@graph":[{"@type":"WebPage","@id":"https:\/\/www.manaus.am.gov.br\/seminf\/obra-emergencial-2\/","url":"https:\/\/www.manaus.am.gov.br\/seminf\/obra-emergencial-2\/","name":"Prefeitura de Manaus avan\u00e7a em obra emergencial para recuperar galeria subterr\u00e2nea no cruzamento das avenidas Constantino Nery e Darcy Vargas","isPartOf":{"@id":"https:\/\/www.manaus.am.gov.br\/seminf\/#website"},"primaryImageOfPage":{"@id":"https:\/\/www.manaus.am.gov.br\/seminf\/obra-emergencial-2\/#primaryimage"},"image":{"@id":"https:\/\/www.manaus.am.gov.br\/seminf\/obra-emergencial-2\/#primaryimage"},"thumbnailUrl":"https:\/\/www.manaus.am.gov.br\/seminf\/wp-content\/uploads\/sites\/6\/2026\/08\/Prefeitura-de-Manaus-avanca-em-obra-emergencial-para-recuperar-galeria-subterranea-no-cruzamento-das-avenidas-Constantino-Nery-e-Darcy-Vargas-2.jpg","datePublished":"2026-09-01T01:00:37+00:00","dateModified":"2026-09-01T01:00:39+00:00","author":{"@id":"https:\/\/www.manaus.am.gov.br\/seminf\/#\/schema\/person\/466a0e03ae4b6062809046bd560ac955"},"description":"A Prefeitura de Manaus, iniciou, nesta segunda-feira, 31\/8, uma obra emergencial no cruzamento das avenidas Constantino Nery e Darcy Vargas.","inLanguage":"pt-BR","potentialAction":[{"@type":"ReadAction","target":["https:\/\/www.manaus.am.gov.br\/seminf\/obra-emergencial-2\/"]}]},{"@type":"ImageObject","inLanguage":"pt-BR","@id":"https:\/\/www.manaus.am.gov.br\/seminf\/obra-emergencial-2\/#primaryimage","url":"https:\/\/www.manaus.am.gov.br\/seminf\/wp-content\/uploads\/sites\/6\/2026\/08\/Prefeitura-de-Manaus-avanca-em-obra-emergencial-para-recuperar-galeria-subterranea-no-cruzamento-das-avenidas-Constantino-Nery-e-Darcy-Vargas-2.jpg","contentUrl":"https:\/\/www.manaus.am.gov.br\/seminf\/wp-content\/uploads\/sites\/6\/2026\/08\/Prefeitura-de-Manaus-avanca-em-obra-emergencial-para-recuperar-galeria-subterranea-no-cruzamento-das-avenidas-Constantino-Nery-e-Darcy-Vargas-2.jpg","width":1600,"height":1200,"caption":"#paratodosverem - Equipe da Seminf recuperando via"},{"@type":"WebSite","@id":"https:\/\/www.manaus.am.gov.br\/seminf\/#website","url":"https:\/\/www.manaus.am.gov.br\/seminf\/","name":"Secretaria de Infraestrutura","description":"Secretaria Municipal de Infraestrutura","potentialAction":[{"@type":"SearchAction","target":{"@type":"EntryPoint","urlTemplate":"https:\/\/www.manaus.am.gov.br\/seminf\/?s={search_term_string}"},"query-input":"required name=search_term_string"}],"inLanguage":"pt-BR"},{"@type":"Person","@id":"https:\/\/www.manaus.am.gov.br\/seminf\/#\/schema\/person\/466a0e03ae4b6062809046bd560ac955","name":"bvalente","image":{"@type":"ImageObject","inLanguage":"pt-BR","@id":"https:\/\/www.manaus.am.gov.br\/seminf\/#\/schema\/person\/image\/","url":"https:\/\/secure.gravatar.com\/avatar\/3e69bc2b014bdad41adfec3a39de07d2?s=96&d=mm&r=g","contentUrl":"https:\/\/secure.gravatar.com\/avatar\/3e69bc2b014bdad41adfec3a39de07d2?s=96&d=mm&r=g","caption":"bvalente"}}]}},"_links":{"self":[{"href":"https:\/\/www.manaus.am.gov.br\/seminf\/wp-json\/wp\/v2\/posts\/13056"}],"collection":[{"href":"https:\/\/www.manaus.am.gov.br\/seminf\/wp-json\/wp\/v2\/posts"}],"about":[{"href":"https:\/\/www.manaus.am.gov.br\/seminf\/wp-json\/wp\/v2\/types\/post"}],"author":[{"embeddable":true,"href":"https:\/\/www.manaus.am.gov.br\/seminf\/wp-json\/wp\/v2\/users\/68"}],"replies":[{"embeddable":true,"href":"https:\/\/www.manaus.am.gov.br\/seminf\/wp-json\/wp\/v2\/comments?post=13056"}],"version-history":[{"count":0,"href":"https:\/\/www.manaus.am.gov.br\/seminf\/wp-json\/wp\/v2\/posts\/13056\/revisions"}],"wp:featuredmedia":[{"embeddable":true,"href":"https:\/\/www.manaus.am.gov.br\/seminf\/wp-json\/wp\/v2\/media\/13057"}],"wp:attachment":[{"href":"https:\/\/www.manaus.am.gov.br\/seminf\/wp-json\/wp\/v2\/media?parent=13056"}],"wp:term":[{"taxonomy":"category","embeddable":true,"href":"https:\/\/www.manaus.am.gov.br\/seminf\/wp-json\/wp\/v2\/categories?post=13056"},{"taxonomy":"post_tag","embeddable":true,"href":"https:\/\/www.manaus.am.gov.br\/seminf\/wp-json\/wp\/v2\/tags?post=13056"}],"curies":[{"name":"wp","href":"https:\/\/api.w.org\/{rel}","templated":true}]}}