{"id":13054,"date":"2026-08-31T20:45:05","date_gmt":"2026-09-01T00:45:05","guid":{"rendered":"https:\/\/www.manaus.am.gov.br\/seminf\/recuperacao-viaria-3\/"},"modified":"2026-08-31T20:45:07","modified_gmt":"2026-09-01T00:45:07","slug":"recuperacao-viaria-3","status":"publish","type":"post","link":"https:\/\/www.manaus.am.gov.br\/seminf\/recuperacao-viaria-3\/","title":{"rendered":"Prefeitura de Manaus avan\u00e7a na recupera\u00e7\u00e3o vi\u00e1ria e melhora trafegabilidade no bairro Japiim"},"content":{"rendered":"\n<p>A Prefeitura de Manaus, por meio da Secretaria Municipal de Infraestrutura (Seminf), avan\u00e7a, nesta segunda-feira, 31\/8, com os servi\u00e7os de manuten\u00e7\u00e3o asf\u00e1ltica na travessa S5, no bairro Japiim, zona Sul da capital. A interven\u00e7\u00e3o recupera os trechos deteriorados da via e proporciona melhores condi\u00e7\u00f5es de circula\u00e7\u00e3o para moradores, motoristas e pedestres que utilizam o local diariamente.<\/p>\n\n\n\n<p>\u201cEstamos focados em manter nossas equipes nas ruas, garantindo mais trafegabilidade para a comunidade por meio dos servi\u00e7os de manuten\u00e7\u00e3o asf\u00e1ltica. A determina\u00e7\u00e3o do prefeito Renato Junior \u00e9 que possamos atender \u00e0s solicita\u00e7\u00f5es necess\u00e1rias nessa regi\u00e3o da zona Sul da capital e oferecer uma malha vi\u00e1ria com melhores condi\u00e7\u00f5es para todos\u201d, afirmou o secret\u00e1rio municipal de Infraestrutura, Madson Rodrigues.<\/p>\n\n\n\n<p>Os trabalhos come\u00e7am com a prepara\u00e7\u00e3o do trecho que recebe a interven\u00e7\u00e3o, seguida pela aplica\u00e7\u00e3o da imprima\u00e7\u00e3o, etapa respons\u00e1vel por preparar a superf\u00edcie para receber a nova camada de pavimento. Na sequ\u00eancia, as equipes realizam a aplica\u00e7\u00e3o da massa asf\u00e1ltica nos pontos que apresentavam maior desgaste, proporcionando uma superf\u00edcie mais uniforme e adequada ao tr\u00e1fego.<\/p>\n\n\n\n<p>Durante a execu\u00e7\u00e3o, os trabalhadores tamb\u00e9m realizam o acabamento do novo pavimento e utilizam o rolo compactador para garantir a correta acomoda\u00e7\u00e3o da massa e maior durabilidade ao servi\u00e7o.<\/p>\n\n\n\n<p>\u201cEsse trabalho \u00e9 muito bom porque garante mais seguran\u00e7a para os carros e evita problemas nos autom\u00f3veis. Ent\u00e3o, a prefeitura est\u00e1 de parab\u00e9ns\u201d, comentou o profissional de est\u00e9tica automotiva, Francivan Gomes, de 48 anos.<\/p>\n\n\n\n<p>Com a interven\u00e7\u00e3o, a travessa S5 passa a contar com melhores condi\u00e7\u00f5es de circula\u00e7\u00e3o, contribuindo para mais seguran\u00e7a e conforto no deslocamento di\u00e1rio. A Prefeitura de Manaus segue mantendo equipes em campo e avan\u00e7ando com servi\u00e7os de manuten\u00e7\u00e3o asf\u00e1ltica em diferentes pontos da capital, levando melhorias para as vias que necessitam de recupera\u00e7\u00e3o.<\/p>\n\n\n\n<p>\u2014&#8211; \u2014&#8212; \u2014&#8212;<br><strong>Texto &#8211;<\/strong> Eduarda Lira\/Seminf<br><strong>Fotos &#8211;<\/strong> Luiz Felipe\/Seminf\u00a0<br><\/p>\n","protected":false},"excerpt":{"rendered":"","protected":false},"author":68,"featured_media":13055,"comment_status":"closed","ping_status":"closed","sticky":false,"template":"","format":"standard","meta":{"footnotes":""},"categories":[6],"tags":[87,43,354,26,1618,51],"acf":[],"yoast_head":"<!-- This site is optimized with the Yoast SEO plugin v23.0 - https:\/\/yoast.com\/wordpress\/plugins\/seo\/ -->\n<title>Prefeitura de Manaus avan\u00e7a na recupera\u00e7\u00e3o vi\u00e1ria e melhora trafegabilidade no bairro Japiim<\/title>\n<meta name=\"description\" content=\"A Prefeitura avan\u00e7a, nesta segunda-feira, 31\/8, com os servi\u00e7os de manuten\u00e7\u00e3o asf\u00e1ltica na travessa S5, no bairro Japiim, zona Sul.\" \/>\n<meta name=\"robots\" content=\"index, follow, max-snippet:-1, max-image-preview:large, max-video-preview:-1\" \/>\n<link rel=\"canonical\" href=\"https:\/\/www.manaus.am.gov.br\/seminf\/recuperacao-viaria-3\/\" \/>\n<meta property=\"og:locale\" content=\"pt_BR\" \/>\n<meta property=\"og:type\" content=\"article\" \/>\n<meta property=\"og:title\" content=\"Prefeitura de Manaus avan\u00e7a na recupera\u00e7\u00e3o vi\u00e1ria e melhora trafegabilidade no bairro Japiim\" \/>\n<meta property=\"og:description\" content=\"A Prefeitura avan\u00e7a, nesta segunda-feira, 31\/8, com os servi\u00e7os de manuten\u00e7\u00e3o asf\u00e1ltica na travessa S5, no bairro Japiim, zona Sul.\" \/>\n<meta property=\"og:url\" content=\"https:\/\/www.manaus.am.gov.br\/seminf\/recuperacao-viaria-3\/\" \/>\n<meta property=\"og:site_name\" content=\"SEMINF\" \/>\n<meta property=\"article:published_time\" content=\"2026-09-01T00:45:05+00:00\" \/>\n<meta property=\"article:modified_time\" content=\"2026-09-01T00:45:07+00:00\" \/>\n<meta property=\"og:image\" content=\"https:\/\/www.manaus.am.gov.br\/seminf\/wp-content\/uploads\/sites\/6\/2026\/08\/IMG_0706-1024x768.jpg\" \/>\n\t<meta property=\"og:image:width\" content=\"1024\" \/>\n\t<meta property=\"og:image:height\" content=\"768\" \/>\n\t<meta property=\"og:image:type\" content=\"image\/jpeg\" \/>\n<meta name=\"author\" content=\"bvalente\" \/>\n<meta name=\"twitter:card\" content=\"summary_large_image\" \/>\n<meta name=\"twitter:label1\" content=\"Written by\" \/>\n\t<meta name=\"twitter:data1\" content=\"bvalente\" \/>\n\t<meta name=\"twitter:label2\" content=\"Est. reading time\" \/>\n\t<meta name=\"twitter:data2\" content=\"2 minutos\" \/>\n<script type=\"application\/ld+json\" class=\"yoast-schema-graph\">{\"@context\":\"https:\/\/schema.org\",\"@graph\":[{\"@type\":\"WebPage\",\"@id\":\"https:\/\/www.manaus.am.gov.br\/seminf\/recuperacao-viaria-3\/\",\"url\":\"https:\/\/www.manaus.am.gov.br\/seminf\/recuperacao-viaria-3\/\",\"name\":\"Prefeitura de Manaus avan\u00e7a na recupera\u00e7\u00e3o vi\u00e1ria e melhora trafegabilidade no bairro Japiim\",\"isPartOf\":{\"@id\":\"https:\/\/www.manaus.am.gov.br\/seminf\/#website\"},\"primaryImageOfPage\":{\"@id\":\"https:\/\/www.manaus.am.gov.br\/seminf\/recuperacao-viaria-3\/#primaryimage\"},\"image\":{\"@id\":\"https:\/\/www.manaus.am.gov.br\/seminf\/recuperacao-viaria-3\/#primaryimage\"},\"thumbnailUrl\":\"https:\/\/www.manaus.am.gov.br\/seminf\/wp-content\/uploads\/sites\/6\/2026\/08\/IMG_0706.jpg\",\"datePublished\":\"2026-09-01T00:45:05+00:00\",\"dateModified\":\"2026-09-01T00:45:07+00:00\",\"author\":{\"@id\":\"https:\/\/www.manaus.am.gov.br\/seminf\/#\/schema\/person\/466a0e03ae4b6062809046bd560ac955\"},\"description\":\"A Prefeitura avan\u00e7a, nesta segunda-feira, 31\/8, com os servi\u00e7os de manuten\u00e7\u00e3o asf\u00e1ltica na travessa S5, no bairro Japiim, zona Sul.\",\"inLanguage\":\"pt-BR\",\"potentialAction\":[{\"@type\":\"ReadAction\",\"target\":[\"https:\/\/www.manaus.am.gov.br\/seminf\/recuperacao-viaria-3\/\"]}]},{\"@type\":\"ImageObject\",\"inLanguage\":\"pt-BR\",\"@id\":\"https:\/\/www.manaus.am.gov.br\/seminf\/recuperacao-viaria-3\/#primaryimage\",\"url\":\"https:\/\/www.manaus.am.gov.br\/seminf\/wp-content\/uploads\/sites\/6\/2026\/08\/IMG_0706.jpg\",\"contentUrl\":\"https:\/\/www.manaus.am.gov.br\/seminf\/wp-content\/uploads\/sites\/6\/2026\/08\/IMG_0706.jpg\",\"width\":4032,\"height\":3024,\"caption\":\"#paratodosverem - Equipe da Seminf aplicando novo asfalto em via\"},{\"@type\":\"WebSite\",\"@id\":\"https:\/\/www.manaus.am.gov.br\/seminf\/#website\",\"url\":\"https:\/\/www.manaus.am.gov.br\/seminf\/\",\"name\":\"Secretaria de Infraestrutura\",\"description\":\"Secretaria Municipal de Infraestrutura\",\"potentialAction\":[{\"@type\":\"SearchAction\",\"target\":{\"@type\":\"EntryPoint\",\"urlTemplate\":\"https:\/\/www.manaus.am.gov.br\/seminf\/?s={search_term_string}\"},\"query-input\":\"required name=search_term_string\"}],\"inLanguage\":\"pt-BR\"},{\"@type\":\"Person\",\"@id\":\"https:\/\/www.manaus.am.gov.br\/seminf\/#\/schema\/person\/466a0e03ae4b6062809046bd560ac955\",\"name\":\"bvalente\",\"image\":{\"@type\":\"ImageObject\",\"inLanguage\":\"pt-BR\",\"@id\":\"https:\/\/www.manaus.am.gov.br\/seminf\/#\/schema\/person\/image\/\",\"url\":\"https:\/\/secure.gravatar.com\/avatar\/3e69bc2b014bdad41adfec3a39de07d2?s=96&d=mm&r=g\",\"contentUrl\":\"https:\/\/secure.gravatar.com\/avatar\/3e69bc2b014bdad41adfec3a39de07d2?s=96&d=mm&r=g\",\"caption\":\"bvalente\"}}]}<\/script>\n<!-- \/ Yoast SEO plugin. -->","yoast_head_json":{"title":"Prefeitura de Manaus avan\u00e7a na recupera\u00e7\u00e3o vi\u00e1ria e melhora trafegabilidade no bairro Japiim","description":"A Prefeitura avan\u00e7a, nesta segunda-feira, 31\/8, com os servi\u00e7os de manuten\u00e7\u00e3o asf\u00e1ltica na travessa S5, no bairro Japiim, zona Sul.","robots":{"index":"index","follow":"follow","max-snippet":"max-snippet:-1","max-image-preview":"max-image-preview:large","max-video-preview":"max-video-preview:-1"},"canonical":"https:\/\/www.manaus.am.gov.br\/seminf\/recuperacao-viaria-3\/","og_locale":"pt_BR","og_type":"article","og_title":"Prefeitura de Manaus avan\u00e7a na recupera\u00e7\u00e3o vi\u00e1ria e melhora trafegabilidade no bairro Japiim","og_description":"A Prefeitura avan\u00e7a, nesta segunda-feira, 31\/8, com os servi\u00e7os de manuten\u00e7\u00e3o asf\u00e1ltica na travessa S5, no bairro Japiim, zona Sul.","og_url":"https:\/\/www.manaus.am.gov.br\/seminf\/recuperacao-viaria-3\/","og_site_name":"SEMINF","article_published_time":"2026-09-01T00:45:05+00:00","article_modified_time":"2026-09-01T00:45:07+00:00","og_image":[{"width":1024,"height":768,"url":"https:\/\/www.manaus.am.gov.br\/seminf\/wp-content\/uploads\/sites\/6\/2026\/08\/IMG_0706-1024x768.jpg","type":"image\/jpeg"}],"author":"bvalente","twitter_card":"summary_large_image","twitter_misc":{"Written by":"bvalente","Est. reading time":"2 minutos"},"schema":{"@context":"https:\/\/schema.org","@graph":[{"@type":"WebPage","@id":"https:\/\/www.manaus.am.gov.br\/seminf\/recuperacao-viaria-3\/","url":"https:\/\/www.manaus.am.gov.br\/seminf\/recuperacao-viaria-3\/","name":"Prefeitura de Manaus avan\u00e7a na recupera\u00e7\u00e3o vi\u00e1ria e melhora trafegabilidade no bairro Japiim","isPartOf":{"@id":"https:\/\/www.manaus.am.gov.br\/seminf\/#website"},"primaryImageOfPage":{"@id":"https:\/\/www.manaus.am.gov.br\/seminf\/recuperacao-viaria-3\/#primaryimage"},"image":{"@id":"https:\/\/www.manaus.am.gov.br\/seminf\/recuperacao-viaria-3\/#primaryimage"},"thumbnailUrl":"https:\/\/www.manaus.am.gov.br\/seminf\/wp-content\/uploads\/sites\/6\/2026\/08\/IMG_0706.jpg","datePublished":"2026-09-01T00:45:05+00:00","dateModified":"2026-09-01T00:45:07+00:00","author":{"@id":"https:\/\/www.manaus.am.gov.br\/seminf\/#\/schema\/person\/466a0e03ae4b6062809046bd560ac955"},"description":"A Prefeitura avan\u00e7a, nesta segunda-feira, 31\/8, com os servi\u00e7os de manuten\u00e7\u00e3o asf\u00e1ltica na travessa S5, no bairro Japiim, zona Sul.","inLanguage":"pt-BR","potentialAction":[{"@type":"ReadAction","target":["https:\/\/www.manaus.am.gov.br\/seminf\/recuperacao-viaria-3\/"]}]},{"@type":"ImageObject","inLanguage":"pt-BR","@id":"https:\/\/www.manaus.am.gov.br\/seminf\/recuperacao-viaria-3\/#primaryimage","url":"https:\/\/www.manaus.am.gov.br\/seminf\/wp-content\/uploads\/sites\/6\/2026\/08\/IMG_0706.jpg","contentUrl":"https:\/\/www.manaus.am.gov.br\/seminf\/wp-content\/uploads\/sites\/6\/2026\/08\/IMG_0706.jpg","width":4032,"height":3024,"caption":"#paratodosverem - Equipe da Seminf aplicando novo asfalto em via"},{"@type":"WebSite","@id":"https:\/\/www.manaus.am.gov.br\/seminf\/#website","url":"https:\/\/www.manaus.am.gov.br\/seminf\/","name":"Secretaria de Infraestrutura","description":"Secretaria Municipal de Infraestrutura","potentialAction":[{"@type":"SearchAction","target":{"@type":"EntryPoint","urlTemplate":"https:\/\/www.manaus.am.gov.br\/seminf\/?s={search_term_string}"},"query-input":"required name=search_term_string"}],"inLanguage":"pt-BR"},{"@type":"Person","@id":"https:\/\/www.manaus.am.gov.br\/seminf\/#\/schema\/person\/466a0e03ae4b6062809046bd560ac955","name":"bvalente","image":{"@type":"ImageObject","inLanguage":"pt-BR","@id":"https:\/\/www.manaus.am.gov.br\/seminf\/#\/schema\/person\/image\/","url":"https:\/\/secure.gravatar.com\/avatar\/3e69bc2b014bdad41adfec3a39de07d2?s=96&d=mm&r=g","contentUrl":"https:\/\/secure.gravatar.com\/avatar\/3e69bc2b014bdad41adfec3a39de07d2?s=96&d=mm&r=g","caption":"bvalente"}}]}},"_links":{"self":[{"href":"https:\/\/www.manaus.am.gov.br\/seminf\/wp-json\/wp\/v2\/posts\/13054"}],"collection":[{"href":"https:\/\/www.manaus.am.gov.br\/seminf\/wp-json\/wp\/v2\/posts"}],"about":[{"href":"https:\/\/www.manaus.am.gov.br\/seminf\/wp-json\/wp\/v2\/types\/post"}],"author":[{"embeddable":true,"href":"https:\/\/www.manaus.am.gov.br\/seminf\/wp-json\/wp\/v2\/users\/68"}],"replies":[{"embeddable":true,"href":"https:\/\/www.manaus.am.gov.br\/seminf\/wp-json\/wp\/v2\/comments?post=13054"}],"version-history":[{"count":0,"href":"https:\/\/www.manaus.am.gov.br\/seminf\/wp-json\/wp\/v2\/posts\/13054\/revisions"}],"wp:featuredmedia":[{"embeddable":true,"href":"https:\/\/www.manaus.am.gov.br\/seminf\/wp-json\/wp\/v2\/media\/13055"}],"wp:attachment":[{"href":"https:\/\/www.manaus.am.gov.br\/seminf\/wp-json\/wp\/v2\/media?parent=13054"}],"wp:term":[{"taxonomy":"category","embeddable":true,"href":"https:\/\/www.manaus.am.gov.br\/seminf\/wp-json\/wp\/v2\/categories?post=13054"},{"taxonomy":"post_tag","embeddable":true,"href":"https:\/\/www.manaus.am.gov.br\/seminf\/wp-json\/wp\/v2\/tags?post=13054"}],"curies":[{"name":"wp","href":"https:\/\/api.w.org\/{rel}","templated":true}]}}