{"id":13050,"date":"2026-08-31T17:41:25","date_gmt":"2026-08-31T21:41:25","guid":{"rendered":"https:\/\/www.manaus.am.gov.br\/seminf\/recuperacao-rua-hortencia-bairro-aleixo\/"},"modified":"2026-08-31T17:41:25","modified_gmt":"2026-08-31T21:41:25","slug":"recuperacao-rua-hortencia-bairro-aleixo","status":"publish","type":"post","link":"https:\/\/www.manaus.am.gov.br\/seminf\/recuperacao-rua-hortencia-bairro-aleixo\/","title":{"rendered":"Prefeitura avan\u00e7a na recupera\u00e7\u00e3o da rua Hort\u00eancia no bairro Aleixo e atende solicita\u00e7\u00e3o de moradores"},"content":{"rendered":"\n<p>A Prefeitura de Manaus, por meio da Secretaria Municipal de Infraestrutura (Seminf), avan\u00e7a, nesta segunda-feira, 31\/8,&nbsp;com os servi\u00e7os de manuten\u00e7\u00e3o asf\u00e1ltica na rua Hort\u00eancia, no bairro Aleixo, zona Centro-Sul da capital. A interven\u00e7\u00e3o atende a uma solicita\u00e7\u00e3o dos moradores e contempla a recupera\u00e7\u00e3o dos trechos mais deteriorados da via, proporcionando melhores condi\u00e7\u00f5es de tr\u00e1fego e mais seguran\u00e7a para motoristas, pedestres e moradores que utilizam o local diariamente.<\/p>\n\n\n\n<p>Os trabalhos come\u00e7aram com a limpeza da via e a prepara\u00e7\u00e3o da base para receber as etapas seguintes da recupera\u00e7\u00e3o. Na sequ\u00eancia, as equipes aplicaram a emuls\u00e3o asf\u00e1ltica, respons\u00e1vel por garantir maior ader\u00eancia entre a superf\u00edcie e a nova camada de pavimento. Ap\u00f3s o preparo, os trabalhadores realizam a aplica\u00e7\u00e3o da massa asf\u00e1ltica nos pontos que apresentavam maior desgaste, corrigindo as \u00e1reas deterioradas e proporcionando um pavimento mais regular.<\/p>\n\n\n\n<p>\u201cO prefeito Renato Junior determinou que estejamos cada vez mais pr\u00f3ximos da popula\u00e7\u00e3o, ouvindo cada solicita\u00e7\u00e3o e levando os servi\u00e7os de infraestrutura para onde s\u00e3o mais necess\u00e1rios. A comunidade fez a solicita\u00e7\u00e3o dos servi\u00e7os aqui na rua Hort\u00eancia e n\u00f3s chegamos para resolver. Nossas equipes est\u00e3o trabalhando na recupera\u00e7\u00e3o dos pontos mais desgastados, garantindo uma via mais segura e melhores condi\u00e7\u00f5es de tr\u00e1fego para a comunidade\u201d, afirmou o secret\u00e1rio municipal de Infraestrutura, Madson Rodrigues.<\/p>\n\n\n\n<p>A a\u00e7\u00e3o foi realizada ap\u00f3s os moradores acionarem a Prefeitura de Manaus para solicitar a recupera\u00e7\u00e3o da via. A partir da demanda, as equipes da Seminf fizeram a vistoria t\u00e9cnica no local, identificaram os pontos que necessitavam de interven\u00e7\u00e3o e iniciaram os servi\u00e7os de manuten\u00e7\u00e3o.<\/p>\n\n\n\n<p>\u201cN\u00f3s fizemos a solicita\u00e7\u00e3o e hoje as equipes j\u00e1 est\u00e3o trabalhando na nossa rua. O nosso sentimento \u00e9 de muita gratid\u00e3o, porque os carros j\u00e1 estavam com dificuldade de acessar a rua e agora essa realidade come\u00e7a a mudar\u201d, agradeceu a professora universit\u00e1ria de engenharia, Maudi Souza, de 62 anos.<\/p>\n\n\n\n<p>Com o avan\u00e7o dos servi\u00e7os, a rua Hort\u00eancia passa a contar com melhores condi\u00e7\u00f5es para o tr\u00e1fego di\u00e1rio. A interven\u00e7\u00e3o integra o trabalho permanente da Prefeitura de Manaus na manuten\u00e7\u00e3o da malha vi\u00e1ria, com equipes atuando em diferentes pontos da capital para atender \u00e0s demandas da popula\u00e7\u00e3o e melhorar a infraestrutura dos bairros.<\/p>\n\n\n\n<figure class=\"wp-block-image size-large\"><img loading=\"lazy\" decoding=\"async\" width=\"1024\" height=\"768\" src=\"https:\/\/www.manaus.am.gov.br\/seminf\/wp-content\/uploads\/sites\/6\/2026\/08\/WhatsApp-Image-2026-08-31-at-17.31.53-2-1024x768.jpeg\" alt=\"\" class=\"wp-image-13052\" srcset=\"https:\/\/www.manaus.am.gov.br\/seminf\/wp-content\/uploads\/sites\/6\/2026\/08\/WhatsApp-Image-2026-08-31-at-17.31.53-2-1024x768.jpeg 1024w, https:\/\/www.manaus.am.gov.br\/seminf\/wp-content\/uploads\/sites\/6\/2026\/08\/WhatsApp-Image-2026-08-31-at-17.31.53-2-300x225.jpeg 300w, https:\/\/www.manaus.am.gov.br\/seminf\/wp-content\/uploads\/sites\/6\/2026\/08\/WhatsApp-Image-2026-08-31-at-17.31.53-2-768x576.jpeg 768w, https:\/\/www.manaus.am.gov.br\/seminf\/wp-content\/uploads\/sites\/6\/2026\/08\/WhatsApp-Image-2026-08-31-at-17.31.53-2-1536x1152.jpeg 1536w, https:\/\/www.manaus.am.gov.br\/seminf\/wp-content\/uploads\/sites\/6\/2026\/08\/WhatsApp-Image-2026-08-31-at-17.31.53-2.jpeg 1600w\" sizes=\"(max-width: 1024px) 100vw, 1024px\" \/><figcaption class=\"wp-element-caption\">#paratodosverem &#8211; Servi\u00e7o<\/figcaption><\/figure>\n\n\n\n<p>&#8212; &#8212; &#8212;<\/p>\n\n\n\n<p><strong>Texto &#8211;<\/strong> Eduarda Lira\/Seminf<\/p>\n\n\n\n<p><strong>Fotos <\/strong>&#8211; Luiz Felipe\/Seminf<\/p>\n","protected":false},"excerpt":{"rendered":"","protected":false},"author":39,"featured_media":13051,"comment_status":"closed","ping_status":"closed","sticky":false,"template":"","format":"standard","meta":{"footnotes":""},"categories":[221],"tags":[365,43,129,4010,26,586],"acf":[],"yoast_head":"<!-- This site is optimized with the Yoast SEO plugin v23.0 - https:\/\/yoast.com\/wordpress\/plugins\/seo\/ -->\n<title>Prefeitura avan\u00e7a na recupera\u00e7\u00e3o da rua Hort\u00eancia no bairro Aleixo<\/title>\n<meta name=\"description\" content=\"Prefeitura de Manaus avan\u00e7a na recupera\u00e7\u00e3o da rua Hort\u00eancia no bairro Aleixo e atende solicita\u00e7\u00e3o de moradores.\" \/>\n<meta name=\"robots\" content=\"index, follow, max-snippet:-1, max-image-preview:large, max-video-preview:-1\" \/>\n<link rel=\"canonical\" href=\"https:\/\/www.manaus.am.gov.br\/seminf\/recuperacao-rua-hortencia-bairro-aleixo\/\" \/>\n<meta property=\"og:locale\" content=\"pt_BR\" \/>\n<meta property=\"og:type\" content=\"article\" \/>\n<meta property=\"og:title\" content=\"Prefeitura avan\u00e7a na recupera\u00e7\u00e3o da rua Hort\u00eancia no bairro Aleixo\" \/>\n<meta property=\"og:description\" content=\"Prefeitura de Manaus avan\u00e7a na recupera\u00e7\u00e3o da rua Hort\u00eancia no bairro Aleixo e atende solicita\u00e7\u00e3o de moradores.\" \/>\n<meta property=\"og:url\" content=\"https:\/\/www.manaus.am.gov.br\/seminf\/recuperacao-rua-hortencia-bairro-aleixo\/\" \/>\n<meta property=\"og:site_name\" content=\"SEMINF\" \/>\n<meta property=\"article:published_time\" content=\"2026-08-31T21:41:25+00:00\" \/>\n<meta property=\"og:image\" content=\"https:\/\/www.manaus.am.gov.br\/seminf\/wp-content\/uploads\/sites\/6\/2026\/08\/WhatsApp-Image-2026-08-31-at-17.31.53-6.jpeg\" \/>\n\t<meta property=\"og:image:width\" content=\"1600\" \/>\n\t<meta property=\"og:image:height\" content=\"1200\" \/>\n\t<meta property=\"og:image:type\" content=\"image\/jpeg\" \/>\n<meta name=\"author\" content=\"Bruna Greco\" \/>\n<meta name=\"twitter:card\" content=\"summary_large_image\" \/>\n<meta name=\"twitter:label1\" content=\"Written by\" \/>\n\t<meta name=\"twitter:data1\" content=\"Bruna Greco\" \/>\n\t<meta name=\"twitter:label2\" content=\"Est. reading time\" \/>\n\t<meta name=\"twitter:data2\" content=\"3 minutos\" \/>\n<script type=\"application\/ld+json\" class=\"yoast-schema-graph\">{\"@context\":\"https:\/\/schema.org\",\"@graph\":[{\"@type\":\"WebPage\",\"@id\":\"https:\/\/www.manaus.am.gov.br\/seminf\/recuperacao-rua-hortencia-bairro-aleixo\/\",\"url\":\"https:\/\/www.manaus.am.gov.br\/seminf\/recuperacao-rua-hortencia-bairro-aleixo\/\",\"name\":\"Prefeitura avan\u00e7a na recupera\u00e7\u00e3o da rua Hort\u00eancia no bairro Aleixo\",\"isPartOf\":{\"@id\":\"https:\/\/www.manaus.am.gov.br\/seminf\/#website\"},\"primaryImageOfPage\":{\"@id\":\"https:\/\/www.manaus.am.gov.br\/seminf\/recuperacao-rua-hortencia-bairro-aleixo\/#primaryimage\"},\"image\":{\"@id\":\"https:\/\/www.manaus.am.gov.br\/seminf\/recuperacao-rua-hortencia-bairro-aleixo\/#primaryimage\"},\"thumbnailUrl\":\"https:\/\/www.manaus.am.gov.br\/seminf\/wp-content\/uploads\/sites\/6\/2026\/08\/WhatsApp-Image-2026-08-31-at-17.31.53-6.jpeg\",\"datePublished\":\"2026-08-31T21:41:25+00:00\",\"dateModified\":\"2026-08-31T21:41:25+00:00\",\"author\":{\"@id\":\"https:\/\/www.manaus.am.gov.br\/seminf\/#\/schema\/person\/05d223aea2bf115f9883a6ff3683d81b\"},\"description\":\"Prefeitura de Manaus avan\u00e7a na recupera\u00e7\u00e3o da rua Hort\u00eancia no bairro Aleixo e atende solicita\u00e7\u00e3o de moradores.\",\"inLanguage\":\"pt-BR\",\"potentialAction\":[{\"@type\":\"ReadAction\",\"target\":[\"https:\/\/www.manaus.am.gov.br\/seminf\/recuperacao-rua-hortencia-bairro-aleixo\/\"]}]},{\"@type\":\"ImageObject\",\"inLanguage\":\"pt-BR\",\"@id\":\"https:\/\/www.manaus.am.gov.br\/seminf\/recuperacao-rua-hortencia-bairro-aleixo\/#primaryimage\",\"url\":\"https:\/\/www.manaus.am.gov.br\/seminf\/wp-content\/uploads\/sites\/6\/2026\/08\/WhatsApp-Image-2026-08-31-at-17.31.53-6.jpeg\",\"contentUrl\":\"https:\/\/www.manaus.am.gov.br\/seminf\/wp-content\/uploads\/sites\/6\/2026\/08\/WhatsApp-Image-2026-08-31-at-17.31.53-6.jpeg\",\"width\":1600,\"height\":1200,\"caption\":\"#paratodosverem - Equipe da Seminf executando a recupera\u00e7\u00e3o asf\u00e1ltica da rua Hort\u00eancia, no bairro Aleixo\"},{\"@type\":\"WebSite\",\"@id\":\"https:\/\/www.manaus.am.gov.br\/seminf\/#website\",\"url\":\"https:\/\/www.manaus.am.gov.br\/seminf\/\",\"name\":\"Secretaria de Infraestrutura\",\"description\":\"Secretaria Municipal de Infraestrutura\",\"potentialAction\":[{\"@type\":\"SearchAction\",\"target\":{\"@type\":\"EntryPoint\",\"urlTemplate\":\"https:\/\/www.manaus.am.gov.br\/seminf\/?s={search_term_string}\"},\"query-input\":\"required name=search_term_string\"}],\"inLanguage\":\"pt-BR\"},{\"@type\":\"Person\",\"@id\":\"https:\/\/www.manaus.am.gov.br\/seminf\/#\/schema\/person\/05d223aea2bf115f9883a6ff3683d81b\",\"name\":\"Bruna Greco\",\"image\":{\"@type\":\"ImageObject\",\"inLanguage\":\"pt-BR\",\"@id\":\"https:\/\/www.manaus.am.gov.br\/seminf\/#\/schema\/person\/image\/\",\"url\":\"https:\/\/secure.gravatar.com\/avatar\/9c877d1a6adc2a055330e5c09a8653ce?s=96&d=mm&r=g\",\"contentUrl\":\"https:\/\/secure.gravatar.com\/avatar\/9c877d1a6adc2a055330e5c09a8653ce?s=96&d=mm&r=g\",\"caption\":\"Bruna Greco\"}}]}<\/script>\n<!-- \/ Yoast SEO plugin. -->","yoast_head_json":{"title":"Prefeitura avan\u00e7a na recupera\u00e7\u00e3o da rua Hort\u00eancia no bairro Aleixo","description":"Prefeitura de Manaus avan\u00e7a na recupera\u00e7\u00e3o da rua Hort\u00eancia no bairro Aleixo e atende solicita\u00e7\u00e3o de moradores.","robots":{"index":"index","follow":"follow","max-snippet":"max-snippet:-1","max-image-preview":"max-image-preview:large","max-video-preview":"max-video-preview:-1"},"canonical":"https:\/\/www.manaus.am.gov.br\/seminf\/recuperacao-rua-hortencia-bairro-aleixo\/","og_locale":"pt_BR","og_type":"article","og_title":"Prefeitura avan\u00e7a na recupera\u00e7\u00e3o da rua Hort\u00eancia no bairro Aleixo","og_description":"Prefeitura de Manaus avan\u00e7a na recupera\u00e7\u00e3o da rua Hort\u00eancia no bairro Aleixo e atende solicita\u00e7\u00e3o de moradores.","og_url":"https:\/\/www.manaus.am.gov.br\/seminf\/recuperacao-rua-hortencia-bairro-aleixo\/","og_site_name":"SEMINF","article_published_time":"2026-08-31T21:41:25+00:00","og_image":[{"width":1600,"height":1200,"url":"https:\/\/www.manaus.am.gov.br\/seminf\/wp-content\/uploads\/sites\/6\/2026\/08\/WhatsApp-Image-2026-08-31-at-17.31.53-6.jpeg","type":"image\/jpeg"}],"author":"Bruna Greco","twitter_card":"summary_large_image","twitter_misc":{"Written by":"Bruna Greco","Est. reading time":"3 minutos"},"schema":{"@context":"https:\/\/schema.org","@graph":[{"@type":"WebPage","@id":"https:\/\/www.manaus.am.gov.br\/seminf\/recuperacao-rua-hortencia-bairro-aleixo\/","url":"https:\/\/www.manaus.am.gov.br\/seminf\/recuperacao-rua-hortencia-bairro-aleixo\/","name":"Prefeitura avan\u00e7a na recupera\u00e7\u00e3o da rua Hort\u00eancia no bairro Aleixo","isPartOf":{"@id":"https:\/\/www.manaus.am.gov.br\/seminf\/#website"},"primaryImageOfPage":{"@id":"https:\/\/www.manaus.am.gov.br\/seminf\/recuperacao-rua-hortencia-bairro-aleixo\/#primaryimage"},"image":{"@id":"https:\/\/www.manaus.am.gov.br\/seminf\/recuperacao-rua-hortencia-bairro-aleixo\/#primaryimage"},"thumbnailUrl":"https:\/\/www.manaus.am.gov.br\/seminf\/wp-content\/uploads\/sites\/6\/2026\/08\/WhatsApp-Image-2026-08-31-at-17.31.53-6.jpeg","datePublished":"2026-08-31T21:41:25+00:00","dateModified":"2026-08-31T21:41:25+00:00","author":{"@id":"https:\/\/www.manaus.am.gov.br\/seminf\/#\/schema\/person\/05d223aea2bf115f9883a6ff3683d81b"},"description":"Prefeitura de Manaus avan\u00e7a na recupera\u00e7\u00e3o da rua Hort\u00eancia no bairro Aleixo e atende solicita\u00e7\u00e3o de moradores.","inLanguage":"pt-BR","potentialAction":[{"@type":"ReadAction","target":["https:\/\/www.manaus.am.gov.br\/seminf\/recuperacao-rua-hortencia-bairro-aleixo\/"]}]},{"@type":"ImageObject","inLanguage":"pt-BR","@id":"https:\/\/www.manaus.am.gov.br\/seminf\/recuperacao-rua-hortencia-bairro-aleixo\/#primaryimage","url":"https:\/\/www.manaus.am.gov.br\/seminf\/wp-content\/uploads\/sites\/6\/2026\/08\/WhatsApp-Image-2026-08-31-at-17.31.53-6.jpeg","contentUrl":"https:\/\/www.manaus.am.gov.br\/seminf\/wp-content\/uploads\/sites\/6\/2026\/08\/WhatsApp-Image-2026-08-31-at-17.31.53-6.jpeg","width":1600,"height":1200,"caption":"#paratodosverem - Equipe da Seminf executando a recupera\u00e7\u00e3o asf\u00e1ltica da rua Hort\u00eancia, no bairro Aleixo"},{"@type":"WebSite","@id":"https:\/\/www.manaus.am.gov.br\/seminf\/#website","url":"https:\/\/www.manaus.am.gov.br\/seminf\/","name":"Secretaria de Infraestrutura","description":"Secretaria Municipal de Infraestrutura","potentialAction":[{"@type":"SearchAction","target":{"@type":"EntryPoint","urlTemplate":"https:\/\/www.manaus.am.gov.br\/seminf\/?s={search_term_string}"},"query-input":"required name=search_term_string"}],"inLanguage":"pt-BR"},{"@type":"Person","@id":"https:\/\/www.manaus.am.gov.br\/seminf\/#\/schema\/person\/05d223aea2bf115f9883a6ff3683d81b","name":"Bruna Greco","image":{"@type":"ImageObject","inLanguage":"pt-BR","@id":"https:\/\/www.manaus.am.gov.br\/seminf\/#\/schema\/person\/image\/","url":"https:\/\/secure.gravatar.com\/avatar\/9c877d1a6adc2a055330e5c09a8653ce?s=96&d=mm&r=g","contentUrl":"https:\/\/secure.gravatar.com\/avatar\/9c877d1a6adc2a055330e5c09a8653ce?s=96&d=mm&r=g","caption":"Bruna Greco"}}]}},"_links":{"self":[{"href":"https:\/\/www.manaus.am.gov.br\/seminf\/wp-json\/wp\/v2\/posts\/13050"}],"collection":[{"href":"https:\/\/www.manaus.am.gov.br\/seminf\/wp-json\/wp\/v2\/posts"}],"about":[{"href":"https:\/\/www.manaus.am.gov.br\/seminf\/wp-json\/wp\/v2\/types\/post"}],"author":[{"embeddable":true,"href":"https:\/\/www.manaus.am.gov.br\/seminf\/wp-json\/wp\/v2\/users\/39"}],"replies":[{"embeddable":true,"href":"https:\/\/www.manaus.am.gov.br\/seminf\/wp-json\/wp\/v2\/comments?post=13050"}],"version-history":[{"count":1,"href":"https:\/\/www.manaus.am.gov.br\/seminf\/wp-json\/wp\/v2\/posts\/13050\/revisions"}],"predecessor-version":[{"id":13053,"href":"https:\/\/www.manaus.am.gov.br\/seminf\/wp-json\/wp\/v2\/posts\/13050\/revisions\/13053"}],"wp:featuredmedia":[{"embeddable":true,"href":"https:\/\/www.manaus.am.gov.br\/seminf\/wp-json\/wp\/v2\/media\/13051"}],"wp:attachment":[{"href":"https:\/\/www.manaus.am.gov.br\/seminf\/wp-json\/wp\/v2\/media?parent=13050"}],"wp:term":[{"taxonomy":"category","embeddable":true,"href":"https:\/\/www.manaus.am.gov.br\/seminf\/wp-json\/wp\/v2\/categories?post=13050"},{"taxonomy":"post_tag","embeddable":true,"href":"https:\/\/www.manaus.am.gov.br\/seminf\/wp-json\/wp\/v2\/tags?post=13050"}],"curies":[{"name":"wp","href":"https:\/\/api.w.org\/{rel}","templated":true}]}}