{"id":13046,"date":"2026-08-31T16:53:44","date_gmt":"2026-08-31T20:53:44","guid":{"rendered":"https:\/\/www.manaus.am.gov.br\/seminf\/vistoria-obras-canteiros-centrais-zona-norte\/"},"modified":"2026-08-31T16:53:44","modified_gmt":"2026-08-31T20:53:44","slug":"vistoria-obras-canteiros-centrais-zona-norte","status":"publish","type":"post","link":"https:\/\/www.manaus.am.gov.br\/seminf\/vistoria-obras-canteiros-centrais-zona-norte\/","title":{"rendered":"Prefeito Renato Junior vistoria obras em canteiros centrais na zona Norte com reestrutura\u00e7\u00e3o para devolver a autoestima de Manaus"},"content":{"rendered":"\n<p>O prefeito de Manaus, Renato Junior, vistoriou, na manh\u00e3 desta segunda-feira, 31\/8, o andamento das obras de reestrutura\u00e7\u00e3o dos canteiros centrais das avenidas Jos\u00e9 Henrique Bentes, no bairro Monte das Oliveiras, e Margarita, no bairro Nova Cidade, ambos na zona Norte.<\/p>\n\n\n\n<p>\u201cA gente est\u00e1 refazendo todos os canteiros centrais das principais avenidas de Manaus, devolvendo a autoestima, trabalhando, elevando, concretando e vamos colocar tamb\u00e9m paisagismo e plantas para ficar bonito. Aqui tem gente que trabalha\u201d, disse o prefeito Renato Junior durante a vistoria na avenida Jos\u00e9 Henrique Bentes, em frente ao shopping Via Norte.<\/p>\n\n\n\n<p>Na avenida Margarita, a interven\u00e7\u00e3o contempla 5,33 quil\u00f4metros de canteiros centrais, distribu\u00eddos em quatro trechos: do Hiper DB ao mercado Coema, com 1,4 quil\u00f4metro; do Coema ao shopping Via Norte, com 1 quil\u00f4metro; 280 metros em frente ao shopping; e o trecho entre o shopping e a avenida Torquato Tapaj\u00f3s, com 2,65 quil\u00f4metros.<\/p>\n\n\n\n<p>O projeto prev\u00ea a reestrutura\u00e7\u00e3o dos canteiros, eleva\u00e7\u00e3o da cal\u00e7ada em cerca de 30 cent\u00edmetros e adequa\u00e7\u00f5es de acessibilidade, incluindo o nivelamento adequado das rampas para garantir uma circula\u00e7\u00e3o mais segura aos usu\u00e1rios. A interven\u00e7\u00e3o tamb\u00e9m ter\u00e1 uma nova composi\u00e7\u00e3o paisag\u00edstica, com esp\u00e9cies ornamentais e \u00e1rvores.<\/p>\n\n\n\n<p>A etapa atualmente executada ainda n\u00e3o representa a conclus\u00e3o da obra. Ap\u00f3s os servi\u00e7os estruturais, o projeto prev\u00ea a implanta\u00e7\u00e3o da vegeta\u00e7\u00e3o nos canteiros, com 2.720 cr\u00f3tons, 4.080 helic\u00f4nias e 470 \u00e1rvores.<\/p>\n\n\n\n<p>\u201cJ\u00e1 estamos colocando a grama e as \u00e1rvores, ainda faltam as flores que ser\u00e3o plantadas aqui. \u00c9 assim que a gente devolve a autoestima de Manaus, com trabalho, com responsabilidade, deixando Manaus mais bonita, mas tamb\u00e9m com mais seguran\u00e7a no tr\u00e2nsito\u201d, afirmou Renato.<\/p>\n\n\n\n<p>A reestrutura\u00e7\u00e3o dos canteiros tamb\u00e9m avan\u00e7a em outras regi\u00f5es da cidade. Entre as frentes est\u00e3o a avenida Cosme Ferreira, na zona Leste; avenida 7 de Maio, no bairro Santa Etelvina, zona Norte; e avenida Max Teixeira, no Cidade Nova, zona Norte.<\/p>\n\n\n\n<p>As interven\u00e7\u00f5es integram a estrat\u00e9gia da Prefeitura de Manaus de reestruturar corredores vi\u00e1rios e espa\u00e7os urbanos, associando melhorias na infraestrutura \u00e0 acessibilidade, seguran\u00e7a e paisagismo. A proposta \u00e9 transformar \u00e1reas de grande circula\u00e7\u00e3o e contribuir para uma cidade mais organizada, cuidada e valorizada.<\/p>\n\n\n\n<figure class=\"wp-block-image size-large\"><img loading=\"lazy\" decoding=\"async\" width=\"1024\" height=\"683\" src=\"https:\/\/www.manaus.am.gov.br\/seminf\/wp-content\/uploads\/sites\/6\/2026\/08\/DSC05433-1024x683.jpg\" alt=\"\" class=\"wp-image-13048\" srcset=\"https:\/\/www.manaus.am.gov.br\/seminf\/wp-content\/uploads\/sites\/6\/2026\/08\/DSC05433-1024x683.jpg 1024w, https:\/\/www.manaus.am.gov.br\/seminf\/wp-content\/uploads\/sites\/6\/2026\/08\/DSC05433-300x200.jpg 300w, https:\/\/www.manaus.am.gov.br\/seminf\/wp-content\/uploads\/sites\/6\/2026\/08\/DSC05433-768x512.jpg 768w, https:\/\/www.manaus.am.gov.br\/seminf\/wp-content\/uploads\/sites\/6\/2026\/08\/DSC05433-1536x1024.jpg 1536w, https:\/\/www.manaus.am.gov.br\/seminf\/wp-content\/uploads\/sites\/6\/2026\/08\/DSC05433-2048x1365.jpg 2048w\" sizes=\"(max-width: 1024px) 100vw, 1024px\" \/><\/figure>\n\n\n\n<p>&#8212; &#8212; &#8212;<\/p>\n\n\n\n<p><strong>Texto &#8211;<\/strong>\u00a0Alessandra Taveira\/Semcom<\/p>\n\n\n\n<p><strong>Fotos <\/strong>&#8211; Carlos Oliveira\/Semcom<\/p>\n\n\n\n<p> <\/p>\n","protected":false},"excerpt":{"rendered":"","protected":false},"author":39,"featured_media":13047,"comment_status":"closed","ping_status":"closed","sticky":false,"template":"","format":"standard","meta":{"footnotes":""},"categories":[5],"tags":[4011,3362,43,26,278,279],"acf":[],"yoast_head":"<!-- This site is optimized with the Yoast SEO plugin v23.0 - https:\/\/yoast.com\/wordpress\/plugins\/seo\/ -->\n<title>Prefeito vistoria obras em canteiros centrais na zona Norte<\/title>\n<meta name=\"description\" content=\"Prefeito Renato Junior vistoria obras em canteiros centrais na zona Norte com reestrutura\u00e7\u00e3o para devolver a autoestima de Manaus.\" \/>\n<meta name=\"robots\" content=\"index, follow, max-snippet:-1, max-image-preview:large, max-video-preview:-1\" \/>\n<link rel=\"canonical\" href=\"https:\/\/www.manaus.am.gov.br\/seminf\/vistoria-obras-canteiros-centrais-zona-norte\/\" \/>\n<meta property=\"og:locale\" content=\"pt_BR\" \/>\n<meta property=\"og:type\" content=\"article\" \/>\n<meta property=\"og:title\" content=\"Prefeito vistoria obras em canteiros centrais na zona Norte\" \/>\n<meta property=\"og:description\" content=\"Prefeito Renato Junior vistoria obras em canteiros centrais na zona Norte com reestrutura\u00e7\u00e3o para devolver a autoestima de Manaus.\" \/>\n<meta property=\"og:url\" content=\"https:\/\/www.manaus.am.gov.br\/seminf\/vistoria-obras-canteiros-centrais-zona-norte\/\" \/>\n<meta property=\"og:site_name\" content=\"SEMINF\" \/>\n<meta property=\"article:published_time\" content=\"2026-08-31T20:53:44+00:00\" \/>\n<meta property=\"og:image\" content=\"https:\/\/www.manaus.am.gov.br\/seminf\/wp-content\/uploads\/sites\/6\/2026\/08\/DSC05415-1024x683.jpg\" \/>\n\t<meta property=\"og:image:width\" content=\"1024\" \/>\n\t<meta property=\"og:image:height\" content=\"683\" \/>\n\t<meta property=\"og:image:type\" content=\"image\/jpeg\" \/>\n<meta name=\"author\" content=\"Bruna Greco\" \/>\n<meta name=\"twitter:card\" content=\"summary_large_image\" \/>\n<meta name=\"twitter:label1\" content=\"Written by\" \/>\n\t<meta name=\"twitter:data1\" content=\"Bruna Greco\" \/>\n\t<meta name=\"twitter:label2\" content=\"Est. reading time\" \/>\n\t<meta name=\"twitter:data2\" content=\"3 minutos\" \/>\n<script type=\"application\/ld+json\" class=\"yoast-schema-graph\">{\"@context\":\"https:\/\/schema.org\",\"@graph\":[{\"@type\":\"WebPage\",\"@id\":\"https:\/\/www.manaus.am.gov.br\/seminf\/vistoria-obras-canteiros-centrais-zona-norte\/\",\"url\":\"https:\/\/www.manaus.am.gov.br\/seminf\/vistoria-obras-canteiros-centrais-zona-norte\/\",\"name\":\"Prefeito vistoria obras em canteiros centrais na zona Norte\",\"isPartOf\":{\"@id\":\"https:\/\/www.manaus.am.gov.br\/seminf\/#website\"},\"primaryImageOfPage\":{\"@id\":\"https:\/\/www.manaus.am.gov.br\/seminf\/vistoria-obras-canteiros-centrais-zona-norte\/#primaryimage\"},\"image\":{\"@id\":\"https:\/\/www.manaus.am.gov.br\/seminf\/vistoria-obras-canteiros-centrais-zona-norte\/#primaryimage\"},\"thumbnailUrl\":\"https:\/\/www.manaus.am.gov.br\/seminf\/wp-content\/uploads\/sites\/6\/2026\/08\/DSC05415.jpg\",\"datePublished\":\"2026-08-31T20:53:44+00:00\",\"dateModified\":\"2026-08-31T20:53:44+00:00\",\"author\":{\"@id\":\"https:\/\/www.manaus.am.gov.br\/seminf\/#\/schema\/person\/05d223aea2bf115f9883a6ff3683d81b\"},\"description\":\"Prefeito Renato Junior vistoria obras em canteiros centrais na zona Norte com reestrutura\u00e7\u00e3o para devolver a autoestima de Manaus.\",\"inLanguage\":\"pt-BR\",\"potentialAction\":[{\"@type\":\"ReadAction\",\"target\":[\"https:\/\/www.manaus.am.gov.br\/seminf\/vistoria-obras-canteiros-centrais-zona-norte\/\"]}]},{\"@type\":\"ImageObject\",\"inLanguage\":\"pt-BR\",\"@id\":\"https:\/\/www.manaus.am.gov.br\/seminf\/vistoria-obras-canteiros-centrais-zona-norte\/#primaryimage\",\"url\":\"https:\/\/www.manaus.am.gov.br\/seminf\/wp-content\/uploads\/sites\/6\/2026\/08\/DSC05415.jpg\",\"contentUrl\":\"https:\/\/www.manaus.am.gov.br\/seminf\/wp-content\/uploads\/sites\/6\/2026\/08\/DSC05415.jpg\",\"width\":9504,\"height\":6336,\"caption\":\"#paratodosverem - Prefeito de Manaus, Renato Junior, vistoriando o andamento das obras de reestrutura\u00e7\u00e3o dos canteiros centrais das avenidas da zona Norte\"},{\"@type\":\"WebSite\",\"@id\":\"https:\/\/www.manaus.am.gov.br\/seminf\/#website\",\"url\":\"https:\/\/www.manaus.am.gov.br\/seminf\/\",\"name\":\"Secretaria de Infraestrutura\",\"description\":\"Secretaria Municipal de Infraestrutura\",\"potentialAction\":[{\"@type\":\"SearchAction\",\"target\":{\"@type\":\"EntryPoint\",\"urlTemplate\":\"https:\/\/www.manaus.am.gov.br\/seminf\/?s={search_term_string}\"},\"query-input\":\"required name=search_term_string\"}],\"inLanguage\":\"pt-BR\"},{\"@type\":\"Person\",\"@id\":\"https:\/\/www.manaus.am.gov.br\/seminf\/#\/schema\/person\/05d223aea2bf115f9883a6ff3683d81b\",\"name\":\"Bruna Greco\",\"image\":{\"@type\":\"ImageObject\",\"inLanguage\":\"pt-BR\",\"@id\":\"https:\/\/www.manaus.am.gov.br\/seminf\/#\/schema\/person\/image\/\",\"url\":\"https:\/\/secure.gravatar.com\/avatar\/9c877d1a6adc2a055330e5c09a8653ce?s=96&d=mm&r=g\",\"contentUrl\":\"https:\/\/secure.gravatar.com\/avatar\/9c877d1a6adc2a055330e5c09a8653ce?s=96&d=mm&r=g\",\"caption\":\"Bruna Greco\"}}]}<\/script>\n<!-- \/ Yoast SEO plugin. -->","yoast_head_json":{"title":"Prefeito vistoria obras em canteiros centrais na zona Norte","description":"Prefeito Renato Junior vistoria obras em canteiros centrais na zona Norte com reestrutura\u00e7\u00e3o para devolver a autoestima de Manaus.","robots":{"index":"index","follow":"follow","max-snippet":"max-snippet:-1","max-image-preview":"max-image-preview:large","max-video-preview":"max-video-preview:-1"},"canonical":"https:\/\/www.manaus.am.gov.br\/seminf\/vistoria-obras-canteiros-centrais-zona-norte\/","og_locale":"pt_BR","og_type":"article","og_title":"Prefeito vistoria obras em canteiros centrais na zona Norte","og_description":"Prefeito Renato Junior vistoria obras em canteiros centrais na zona Norte com reestrutura\u00e7\u00e3o para devolver a autoestima de Manaus.","og_url":"https:\/\/www.manaus.am.gov.br\/seminf\/vistoria-obras-canteiros-centrais-zona-norte\/","og_site_name":"SEMINF","article_published_time":"2026-08-31T20:53:44+00:00","og_image":[{"width":1024,"height":683,"url":"https:\/\/www.manaus.am.gov.br\/seminf\/wp-content\/uploads\/sites\/6\/2026\/08\/DSC05415-1024x683.jpg","type":"image\/jpeg"}],"author":"Bruna Greco","twitter_card":"summary_large_image","twitter_misc":{"Written by":"Bruna Greco","Est. reading time":"3 minutos"},"schema":{"@context":"https:\/\/schema.org","@graph":[{"@type":"WebPage","@id":"https:\/\/www.manaus.am.gov.br\/seminf\/vistoria-obras-canteiros-centrais-zona-norte\/","url":"https:\/\/www.manaus.am.gov.br\/seminf\/vistoria-obras-canteiros-centrais-zona-norte\/","name":"Prefeito vistoria obras em canteiros centrais na zona Norte","isPartOf":{"@id":"https:\/\/www.manaus.am.gov.br\/seminf\/#website"},"primaryImageOfPage":{"@id":"https:\/\/www.manaus.am.gov.br\/seminf\/vistoria-obras-canteiros-centrais-zona-norte\/#primaryimage"},"image":{"@id":"https:\/\/www.manaus.am.gov.br\/seminf\/vistoria-obras-canteiros-centrais-zona-norte\/#primaryimage"},"thumbnailUrl":"https:\/\/www.manaus.am.gov.br\/seminf\/wp-content\/uploads\/sites\/6\/2026\/08\/DSC05415.jpg","datePublished":"2026-08-31T20:53:44+00:00","dateModified":"2026-08-31T20:53:44+00:00","author":{"@id":"https:\/\/www.manaus.am.gov.br\/seminf\/#\/schema\/person\/05d223aea2bf115f9883a6ff3683d81b"},"description":"Prefeito Renato Junior vistoria obras em canteiros centrais na zona Norte com reestrutura\u00e7\u00e3o para devolver a autoestima de Manaus.","inLanguage":"pt-BR","potentialAction":[{"@type":"ReadAction","target":["https:\/\/www.manaus.am.gov.br\/seminf\/vistoria-obras-canteiros-centrais-zona-norte\/"]}]},{"@type":"ImageObject","inLanguage":"pt-BR","@id":"https:\/\/www.manaus.am.gov.br\/seminf\/vistoria-obras-canteiros-centrais-zona-norte\/#primaryimage","url":"https:\/\/www.manaus.am.gov.br\/seminf\/wp-content\/uploads\/sites\/6\/2026\/08\/DSC05415.jpg","contentUrl":"https:\/\/www.manaus.am.gov.br\/seminf\/wp-content\/uploads\/sites\/6\/2026\/08\/DSC05415.jpg","width":9504,"height":6336,"caption":"#paratodosverem - Prefeito de Manaus, Renato Junior, vistoriando o andamento das obras de reestrutura\u00e7\u00e3o dos canteiros centrais das avenidas da zona Norte"},{"@type":"WebSite","@id":"https:\/\/www.manaus.am.gov.br\/seminf\/#website","url":"https:\/\/www.manaus.am.gov.br\/seminf\/","name":"Secretaria de Infraestrutura","description":"Secretaria Municipal de Infraestrutura","potentialAction":[{"@type":"SearchAction","target":{"@type":"EntryPoint","urlTemplate":"https:\/\/www.manaus.am.gov.br\/seminf\/?s={search_term_string}"},"query-input":"required name=search_term_string"}],"inLanguage":"pt-BR"},{"@type":"Person","@id":"https:\/\/www.manaus.am.gov.br\/seminf\/#\/schema\/person\/05d223aea2bf115f9883a6ff3683d81b","name":"Bruna Greco","image":{"@type":"ImageObject","inLanguage":"pt-BR","@id":"https:\/\/www.manaus.am.gov.br\/seminf\/#\/schema\/person\/image\/","url":"https:\/\/secure.gravatar.com\/avatar\/9c877d1a6adc2a055330e5c09a8653ce?s=96&d=mm&r=g","contentUrl":"https:\/\/secure.gravatar.com\/avatar\/9c877d1a6adc2a055330e5c09a8653ce?s=96&d=mm&r=g","caption":"Bruna Greco"}}]}},"_links":{"self":[{"href":"https:\/\/www.manaus.am.gov.br\/seminf\/wp-json\/wp\/v2\/posts\/13046"}],"collection":[{"href":"https:\/\/www.manaus.am.gov.br\/seminf\/wp-json\/wp\/v2\/posts"}],"about":[{"href":"https:\/\/www.manaus.am.gov.br\/seminf\/wp-json\/wp\/v2\/types\/post"}],"author":[{"embeddable":true,"href":"https:\/\/www.manaus.am.gov.br\/seminf\/wp-json\/wp\/v2\/users\/39"}],"replies":[{"embeddable":true,"href":"https:\/\/www.manaus.am.gov.br\/seminf\/wp-json\/wp\/v2\/comments?post=13046"}],"version-history":[{"count":1,"href":"https:\/\/www.manaus.am.gov.br\/seminf\/wp-json\/wp\/v2\/posts\/13046\/revisions"}],"predecessor-version":[{"id":13049,"href":"https:\/\/www.manaus.am.gov.br\/seminf\/wp-json\/wp\/v2\/posts\/13046\/revisions\/13049"}],"wp:featuredmedia":[{"embeddable":true,"href":"https:\/\/www.manaus.am.gov.br\/seminf\/wp-json\/wp\/v2\/media\/13047"}],"wp:attachment":[{"href":"https:\/\/www.manaus.am.gov.br\/seminf\/wp-json\/wp\/v2\/media?parent=13046"}],"wp:term":[{"taxonomy":"category","embeddable":true,"href":"https:\/\/www.manaus.am.gov.br\/seminf\/wp-json\/wp\/v2\/categories?post=13046"},{"taxonomy":"post_tag","embeddable":true,"href":"https:\/\/www.manaus.am.gov.br\/seminf\/wp-json\/wp\/v2\/tags?post=13046"}],"curies":[{"name":"wp","href":"https:\/\/api.w.org\/{rel}","templated":true}]}}