{"id":13041,"date":"2026-08-29T12:48:24","date_gmt":"2026-08-29T16:48:24","guid":{"rendered":"https:\/\/www.manaus.am.gov.br\/seminf\/prefeitura-seminf-asfalto-aleixo-2\/"},"modified":"2026-08-31T13:12:17","modified_gmt":"2026-08-31T17:12:17","slug":"prefeitura-seminf-recuperacao-asfaltica-aleixo-2-2","status":"publish","type":"post","link":"https:\/\/www.manaus.am.gov.br\/seminf\/prefeitura-seminf-recuperacao-asfaltica-aleixo-2-2\/","title":{"rendered":"Prefeitura de Manaus atende solicita\u00e7\u00e3o de moradores e recupera trecho da rua Hort\u00eancia, no Aleixo"},"content":{"rendered":"\n<p>A <a href=\"https:\/\/www.manaus.am.gov.br\/\">Prefeitura de Manaus<\/a>, por meio da <a href=\"https:\/\/www.instagram.com\/seminf.manaus\/\">Secretaria Municipal de Infraestrutura<\/a> (Seminf), avan\u00e7a, neste s\u00e1bado, 29\/8, com os servi\u00e7os de recupera\u00e7\u00e3o asf\u00e1ltica na rua Hort\u00eancia, no bairro Aleixo, zona Centro-Sul da capital. A interven\u00e7\u00e3o atende a uma solicita\u00e7\u00e3o dos moradores e contempla a recupera\u00e7\u00e3o dos trechos mais deteriorados da via, garantindo melhores condi\u00e7\u00f5es de tr\u00e1fego e mais seguran\u00e7a para quem utiliza o local diariamente.<br><br>Os trabalhos tiveram in\u00edcio ap\u00f3s uma vistoria t\u00e9cnica realizada pelas equipes da Seminf, que identificaram os pontos que necessitavam de interven\u00e7\u00e3o. A execu\u00e7\u00e3o come\u00e7ou com a limpeza da via e a prepara\u00e7\u00e3o da base para receber as etapas seguintes do servi\u00e7o.<br><br>Na sequ\u00eancia, os oper\u00e1rios aplicam a emuls\u00e3o asf\u00e1ltica, respons\u00e1vel por garantir maior ader\u00eancia entre a superf\u00edcie e a nova massa asf\u00e1ltica. Ap\u00f3s o preparo, o revestimento \u00e9 aplicado nos trechos desgastados e, posteriormente, compactado, proporcionando um pavimento mais regular e adequado \u00e0 circula\u00e7\u00e3o de ve\u00edculos.<br><br>\u201cO prefeito Renato Junior determinou que estejamos cada vez mais pr\u00f3ximos da popula\u00e7\u00e3o, ouvindo cada solicita\u00e7\u00e3o e levando os servi\u00e7os de infraestrutura para onde s\u00e3o mais necess\u00e1rios. A comunidade fez a solicita\u00e7\u00e3o para a rua Hort\u00eancia e n\u00f3s chegamos para resolver. Nossas equipes est\u00e3o trabalhando na recupera\u00e7\u00e3o dos pontos mais desgastados, garantindo uma via mais segura e melhores condi\u00e7\u00f5es de tr\u00e1fego para os moradores\u201d, afirmou o secret\u00e1rio municipal de Infraestrutura, Madson Rodrigues.<br><br>A atua\u00e7\u00e3o da Prefeitura atende diretamente \u00e0 demanda apresentada pelos moradores, que procuraram o poder p\u00fablico diante das dificuldades enfrentadas no deslocamento pela via. Ap\u00f3s o pedido, a Seminf realizou o levantamento t\u00e9cnico e mobilizou a equipe para executar os servi\u00e7os.<br><br>\u201cN\u00f3s fizemos a solicita\u00e7\u00e3o e, hoje, as equipes j\u00e1 est\u00e3o trabalhando na nossa rua. O nosso sentimento \u00e9 de muita gratid\u00e3o, porque os carros j\u00e1 estavam com dificuldade para acessar a via e, agora, essa realidade come\u00e7a a mudar. \u00c9 muito bom ver a prefeitura atendendo ao nosso pedido\u201d, agradeceu a professora universit\u00e1ria Maudi Souza, de 62 anos.<br><br>Com o avan\u00e7o dos servi\u00e7os de recupera\u00e7\u00e3o asf\u00e1ltica, a rua Hort\u00eancia passa a contar com um pavimento em melhores condi\u00e7\u00f5es para o tr\u00e1fego di\u00e1rio. A interven\u00e7\u00e3o integra o trabalho permanente da Prefeitura de Manaus na manuten\u00e7\u00e3o da malha vi\u00e1ria, com equipes mobilizadas em diferentes regi\u00f5es da capital para atender as necessidades da popula\u00e7\u00e3o e melhorar a infraestrutura dos bairros.<\/p>\n\n\n\n<p>&#8212; &#8212; &#8212;<\/p>\n\n\n\n<p><strong>Texto<\/strong>&nbsp;&#8211; Eduarda Lira\/Seminf<br><strong>Fotos<\/strong>&nbsp;&#8211; Luiz Felipe\/Seminf<\/p>\n","protected":false},"excerpt":{"rendered":"","protected":false},"author":23,"featured_media":13042,"comment_status":"closed","ping_status":"closed","sticky":false,"template":"","format":"standard","meta":{"footnotes":""},"categories":[4],"tags":[578,368,43,4010,26],"acf":[],"yoast_head":"<!-- This site is optimized with the Yoast SEO plugin v23.0 - https:\/\/yoast.com\/wordpress\/plugins\/seo\/ -->\n<title>Prefeitura de Manaus atende solicita\u00e7\u00e3o de moradores e recupera trecho da rua Hort\u00eancia, no Aleixo<\/title>\n<meta name=\"description\" content=\"A Prefeitura de Manaus, por meio da Secretaria Municipal de Infraestrutura (Seminf), avan\u00e7a, neste s\u00e1bado, 29\/8, com os servi\u00e7os de manuten\u00e7\u00e3o asf\u00e1ltica na rua Hort\u00eancia, no bairro Aleixo\" \/>\n<meta name=\"robots\" content=\"index, follow, max-snippet:-1, max-image-preview:large, max-video-preview:-1\" \/>\n<link rel=\"canonical\" href=\"https:\/\/www.manaus.am.gov.br\/seminf\/prefeitura-seminf-asfalto-aleixo-2\/\" \/>\n<meta property=\"og:locale\" content=\"pt_BR\" \/>\n<meta property=\"og:type\" content=\"article\" \/>\n<meta property=\"og:title\" content=\"Prefeitura de Manaus atende solicita\u00e7\u00e3o de moradores e recupera trecho da rua Hort\u00eancia, no Aleixo\" \/>\n<meta property=\"og:description\" content=\"A Prefeitura de Manaus, por meio da Secretaria Municipal de Infraestrutura (Seminf), avan\u00e7a, neste s\u00e1bado, 29\/8, com os servi\u00e7os de manuten\u00e7\u00e3o asf\u00e1ltica na rua Hort\u00eancia, no bairro Aleixo\" \/>\n<meta property=\"og:url\" content=\"https:\/\/www.manaus.am.gov.br\/seminf\/prefeitura-seminf-asfalto-aleixo-2\/\" \/>\n<meta property=\"og:site_name\" content=\"SEMINF\" \/>\n<meta property=\"article:published_time\" content=\"2026-08-29T16:48:24+00:00\" \/>\n<meta property=\"article:modified_time\" content=\"2026-08-31T17:12:17+00:00\" \/>\n<meta property=\"og:image\" content=\"https:\/\/www.manaus.am.gov.br\/seminf\/wp-content\/uploads\/sites\/6\/2026\/08\/IMG_0760-1-1024x768.jpg\" \/>\n\t<meta property=\"og:image:width\" content=\"1024\" \/>\n\t<meta property=\"og:image:height\" content=\"768\" \/>\n\t<meta property=\"og:image:type\" content=\"image\/jpeg\" \/>\n<meta name=\"author\" content=\"Adriana Costa\" \/>\n<meta name=\"twitter:card\" content=\"summary_large_image\" \/>\n<meta name=\"twitter:label1\" content=\"Written by\" \/>\n\t<meta name=\"twitter:data1\" content=\"Adriana Costa\" \/>\n\t<meta name=\"twitter:label2\" content=\"Est. reading time\" \/>\n\t<meta name=\"twitter:data2\" content=\"3 minutos\" \/>\n<script type=\"application\/ld+json\" class=\"yoast-schema-graph\">{\"@context\":\"https:\/\/schema.org\",\"@graph\":[{\"@type\":\"WebPage\",\"@id\":\"https:\/\/www.manaus.am.gov.br\/seminf\/prefeitura-seminf-asfalto-aleixo-2\/\",\"url\":\"https:\/\/www.manaus.am.gov.br\/seminf\/prefeitura-seminf-asfalto-aleixo-2\/\",\"name\":\"Prefeitura de Manaus atende solicita\u00e7\u00e3o de moradores e recupera trecho da rua Hort\u00eancia, no Aleixo\",\"isPartOf\":{\"@id\":\"https:\/\/www.manaus.am.gov.br\/seminf\/#website\"},\"primaryImageOfPage\":{\"@id\":\"https:\/\/www.manaus.am.gov.br\/seminf\/prefeitura-seminf-asfalto-aleixo-2\/#primaryimage\"},\"image\":{\"@id\":\"https:\/\/www.manaus.am.gov.br\/seminf\/prefeitura-seminf-asfalto-aleixo-2\/#primaryimage\"},\"thumbnailUrl\":\"https:\/\/www.manaus.am.gov.br\/seminf\/wp-content\/uploads\/sites\/6\/2026\/08\/IMG_0760-1.jpg\",\"datePublished\":\"2026-08-29T16:48:24+00:00\",\"dateModified\":\"2026-08-31T17:12:17+00:00\",\"author\":{\"@id\":\"https:\/\/www.manaus.am.gov.br\/seminf\/#\/schema\/person\/4e49f4e267757a06ca072ec61b2b9968\"},\"description\":\"A Prefeitura de Manaus, por meio da Secretaria Municipal de Infraestrutura (Seminf), avan\u00e7a, neste s\u00e1bado, 29\/8, com os servi\u00e7os de manuten\u00e7\u00e3o asf\u00e1ltica na rua Hort\u00eancia, no bairro Aleixo\",\"inLanguage\":\"pt-BR\",\"potentialAction\":[{\"@type\":\"ReadAction\",\"target\":[\"https:\/\/www.manaus.am.gov.br\/seminf\/prefeitura-seminf-asfalto-aleixo-2\/\"]}]},{\"@type\":\"ImageObject\",\"inLanguage\":\"pt-BR\",\"@id\":\"https:\/\/www.manaus.am.gov.br\/seminf\/prefeitura-seminf-asfalto-aleixo-2\/#primaryimage\",\"url\":\"https:\/\/www.manaus.am.gov.br\/seminf\/wp-content\/uploads\/sites\/6\/2026\/08\/IMG_0760-1.jpg\",\"contentUrl\":\"https:\/\/www.manaus.am.gov.br\/seminf\/wp-content\/uploads\/sites\/6\/2026\/08\/IMG_0760-1.jpg\",\"width\":4032,\"height\":3024,\"caption\":\"#paratodosverem - Homens da Seminf realizam manuten\u00e7\u00e3o asf\u00e1ltica em via do bairro Aleixo\"},{\"@type\":\"WebSite\",\"@id\":\"https:\/\/www.manaus.am.gov.br\/seminf\/#website\",\"url\":\"https:\/\/www.manaus.am.gov.br\/seminf\/\",\"name\":\"Secretaria de Infraestrutura\",\"description\":\"Secretaria Municipal de Infraestrutura\",\"potentialAction\":[{\"@type\":\"SearchAction\",\"target\":{\"@type\":\"EntryPoint\",\"urlTemplate\":\"https:\/\/www.manaus.am.gov.br\/seminf\/?s={search_term_string}\"},\"query-input\":\"required name=search_term_string\"}],\"inLanguage\":\"pt-BR\"},{\"@type\":\"Person\",\"@id\":\"https:\/\/www.manaus.am.gov.br\/seminf\/#\/schema\/person\/4e49f4e267757a06ca072ec61b2b9968\",\"name\":\"Adriana Costa\",\"image\":{\"@type\":\"ImageObject\",\"inLanguage\":\"pt-BR\",\"@id\":\"https:\/\/www.manaus.am.gov.br\/seminf\/#\/schema\/person\/image\/\",\"url\":\"https:\/\/secure.gravatar.com\/avatar\/576258617ef7194f718179e766d57bd4?s=96&d=mm&r=g\",\"contentUrl\":\"https:\/\/secure.gravatar.com\/avatar\/576258617ef7194f718179e766d57bd4?s=96&d=mm&r=g\",\"caption\":\"Adriana Costa\"}}]}<\/script>\n<!-- \/ Yoast SEO plugin. -->","yoast_head_json":{"title":"Prefeitura de Manaus atende solicita\u00e7\u00e3o de moradores e recupera trecho da rua Hort\u00eancia, no Aleixo","description":"A Prefeitura de Manaus, por meio da Secretaria Municipal de Infraestrutura (Seminf), avan\u00e7a, neste s\u00e1bado, 29\/8, com os servi\u00e7os de manuten\u00e7\u00e3o asf\u00e1ltica na rua Hort\u00eancia, no bairro Aleixo","robots":{"index":"index","follow":"follow","max-snippet":"max-snippet:-1","max-image-preview":"max-image-preview:large","max-video-preview":"max-video-preview:-1"},"canonical":"https:\/\/www.manaus.am.gov.br\/seminf\/prefeitura-seminf-asfalto-aleixo-2\/","og_locale":"pt_BR","og_type":"article","og_title":"Prefeitura de Manaus atende solicita\u00e7\u00e3o de moradores e recupera trecho da rua Hort\u00eancia, no Aleixo","og_description":"A Prefeitura de Manaus, por meio da Secretaria Municipal de Infraestrutura (Seminf), avan\u00e7a, neste s\u00e1bado, 29\/8, com os servi\u00e7os de manuten\u00e7\u00e3o asf\u00e1ltica na rua Hort\u00eancia, no bairro Aleixo","og_url":"https:\/\/www.manaus.am.gov.br\/seminf\/prefeitura-seminf-asfalto-aleixo-2\/","og_site_name":"SEMINF","article_published_time":"2026-08-29T16:48:24+00:00","article_modified_time":"2026-08-31T17:12:17+00:00","og_image":[{"width":1024,"height":768,"url":"https:\/\/www.manaus.am.gov.br\/seminf\/wp-content\/uploads\/sites\/6\/2026\/08\/IMG_0760-1-1024x768.jpg","type":"image\/jpeg"}],"author":"Adriana Costa","twitter_card":"summary_large_image","twitter_misc":{"Written by":"Adriana Costa","Est. reading time":"3 minutos"},"schema":{"@context":"https:\/\/schema.org","@graph":[{"@type":"WebPage","@id":"https:\/\/www.manaus.am.gov.br\/seminf\/prefeitura-seminf-asfalto-aleixo-2\/","url":"https:\/\/www.manaus.am.gov.br\/seminf\/prefeitura-seminf-asfalto-aleixo-2\/","name":"Prefeitura de Manaus atende solicita\u00e7\u00e3o de moradores e recupera trecho da rua Hort\u00eancia, no Aleixo","isPartOf":{"@id":"https:\/\/www.manaus.am.gov.br\/seminf\/#website"},"primaryImageOfPage":{"@id":"https:\/\/www.manaus.am.gov.br\/seminf\/prefeitura-seminf-asfalto-aleixo-2\/#primaryimage"},"image":{"@id":"https:\/\/www.manaus.am.gov.br\/seminf\/prefeitura-seminf-asfalto-aleixo-2\/#primaryimage"},"thumbnailUrl":"https:\/\/www.manaus.am.gov.br\/seminf\/wp-content\/uploads\/sites\/6\/2026\/08\/IMG_0760-1.jpg","datePublished":"2026-08-29T16:48:24+00:00","dateModified":"2026-08-31T17:12:17+00:00","author":{"@id":"https:\/\/www.manaus.am.gov.br\/seminf\/#\/schema\/person\/4e49f4e267757a06ca072ec61b2b9968"},"description":"A Prefeitura de Manaus, por meio da Secretaria Municipal de Infraestrutura (Seminf), avan\u00e7a, neste s\u00e1bado, 29\/8, com os servi\u00e7os de manuten\u00e7\u00e3o asf\u00e1ltica na rua Hort\u00eancia, no bairro Aleixo","inLanguage":"pt-BR","potentialAction":[{"@type":"ReadAction","target":["https:\/\/www.manaus.am.gov.br\/seminf\/prefeitura-seminf-asfalto-aleixo-2\/"]}]},{"@type":"ImageObject","inLanguage":"pt-BR","@id":"https:\/\/www.manaus.am.gov.br\/seminf\/prefeitura-seminf-asfalto-aleixo-2\/#primaryimage","url":"https:\/\/www.manaus.am.gov.br\/seminf\/wp-content\/uploads\/sites\/6\/2026\/08\/IMG_0760-1.jpg","contentUrl":"https:\/\/www.manaus.am.gov.br\/seminf\/wp-content\/uploads\/sites\/6\/2026\/08\/IMG_0760-1.jpg","width":4032,"height":3024,"caption":"#paratodosverem - Homens da Seminf realizam manuten\u00e7\u00e3o asf\u00e1ltica em via do bairro Aleixo"},{"@type":"WebSite","@id":"https:\/\/www.manaus.am.gov.br\/seminf\/#website","url":"https:\/\/www.manaus.am.gov.br\/seminf\/","name":"Secretaria de Infraestrutura","description":"Secretaria Municipal de Infraestrutura","potentialAction":[{"@type":"SearchAction","target":{"@type":"EntryPoint","urlTemplate":"https:\/\/www.manaus.am.gov.br\/seminf\/?s={search_term_string}"},"query-input":"required name=search_term_string"}],"inLanguage":"pt-BR"},{"@type":"Person","@id":"https:\/\/www.manaus.am.gov.br\/seminf\/#\/schema\/person\/4e49f4e267757a06ca072ec61b2b9968","name":"Adriana Costa","image":{"@type":"ImageObject","inLanguage":"pt-BR","@id":"https:\/\/www.manaus.am.gov.br\/seminf\/#\/schema\/person\/image\/","url":"https:\/\/secure.gravatar.com\/avatar\/576258617ef7194f718179e766d57bd4?s=96&d=mm&r=g","contentUrl":"https:\/\/secure.gravatar.com\/avatar\/576258617ef7194f718179e766d57bd4?s=96&d=mm&r=g","caption":"Adriana Costa"}}]}},"_links":{"self":[{"href":"https:\/\/www.manaus.am.gov.br\/seminf\/wp-json\/wp\/v2\/posts\/13041"}],"collection":[{"href":"https:\/\/www.manaus.am.gov.br\/seminf\/wp-json\/wp\/v2\/posts"}],"about":[{"href":"https:\/\/www.manaus.am.gov.br\/seminf\/wp-json\/wp\/v2\/types\/post"}],"author":[{"embeddable":true,"href":"https:\/\/www.manaus.am.gov.br\/seminf\/wp-json\/wp\/v2\/users\/23"}],"replies":[{"embeddable":true,"href":"https:\/\/www.manaus.am.gov.br\/seminf\/wp-json\/wp\/v2\/comments?post=13041"}],"version-history":[{"count":1,"href":"https:\/\/www.manaus.am.gov.br\/seminf\/wp-json\/wp\/v2\/posts\/13041\/revisions"}],"predecessor-version":[{"id":13045,"href":"https:\/\/www.manaus.am.gov.br\/seminf\/wp-json\/wp\/v2\/posts\/13041\/revisions\/13045"}],"wp:featuredmedia":[{"embeddable":true,"href":"https:\/\/www.manaus.am.gov.br\/seminf\/wp-json\/wp\/v2\/media\/13042"}],"wp:attachment":[{"href":"https:\/\/www.manaus.am.gov.br\/seminf\/wp-json\/wp\/v2\/media?parent=13041"}],"wp:term":[{"taxonomy":"category","embeddable":true,"href":"https:\/\/www.manaus.am.gov.br\/seminf\/wp-json\/wp\/v2\/categories?post=13041"},{"taxonomy":"post_tag","embeddable":true,"href":"https:\/\/www.manaus.am.gov.br\/seminf\/wp-json\/wp\/v2\/tags?post=13041"}],"curies":[{"name":"wp","href":"https:\/\/api.w.org\/{rel}","templated":true}]}}