{"id":13039,"date":"2026-08-29T12:40:15","date_gmt":"2026-08-29T16:40:15","guid":{"rendered":"https:\/\/www.manaus.am.gov.br\/seminf\/prefeitura-seminf-professormarcianoarmond\/"},"modified":"2026-08-31T13:09:22","modified_gmt":"2026-08-31T17:09:22","slug":"prefeitura-seminf-recuperacao-asfaltica-adrianopolis-2","status":"publish","type":"post","link":"https:\/\/www.manaus.am.gov.br\/seminf\/prefeitura-seminf-recuperacao-asfaltica-adrianopolis-2\/","title":{"rendered":"Prefeitura de Manaus conclui recupera\u00e7\u00e3o asf\u00e1ltica de importante via no bairro Adrian\u00f3polis"},"content":{"rendered":"\n<p>A <a href=\"https:\/\/www.manaus.am.gov.br\/\">Prefeitura de Manaus<\/a>, por meio da <a href=\"https:\/\/www.instagram.com\/seminf.manaus\/\">Secretaria Municipal de Infraestrutura<\/a> (Seminf), concluiu, neste s\u00e1bado, 29\/8, os servi\u00e7os de recupera\u00e7\u00e3o asf\u00e1ltica na rua Professor Marciano Armond, no bairro Adrian\u00f3polis, zona Sul. A interven\u00e7\u00e3o renovou o pavimento e garantiu melhores condi\u00e7\u00f5es de circula\u00e7\u00e3o para motoristas, usu\u00e1rios do transporte coletivo e moradores da regi\u00e3o.<\/p>\n\n\n\n<p>A via \u00e9 uma importante rota de deslocamento e registra fluxo intenso de ve\u00edculos, incluindo linhas de \u00f4nibus. Com a recupera\u00e7\u00e3o do pavimento, o trecho passa a oferecer mais regularidade e seguran\u00e7a para quem utiliza a rua diariamente.<\/p>\n\n\n\n<p>\u201cCom a recupera\u00e7\u00e3o, a popula\u00e7\u00e3o passa a contar com melhores condi\u00e7\u00f5es de mobilidade e seguran\u00e7a. Essa \u00e9 mais uma a\u00e7\u00e3o que refor\u00e7a o compromisso da gest\u00e3o do prefeito Renato Junior com a infraestrutura vi\u00e1ria de Manaus. Temos um prefeito que olha para todos os pontos da cidade, das ruas secund\u00e1rias, becos e vielas \u00e0s principais avenidas. \u00c9 uma gest\u00e3o presente, que leva o trabalho para onde a popula\u00e7\u00e3o precisa\u201d, afirmou o secret\u00e1rio municipal de Infraestrutura, Madson Rodrigues.<\/p>\n\n\n\n<p>Os servi\u00e7os de recupera\u00e7\u00e3o asf\u00e1ltica foram executados para corrigir os pontos de desgaste existentes no pavimento e devolver melhores condi\u00e7\u00f5es \u00e0 via. As equipes realizaram a prepara\u00e7\u00e3o dos trechos danificados, seguida da aplica\u00e7\u00e3o da nova massa asf\u00e1ltica e da compacta\u00e7\u00e3o do revestimento, garantindo uma pista mais regular e adequada ao tr\u00e1fego.<\/p>\n\n\n\n<p>A melhoria beneficia diretamente o transporte coletivo e os condutores que utilizam a rua Professor Marciano Armond como rota para diferentes destinos, contribuindo para uma circula\u00e7\u00e3o mais segura e confort\u00e1vel.<\/p>\n\n\n\n<p>Com a conclus\u00e3o dos servi\u00e7os, a Prefeitura de Manaus segue avan\u00e7ando na recupera\u00e7\u00e3o da malha vi\u00e1ria da capital, mantendo equipes mobilizadas em diferentes zonas para atender \u00e0s necessidades das comunidades e promover melhorias que refletem diretamente na rotina da popula\u00e7\u00e3o.<\/p>\n\n\n\n<p>&#8212; &#8212; &#8212;<\/p>\n\n\n\n<p><strong>Texto<\/strong> &#8211; Rayana Coutinho\/Seminf<\/p>\n\n\n\n<p><strong>Fotos<\/strong> &#8211; Divulga\u00e7\u00e3o\/Seminf<\/p>\n","protected":false},"excerpt":{"rendered":"","protected":false},"author":23,"featured_media":13040,"comment_status":"closed","ping_status":"closed","sticky":false,"template":"","format":"standard","meta":{"footnotes":""},"categories":[560],"tags":[1838,43,4009,70,26],"acf":[],"yoast_head":"<!-- This site is optimized with the Yoast SEO plugin v23.0 - https:\/\/yoast.com\/wordpress\/plugins\/seo\/ -->\n<title>Prefeitura de Manaus conclui recupera\u00e7\u00e3o asf\u00e1ltica de importante via no bairro Adrian\u00f3polis<\/title>\n<meta name=\"description\" content=\"A Prefeitura de Manaus, por meio da Secretaria Municipal de Infraestrutura (Seminf), concluiu, neste s\u00e1bado, 29\/8, os servi\u00e7os de recupera\u00e7\u00e3o asf\u00e1ltica na rua Professor Marciano Armond, no bairro Adrian\u00f3polis, zona Sul.\" \/>\n<meta name=\"robots\" content=\"index, follow, max-snippet:-1, max-image-preview:large, max-video-preview:-1\" \/>\n<link rel=\"canonical\" href=\"https:\/\/www.manaus.am.gov.br\/seminf\/prefeitura-seminf-professormarcianoarmond\/\" \/>\n<meta property=\"og:locale\" content=\"pt_BR\" \/>\n<meta property=\"og:type\" content=\"article\" \/>\n<meta property=\"og:title\" content=\"Prefeitura de Manaus conclui recupera\u00e7\u00e3o asf\u00e1ltica de importante via no bairro Adrian\u00f3polis\" \/>\n<meta property=\"og:description\" content=\"A Prefeitura de Manaus, por meio da Secretaria Municipal de Infraestrutura (Seminf), concluiu, neste s\u00e1bado, 29\/8, os servi\u00e7os de recupera\u00e7\u00e3o asf\u00e1ltica na rua Professor Marciano Armond, no bairro Adrian\u00f3polis, zona Sul.\" \/>\n<meta property=\"og:url\" content=\"https:\/\/www.manaus.am.gov.br\/seminf\/prefeitura-seminf-professormarcianoarmond\/\" \/>\n<meta property=\"og:site_name\" content=\"SEMINF\" \/>\n<meta property=\"article:published_time\" content=\"2026-08-29T16:40:15+00:00\" \/>\n<meta property=\"article:modified_time\" content=\"2026-08-31T17:09:22+00:00\" \/>\n<meta property=\"og:image\" content=\"https:\/\/www.manaus.am.gov.br\/seminf\/wp-content\/uploads\/sites\/6\/2026\/08\/b882555c-6163-4ba3-baed-3be360df94f0.jpg\" \/>\n\t<meta property=\"og:image:width\" content=\"1600\" \/>\n\t<meta property=\"og:image:height\" content=\"900\" \/>\n\t<meta property=\"og:image:type\" content=\"image\/jpeg\" \/>\n<meta name=\"author\" content=\"Adriana Costa\" \/>\n<meta name=\"twitter:card\" content=\"summary_large_image\" \/>\n<meta name=\"twitter:label1\" content=\"Written by\" \/>\n\t<meta name=\"twitter:data1\" content=\"Adriana Costa\" \/>\n\t<meta name=\"twitter:label2\" content=\"Est. reading time\" \/>\n\t<meta name=\"twitter:data2\" content=\"2 minutos\" \/>\n<script type=\"application\/ld+json\" class=\"yoast-schema-graph\">{\"@context\":\"https:\/\/schema.org\",\"@graph\":[{\"@type\":\"WebPage\",\"@id\":\"https:\/\/www.manaus.am.gov.br\/seminf\/prefeitura-seminf-professormarcianoarmond\/\",\"url\":\"https:\/\/www.manaus.am.gov.br\/seminf\/prefeitura-seminf-professormarcianoarmond\/\",\"name\":\"Prefeitura de Manaus conclui recupera\u00e7\u00e3o asf\u00e1ltica de importante via no bairro Adrian\u00f3polis\",\"isPartOf\":{\"@id\":\"https:\/\/www.manaus.am.gov.br\/seminf\/#website\"},\"primaryImageOfPage\":{\"@id\":\"https:\/\/www.manaus.am.gov.br\/seminf\/prefeitura-seminf-professormarcianoarmond\/#primaryimage\"},\"image\":{\"@id\":\"https:\/\/www.manaus.am.gov.br\/seminf\/prefeitura-seminf-professormarcianoarmond\/#primaryimage\"},\"thumbnailUrl\":\"https:\/\/www.manaus.am.gov.br\/seminf\/wp-content\/uploads\/sites\/6\/2026\/08\/b882555c-6163-4ba3-baed-3be360df94f0.jpg\",\"datePublished\":\"2026-08-29T16:40:15+00:00\",\"dateModified\":\"2026-08-31T17:09:22+00:00\",\"author\":{\"@id\":\"https:\/\/www.manaus.am.gov.br\/seminf\/#\/schema\/person\/4e49f4e267757a06ca072ec61b2b9968\"},\"description\":\"A Prefeitura de Manaus, por meio da Secretaria Municipal de Infraestrutura (Seminf), concluiu, neste s\u00e1bado, 29\/8, os servi\u00e7os de recupera\u00e7\u00e3o asf\u00e1ltica na rua Professor Marciano Armond, no bairro Adrian\u00f3polis, zona Sul.\",\"inLanguage\":\"pt-BR\",\"potentialAction\":[{\"@type\":\"ReadAction\",\"target\":[\"https:\/\/www.manaus.am.gov.br\/seminf\/prefeitura-seminf-professormarcianoarmond\/\"]}]},{\"@type\":\"ImageObject\",\"inLanguage\":\"pt-BR\",\"@id\":\"https:\/\/www.manaus.am.gov.br\/seminf\/prefeitura-seminf-professormarcianoarmond\/#primaryimage\",\"url\":\"https:\/\/www.manaus.am.gov.br\/seminf\/wp-content\/uploads\/sites\/6\/2026\/08\/b882555c-6163-4ba3-baed-3be360df94f0.jpg\",\"contentUrl\":\"https:\/\/www.manaus.am.gov.br\/seminf\/wp-content\/uploads\/sites\/6\/2026\/08\/b882555c-6163-4ba3-baed-3be360df94f0.jpg\",\"width\":1600,\"height\":900,\"caption\":\"#paratodosverem - Trabalhadores da Seminf atuam na aplica\u00e7\u00e3o de massa asf\u00e1ltica em trecho da rua Marciano Armond, no Adrian\u00f3polis\"},{\"@type\":\"WebSite\",\"@id\":\"https:\/\/www.manaus.am.gov.br\/seminf\/#website\",\"url\":\"https:\/\/www.manaus.am.gov.br\/seminf\/\",\"name\":\"Secretaria de Infraestrutura\",\"description\":\"Secretaria Municipal de Infraestrutura\",\"potentialAction\":[{\"@type\":\"SearchAction\",\"target\":{\"@type\":\"EntryPoint\",\"urlTemplate\":\"https:\/\/www.manaus.am.gov.br\/seminf\/?s={search_term_string}\"},\"query-input\":\"required name=search_term_string\"}],\"inLanguage\":\"pt-BR\"},{\"@type\":\"Person\",\"@id\":\"https:\/\/www.manaus.am.gov.br\/seminf\/#\/schema\/person\/4e49f4e267757a06ca072ec61b2b9968\",\"name\":\"Adriana Costa\",\"image\":{\"@type\":\"ImageObject\",\"inLanguage\":\"pt-BR\",\"@id\":\"https:\/\/www.manaus.am.gov.br\/seminf\/#\/schema\/person\/image\/\",\"url\":\"https:\/\/secure.gravatar.com\/avatar\/576258617ef7194f718179e766d57bd4?s=96&d=mm&r=g\",\"contentUrl\":\"https:\/\/secure.gravatar.com\/avatar\/576258617ef7194f718179e766d57bd4?s=96&d=mm&r=g\",\"caption\":\"Adriana Costa\"}}]}<\/script>\n<!-- \/ Yoast SEO plugin. -->","yoast_head_json":{"title":"Prefeitura de Manaus conclui recupera\u00e7\u00e3o asf\u00e1ltica de importante via no bairro Adrian\u00f3polis","description":"A Prefeitura de Manaus, por meio da Secretaria Municipal de Infraestrutura (Seminf), concluiu, neste s\u00e1bado, 29\/8, os servi\u00e7os de recupera\u00e7\u00e3o asf\u00e1ltica na rua Professor Marciano Armond, no bairro Adrian\u00f3polis, zona Sul.","robots":{"index":"index","follow":"follow","max-snippet":"max-snippet:-1","max-image-preview":"max-image-preview:large","max-video-preview":"max-video-preview:-1"},"canonical":"https:\/\/www.manaus.am.gov.br\/seminf\/prefeitura-seminf-professormarcianoarmond\/","og_locale":"pt_BR","og_type":"article","og_title":"Prefeitura de Manaus conclui recupera\u00e7\u00e3o asf\u00e1ltica de importante via no bairro Adrian\u00f3polis","og_description":"A Prefeitura de Manaus, por meio da Secretaria Municipal de Infraestrutura (Seminf), concluiu, neste s\u00e1bado, 29\/8, os servi\u00e7os de recupera\u00e7\u00e3o asf\u00e1ltica na rua Professor Marciano Armond, no bairro Adrian\u00f3polis, zona Sul.","og_url":"https:\/\/www.manaus.am.gov.br\/seminf\/prefeitura-seminf-professormarcianoarmond\/","og_site_name":"SEMINF","article_published_time":"2026-08-29T16:40:15+00:00","article_modified_time":"2026-08-31T17:09:22+00:00","og_image":[{"width":1600,"height":900,"url":"https:\/\/www.manaus.am.gov.br\/seminf\/wp-content\/uploads\/sites\/6\/2026\/08\/b882555c-6163-4ba3-baed-3be360df94f0.jpg","type":"image\/jpeg"}],"author":"Adriana Costa","twitter_card":"summary_large_image","twitter_misc":{"Written by":"Adriana Costa","Est. reading time":"2 minutos"},"schema":{"@context":"https:\/\/schema.org","@graph":[{"@type":"WebPage","@id":"https:\/\/www.manaus.am.gov.br\/seminf\/prefeitura-seminf-professormarcianoarmond\/","url":"https:\/\/www.manaus.am.gov.br\/seminf\/prefeitura-seminf-professormarcianoarmond\/","name":"Prefeitura de Manaus conclui recupera\u00e7\u00e3o asf\u00e1ltica de importante via no bairro Adrian\u00f3polis","isPartOf":{"@id":"https:\/\/www.manaus.am.gov.br\/seminf\/#website"},"primaryImageOfPage":{"@id":"https:\/\/www.manaus.am.gov.br\/seminf\/prefeitura-seminf-professormarcianoarmond\/#primaryimage"},"image":{"@id":"https:\/\/www.manaus.am.gov.br\/seminf\/prefeitura-seminf-professormarcianoarmond\/#primaryimage"},"thumbnailUrl":"https:\/\/www.manaus.am.gov.br\/seminf\/wp-content\/uploads\/sites\/6\/2026\/08\/b882555c-6163-4ba3-baed-3be360df94f0.jpg","datePublished":"2026-08-29T16:40:15+00:00","dateModified":"2026-08-31T17:09:22+00:00","author":{"@id":"https:\/\/www.manaus.am.gov.br\/seminf\/#\/schema\/person\/4e49f4e267757a06ca072ec61b2b9968"},"description":"A Prefeitura de Manaus, por meio da Secretaria Municipal de Infraestrutura (Seminf), concluiu, neste s\u00e1bado, 29\/8, os servi\u00e7os de recupera\u00e7\u00e3o asf\u00e1ltica na rua Professor Marciano Armond, no bairro Adrian\u00f3polis, zona Sul.","inLanguage":"pt-BR","potentialAction":[{"@type":"ReadAction","target":["https:\/\/www.manaus.am.gov.br\/seminf\/prefeitura-seminf-professormarcianoarmond\/"]}]},{"@type":"ImageObject","inLanguage":"pt-BR","@id":"https:\/\/www.manaus.am.gov.br\/seminf\/prefeitura-seminf-professormarcianoarmond\/#primaryimage","url":"https:\/\/www.manaus.am.gov.br\/seminf\/wp-content\/uploads\/sites\/6\/2026\/08\/b882555c-6163-4ba3-baed-3be360df94f0.jpg","contentUrl":"https:\/\/www.manaus.am.gov.br\/seminf\/wp-content\/uploads\/sites\/6\/2026\/08\/b882555c-6163-4ba3-baed-3be360df94f0.jpg","width":1600,"height":900,"caption":"#paratodosverem - Trabalhadores da Seminf atuam na aplica\u00e7\u00e3o de massa asf\u00e1ltica em trecho da rua Marciano Armond, no Adrian\u00f3polis"},{"@type":"WebSite","@id":"https:\/\/www.manaus.am.gov.br\/seminf\/#website","url":"https:\/\/www.manaus.am.gov.br\/seminf\/","name":"Secretaria de Infraestrutura","description":"Secretaria Municipal de Infraestrutura","potentialAction":[{"@type":"SearchAction","target":{"@type":"EntryPoint","urlTemplate":"https:\/\/www.manaus.am.gov.br\/seminf\/?s={search_term_string}"},"query-input":"required name=search_term_string"}],"inLanguage":"pt-BR"},{"@type":"Person","@id":"https:\/\/www.manaus.am.gov.br\/seminf\/#\/schema\/person\/4e49f4e267757a06ca072ec61b2b9968","name":"Adriana Costa","image":{"@type":"ImageObject","inLanguage":"pt-BR","@id":"https:\/\/www.manaus.am.gov.br\/seminf\/#\/schema\/person\/image\/","url":"https:\/\/secure.gravatar.com\/avatar\/576258617ef7194f718179e766d57bd4?s=96&d=mm&r=g","contentUrl":"https:\/\/secure.gravatar.com\/avatar\/576258617ef7194f718179e766d57bd4?s=96&d=mm&r=g","caption":"Adriana Costa"}}]}},"_links":{"self":[{"href":"https:\/\/www.manaus.am.gov.br\/seminf\/wp-json\/wp\/v2\/posts\/13039"}],"collection":[{"href":"https:\/\/www.manaus.am.gov.br\/seminf\/wp-json\/wp\/v2\/posts"}],"about":[{"href":"https:\/\/www.manaus.am.gov.br\/seminf\/wp-json\/wp\/v2\/types\/post"}],"author":[{"embeddable":true,"href":"https:\/\/www.manaus.am.gov.br\/seminf\/wp-json\/wp\/v2\/users\/23"}],"replies":[{"embeddable":true,"href":"https:\/\/www.manaus.am.gov.br\/seminf\/wp-json\/wp\/v2\/comments?post=13039"}],"version-history":[{"count":1,"href":"https:\/\/www.manaus.am.gov.br\/seminf\/wp-json\/wp\/v2\/posts\/13039\/revisions"}],"predecessor-version":[{"id":13044,"href":"https:\/\/www.manaus.am.gov.br\/seminf\/wp-json\/wp\/v2\/posts\/13039\/revisions\/13044"}],"wp:featuredmedia":[{"embeddable":true,"href":"https:\/\/www.manaus.am.gov.br\/seminf\/wp-json\/wp\/v2\/media\/13040"}],"wp:attachment":[{"href":"https:\/\/www.manaus.am.gov.br\/seminf\/wp-json\/wp\/v2\/media?parent=13039"}],"wp:term":[{"taxonomy":"category","embeddable":true,"href":"https:\/\/www.manaus.am.gov.br\/seminf\/wp-json\/wp\/v2\/categories?post=13039"},{"taxonomy":"post_tag","embeddable":true,"href":"https:\/\/www.manaus.am.gov.br\/seminf\/wp-json\/wp\/v2\/tags?post=13039"}],"curies":[{"name":"wp","href":"https:\/\/api.w.org\/{rel}","templated":true}]}}