{"id":13031,"date":"2026-08-28T15:56:15","date_gmt":"2026-08-28T19:56:15","guid":{"rendered":"https:\/\/www.manaus.am.gov.br\/seminf\/recuperacao-de-galeria-subterranea\/"},"modified":"2026-08-28T15:56:16","modified_gmt":"2026-08-28T19:56:16","slug":"recuperacao-de-galeria-subterranea","status":"publish","type":"post","link":"https:\/\/www.manaus.am.gov.br\/seminf\/recuperacao-de-galeria-subterranea\/","title":{"rendered":"Prefeitura de Manaus avan\u00e7a na recupera\u00e7\u00e3o de galeria subterr\u00e2nea e refor\u00e7a drenagem no bairro Parque 10 de Novembro"},"content":{"rendered":"\n<p>A Prefeitura de Manaus, por meio da Secretaria Municipal de Infraestrutura (Seminf), prossegue, nesta sexta-feira, 28\/8, com a recupera\u00e7\u00e3o de um trecho de 10 metros da rede de drenagem profunda da rua Arquiteto Eduardo Braga, no bairro Parque 10 de Novembro, zona Centro-Sul da capital. A interven\u00e7\u00e3o recupera a estrutura subterr\u00e2nea respons\u00e1vel pelo escoamento das \u00e1guas pluviais e refor\u00e7a a seguran\u00e7a do sistema.<\/p>\n\n\n\n<p>O secret\u00e1rio municipal de Infraestrutura, Madson Rodrigues, destacou a import\u00e2ncia da interven\u00e7\u00e3o para garantir o funcionamento adequado da rede, especialmente durante o per\u00edodo de chuvas.<\/p>\n\n\n\n<p>\u201cEstamos recuperando uma galeria subterr\u00e2nea para garantir que o sistema de drenagem funcione adequadamente e evitar problemas futuros. \u00c9 um servi\u00e7o que exige cuidado e responsabilidade, porque estamos atuando em uma estrutura que fica abaixo do solo. A determina\u00e7\u00e3o do prefeito Renato Junior \u00e9 manter as equipes atentas \u00e0s necessidades da cidade e garantir uma infraestrutura segura e eficiente para a popula\u00e7\u00e3o\u201d, afirmou Madson Rodrigues.<\/p>\n\n\n\n<p>Com o apoio de uma retroescavadeira, as equipes realizam a escava\u00e7\u00e3o mec\u00e2nica para acessar a tubula\u00e7\u00e3o, que apresentava pontos de desanelamento. Na sequ\u00eancia, os oper\u00e1rios executam o anelamento, com veda\u00e7\u00e3o utilizando barro e cimento, refor\u00e7ando a estabilidade da estrutura e evitando a fuga de material.<\/p>\n\n\n\n<p>Ap\u00f3s essa etapa, ser\u00e1 reconstru\u00edda a caixa coletora, permitindo melhorar o direcionamento das \u00e1guas das chuvas e o funcionamento do sistema de drenagem no trecho.<\/p>\n\n\n\n<p>Morador da regi\u00e3o, o empres\u00e1rio Tassio Rego, de 38 anos, conta que a interven\u00e7\u00e3o atende a uma solicita\u00e7\u00e3o feita \u00e0 Prefeitura de Manaus e representa uma mudan\u00e7a importante para quem vive no local.<\/p>\n\n\n\n<p>\u201cN\u00f3s fizemos a solicita\u00e7\u00e3o \u00e0 prefeitura e nossa demanda foi atendida. Ficamos muito gratos por esse cuidado, porque antes eu n\u00e3o conseguia acessar a minha garagem. Agora vai ficar mais seguro e muito melhor para todos n\u00f3s, moradores\u201d, agradeceu.<\/p>\n\n\n\n<p>A Prefeitura de Manaus segue com equipes mobilizadas em diferentes pontos da capital para identificar e recuperar estruturas de drenagem que necessitam de manuten\u00e7\u00e3o. As a\u00e7\u00f5es preventivas e corretivas refor\u00e7am a infraestrutura urbana e contribuem para reduzir riscos de alagamentos e outros transtornos durante o per\u00edodo chuvoso.<\/p>\n\n\n\n<p>\u2014&#8212; \u2014&#8211; \u2014-<br><strong>Texto &#8211;<\/strong> Eduarda Lira\/Seminf<br><strong>Fotos &#8211;<\/strong> Luiz Felipe \/Seminf<\/p>\n","protected":false},"excerpt":{"rendered":"","protected":false},"author":68,"featured_media":13032,"comment_status":"closed","ping_status":"closed","sticky":false,"template":"","format":"standard","meta":{"footnotes":""},"categories":[8],"tags":[43,2610,4006,26],"acf":[],"yoast_head":"<!-- This site is optimized with the Yoast SEO plugin v23.0 - https:\/\/yoast.com\/wordpress\/plugins\/seo\/ -->\n<title>Prefeitura de Manaus avan\u00e7a na recupera\u00e7\u00e3o de galeria subterr\u00e2nea e refor\u00e7a drenagem no bairro Parque 10 de Novembro<\/title>\n<meta name=\"description\" content=\"A Prefeitura de Manaus, prossegue, nesta sexta-feira, 28\/8, com a recupera\u00e7\u00e3o de um trecho de 10 metros da rede de drenagem profunda da rua Arquiteto Eduardo Braga.\" \/>\n<meta name=\"robots\" content=\"index, follow, max-snippet:-1, max-image-preview:large, max-video-preview:-1\" \/>\n<link rel=\"canonical\" href=\"https:\/\/www.manaus.am.gov.br\/seminf\/recuperacao-de-galeria-subterranea\/\" \/>\n<meta property=\"og:locale\" content=\"pt_BR\" \/>\n<meta property=\"og:type\" content=\"article\" \/>\n<meta property=\"og:title\" content=\"Prefeitura de Manaus avan\u00e7a na recupera\u00e7\u00e3o de galeria subterr\u00e2nea e refor\u00e7a drenagem no bairro Parque 10 de Novembro\" \/>\n<meta property=\"og:description\" content=\"A Prefeitura de Manaus, prossegue, nesta sexta-feira, 28\/8, com a recupera\u00e7\u00e3o de um trecho de 10 metros da rede de drenagem profunda da rua Arquiteto Eduardo Braga.\" \/>\n<meta property=\"og:url\" content=\"https:\/\/www.manaus.am.gov.br\/seminf\/recuperacao-de-galeria-subterranea\/\" \/>\n<meta property=\"og:site_name\" content=\"SEMINF\" \/>\n<meta property=\"article:published_time\" content=\"2026-08-28T19:56:15+00:00\" \/>\n<meta property=\"article:modified_time\" content=\"2026-08-28T19:56:16+00:00\" \/>\n<meta property=\"og:image\" content=\"https:\/\/www.manaus.am.gov.br\/seminf\/wp-content\/uploads\/sites\/6\/2026\/08\/Prefeitura-de-Manaus-avanca-na-recuperacao-de-galeria-subterranea-e-reforca-drenagem-no-Parque-10-3.jpg\" \/>\n\t<meta property=\"og:image:width\" content=\"1600\" \/>\n\t<meta property=\"og:image:height\" content=\"1067\" \/>\n\t<meta property=\"og:image:type\" content=\"image\/jpeg\" \/>\n<meta name=\"author\" content=\"bvalente\" \/>\n<meta name=\"twitter:card\" content=\"summary_large_image\" \/>\n<meta name=\"twitter:label1\" content=\"Written by\" \/>\n\t<meta name=\"twitter:data1\" content=\"bvalente\" \/>\n\t<meta name=\"twitter:label2\" content=\"Est. reading time\" \/>\n\t<meta name=\"twitter:data2\" content=\"3 minutos\" \/>\n<script type=\"application\/ld+json\" class=\"yoast-schema-graph\">{\"@context\":\"https:\/\/schema.org\",\"@graph\":[{\"@type\":\"WebPage\",\"@id\":\"https:\/\/www.manaus.am.gov.br\/seminf\/recuperacao-de-galeria-subterranea\/\",\"url\":\"https:\/\/www.manaus.am.gov.br\/seminf\/recuperacao-de-galeria-subterranea\/\",\"name\":\"Prefeitura de Manaus avan\u00e7a na recupera\u00e7\u00e3o de galeria subterr\u00e2nea e refor\u00e7a drenagem no bairro Parque 10 de Novembro\",\"isPartOf\":{\"@id\":\"https:\/\/www.manaus.am.gov.br\/seminf\/#website\"},\"primaryImageOfPage\":{\"@id\":\"https:\/\/www.manaus.am.gov.br\/seminf\/recuperacao-de-galeria-subterranea\/#primaryimage\"},\"image\":{\"@id\":\"https:\/\/www.manaus.am.gov.br\/seminf\/recuperacao-de-galeria-subterranea\/#primaryimage\"},\"thumbnailUrl\":\"https:\/\/www.manaus.am.gov.br\/seminf\/wp-content\/uploads\/sites\/6\/2026\/08\/Prefeitura-de-Manaus-avanca-na-recuperacao-de-galeria-subterranea-e-reforca-drenagem-no-Parque-10-3.jpg\",\"datePublished\":\"2026-08-28T19:56:15+00:00\",\"dateModified\":\"2026-08-28T19:56:16+00:00\",\"author\":{\"@id\":\"https:\/\/www.manaus.am.gov.br\/seminf\/#\/schema\/person\/466a0e03ae4b6062809046bd560ac955\"},\"description\":\"A Prefeitura de Manaus, prossegue, nesta sexta-feira, 28\/8, com a recupera\u00e7\u00e3o de um trecho de 10 metros da rede de drenagem profunda da rua Arquiteto Eduardo Braga.\",\"inLanguage\":\"pt-BR\",\"potentialAction\":[{\"@type\":\"ReadAction\",\"target\":[\"https:\/\/www.manaus.am.gov.br\/seminf\/recuperacao-de-galeria-subterranea\/\"]}]},{\"@type\":\"ImageObject\",\"inLanguage\":\"pt-BR\",\"@id\":\"https:\/\/www.manaus.am.gov.br\/seminf\/recuperacao-de-galeria-subterranea\/#primaryimage\",\"url\":\"https:\/\/www.manaus.am.gov.br\/seminf\/wp-content\/uploads\/sites\/6\/2026\/08\/Prefeitura-de-Manaus-avanca-na-recuperacao-de-galeria-subterranea-e-reforca-drenagem-no-Parque-10-3.jpg\",\"contentUrl\":\"https:\/\/www.manaus.am.gov.br\/seminf\/wp-content\/uploads\/sites\/6\/2026\/08\/Prefeitura-de-Manaus-avanca-na-recuperacao-de-galeria-subterranea-e-reforca-drenagem-no-Parque-10-3.jpg\",\"width\":1600,\"height\":1067,\"caption\":\"#paratodosverem - Servidor da Seminf recuperando trecho de 10 metros da rede de drenagem profunda da rua Arquiteto Eduardo Braga\"},{\"@type\":\"WebSite\",\"@id\":\"https:\/\/www.manaus.am.gov.br\/seminf\/#website\",\"url\":\"https:\/\/www.manaus.am.gov.br\/seminf\/\",\"name\":\"Secretaria de Infraestrutura\",\"description\":\"Secretaria Municipal de Infraestrutura\",\"potentialAction\":[{\"@type\":\"SearchAction\",\"target\":{\"@type\":\"EntryPoint\",\"urlTemplate\":\"https:\/\/www.manaus.am.gov.br\/seminf\/?s={search_term_string}\"},\"query-input\":\"required name=search_term_string\"}],\"inLanguage\":\"pt-BR\"},{\"@type\":\"Person\",\"@id\":\"https:\/\/www.manaus.am.gov.br\/seminf\/#\/schema\/person\/466a0e03ae4b6062809046bd560ac955\",\"name\":\"bvalente\",\"image\":{\"@type\":\"ImageObject\",\"inLanguage\":\"pt-BR\",\"@id\":\"https:\/\/www.manaus.am.gov.br\/seminf\/#\/schema\/person\/image\/\",\"url\":\"https:\/\/secure.gravatar.com\/avatar\/3e69bc2b014bdad41adfec3a39de07d2?s=96&d=mm&r=g\",\"contentUrl\":\"https:\/\/secure.gravatar.com\/avatar\/3e69bc2b014bdad41adfec3a39de07d2?s=96&d=mm&r=g\",\"caption\":\"bvalente\"}}]}<\/script>\n<!-- \/ Yoast SEO plugin. -->","yoast_head_json":{"title":"Prefeitura de Manaus avan\u00e7a na recupera\u00e7\u00e3o de galeria subterr\u00e2nea e refor\u00e7a drenagem no bairro Parque 10 de Novembro","description":"A Prefeitura de Manaus, prossegue, nesta sexta-feira, 28\/8, com a recupera\u00e7\u00e3o de um trecho de 10 metros da rede de drenagem profunda da rua Arquiteto Eduardo Braga.","robots":{"index":"index","follow":"follow","max-snippet":"max-snippet:-1","max-image-preview":"max-image-preview:large","max-video-preview":"max-video-preview:-1"},"canonical":"https:\/\/www.manaus.am.gov.br\/seminf\/recuperacao-de-galeria-subterranea\/","og_locale":"pt_BR","og_type":"article","og_title":"Prefeitura de Manaus avan\u00e7a na recupera\u00e7\u00e3o de galeria subterr\u00e2nea e refor\u00e7a drenagem no bairro Parque 10 de Novembro","og_description":"A Prefeitura de Manaus, prossegue, nesta sexta-feira, 28\/8, com a recupera\u00e7\u00e3o de um trecho de 10 metros da rede de drenagem profunda da rua Arquiteto Eduardo Braga.","og_url":"https:\/\/www.manaus.am.gov.br\/seminf\/recuperacao-de-galeria-subterranea\/","og_site_name":"SEMINF","article_published_time":"2026-08-28T19:56:15+00:00","article_modified_time":"2026-08-28T19:56:16+00:00","og_image":[{"width":1600,"height":1067,"url":"https:\/\/www.manaus.am.gov.br\/seminf\/wp-content\/uploads\/sites\/6\/2026\/08\/Prefeitura-de-Manaus-avanca-na-recuperacao-de-galeria-subterranea-e-reforca-drenagem-no-Parque-10-3.jpg","type":"image\/jpeg"}],"author":"bvalente","twitter_card":"summary_large_image","twitter_misc":{"Written by":"bvalente","Est. reading time":"3 minutos"},"schema":{"@context":"https:\/\/schema.org","@graph":[{"@type":"WebPage","@id":"https:\/\/www.manaus.am.gov.br\/seminf\/recuperacao-de-galeria-subterranea\/","url":"https:\/\/www.manaus.am.gov.br\/seminf\/recuperacao-de-galeria-subterranea\/","name":"Prefeitura de Manaus avan\u00e7a na recupera\u00e7\u00e3o de galeria subterr\u00e2nea e refor\u00e7a drenagem no bairro Parque 10 de Novembro","isPartOf":{"@id":"https:\/\/www.manaus.am.gov.br\/seminf\/#website"},"primaryImageOfPage":{"@id":"https:\/\/www.manaus.am.gov.br\/seminf\/recuperacao-de-galeria-subterranea\/#primaryimage"},"image":{"@id":"https:\/\/www.manaus.am.gov.br\/seminf\/recuperacao-de-galeria-subterranea\/#primaryimage"},"thumbnailUrl":"https:\/\/www.manaus.am.gov.br\/seminf\/wp-content\/uploads\/sites\/6\/2026\/08\/Prefeitura-de-Manaus-avanca-na-recuperacao-de-galeria-subterranea-e-reforca-drenagem-no-Parque-10-3.jpg","datePublished":"2026-08-28T19:56:15+00:00","dateModified":"2026-08-28T19:56:16+00:00","author":{"@id":"https:\/\/www.manaus.am.gov.br\/seminf\/#\/schema\/person\/466a0e03ae4b6062809046bd560ac955"},"description":"A Prefeitura de Manaus, prossegue, nesta sexta-feira, 28\/8, com a recupera\u00e7\u00e3o de um trecho de 10 metros da rede de drenagem profunda da rua Arquiteto Eduardo Braga.","inLanguage":"pt-BR","potentialAction":[{"@type":"ReadAction","target":["https:\/\/www.manaus.am.gov.br\/seminf\/recuperacao-de-galeria-subterranea\/"]}]},{"@type":"ImageObject","inLanguage":"pt-BR","@id":"https:\/\/www.manaus.am.gov.br\/seminf\/recuperacao-de-galeria-subterranea\/#primaryimage","url":"https:\/\/www.manaus.am.gov.br\/seminf\/wp-content\/uploads\/sites\/6\/2026\/08\/Prefeitura-de-Manaus-avanca-na-recuperacao-de-galeria-subterranea-e-reforca-drenagem-no-Parque-10-3.jpg","contentUrl":"https:\/\/www.manaus.am.gov.br\/seminf\/wp-content\/uploads\/sites\/6\/2026\/08\/Prefeitura-de-Manaus-avanca-na-recuperacao-de-galeria-subterranea-e-reforca-drenagem-no-Parque-10-3.jpg","width":1600,"height":1067,"caption":"#paratodosverem - Servidor da Seminf recuperando trecho de 10 metros da rede de drenagem profunda da rua Arquiteto Eduardo Braga"},{"@type":"WebSite","@id":"https:\/\/www.manaus.am.gov.br\/seminf\/#website","url":"https:\/\/www.manaus.am.gov.br\/seminf\/","name":"Secretaria de Infraestrutura","description":"Secretaria Municipal de Infraestrutura","potentialAction":[{"@type":"SearchAction","target":{"@type":"EntryPoint","urlTemplate":"https:\/\/www.manaus.am.gov.br\/seminf\/?s={search_term_string}"},"query-input":"required name=search_term_string"}],"inLanguage":"pt-BR"},{"@type":"Person","@id":"https:\/\/www.manaus.am.gov.br\/seminf\/#\/schema\/person\/466a0e03ae4b6062809046bd560ac955","name":"bvalente","image":{"@type":"ImageObject","inLanguage":"pt-BR","@id":"https:\/\/www.manaus.am.gov.br\/seminf\/#\/schema\/person\/image\/","url":"https:\/\/secure.gravatar.com\/avatar\/3e69bc2b014bdad41adfec3a39de07d2?s=96&d=mm&r=g","contentUrl":"https:\/\/secure.gravatar.com\/avatar\/3e69bc2b014bdad41adfec3a39de07d2?s=96&d=mm&r=g","caption":"bvalente"}}]}},"_links":{"self":[{"href":"https:\/\/www.manaus.am.gov.br\/seminf\/wp-json\/wp\/v2\/posts\/13031"}],"collection":[{"href":"https:\/\/www.manaus.am.gov.br\/seminf\/wp-json\/wp\/v2\/posts"}],"about":[{"href":"https:\/\/www.manaus.am.gov.br\/seminf\/wp-json\/wp\/v2\/types\/post"}],"author":[{"embeddable":true,"href":"https:\/\/www.manaus.am.gov.br\/seminf\/wp-json\/wp\/v2\/users\/68"}],"replies":[{"embeddable":true,"href":"https:\/\/www.manaus.am.gov.br\/seminf\/wp-json\/wp\/v2\/comments?post=13031"}],"version-history":[{"count":0,"href":"https:\/\/www.manaus.am.gov.br\/seminf\/wp-json\/wp\/v2\/posts\/13031\/revisions"}],"wp:featuredmedia":[{"embeddable":true,"href":"https:\/\/www.manaus.am.gov.br\/seminf\/wp-json\/wp\/v2\/media\/13032"}],"wp:attachment":[{"href":"https:\/\/www.manaus.am.gov.br\/seminf\/wp-json\/wp\/v2\/media?parent=13031"}],"wp:term":[{"taxonomy":"category","embeddable":true,"href":"https:\/\/www.manaus.am.gov.br\/seminf\/wp-json\/wp\/v2\/categories?post=13031"},{"taxonomy":"post_tag","embeddable":true,"href":"https:\/\/www.manaus.am.gov.br\/seminf\/wp-json\/wp\/v2\/tags?post=13031"}],"curies":[{"name":"wp","href":"https:\/\/api.w.org\/{rel}","templated":true}]}}