{"id":13027,"date":"2026-08-28T15:43:52","date_gmt":"2026-08-28T19:43:52","guid":{"rendered":"https:\/\/www.manaus.am.gov.br\/seminf\/recuperacao-asfaltica-30\/"},"modified":"2026-08-28T15:43:52","modified_gmt":"2026-08-28T19:43:52","slug":"recuperacao-asfaltica-30","status":"publish","type":"post","link":"https:\/\/www.manaus.am.gov.br\/seminf\/recuperacao-asfaltica-30\/","title":{"rendered":"Prefeitura de Manaus avan\u00e7a com recupera\u00e7\u00e3o asf\u00e1ltica em importante via do bairro Petr\u00f3polis"},"content":{"rendered":"\n<p>A Prefeitura de Manaus, por meio da Secretaria Municipal de Infraestrutura (Seminf), avan\u00e7a, nesta sexta-feira, 28\/8, com os servi\u00e7os de manuten\u00e7\u00e3o asf\u00e1ltica no bairro Petr\u00f3polis, zona Sul da capital. A rua Alu\u00edsio Brasil \u00e9 uma das vias contempladas pelas equipes dentro das a\u00e7\u00f5es do programa \u201cManaus que a Gente Cuida\u201d, garantindo melhores condi\u00e7\u00f5es de trafegabilidade, seguran\u00e7a e conforto para moradores, motoristas e usu\u00e1rios do transporte p\u00fablico.<\/p>\n\n\n\n<p>A via \u00e9 um dos principais corredores do bairro, com intenso fluxo di\u00e1rio de ve\u00edculos, incluindo \u00f4nibus e caminh\u00f5es. Por isso, a manuten\u00e7\u00e3o peri\u00f3dica \u00e9 necess\u00e1ria para preservar as condi\u00e7\u00f5es do pavimento e garantir uma circula\u00e7\u00e3o mais segura.<\/p>\n\n\n\n<figure class=\"wp-block-image size-large\"><img loading=\"lazy\" decoding=\"async\" width=\"1024\" height=\"683\" src=\"https:\/\/www.manaus.am.gov.br\/seminf\/wp-content\/uploads\/sites\/6\/2026\/08\/Prefeitura-de-Manaus-avanca-com-recuperacao-asfaltica-em-importante-via-do-bairro-Petropolis-4-1024x683.jpg\" alt=\"\" class=\"wp-image-13028\" srcset=\"https:\/\/www.manaus.am.gov.br\/seminf\/wp-content\/uploads\/sites\/6\/2026\/08\/Prefeitura-de-Manaus-avanca-com-recuperacao-asfaltica-em-importante-via-do-bairro-Petropolis-4-1024x683.jpg 1024w, https:\/\/www.manaus.am.gov.br\/seminf\/wp-content\/uploads\/sites\/6\/2026\/08\/Prefeitura-de-Manaus-avanca-com-recuperacao-asfaltica-em-importante-via-do-bairro-Petropolis-4-300x200.jpg 300w, https:\/\/www.manaus.am.gov.br\/seminf\/wp-content\/uploads\/sites\/6\/2026\/08\/Prefeitura-de-Manaus-avanca-com-recuperacao-asfaltica-em-importante-via-do-bairro-Petropolis-4-768x512.jpg 768w, https:\/\/www.manaus.am.gov.br\/seminf\/wp-content\/uploads\/sites\/6\/2026\/08\/Prefeitura-de-Manaus-avanca-com-recuperacao-asfaltica-em-importante-via-do-bairro-Petropolis-4-1536x1024.jpg 1536w, https:\/\/www.manaus.am.gov.br\/seminf\/wp-content\/uploads\/sites\/6\/2026\/08\/Prefeitura-de-Manaus-avanca-com-recuperacao-asfaltica-em-importante-via-do-bairro-Petropolis-4.jpg 1600w\" sizes=\"(max-width: 1024px) 100vw, 1024px\" \/><\/figure>\n\n\n\n<p>\u201cNossas equipes seguem uma determina\u00e7\u00e3o do prefeito Renato Junior de levar melhorias significativas para a popula\u00e7\u00e3o, e o \u2018Manaus que a Gente Cuida\u2019 fortalece essa atua\u00e7\u00e3o diretamente nas comunidades. Estamos com frentes de trabalho em Petr\u00f3polis e tamb\u00e9m no Japiim, levando recupera\u00e7\u00e3o asf\u00e1ltica e manuten\u00e7\u00e3o de drenagem para atender \u00e0s necessidades da popula\u00e7\u00e3o. \u00c9 a prefeitura presente cuidando das ruas e melhorando a rotina de quem vive e circula por esses bairros\u201d, afirmou o secret\u00e1rio municipal de Infraestrutura, Madson Rodrigues.<\/p>\n\n\n\n<p>No local, os oper\u00e1rios iniciam os trabalhos com a limpeza e prepara\u00e7\u00e3o da base. Na sequ\u00eancia, \u00e9 aplicada a massa asf\u00e1ltica nos trechos que apresentam maior desgaste, seguida da compacta\u00e7\u00e3o do pavimento. O procedimento recupera a superf\u00edcie da via e proporciona melhores condi\u00e7\u00f5es para o tr\u00e1fego.<\/p>\n\n\n\n<p>Para quem utiliza a rua diariamente, a mudan\u00e7a representa mais conforto. O seguran\u00e7a Orlando Encarna\u00e7\u00e3o, de 58 anos, conta que os buracos provocavam transtornos principalmente por causa do barulho provocado pelos ve\u00edculos pesados.<\/p>\n\n\n\n<p>\u201cAntes, os buracos causavam muito inc\u00f4modo, principalmente por causa do barulho dos caminh\u00f5es e \u00f4nibus passando. Agora, com toda certeza, vai ficar muito melhor. A prefeitura est\u00e1 fazendo um trabalho excelente\u201d, agradeceu.<\/p>\n\n\n\n<p>As a\u00e7\u00f5es de manuten\u00e7\u00e3o seguem em diferentes pontos da zona Sul e de outras regi\u00f5es da capital, com equipes mobilizadas para recuperar vias e estruturas de infraestrutura urbana. Com frentes simult\u00e2neas, a Prefeitura de Manaus amplia os servi\u00e7os e leva melhorias que refletem diretamente na mobilidade, seguran\u00e7a e qualidade de vida da popula\u00e7\u00e3o.<\/p>\n\n\n\n<p>\u2014&#8212; \u2014&#8211; \u2014-<br><strong>Texto &#8211; <\/strong>Eduarda Lira\/Seminf<br><strong>Fotos &#8211;<\/strong> Luiz Felipe e Iury Coelho\/Seminf<\/p>\n","protected":false},"excerpt":{"rendered":"","protected":false},"author":68,"featured_media":13029,"comment_status":"closed","ping_status":"closed","sticky":false,"template":"","format":"standard","meta":{"footnotes":""},"categories":[3],"tags":[43,70,4005,26],"acf":[],"yoast_head":"<!-- This site is optimized with the Yoast SEO plugin v23.0 - https:\/\/yoast.com\/wordpress\/plugins\/seo\/ -->\n<title>Prefeitura de Manaus avan\u00e7a com recupera\u00e7\u00e3o asf\u00e1ltica em importante via do bairro Petr\u00f3polis<\/title>\n<meta name=\"description\" content=\"A Prefeitura de Manaus, avan\u00e7a, nesta sexta-feira, 28\/8, com os servi\u00e7os de manuten\u00e7\u00e3o asf\u00e1ltica no bairro Petr\u00f3polis.\" \/>\n<meta name=\"robots\" content=\"index, follow, max-snippet:-1, max-image-preview:large, max-video-preview:-1\" \/>\n<link rel=\"canonical\" href=\"https:\/\/www.manaus.am.gov.br\/seminf\/recuperacao-asfaltica-30\/\" \/>\n<meta property=\"og:locale\" content=\"pt_BR\" \/>\n<meta property=\"og:type\" content=\"article\" \/>\n<meta property=\"og:title\" content=\"Prefeitura de Manaus avan\u00e7a com recupera\u00e7\u00e3o asf\u00e1ltica em importante via do bairro Petr\u00f3polis\" \/>\n<meta property=\"og:description\" content=\"A Prefeitura de Manaus, avan\u00e7a, nesta sexta-feira, 28\/8, com os servi\u00e7os de manuten\u00e7\u00e3o asf\u00e1ltica no bairro Petr\u00f3polis.\" \/>\n<meta property=\"og:url\" content=\"https:\/\/www.manaus.am.gov.br\/seminf\/recuperacao-asfaltica-30\/\" \/>\n<meta property=\"og:site_name\" content=\"SEMINF\" \/>\n<meta property=\"article:published_time\" content=\"2026-08-28T19:43:52+00:00\" \/>\n<meta property=\"og:image\" content=\"https:\/\/www.manaus.am.gov.br\/seminf\/wp-content\/uploads\/sites\/6\/2026\/08\/Prefeitura-de-Manaus-avanca-com-recuperacao-asfaltica-em-importante-via-do-bairro-Petropolis-2.jpg\" \/>\n\t<meta property=\"og:image:width\" content=\"1600\" \/>\n\t<meta property=\"og:image:height\" content=\"1067\" \/>\n\t<meta property=\"og:image:type\" content=\"image\/jpeg\" \/>\n<meta name=\"author\" content=\"bvalente\" \/>\n<meta name=\"twitter:card\" content=\"summary_large_image\" \/>\n<meta name=\"twitter:label1\" content=\"Written by\" \/>\n\t<meta name=\"twitter:data1\" content=\"bvalente\" \/>\n\t<meta name=\"twitter:label2\" content=\"Est. reading time\" \/>\n\t<meta name=\"twitter:data2\" content=\"3 minutos\" \/>\n<script type=\"application\/ld+json\" class=\"yoast-schema-graph\">{\"@context\":\"https:\/\/schema.org\",\"@graph\":[{\"@type\":\"WebPage\",\"@id\":\"https:\/\/www.manaus.am.gov.br\/seminf\/recuperacao-asfaltica-30\/\",\"url\":\"https:\/\/www.manaus.am.gov.br\/seminf\/recuperacao-asfaltica-30\/\",\"name\":\"Prefeitura de Manaus avan\u00e7a com recupera\u00e7\u00e3o asf\u00e1ltica em importante via do bairro Petr\u00f3polis\",\"isPartOf\":{\"@id\":\"https:\/\/www.manaus.am.gov.br\/seminf\/#website\"},\"primaryImageOfPage\":{\"@id\":\"https:\/\/www.manaus.am.gov.br\/seminf\/recuperacao-asfaltica-30\/#primaryimage\"},\"image\":{\"@id\":\"https:\/\/www.manaus.am.gov.br\/seminf\/recuperacao-asfaltica-30\/#primaryimage\"},\"thumbnailUrl\":\"https:\/\/www.manaus.am.gov.br\/seminf\/wp-content\/uploads\/sites\/6\/2026\/08\/Prefeitura-de-Manaus-avanca-com-recuperacao-asfaltica-em-importante-via-do-bairro-Petropolis-2.jpg\",\"datePublished\":\"2026-08-28T19:43:52+00:00\",\"dateModified\":\"2026-08-28T19:43:52+00:00\",\"author\":{\"@id\":\"https:\/\/www.manaus.am.gov.br\/seminf\/#\/schema\/person\/466a0e03ae4b6062809046bd560ac955\"},\"description\":\"A Prefeitura de Manaus, avan\u00e7a, nesta sexta-feira, 28\/8, com os servi\u00e7os de manuten\u00e7\u00e3o asf\u00e1ltica no bairro Petr\u00f3polis.\",\"inLanguage\":\"pt-BR\",\"potentialAction\":[{\"@type\":\"ReadAction\",\"target\":[\"https:\/\/www.manaus.am.gov.br\/seminf\/recuperacao-asfaltica-30\/\"]}]},{\"@type\":\"ImageObject\",\"inLanguage\":\"pt-BR\",\"@id\":\"https:\/\/www.manaus.am.gov.br\/seminf\/recuperacao-asfaltica-30\/#primaryimage\",\"url\":\"https:\/\/www.manaus.am.gov.br\/seminf\/wp-content\/uploads\/sites\/6\/2026\/08\/Prefeitura-de-Manaus-avanca-com-recuperacao-asfaltica-em-importante-via-do-bairro-Petropolis-2.jpg\",\"contentUrl\":\"https:\/\/www.manaus.am.gov.br\/seminf\/wp-content\/uploads\/sites\/6\/2026\/08\/Prefeitura-de-Manaus-avanca-com-recuperacao-asfaltica-em-importante-via-do-bairro-Petropolis-2.jpg\",\"width\":1600,\"height\":1067,\"caption\":\"#paratodosverem - Equipe da Seminf aplicando novo asfalto em via\"},{\"@type\":\"WebSite\",\"@id\":\"https:\/\/www.manaus.am.gov.br\/seminf\/#website\",\"url\":\"https:\/\/www.manaus.am.gov.br\/seminf\/\",\"name\":\"Secretaria de Infraestrutura\",\"description\":\"Secretaria Municipal de Infraestrutura\",\"potentialAction\":[{\"@type\":\"SearchAction\",\"target\":{\"@type\":\"EntryPoint\",\"urlTemplate\":\"https:\/\/www.manaus.am.gov.br\/seminf\/?s={search_term_string}\"},\"query-input\":\"required name=search_term_string\"}],\"inLanguage\":\"pt-BR\"},{\"@type\":\"Person\",\"@id\":\"https:\/\/www.manaus.am.gov.br\/seminf\/#\/schema\/person\/466a0e03ae4b6062809046bd560ac955\",\"name\":\"bvalente\",\"image\":{\"@type\":\"ImageObject\",\"inLanguage\":\"pt-BR\",\"@id\":\"https:\/\/www.manaus.am.gov.br\/seminf\/#\/schema\/person\/image\/\",\"url\":\"https:\/\/secure.gravatar.com\/avatar\/3e69bc2b014bdad41adfec3a39de07d2?s=96&d=mm&r=g\",\"contentUrl\":\"https:\/\/secure.gravatar.com\/avatar\/3e69bc2b014bdad41adfec3a39de07d2?s=96&d=mm&r=g\",\"caption\":\"bvalente\"}}]}<\/script>\n<!-- \/ Yoast SEO plugin. -->","yoast_head_json":{"title":"Prefeitura de Manaus avan\u00e7a com recupera\u00e7\u00e3o asf\u00e1ltica em importante via do bairro Petr\u00f3polis","description":"A Prefeitura de Manaus, avan\u00e7a, nesta sexta-feira, 28\/8, com os servi\u00e7os de manuten\u00e7\u00e3o asf\u00e1ltica no bairro Petr\u00f3polis.","robots":{"index":"index","follow":"follow","max-snippet":"max-snippet:-1","max-image-preview":"max-image-preview:large","max-video-preview":"max-video-preview:-1"},"canonical":"https:\/\/www.manaus.am.gov.br\/seminf\/recuperacao-asfaltica-30\/","og_locale":"pt_BR","og_type":"article","og_title":"Prefeitura de Manaus avan\u00e7a com recupera\u00e7\u00e3o asf\u00e1ltica em importante via do bairro Petr\u00f3polis","og_description":"A Prefeitura de Manaus, avan\u00e7a, nesta sexta-feira, 28\/8, com os servi\u00e7os de manuten\u00e7\u00e3o asf\u00e1ltica no bairro Petr\u00f3polis.","og_url":"https:\/\/www.manaus.am.gov.br\/seminf\/recuperacao-asfaltica-30\/","og_site_name":"SEMINF","article_published_time":"2026-08-28T19:43:52+00:00","og_image":[{"width":1600,"height":1067,"url":"https:\/\/www.manaus.am.gov.br\/seminf\/wp-content\/uploads\/sites\/6\/2026\/08\/Prefeitura-de-Manaus-avanca-com-recuperacao-asfaltica-em-importante-via-do-bairro-Petropolis-2.jpg","type":"image\/jpeg"}],"author":"bvalente","twitter_card":"summary_large_image","twitter_misc":{"Written by":"bvalente","Est. reading time":"3 minutos"},"schema":{"@context":"https:\/\/schema.org","@graph":[{"@type":"WebPage","@id":"https:\/\/www.manaus.am.gov.br\/seminf\/recuperacao-asfaltica-30\/","url":"https:\/\/www.manaus.am.gov.br\/seminf\/recuperacao-asfaltica-30\/","name":"Prefeitura de Manaus avan\u00e7a com recupera\u00e7\u00e3o asf\u00e1ltica em importante via do bairro Petr\u00f3polis","isPartOf":{"@id":"https:\/\/www.manaus.am.gov.br\/seminf\/#website"},"primaryImageOfPage":{"@id":"https:\/\/www.manaus.am.gov.br\/seminf\/recuperacao-asfaltica-30\/#primaryimage"},"image":{"@id":"https:\/\/www.manaus.am.gov.br\/seminf\/recuperacao-asfaltica-30\/#primaryimage"},"thumbnailUrl":"https:\/\/www.manaus.am.gov.br\/seminf\/wp-content\/uploads\/sites\/6\/2026\/08\/Prefeitura-de-Manaus-avanca-com-recuperacao-asfaltica-em-importante-via-do-bairro-Petropolis-2.jpg","datePublished":"2026-08-28T19:43:52+00:00","dateModified":"2026-08-28T19:43:52+00:00","author":{"@id":"https:\/\/www.manaus.am.gov.br\/seminf\/#\/schema\/person\/466a0e03ae4b6062809046bd560ac955"},"description":"A Prefeitura de Manaus, avan\u00e7a, nesta sexta-feira, 28\/8, com os servi\u00e7os de manuten\u00e7\u00e3o asf\u00e1ltica no bairro Petr\u00f3polis.","inLanguage":"pt-BR","potentialAction":[{"@type":"ReadAction","target":["https:\/\/www.manaus.am.gov.br\/seminf\/recuperacao-asfaltica-30\/"]}]},{"@type":"ImageObject","inLanguage":"pt-BR","@id":"https:\/\/www.manaus.am.gov.br\/seminf\/recuperacao-asfaltica-30\/#primaryimage","url":"https:\/\/www.manaus.am.gov.br\/seminf\/wp-content\/uploads\/sites\/6\/2026\/08\/Prefeitura-de-Manaus-avanca-com-recuperacao-asfaltica-em-importante-via-do-bairro-Petropolis-2.jpg","contentUrl":"https:\/\/www.manaus.am.gov.br\/seminf\/wp-content\/uploads\/sites\/6\/2026\/08\/Prefeitura-de-Manaus-avanca-com-recuperacao-asfaltica-em-importante-via-do-bairro-Petropolis-2.jpg","width":1600,"height":1067,"caption":"#paratodosverem - Equipe da Seminf aplicando novo asfalto em via"},{"@type":"WebSite","@id":"https:\/\/www.manaus.am.gov.br\/seminf\/#website","url":"https:\/\/www.manaus.am.gov.br\/seminf\/","name":"Secretaria de Infraestrutura","description":"Secretaria Municipal de Infraestrutura","potentialAction":[{"@type":"SearchAction","target":{"@type":"EntryPoint","urlTemplate":"https:\/\/www.manaus.am.gov.br\/seminf\/?s={search_term_string}"},"query-input":"required name=search_term_string"}],"inLanguage":"pt-BR"},{"@type":"Person","@id":"https:\/\/www.manaus.am.gov.br\/seminf\/#\/schema\/person\/466a0e03ae4b6062809046bd560ac955","name":"bvalente","image":{"@type":"ImageObject","inLanguage":"pt-BR","@id":"https:\/\/www.manaus.am.gov.br\/seminf\/#\/schema\/person\/image\/","url":"https:\/\/secure.gravatar.com\/avatar\/3e69bc2b014bdad41adfec3a39de07d2?s=96&d=mm&r=g","contentUrl":"https:\/\/secure.gravatar.com\/avatar\/3e69bc2b014bdad41adfec3a39de07d2?s=96&d=mm&r=g","caption":"bvalente"}}]}},"_links":{"self":[{"href":"https:\/\/www.manaus.am.gov.br\/seminf\/wp-json\/wp\/v2\/posts\/13027"}],"collection":[{"href":"https:\/\/www.manaus.am.gov.br\/seminf\/wp-json\/wp\/v2\/posts"}],"about":[{"href":"https:\/\/www.manaus.am.gov.br\/seminf\/wp-json\/wp\/v2\/types\/post"}],"author":[{"embeddable":true,"href":"https:\/\/www.manaus.am.gov.br\/seminf\/wp-json\/wp\/v2\/users\/68"}],"replies":[{"embeddable":true,"href":"https:\/\/www.manaus.am.gov.br\/seminf\/wp-json\/wp\/v2\/comments?post=13027"}],"version-history":[{"count":1,"href":"https:\/\/www.manaus.am.gov.br\/seminf\/wp-json\/wp\/v2\/posts\/13027\/revisions"}],"predecessor-version":[{"id":13030,"href":"https:\/\/www.manaus.am.gov.br\/seminf\/wp-json\/wp\/v2\/posts\/13027\/revisions\/13030"}],"wp:featuredmedia":[{"embeddable":true,"href":"https:\/\/www.manaus.am.gov.br\/seminf\/wp-json\/wp\/v2\/media\/13029"}],"wp:attachment":[{"href":"https:\/\/www.manaus.am.gov.br\/seminf\/wp-json\/wp\/v2\/media?parent=13027"}],"wp:term":[{"taxonomy":"category","embeddable":true,"href":"https:\/\/www.manaus.am.gov.br\/seminf\/wp-json\/wp\/v2\/categories?post=13027"},{"taxonomy":"post_tag","embeddable":true,"href":"https:\/\/www.manaus.am.gov.br\/seminf\/wp-json\/wp\/v2\/tags?post=13027"}],"curies":[{"name":"wp","href":"https:\/\/api.w.org\/{rel}","templated":true}]}}