{"id":13021,"date":"2026-08-27T21:33:38","date_gmt":"2026-08-28T01:33:38","guid":{"rendered":"https:\/\/www.manaus.am.gov.br\/seminf\/projeto-manaus-em-cores-arte-que-protege\/"},"modified":"2026-08-27T21:33:38","modified_gmt":"2026-08-28T01:33:38","slug":"projeto-manaus-em-cores-arte-que-protege","status":"publish","type":"post","link":"https:\/\/www.manaus.am.gov.br\/seminf\/projeto-manaus-em-cores-arte-que-protege\/","title":{"rendered":"Prefeitura coloca mulheres no protagonismo da arte urbana e transforma viadutos da capital com projeto \u2018Manaus em Cores: Arte que Protege\u2019"},"content":{"rendered":"\n<p>A Prefeitura de Manaus lan\u00e7ou, nesta quinta-feira, 27\/8, o projeto \u201cManaus em Cores: Arte que Protege\u201d, iniciativa do Conselho Municipal de Cultura (Concultura), em parceria com a Secretaria Municipal de Infraestrutura (Seminf), que une arte, cultura e infraestrutura na revitaliza\u00e7\u00e3o e moderniza\u00e7\u00e3o dos viadutos da capital. A proposta valoriza o trabalho de artistas mulheres do graffiti e transforma importantes estruturas vi\u00e1rias da cidade em grandes galerias de arte a c\u00e9u aberto.<\/p>\n\n\n\n<p>O pontap\u00e9 inicial do projeto aconteceu no viaduto Dom Jackson Damasceno Rodrigues, onde artistas mulheres ser\u00e3o respons\u00e1veis pela cria\u00e7\u00e3o das obras que passam a integrar o pacote de revitaliza\u00e7\u00e3o dos equipamentos vi\u00e1rios executado pela Prefeitura de Manaus. A iniciativa amplia a presen\u00e7a feminina na arte urbana e fortalece a identidade cultural de Manaus por meio de trabalhos que levam cor, criatividade e representatividade para os espa\u00e7os p\u00fablicos.<\/p>\n\n\n\n<p>A presidente do Concultura, Janayna Vasconcelos, destacou a integra\u00e7\u00e3o entre os \u00f3rg\u00e3os municipais e a import\u00e2ncia de utilizar a arte como instrumento de transforma\u00e7\u00e3o urbana e valoriza\u00e7\u00e3o dos artistas locais.<\/p>\n\n\n\n<p>\u201cEste projeto demonstra, na pr\u00e1tica, a diretriz do prefeito Renato Junior de promover a integra\u00e7\u00e3o entre os \u00f3rg\u00e3os municipais, somando esfor\u00e7os para transformar os viadutos da cidade por meio da arte e da cultura. O \u2018Manaus em Cores \u2013 Arte que Protege\u2019 valoriza nossos artistas e utiliza a arte como instrumento de revitaliza\u00e7\u00e3o, pertencimento e cidadania. Quero registrar tamb\u00e9m nosso agradecimento especial ao secret\u00e1rio Madson Rodrigues pelo apoio e pela sensibilidade em compreender a relev\u00e2ncia deste projeto para Manaus\u201d, afirmou Janayna.<\/p>\n\n\n\n<figure class=\"wp-block-image size-large\"><img loading=\"lazy\" decoding=\"async\" width=\"1024\" height=\"576\" src=\"https:\/\/www.manaus.am.gov.br\/seminf\/wp-content\/uploads\/sites\/6\/2026\/08\/dji_fly_20260827_170908_0230_1787865360086_photo-1024x576.jpg\" alt=\"\" class=\"wp-image-13024\" srcset=\"https:\/\/www.manaus.am.gov.br\/seminf\/wp-content\/uploads\/sites\/6\/2026\/08\/dji_fly_20260827_170908_0230_1787865360086_photo-1024x576.jpg 1024w, https:\/\/www.manaus.am.gov.br\/seminf\/wp-content\/uploads\/sites\/6\/2026\/08\/dji_fly_20260827_170908_0230_1787865360086_photo-300x169.jpg 300w, https:\/\/www.manaus.am.gov.br\/seminf\/wp-content\/uploads\/sites\/6\/2026\/08\/dji_fly_20260827_170908_0230_1787865360086_photo-768x432.jpg 768w, https:\/\/www.manaus.am.gov.br\/seminf\/wp-content\/uploads\/sites\/6\/2026\/08\/dji_fly_20260827_170908_0230_1787865360086_photo-1536x864.jpg 1536w, https:\/\/www.manaus.am.gov.br\/seminf\/wp-content\/uploads\/sites\/6\/2026\/08\/dji_fly_20260827_170908_0230_1787865360086_photo-2048x1152.jpg 2048w\" sizes=\"(max-width: 1024px) 100vw, 1024px\" \/><figcaption class=\"wp-element-caption\">#paratodosverem &#8211; Imagem do viaduto <\/figcaption><\/figure>\n\n\n\n<p>Para o secret\u00e1rio municipal de Infraestrutura, Madson Rodrigues, a participa\u00e7\u00e3o das mulheres representa um diferencial importante dentro do projeto de moderniza\u00e7\u00e3o dos viadutos.<\/p>\n\n\n\n<p>\u201c\u00c9 uma pr\u00e1tica da Prefeitura de Manaus promover a integra\u00e7\u00e3o entre as secretarias na gest\u00e3o do prefeito Renato Junior. E \u00e9 muito bonito ver uma for\u00e7a-tarefa t\u00e3o importante para a transforma\u00e7\u00e3o da cidade sendo protagonizada por mulheres. A Seminf agradece ao Concultura por somar for\u00e7as ao nosso projeto de revitaliza\u00e7\u00e3o e moderniza\u00e7\u00e3o dos viadutos. Estamos unindo infraestrutura, cultura e arte para deixar Manaus cada vez mais bonita, acolhedora e bem cuidada para a popula\u00e7\u00e3o\u201d, destacou Madson Rodrigues.<\/p>\n\n\n\n<p>Com experi\u00eancia de mais de duas d\u00e9cadas na arte urbana, a artista do graffiti Mia Montreal celebrou a oportunidade de participar da iniciativa e refor\u00e7ou a import\u00e2ncia da presen\u00e7a feminina nos espa\u00e7os de cria\u00e7\u00e3o art\u00edstica.<\/p>\n\n\n\n<p>\u201cEsse \u00e9 um projeto que a Prefeitura de Manaus est\u00e1 fazendo conosco, onde somente mulheres criam as artes nos viadutos. N\u00e3o \u00e9 de hoje que estamos em cena. Temos mulheres trabalhando aqui com mais de 20 anos de carreira, mas hoje agradecemos muito por poder mostrar ainda mais o nosso trabalho junto \u00e0 prefeitura\u201d, afirmou Mia.<\/p>\n\n\n\n<p>Quem acompanhou o lan\u00e7amento tamb\u00e9m aprovou a iniciativa. O auxiliar de manuten\u00e7\u00e3o Lucas Monteiro, de 26 anos, morador das proximidades do viaduto, destacou a uni\u00e3o entre urbaniza\u00e7\u00e3o e cultura.<\/p>\n\n\n\n<p>\u201cA Prefeitura de Manaus est\u00e1 de parab\u00e9ns. A urbaniza\u00e7\u00e3o, a cultura e a arte est\u00e3o sendo valorizadas de verdade. Como morador das proximidades, estou achando uma \u00f3tima iniciativa e vejo que tamb\u00e9m \u00e9 uma grande oportunidade para as mulheres mostrarem o talento delas\u201d, declarou.<\/p>\n\n\n\n<figure class=\"wp-block-image size-full\"><img loading=\"lazy\" decoding=\"async\" width=\"799\" height=\"533\" src=\"https:\/\/www.manaus.am.gov.br\/seminf\/wp-content\/uploads\/sites\/6\/2026\/08\/55491325752_5811e792c5_c.jpg\" alt=\"\" class=\"wp-image-13023\" srcset=\"https:\/\/www.manaus.am.gov.br\/seminf\/wp-content\/uploads\/sites\/6\/2026\/08\/55491325752_5811e792c5_c.jpg 799w, https:\/\/www.manaus.am.gov.br\/seminf\/wp-content\/uploads\/sites\/6\/2026\/08\/55491325752_5811e792c5_c-300x200.jpg 300w, https:\/\/www.manaus.am.gov.br\/seminf\/wp-content\/uploads\/sites\/6\/2026\/08\/55491325752_5811e792c5_c-768x512.jpg 768w\" sizes=\"(max-width: 799px) 100vw, 799px\" \/><\/figure>\n\n\n\n<p>O \u201cManaus em Cores: Arte que Protege\u201d passa a integrar as a\u00e7\u00f5es de revitaliza\u00e7\u00e3o dos equipamentos vi\u00e1rios da capital, levando a arte urbana para estruturas que fazem parte da rotina de milhares de pessoas. A iniciativa refor\u00e7a o compromisso da Prefeitura de Manaus com a valoriza\u00e7\u00e3o dos artistas locais, o protagonismo feminino e a transforma\u00e7\u00e3o dos espa\u00e7os p\u00fablicos, fazendo dos viadutos verdadeiras galerias a c\u00e9u aberto.<\/p>\n\n\n\n<figure class=\"wp-block-image size-full\"><img loading=\"lazy\" decoding=\"async\" width=\"799\" height=\"533\" src=\"https:\/\/www.manaus.am.gov.br\/seminf\/wp-content\/uploads\/sites\/6\/2026\/08\/55492699750_3b4b97c5e8_c.jpg\" alt=\"\" class=\"wp-image-13022\" srcset=\"https:\/\/www.manaus.am.gov.br\/seminf\/wp-content\/uploads\/sites\/6\/2026\/08\/55492699750_3b4b97c5e8_c.jpg 799w, https:\/\/www.manaus.am.gov.br\/seminf\/wp-content\/uploads\/sites\/6\/2026\/08\/55492699750_3b4b97c5e8_c-300x200.jpg 300w, https:\/\/www.manaus.am.gov.br\/seminf\/wp-content\/uploads\/sites\/6\/2026\/08\/55492699750_3b4b97c5e8_c-768x512.jpg 768w\" sizes=\"(max-width: 799px) 100vw, 799px\" \/><\/figure>\n\n\n\n<p>\u2014&#8211; \u2014&#8211; \u2014&#8211;<br><strong>Texto &#8211; <\/strong>Maria Amed\/ Seminf e Badalo Martins\/ Concultura<strong>\u00a0<\/strong><br><strong>Fotos &#8211; <\/strong>Jo\u00e3o Viana \/ Semcom, Iury Coelho e Luiz Felipe\/ Seminf<strong> <br>Dispon\u00edveis em &#8211; <\/strong><a href=\"https:\/\/flic.kr\/s\/aHBqjD3qmT\">https:\/\/flic.kr\/s\/aHBqjD3qmT<\/a><br><br><\/p>\n","protected":false},"excerpt":{"rendered":"","protected":false},"author":68,"featured_media":13025,"comment_status":"closed","ping_status":"closed","sticky":false,"template":"","format":"standard","meta":{"footnotes":""},"categories":[2546],"tags":[2908,43,4004,26],"acf":[],"yoast_head":"<!-- This site is optimized with the Yoast SEO plugin v23.0 - https:\/\/yoast.com\/wordpress\/plugins\/seo\/ -->\n<title>Prefeitura coloca mulheres no protagonismo da arte urbana e transforma viadutos da capital com projeto \u2018Manaus em Cores: Arte que Protege\u2019<\/title>\n<meta name=\"description\" content=\"A Prefeitura de Manaus lan\u00e7ou, nesta quinta-feira, 27\/8, o projeto \u201cManaus em Cores: Arte que Protege\u201d.\" \/>\n<meta name=\"robots\" content=\"index, follow, max-snippet:-1, max-image-preview:large, max-video-preview:-1\" \/>\n<link rel=\"canonical\" href=\"https:\/\/www.manaus.am.gov.br\/seminf\/projeto-manaus-em-cores-arte-que-protege\/\" \/>\n<meta property=\"og:locale\" content=\"pt_BR\" \/>\n<meta property=\"og:type\" content=\"article\" \/>\n<meta property=\"og:title\" content=\"Prefeitura coloca mulheres no protagonismo da arte urbana e transforma viadutos da capital com projeto \u2018Manaus em Cores: Arte que Protege\u2019\" \/>\n<meta property=\"og:description\" content=\"A Prefeitura de Manaus lan\u00e7ou, nesta quinta-feira, 27\/8, o projeto \u201cManaus em Cores: Arte que Protege\u201d.\" \/>\n<meta property=\"og:url\" content=\"https:\/\/www.manaus.am.gov.br\/seminf\/projeto-manaus-em-cores-arte-que-protege\/\" \/>\n<meta property=\"og:site_name\" content=\"SEMINF\" \/>\n<meta property=\"article:published_time\" content=\"2026-08-28T01:33:38+00:00\" \/>\n<meta property=\"og:image\" content=\"https:\/\/www.manaus.am.gov.br\/seminf\/wp-content\/uploads\/sites\/6\/2026\/08\/55491326697_88f27e3e8d_c.jpg\" \/>\n\t<meta property=\"og:image:width\" content=\"799\" \/>\n\t<meta property=\"og:image:height\" content=\"533\" \/>\n\t<meta property=\"og:image:type\" content=\"image\/jpeg\" \/>\n<meta name=\"author\" content=\"bvalente\" \/>\n<meta name=\"twitter:card\" content=\"summary_large_image\" \/>\n<meta name=\"twitter:label1\" content=\"Written by\" \/>\n\t<meta name=\"twitter:data1\" content=\"bvalente\" \/>\n\t<meta name=\"twitter:label2\" content=\"Est. reading time\" \/>\n\t<meta name=\"twitter:data2\" content=\"5 minutos\" \/>\n<script type=\"application\/ld+json\" class=\"yoast-schema-graph\">{\"@context\":\"https:\/\/schema.org\",\"@graph\":[{\"@type\":\"WebPage\",\"@id\":\"https:\/\/www.manaus.am.gov.br\/seminf\/projeto-manaus-em-cores-arte-que-protege\/\",\"url\":\"https:\/\/www.manaus.am.gov.br\/seminf\/projeto-manaus-em-cores-arte-que-protege\/\",\"name\":\"Prefeitura coloca mulheres no protagonismo da arte urbana e transforma viadutos da capital com projeto \u2018Manaus em Cores: Arte que Protege\u2019\",\"isPartOf\":{\"@id\":\"https:\/\/www.manaus.am.gov.br\/seminf\/#website\"},\"primaryImageOfPage\":{\"@id\":\"https:\/\/www.manaus.am.gov.br\/seminf\/projeto-manaus-em-cores-arte-que-protege\/#primaryimage\"},\"image\":{\"@id\":\"https:\/\/www.manaus.am.gov.br\/seminf\/projeto-manaus-em-cores-arte-que-protege\/#primaryimage\"},\"thumbnailUrl\":\"https:\/\/www.manaus.am.gov.br\/seminf\/wp-content\/uploads\/sites\/6\/2026\/08\/55491326697_88f27e3e8d_c.jpg\",\"datePublished\":\"2026-08-28T01:33:38+00:00\",\"dateModified\":\"2026-08-28T01:33:38+00:00\",\"author\":{\"@id\":\"https:\/\/www.manaus.am.gov.br\/seminf\/#\/schema\/person\/466a0e03ae4b6062809046bd560ac955\"},\"description\":\"A Prefeitura de Manaus lan\u00e7ou, nesta quinta-feira, 27\/8, o projeto \u201cManaus em Cores: Arte que Protege\u201d.\",\"inLanguage\":\"pt-BR\",\"potentialAction\":[{\"@type\":\"ReadAction\",\"target\":[\"https:\/\/www.manaus.am.gov.br\/seminf\/projeto-manaus-em-cores-arte-que-protege\/\"]}]},{\"@type\":\"ImageObject\",\"inLanguage\":\"pt-BR\",\"@id\":\"https:\/\/www.manaus.am.gov.br\/seminf\/projeto-manaus-em-cores-arte-que-protege\/#primaryimage\",\"url\":\"https:\/\/www.manaus.am.gov.br\/seminf\/wp-content\/uploads\/sites\/6\/2026\/08\/55491326697_88f27e3e8d_c.jpg\",\"contentUrl\":\"https:\/\/www.manaus.am.gov.br\/seminf\/wp-content\/uploads\/sites\/6\/2026\/08\/55491326697_88f27e3e8d_c.jpg\",\"width\":799,\"height\":533,\"caption\":\"#paratodosverem \u2013 Artista do graffiti realizando pintura em viaduto\"},{\"@type\":\"WebSite\",\"@id\":\"https:\/\/www.manaus.am.gov.br\/seminf\/#website\",\"url\":\"https:\/\/www.manaus.am.gov.br\/seminf\/\",\"name\":\"Secretaria de Infraestrutura\",\"description\":\"Secretaria Municipal de Infraestrutura\",\"potentialAction\":[{\"@type\":\"SearchAction\",\"target\":{\"@type\":\"EntryPoint\",\"urlTemplate\":\"https:\/\/www.manaus.am.gov.br\/seminf\/?s={search_term_string}\"},\"query-input\":\"required name=search_term_string\"}],\"inLanguage\":\"pt-BR\"},{\"@type\":\"Person\",\"@id\":\"https:\/\/www.manaus.am.gov.br\/seminf\/#\/schema\/person\/466a0e03ae4b6062809046bd560ac955\",\"name\":\"bvalente\",\"image\":{\"@type\":\"ImageObject\",\"inLanguage\":\"pt-BR\",\"@id\":\"https:\/\/www.manaus.am.gov.br\/seminf\/#\/schema\/person\/image\/\",\"url\":\"https:\/\/secure.gravatar.com\/avatar\/3e69bc2b014bdad41adfec3a39de07d2?s=96&d=mm&r=g\",\"contentUrl\":\"https:\/\/secure.gravatar.com\/avatar\/3e69bc2b014bdad41adfec3a39de07d2?s=96&d=mm&r=g\",\"caption\":\"bvalente\"}}]}<\/script>\n<!-- \/ Yoast SEO plugin. -->","yoast_head_json":{"title":"Prefeitura coloca mulheres no protagonismo da arte urbana e transforma viadutos da capital com projeto \u2018Manaus em Cores: Arte que Protege\u2019","description":"A Prefeitura de Manaus lan\u00e7ou, nesta quinta-feira, 27\/8, o projeto \u201cManaus em Cores: Arte que Protege\u201d.","robots":{"index":"index","follow":"follow","max-snippet":"max-snippet:-1","max-image-preview":"max-image-preview:large","max-video-preview":"max-video-preview:-1"},"canonical":"https:\/\/www.manaus.am.gov.br\/seminf\/projeto-manaus-em-cores-arte-que-protege\/","og_locale":"pt_BR","og_type":"article","og_title":"Prefeitura coloca mulheres no protagonismo da arte urbana e transforma viadutos da capital com projeto \u2018Manaus em Cores: Arte que Protege\u2019","og_description":"A Prefeitura de Manaus lan\u00e7ou, nesta quinta-feira, 27\/8, o projeto \u201cManaus em Cores: Arte que Protege\u201d.","og_url":"https:\/\/www.manaus.am.gov.br\/seminf\/projeto-manaus-em-cores-arte-que-protege\/","og_site_name":"SEMINF","article_published_time":"2026-08-28T01:33:38+00:00","og_image":[{"width":799,"height":533,"url":"https:\/\/www.manaus.am.gov.br\/seminf\/wp-content\/uploads\/sites\/6\/2026\/08\/55491326697_88f27e3e8d_c.jpg","type":"image\/jpeg"}],"author":"bvalente","twitter_card":"summary_large_image","twitter_misc":{"Written by":"bvalente","Est. reading time":"5 minutos"},"schema":{"@context":"https:\/\/schema.org","@graph":[{"@type":"WebPage","@id":"https:\/\/www.manaus.am.gov.br\/seminf\/projeto-manaus-em-cores-arte-que-protege\/","url":"https:\/\/www.manaus.am.gov.br\/seminf\/projeto-manaus-em-cores-arte-que-protege\/","name":"Prefeitura coloca mulheres no protagonismo da arte urbana e transforma viadutos da capital com projeto \u2018Manaus em Cores: Arte que Protege\u2019","isPartOf":{"@id":"https:\/\/www.manaus.am.gov.br\/seminf\/#website"},"primaryImageOfPage":{"@id":"https:\/\/www.manaus.am.gov.br\/seminf\/projeto-manaus-em-cores-arte-que-protege\/#primaryimage"},"image":{"@id":"https:\/\/www.manaus.am.gov.br\/seminf\/projeto-manaus-em-cores-arte-que-protege\/#primaryimage"},"thumbnailUrl":"https:\/\/www.manaus.am.gov.br\/seminf\/wp-content\/uploads\/sites\/6\/2026\/08\/55491326697_88f27e3e8d_c.jpg","datePublished":"2026-08-28T01:33:38+00:00","dateModified":"2026-08-28T01:33:38+00:00","author":{"@id":"https:\/\/www.manaus.am.gov.br\/seminf\/#\/schema\/person\/466a0e03ae4b6062809046bd560ac955"},"description":"A Prefeitura de Manaus lan\u00e7ou, nesta quinta-feira, 27\/8, o projeto \u201cManaus em Cores: Arte que Protege\u201d.","inLanguage":"pt-BR","potentialAction":[{"@type":"ReadAction","target":["https:\/\/www.manaus.am.gov.br\/seminf\/projeto-manaus-em-cores-arte-que-protege\/"]}]},{"@type":"ImageObject","inLanguage":"pt-BR","@id":"https:\/\/www.manaus.am.gov.br\/seminf\/projeto-manaus-em-cores-arte-que-protege\/#primaryimage","url":"https:\/\/www.manaus.am.gov.br\/seminf\/wp-content\/uploads\/sites\/6\/2026\/08\/55491326697_88f27e3e8d_c.jpg","contentUrl":"https:\/\/www.manaus.am.gov.br\/seminf\/wp-content\/uploads\/sites\/6\/2026\/08\/55491326697_88f27e3e8d_c.jpg","width":799,"height":533,"caption":"#paratodosverem \u2013 Artista do graffiti realizando pintura em viaduto"},{"@type":"WebSite","@id":"https:\/\/www.manaus.am.gov.br\/seminf\/#website","url":"https:\/\/www.manaus.am.gov.br\/seminf\/","name":"Secretaria de Infraestrutura","description":"Secretaria Municipal de Infraestrutura","potentialAction":[{"@type":"SearchAction","target":{"@type":"EntryPoint","urlTemplate":"https:\/\/www.manaus.am.gov.br\/seminf\/?s={search_term_string}"},"query-input":"required name=search_term_string"}],"inLanguage":"pt-BR"},{"@type":"Person","@id":"https:\/\/www.manaus.am.gov.br\/seminf\/#\/schema\/person\/466a0e03ae4b6062809046bd560ac955","name":"bvalente","image":{"@type":"ImageObject","inLanguage":"pt-BR","@id":"https:\/\/www.manaus.am.gov.br\/seminf\/#\/schema\/person\/image\/","url":"https:\/\/secure.gravatar.com\/avatar\/3e69bc2b014bdad41adfec3a39de07d2?s=96&d=mm&r=g","contentUrl":"https:\/\/secure.gravatar.com\/avatar\/3e69bc2b014bdad41adfec3a39de07d2?s=96&d=mm&r=g","caption":"bvalente"}}]}},"_links":{"self":[{"href":"https:\/\/www.manaus.am.gov.br\/seminf\/wp-json\/wp\/v2\/posts\/13021"}],"collection":[{"href":"https:\/\/www.manaus.am.gov.br\/seminf\/wp-json\/wp\/v2\/posts"}],"about":[{"href":"https:\/\/www.manaus.am.gov.br\/seminf\/wp-json\/wp\/v2\/types\/post"}],"author":[{"embeddable":true,"href":"https:\/\/www.manaus.am.gov.br\/seminf\/wp-json\/wp\/v2\/users\/68"}],"replies":[{"embeddable":true,"href":"https:\/\/www.manaus.am.gov.br\/seminf\/wp-json\/wp\/v2\/comments?post=13021"}],"version-history":[{"count":1,"href":"https:\/\/www.manaus.am.gov.br\/seminf\/wp-json\/wp\/v2\/posts\/13021\/revisions"}],"predecessor-version":[{"id":13026,"href":"https:\/\/www.manaus.am.gov.br\/seminf\/wp-json\/wp\/v2\/posts\/13021\/revisions\/13026"}],"wp:featuredmedia":[{"embeddable":true,"href":"https:\/\/www.manaus.am.gov.br\/seminf\/wp-json\/wp\/v2\/media\/13025"}],"wp:attachment":[{"href":"https:\/\/www.manaus.am.gov.br\/seminf\/wp-json\/wp\/v2\/media?parent=13021"}],"wp:term":[{"taxonomy":"category","embeddable":true,"href":"https:\/\/www.manaus.am.gov.br\/seminf\/wp-json\/wp\/v2\/categories?post=13021"},{"taxonomy":"post_tag","embeddable":true,"href":"https:\/\/www.manaus.am.gov.br\/seminf\/wp-json\/wp\/v2\/tags?post=13021"}],"curies":[{"name":"wp","href":"https:\/\/api.w.org\/{rel}","templated":true}]}}