{"id":13018,"date":"2026-08-27T13:50:53","date_gmt":"2026-08-27T17:50:53","guid":{"rendered":"https:\/\/www.manaus.am.gov.br\/seminf\/prefeitura-manausqueagentecuida-9aedicao\/"},"modified":"2026-08-27T13:58:32","modified_gmt":"2026-08-27T17:58:32","slug":"prefeitura-manaus-que-agente-cuida-9aedicao","status":"publish","type":"post","link":"https:\/\/www.manaus.am.gov.br\/seminf\/prefeitura-manaus-que-agente-cuida-9aedicao\/","title":{"rendered":"Programa \u2018Manaus que a Gente Cuida\u2019 chega aos bairros Japiim e Petr\u00f3polis levando servi\u00e7os de infraestrutura, limpeza e cidadania \u00e0 popula\u00e7\u00e3o"},"content":{"rendered":"\n<p>A <a href=\"https:\/\/www.manaus.am.gov.br\/\">Prefeitura de Manaus<\/a> deu in\u00edcio, nesta quinta-feira, 27\/8, \u00e0 9\u00aa edi\u00e7\u00e3o do programa \u201cManaus que a Gente Cuida\u201d, nos bairros Japiim e Petr\u00f3polis, zona Sul da capital. A a\u00e7\u00e3o descentralizada leva diversos servi\u00e7os essenciais \u00e0 popula\u00e7\u00e3o, como infraestrutura e limpeza urbana, al\u00e9m da oferta de atendimento em sa\u00fade, assist\u00eancia social, habita\u00e7\u00e3o e cidadania. As atividades seguem at\u00e9 s\u00e1bado, 29\/8, na escola municipal Vicente de Paula, localizada na rua Maria Mansour, n\u00ba 441.<\/p>\n\n\n\n<p>Como carros-chefes da iniciativa, os servi\u00e7os de infraestrutura e zeladoria contam com a atua\u00e7\u00e3o direta das secretarias municipais de Infraestrutura (<a href=\"https:\/\/www.instagram.com\/seminf.manaus\/\">Seminf<\/a>) e de Limpeza Urbana (<a href=\"https:\/\/www.instagram.com\/semulspmanaus\/\">Semulsp<\/a>), que iniciaram as a\u00e7\u00f5es de tapa-buracos, desobstru\u00e7\u00e3o de bueiros, varri\u00e7\u00e3o, capina\u00e7\u00e3o, poda, pintura de meio-fio e conscientiza\u00e7\u00e3o sobre descarte de lixo, respectivamente.<\/p>\n\n\n\n<p>Os servi\u00e7os de infraestrutura nas comunidades complementam as a\u00e7\u00f5es da prefeitura por diferentes zonas da capital. Nesta a\u00e7\u00e3o, a meta da Seminf \u00e9 aplicar 180 toneladas de asfalto em tapa-buracos. \u201cN\u00f3s estamos na 9\u00aa edi\u00e7\u00e3o do programa \u2018Manaus que a Gente Cuida\u2019, um programa que surgiu do cora\u00e7\u00e3o do nosso prefeito Renato Junior. Vale a pena ressaltar que o servi\u00e7o de infraestrutura est\u00e1 sendo feito em todas as zonas de Manaus e a Seminf est\u00e1 presente com v\u00e1rios servi\u00e7os\u201d, destacou a subsecret\u00e1ria de Apoio \u00e0s Comunidades da Seminf, Fab\u00edola Oliveira.<\/p>\n\n\n\n<p>O subsecret\u00e1rio da Semulsp, Laurimar Costa, tamb\u00e9m detalhou os servi\u00e7os promovidos nesta edi\u00e7\u00e3o. \u201cA Prefeitura de Manaus, por meio da Semulsp, est\u00e1 fazendo capina, varri\u00e7\u00e3o, podagem e pintura de meio-fio. Depois que terminarmos a parte pesada de limpeza, entra o acabamento com a pintura para deixar tudo organizado. Em seguida, entra nossa equipe de conscientiza\u00e7\u00e3o orientando os moradores sobre o descarte correto do lixo e os hor\u00e1rios da coleta di\u00e1ria, para que a popula\u00e7\u00e3o nos ajude a manter o bairro limpo\u201d, informou.<\/p>\n\n\n\n<p>A for\u00e7a-tarefa tamb\u00e9m mobiliza as secretarias municipais da Mulher, Assist\u00eancia Social e Cidadania (Semasc), Sa\u00fade (Semsa), Habita\u00e7\u00e3o e Assuntos Fundi\u00e1rios (Semhaf), Meio Ambiente e Sustentabilidade (Semmas), Agricultura, Abastecimento, Centro e Com\u00e9rcio Informal (Semacc), Juventude, Esporte e Lazer (Semjel) e do Trabalho, Empreendedorismo e Inova\u00e7\u00e3o (Semtepi), al\u00e9m do Instituto Municipal de Mobilidade Urbana (IMMU).<\/p>\n\n\n\n<p>Atendimentos<\/p>\n\n\n\n<p>Na escola Vicente de Paula, diversos servi\u00e7os est\u00e3o dispon\u00edveis \u00e0 popula\u00e7\u00e3o por meio das secretarias integradas: a Semasc realiza inclus\u00e3o e atualiza\u00e7\u00e3o do Cadastro \u00danico, orienta\u00e7\u00f5es sobre o Benef\u00edcio de Presta\u00e7\u00e3o Continuada (BPC) e Bolsa Fam\u00edlia, emiss\u00e3o da Carteira da Pessoa Idosa e solicita\u00e7\u00e3o de 2\u00aa via da Certid\u00e3o de Nascimento; a Semsa oferta consultas com cl\u00ednico geral, vacina\u00e7\u00e3o e testes r\u00e1pidos; a Semhaf atua na atualiza\u00e7\u00e3o de cadastros em programas habitacionais.<\/p>\n\n\n\n<p>J\u00e1 a Semtepi est\u00e1 oferecendo cadastro no sistema do Sine, com encaminhamento para vagas de emprego e orienta\u00e7\u00f5es sobre Carteira de Trabalho e Seguro-Desemprego.<\/p>\n\n\n\n<p>\u201cA popula\u00e7\u00e3o pode vir aqui que n\u00f3s temos tr\u00eas dias dentro desses dois bairros, Japiim e Petr\u00f3polis, com diversos servi\u00e7os, das 8h \u00e0s 14h, na quinta e na sexta-feira, e no s\u00e1bado, at\u00e9 meio-dia. Ent\u00e3o venha, aproveite que a Prefeitura de Manaus est\u00e1 aqui para atender voc\u00ea\u201d, convocou a diretora de Prote\u00e7\u00e3o Social da Semasc, Jucimaria Menezes.<\/p>\n\n\n\n<p>Os moradores afirmam que a a\u00e7\u00e3o traz um grande benef\u00edcio para a comunidade. \u201cPara n\u00f3s, \u00e9 um benef\u00edcio muito grande. O prefeito Renato Junior est\u00e1 de parab\u00e9ns por este trabalho. A partir dessas a\u00e7\u00f5es, ele est\u00e1 levando benef\u00edcios para muitas comunidades\u201d, comentou Jacilene Mendes, que \u00e9 presidente do clube de m\u00e3es da Japiinl\u00e2ndia.<\/p>\n\n\n\n<p>A aut\u00f4noma Patr\u00edcia Rodrigues tamb\u00e9m agradeceu pela a\u00e7\u00e3o, pois precisava emitir uma nova certid\u00e3o de nascimento para a filha. \u201c\u00c9 um servi\u00e7o pr\u00f3ximo da comunidade, e espero conseguir resolver tudo hoje\u201d, mencionou.<\/p>\n\n\n\n<p>O mutir\u00e3o de servi\u00e7os ainda ter\u00e1 o IMMU disponibilizando atendimento para o programa PassaF\u00e1cil nesta sexta-feira, 28\/8, e a emiss\u00e3o de credenciais de estacionamento para idosos e Pessoas com Defici\u00eancia (PcDs) no s\u00e1bado, 29\/8.<\/p>\n\n\n\n<p>A Semmas est\u00e1 atuando com distribui\u00e7\u00e3o gratuita de mudas e orientando a popula\u00e7\u00e3o sobre educa\u00e7\u00e3o ambiental e preserva\u00e7\u00e3o. A Semjel deve realizar uma grande a\u00e7\u00e3o esportiva e de lazer na noite de s\u00e1bado.<\/p>\n\n\n\n<p>Servi\u00e7o<\/p>\n\n\n\n<p>Os atendimentos na escola municipal Vicente de Paula ocorrem nesta sexta-feira (28), das 8h \u00e0s 14h, e no s\u00e1bado (29), das 8h \u00e0s 12h.<\/p>\n\n\n\n<p>\u2014 \u2014 \u2014<\/p>\n\n\n\n<p><strong>Texto<\/strong>&nbsp;\u2013 Geraldo Farias\/Semcom<\/p>\n\n\n\n<p><strong>Fotos<\/strong>&nbsp;\u2013 Arielle Lorena\/Semcom&nbsp;<\/p>\n\n\n\n<p><strong>Dispon\u00edveis em<\/strong> &#8211; <a href=\"https:\/\/flic.kr\/s\/aHBqjD3mJg\">https:\/\/flic.kr\/s\/aHBqjD3mJg<\/a><\/p>\n","protected":false},"excerpt":{"rendered":"","protected":false},"author":23,"featured_media":13019,"comment_status":"closed","ping_status":"closed","sticky":false,"template":"","format":"standard","meta":{"footnotes":""},"categories":[12],"tags":[4003,127,3678,750,43,51],"acf":[],"yoast_head":"<!-- This site is optimized with the Yoast SEO plugin v23.0 - https:\/\/yoast.com\/wordpress\/plugins\/seo\/ -->\n<title>Programa \u2018Manaus que a Gente Cuida\u2019 chega aos bairros Japiim e Petr\u00f3polis levando servi\u00e7os de infraestrutura, limpeza e cidadania \u00e0 popula\u00e7\u00e3o<\/title>\n<meta name=\"description\" content=\"A Prefeitura de Manaus deu in\u00edcio, nesta quinta-feira, 27\/8, \u00e0 9\u00aa edi\u00e7\u00e3o do programa \u201cManaus que a Gente Cuida\u201d, nos bairros Japiim e Petr\u00f3polis, zona Sul da capital. A a\u00e7\u00e3o descentralizada leva diversos servi\u00e7os essenciais \u00e0 popula\u00e7\u00e3o, como infraestrutura e limpeza urbana, al\u00e9m da oferta de atendimento em sa\u00fade, assist\u00eancia social, habita\u00e7\u00e3o e cidadania.\" \/>\n<meta name=\"robots\" content=\"index, follow, max-snippet:-1, max-image-preview:large, max-video-preview:-1\" \/>\n<link rel=\"canonical\" href=\"https:\/\/www.manaus.am.gov.br\/seminf\/prefeitura-manausqueagentecuida-9aedicao\/\" \/>\n<meta property=\"og:locale\" content=\"pt_BR\" \/>\n<meta property=\"og:type\" content=\"article\" \/>\n<meta property=\"og:title\" content=\"Programa \u2018Manaus que a Gente Cuida\u2019 chega aos bairros Japiim e Petr\u00f3polis levando servi\u00e7os de infraestrutura, limpeza e cidadania \u00e0 popula\u00e7\u00e3o\" \/>\n<meta property=\"og:description\" content=\"A Prefeitura de Manaus deu in\u00edcio, nesta quinta-feira, 27\/8, \u00e0 9\u00aa edi\u00e7\u00e3o do programa \u201cManaus que a Gente Cuida\u201d, nos bairros Japiim e Petr\u00f3polis, zona Sul da capital. A a\u00e7\u00e3o descentralizada leva diversos servi\u00e7os essenciais \u00e0 popula\u00e7\u00e3o, como infraestrutura e limpeza urbana, al\u00e9m da oferta de atendimento em sa\u00fade, assist\u00eancia social, habita\u00e7\u00e3o e cidadania.\" \/>\n<meta property=\"og:url\" content=\"https:\/\/www.manaus.am.gov.br\/seminf\/prefeitura-manausqueagentecuida-9aedicao\/\" \/>\n<meta property=\"og:site_name\" content=\"SEMINF\" \/>\n<meta property=\"article:published_time\" content=\"2026-08-27T17:50:53+00:00\" \/>\n<meta property=\"article:modified_time\" content=\"2026-08-27T17:58:32+00:00\" \/>\n<meta property=\"og:image\" content=\"https:\/\/www.manaus.am.gov.br\/seminf\/wp-content\/uploads\/sites\/6\/2026\/08\/55492018075_2db8a7f3d0_c.jpg\" \/>\n\t<meta property=\"og:image:width\" content=\"799\" \/>\n\t<meta property=\"og:image:height\" content=\"533\" \/>\n\t<meta property=\"og:image:type\" content=\"image\/jpeg\" \/>\n<meta name=\"author\" content=\"Adriana Costa\" \/>\n<meta name=\"twitter:card\" content=\"summary_large_image\" \/>\n<meta name=\"twitter:label1\" content=\"Written by\" \/>\n\t<meta name=\"twitter:data1\" content=\"Adriana Costa\" \/>\n\t<meta name=\"twitter:label2\" content=\"Est. reading time\" \/>\n\t<meta name=\"twitter:data2\" content=\"4 minutos\" \/>\n<script type=\"application\/ld+json\" class=\"yoast-schema-graph\">{\"@context\":\"https:\/\/schema.org\",\"@graph\":[{\"@type\":\"WebPage\",\"@id\":\"https:\/\/www.manaus.am.gov.br\/seminf\/prefeitura-manausqueagentecuida-9aedicao\/\",\"url\":\"https:\/\/www.manaus.am.gov.br\/seminf\/prefeitura-manausqueagentecuida-9aedicao\/\",\"name\":\"Programa \u2018Manaus que a Gente Cuida\u2019 chega aos bairros Japiim e Petr\u00f3polis levando servi\u00e7os de infraestrutura, limpeza e cidadania \u00e0 popula\u00e7\u00e3o\",\"isPartOf\":{\"@id\":\"https:\/\/www.manaus.am.gov.br\/seminf\/#website\"},\"primaryImageOfPage\":{\"@id\":\"https:\/\/www.manaus.am.gov.br\/seminf\/prefeitura-manausqueagentecuida-9aedicao\/#primaryimage\"},\"image\":{\"@id\":\"https:\/\/www.manaus.am.gov.br\/seminf\/prefeitura-manausqueagentecuida-9aedicao\/#primaryimage\"},\"thumbnailUrl\":\"https:\/\/www.manaus.am.gov.br\/seminf\/wp-content\/uploads\/sites\/6\/2026\/08\/55492018075_2db8a7f3d0_c.jpg\",\"datePublished\":\"2026-08-27T17:50:53+00:00\",\"dateModified\":\"2026-08-27T17:58:32+00:00\",\"author\":{\"@id\":\"https:\/\/www.manaus.am.gov.br\/seminf\/#\/schema\/person\/4e49f4e267757a06ca072ec61b2b9968\"},\"description\":\"A Prefeitura de Manaus deu in\u00edcio, nesta quinta-feira, 27\/8, \u00e0 9\u00aa edi\u00e7\u00e3o do programa \u201cManaus que a Gente Cuida\u201d, nos bairros Japiim e Petr\u00f3polis, zona Sul da capital. A a\u00e7\u00e3o descentralizada leva diversos servi\u00e7os essenciais \u00e0 popula\u00e7\u00e3o, como infraestrutura e limpeza urbana, al\u00e9m da oferta de atendimento em sa\u00fade, assist\u00eancia social, habita\u00e7\u00e3o e cidadania.\",\"inLanguage\":\"pt-BR\",\"potentialAction\":[{\"@type\":\"ReadAction\",\"target\":[\"https:\/\/www.manaus.am.gov.br\/seminf\/prefeitura-manausqueagentecuida-9aedicao\/\"]}]},{\"@type\":\"ImageObject\",\"inLanguage\":\"pt-BR\",\"@id\":\"https:\/\/www.manaus.am.gov.br\/seminf\/prefeitura-manausqueagentecuida-9aedicao\/#primaryimage\",\"url\":\"https:\/\/www.manaus.am.gov.br\/seminf\/wp-content\/uploads\/sites\/6\/2026\/08\/55492018075_2db8a7f3d0_c.jpg\",\"contentUrl\":\"https:\/\/www.manaus.am.gov.br\/seminf\/wp-content\/uploads\/sites\/6\/2026\/08\/55492018075_2db8a7f3d0_c.jpg\",\"width\":799,\"height\":533},{\"@type\":\"WebSite\",\"@id\":\"https:\/\/www.manaus.am.gov.br\/seminf\/#website\",\"url\":\"https:\/\/www.manaus.am.gov.br\/seminf\/\",\"name\":\"Secretaria de Infraestrutura\",\"description\":\"Secretaria Municipal de Infraestrutura\",\"potentialAction\":[{\"@type\":\"SearchAction\",\"target\":{\"@type\":\"EntryPoint\",\"urlTemplate\":\"https:\/\/www.manaus.am.gov.br\/seminf\/?s={search_term_string}\"},\"query-input\":\"required name=search_term_string\"}],\"inLanguage\":\"pt-BR\"},{\"@type\":\"Person\",\"@id\":\"https:\/\/www.manaus.am.gov.br\/seminf\/#\/schema\/person\/4e49f4e267757a06ca072ec61b2b9968\",\"name\":\"Adriana Costa\",\"image\":{\"@type\":\"ImageObject\",\"inLanguage\":\"pt-BR\",\"@id\":\"https:\/\/www.manaus.am.gov.br\/seminf\/#\/schema\/person\/image\/\",\"url\":\"https:\/\/secure.gravatar.com\/avatar\/576258617ef7194f718179e766d57bd4?s=96&d=mm&r=g\",\"contentUrl\":\"https:\/\/secure.gravatar.com\/avatar\/576258617ef7194f718179e766d57bd4?s=96&d=mm&r=g\",\"caption\":\"Adriana Costa\"}}]}<\/script>\n<!-- \/ Yoast SEO plugin. -->","yoast_head_json":{"title":"Programa \u2018Manaus que a Gente Cuida\u2019 chega aos bairros Japiim e Petr\u00f3polis levando servi\u00e7os de infraestrutura, limpeza e cidadania \u00e0 popula\u00e7\u00e3o","description":"A Prefeitura de Manaus deu in\u00edcio, nesta quinta-feira, 27\/8, \u00e0 9\u00aa edi\u00e7\u00e3o do programa \u201cManaus que a Gente Cuida\u201d, nos bairros Japiim e Petr\u00f3polis, zona Sul da capital. A a\u00e7\u00e3o descentralizada leva diversos servi\u00e7os essenciais \u00e0 popula\u00e7\u00e3o, como infraestrutura e limpeza urbana, al\u00e9m da oferta de atendimento em sa\u00fade, assist\u00eancia social, habita\u00e7\u00e3o e cidadania.","robots":{"index":"index","follow":"follow","max-snippet":"max-snippet:-1","max-image-preview":"max-image-preview:large","max-video-preview":"max-video-preview:-1"},"canonical":"https:\/\/www.manaus.am.gov.br\/seminf\/prefeitura-manausqueagentecuida-9aedicao\/","og_locale":"pt_BR","og_type":"article","og_title":"Programa \u2018Manaus que a Gente Cuida\u2019 chega aos bairros Japiim e Petr\u00f3polis levando servi\u00e7os de infraestrutura, limpeza e cidadania \u00e0 popula\u00e7\u00e3o","og_description":"A Prefeitura de Manaus deu in\u00edcio, nesta quinta-feira, 27\/8, \u00e0 9\u00aa edi\u00e7\u00e3o do programa \u201cManaus que a Gente Cuida\u201d, nos bairros Japiim e Petr\u00f3polis, zona Sul da capital. A a\u00e7\u00e3o descentralizada leva diversos servi\u00e7os essenciais \u00e0 popula\u00e7\u00e3o, como infraestrutura e limpeza urbana, al\u00e9m da oferta de atendimento em sa\u00fade, assist\u00eancia social, habita\u00e7\u00e3o e cidadania.","og_url":"https:\/\/www.manaus.am.gov.br\/seminf\/prefeitura-manausqueagentecuida-9aedicao\/","og_site_name":"SEMINF","article_published_time":"2026-08-27T17:50:53+00:00","article_modified_time":"2026-08-27T17:58:32+00:00","og_image":[{"width":799,"height":533,"url":"https:\/\/www.manaus.am.gov.br\/seminf\/wp-content\/uploads\/sites\/6\/2026\/08\/55492018075_2db8a7f3d0_c.jpg","type":"image\/jpeg"}],"author":"Adriana Costa","twitter_card":"summary_large_image","twitter_misc":{"Written by":"Adriana Costa","Est. reading time":"4 minutos"},"schema":{"@context":"https:\/\/schema.org","@graph":[{"@type":"WebPage","@id":"https:\/\/www.manaus.am.gov.br\/seminf\/prefeitura-manausqueagentecuida-9aedicao\/","url":"https:\/\/www.manaus.am.gov.br\/seminf\/prefeitura-manausqueagentecuida-9aedicao\/","name":"Programa \u2018Manaus que a Gente Cuida\u2019 chega aos bairros Japiim e Petr\u00f3polis levando servi\u00e7os de infraestrutura, limpeza e cidadania \u00e0 popula\u00e7\u00e3o","isPartOf":{"@id":"https:\/\/www.manaus.am.gov.br\/seminf\/#website"},"primaryImageOfPage":{"@id":"https:\/\/www.manaus.am.gov.br\/seminf\/prefeitura-manausqueagentecuida-9aedicao\/#primaryimage"},"image":{"@id":"https:\/\/www.manaus.am.gov.br\/seminf\/prefeitura-manausqueagentecuida-9aedicao\/#primaryimage"},"thumbnailUrl":"https:\/\/www.manaus.am.gov.br\/seminf\/wp-content\/uploads\/sites\/6\/2026\/08\/55492018075_2db8a7f3d0_c.jpg","datePublished":"2026-08-27T17:50:53+00:00","dateModified":"2026-08-27T17:58:32+00:00","author":{"@id":"https:\/\/www.manaus.am.gov.br\/seminf\/#\/schema\/person\/4e49f4e267757a06ca072ec61b2b9968"},"description":"A Prefeitura de Manaus deu in\u00edcio, nesta quinta-feira, 27\/8, \u00e0 9\u00aa edi\u00e7\u00e3o do programa \u201cManaus que a Gente Cuida\u201d, nos bairros Japiim e Petr\u00f3polis, zona Sul da capital. A a\u00e7\u00e3o descentralizada leva diversos servi\u00e7os essenciais \u00e0 popula\u00e7\u00e3o, como infraestrutura e limpeza urbana, al\u00e9m da oferta de atendimento em sa\u00fade, assist\u00eancia social, habita\u00e7\u00e3o e cidadania.","inLanguage":"pt-BR","potentialAction":[{"@type":"ReadAction","target":["https:\/\/www.manaus.am.gov.br\/seminf\/prefeitura-manausqueagentecuida-9aedicao\/"]}]},{"@type":"ImageObject","inLanguage":"pt-BR","@id":"https:\/\/www.manaus.am.gov.br\/seminf\/prefeitura-manausqueagentecuida-9aedicao\/#primaryimage","url":"https:\/\/www.manaus.am.gov.br\/seminf\/wp-content\/uploads\/sites\/6\/2026\/08\/55492018075_2db8a7f3d0_c.jpg","contentUrl":"https:\/\/www.manaus.am.gov.br\/seminf\/wp-content\/uploads\/sites\/6\/2026\/08\/55492018075_2db8a7f3d0_c.jpg","width":799,"height":533},{"@type":"WebSite","@id":"https:\/\/www.manaus.am.gov.br\/seminf\/#website","url":"https:\/\/www.manaus.am.gov.br\/seminf\/","name":"Secretaria de Infraestrutura","description":"Secretaria Municipal de Infraestrutura","potentialAction":[{"@type":"SearchAction","target":{"@type":"EntryPoint","urlTemplate":"https:\/\/www.manaus.am.gov.br\/seminf\/?s={search_term_string}"},"query-input":"required name=search_term_string"}],"inLanguage":"pt-BR"},{"@type":"Person","@id":"https:\/\/www.manaus.am.gov.br\/seminf\/#\/schema\/person\/4e49f4e267757a06ca072ec61b2b9968","name":"Adriana Costa","image":{"@type":"ImageObject","inLanguage":"pt-BR","@id":"https:\/\/www.manaus.am.gov.br\/seminf\/#\/schema\/person\/image\/","url":"https:\/\/secure.gravatar.com\/avatar\/576258617ef7194f718179e766d57bd4?s=96&d=mm&r=g","contentUrl":"https:\/\/secure.gravatar.com\/avatar\/576258617ef7194f718179e766d57bd4?s=96&d=mm&r=g","caption":"Adriana Costa"}}]}},"_links":{"self":[{"href":"https:\/\/www.manaus.am.gov.br\/seminf\/wp-json\/wp\/v2\/posts\/13018"}],"collection":[{"href":"https:\/\/www.manaus.am.gov.br\/seminf\/wp-json\/wp\/v2\/posts"}],"about":[{"href":"https:\/\/www.manaus.am.gov.br\/seminf\/wp-json\/wp\/v2\/types\/post"}],"author":[{"embeddable":true,"href":"https:\/\/www.manaus.am.gov.br\/seminf\/wp-json\/wp\/v2\/users\/23"}],"replies":[{"embeddable":true,"href":"https:\/\/www.manaus.am.gov.br\/seminf\/wp-json\/wp\/v2\/comments?post=13018"}],"version-history":[{"count":1,"href":"https:\/\/www.manaus.am.gov.br\/seminf\/wp-json\/wp\/v2\/posts\/13018\/revisions"}],"predecessor-version":[{"id":13020,"href":"https:\/\/www.manaus.am.gov.br\/seminf\/wp-json\/wp\/v2\/posts\/13018\/revisions\/13020"}],"wp:featuredmedia":[{"embeddable":true,"href":"https:\/\/www.manaus.am.gov.br\/seminf\/wp-json\/wp\/v2\/media\/13019"}],"wp:attachment":[{"href":"https:\/\/www.manaus.am.gov.br\/seminf\/wp-json\/wp\/v2\/media?parent=13018"}],"wp:term":[{"taxonomy":"category","embeddable":true,"href":"https:\/\/www.manaus.am.gov.br\/seminf\/wp-json\/wp\/v2\/categories?post=13018"},{"taxonomy":"post_tag","embeddable":true,"href":"https:\/\/www.manaus.am.gov.br\/seminf\/wp-json\/wp\/v2\/tags?post=13018"}],"curies":[{"name":"wp","href":"https:\/\/api.w.org\/{rel}","templated":true}]}}