{"id":13006,"date":"2026-08-27T13:12:19","date_gmt":"2026-08-27T17:12:19","guid":{"rendered":"https:\/\/www.manaus.am.gov.br\/seminf\/prefeitura-seminf-drenagem-educandos\/"},"modified":"2026-08-27T13:42:31","modified_gmt":"2026-08-27T17:42:31","slug":"prefeitura-seminf-drenagem-educandos","status":"publish","type":"post","link":"https:\/\/www.manaus.am.gov.br\/seminf\/prefeitura-seminf-drenagem-educandos\/","title":{"rendered":"Prefeitura de Manaus refor\u00e7a drenagem no Educandos para prevenir alagamentos e garantir seguran\u00e7a aos moradores"},"content":{"rendered":"\n<p>A <a href=\"https:\/\/www.manaus.am.gov.br\/\">Prefeitura de Manaus<\/a>, por meio da <a href=\"https:\/\/www.instagram.com\/seminf.manaus\/\">Secretaria Municipal de Infraestrutura<\/a> (Seminf), iniciou, nesta quinta-feira, 27\/8, os servi\u00e7os de manuten\u00e7\u00e3o da rede de drenagem profunda em um trecho da rua S\u00e3o Vicente de Paula, no bairro Educandos, zona Sul da capital. A interven\u00e7\u00e3o tem como objetivo melhorar o funcionamento do sistema de drenagem, prevenir alagamentos e garantir mais seguran\u00e7a aos moradores.<\/p>\n\n\n\n<p>No local, as equipes do distrito de obras realizam a escava\u00e7\u00e3o manual para acessar a tubula\u00e7\u00e3o e iniciar o processo de anelamento. A t\u00e9cnica consiste na veda\u00e7\u00e3o da estrutura com barro e cimento, contribuindo para refor\u00e7ar a tubula\u00e7\u00e3o, aumentar a durabilidade e evitar infiltra\u00e7\u00f5es que possam provocar processos erosivos na \u00e1rea.<\/p>\n\n\n\n<p>Segundo o secret\u00e1rio municipal de Infraestrutura, Madson Rodrigues, a manuten\u00e7\u00e3o preventiva da rede de drenagem \u00e9 fundamental para evitar transtornos \u00e0 popula\u00e7\u00e3o, especialmente durante o per\u00edodo chuvoso.<\/p>\n\n\n\n<p>\u201cEstamos com nossas equipes atuando em diferentes pontos de Manaus para atender as necessidades da popula\u00e7\u00e3o e garantir que os sistemas de drenagem funcionem adequadamente. Essa \u00e9 uma determina\u00e7\u00e3o do prefeito Renato Junior: trabalhar de forma cont\u00ednua, identificando os problemas e executando as solu\u00e7\u00f5es necess\u00e1rias para levar mais seguran\u00e7a e qualidade de vida aos moradores\u201d, afirmou Madson Rodrigues.<\/p>\n\n\n\n<p>Ap\u00f3s a recupera\u00e7\u00e3o da tubula\u00e7\u00e3o, os oper\u00e1rios dar\u00e3o continuidade aos servi\u00e7os com a reconstru\u00e7\u00e3o da caixa coletora, estrutura respons\u00e1vel por receber e direcionar as \u00e1guas das chuvas para a rede de drenagem. A interven\u00e7\u00e3o contribui para melhorar o escoamento e reduzir os riscos de ac\u00famulo de \u00e1gua na via.<\/p>\n\n\n\n<p>A aposentada Maria Zuleica Costa, de 76 anos, que mora na regi\u00e3o, comemorou a atua\u00e7\u00e3o das equipes. \u201cO sentimento \u00e9 de muita gratid\u00e3o pela Prefeitura de Manaus ter atendido a nossa solicita\u00e7\u00e3o. Antes n\u00f3s sofr\u00edamos muito com essa tubula\u00e7\u00e3o, mas agora tudo vai ficar bem. Nota mil para a Prefeitura de Manaus\u201d, agradeceu.<\/p>\n\n\n\n<p>Com frentes de trabalho distribu\u00eddas pelas diferentes zonas da capital, a Prefeitura de Manaus segue executando a\u00e7\u00f5es de manuten\u00e7\u00e3o e recupera\u00e7\u00e3o dos sistemas de drenagem, fortalecendo a infraestrutura urbana e promovendo mais seguran\u00e7a para a popula\u00e7\u00e3o.<\/p>\n\n\n\n<p>&#8212; &#8212; &#8212;<\/p>\n\n\n\n<p><strong>Texto<\/strong> &#8211; Eduarda Lira\/Seminf<br><strong>Fotos<\/strong> &#8211; Luiz Felipe\/Seminf<br><\/p>\n","protected":false},"excerpt":{"rendered":"","protected":false},"author":23,"featured_media":13007,"comment_status":"closed","ping_status":"closed","sticky":false,"template":"","format":"standard","meta":{"footnotes":""},"categories":[3],"tags":[3953,81,43,73,26,51],"acf":[],"yoast_head":"<!-- This site is optimized with the Yoast SEO plugin v23.0 - https:\/\/yoast.com\/wordpress\/plugins\/seo\/ -->\n<title>Prefeitura de Manaus refor\u00e7a drenagem no Educandos para prevenir alagamentos e garantir seguran\u00e7a aos moradores<\/title>\n<meta name=\"description\" content=\"A Prefeitura de Manaus, por meio da Secretaria Municipal de Infraestrutura (Seminf), iniciou, nesta quinta-feira, 27\/8, os servi\u00e7os de manuten\u00e7\u00e3o da rede de drenagem profunda em um trecho da rua S\u00e3o Vicente de Paula, no bairro Educandos, zona Sul da capital. A interven\u00e7\u00e3o tem como objetivo melhorar o funcionamento do sistema de drenagem, prevenir alagamentos e garantir mais seguran\u00e7a aos moradores.\" \/>\n<meta name=\"robots\" content=\"index, follow, max-snippet:-1, max-image-preview:large, max-video-preview:-1\" \/>\n<link rel=\"canonical\" href=\"https:\/\/www.manaus.am.gov.br\/seminf\/prefeitura-seminf-drenagem-educandos\/\" \/>\n<meta property=\"og:locale\" content=\"pt_BR\" \/>\n<meta property=\"og:type\" content=\"article\" \/>\n<meta property=\"og:title\" content=\"Prefeitura de Manaus refor\u00e7a drenagem no Educandos para prevenir alagamentos e garantir seguran\u00e7a aos moradores\" \/>\n<meta property=\"og:description\" content=\"A Prefeitura de Manaus, por meio da Secretaria Municipal de Infraestrutura (Seminf), iniciou, nesta quinta-feira, 27\/8, os servi\u00e7os de manuten\u00e7\u00e3o da rede de drenagem profunda em um trecho da rua S\u00e3o Vicente de Paula, no bairro Educandos, zona Sul da capital. A interven\u00e7\u00e3o tem como objetivo melhorar o funcionamento do sistema de drenagem, prevenir alagamentos e garantir mais seguran\u00e7a aos moradores.\" \/>\n<meta property=\"og:url\" content=\"https:\/\/www.manaus.am.gov.br\/seminf\/prefeitura-seminf-drenagem-educandos\/\" \/>\n<meta property=\"og:site_name\" content=\"SEMINF\" \/>\n<meta property=\"article:published_time\" content=\"2026-08-27T17:12:19+00:00\" \/>\n<meta property=\"article:modified_time\" content=\"2026-08-27T17:42:31+00:00\" \/>\n<meta property=\"og:image\" content=\"https:\/\/www.manaus.am.gov.br\/seminf\/wp-content\/uploads\/sites\/6\/2026\/08\/IMG_0783-1024x683.jpg\" \/>\n\t<meta property=\"og:image:width\" content=\"1024\" \/>\n\t<meta property=\"og:image:height\" content=\"683\" \/>\n\t<meta property=\"og:image:type\" content=\"image\/jpeg\" \/>\n<meta name=\"author\" content=\"Adriana Costa\" \/>\n<meta name=\"twitter:card\" content=\"summary_large_image\" \/>\n<meta name=\"twitter:label1\" content=\"Written by\" \/>\n\t<meta name=\"twitter:data1\" content=\"Adriana Costa\" \/>\n\t<meta name=\"twitter:label2\" content=\"Est. reading time\" \/>\n\t<meta name=\"twitter:data2\" content=\"3 minutos\" \/>\n<script type=\"application\/ld+json\" class=\"yoast-schema-graph\">{\"@context\":\"https:\/\/schema.org\",\"@graph\":[{\"@type\":\"WebPage\",\"@id\":\"https:\/\/www.manaus.am.gov.br\/seminf\/prefeitura-seminf-drenagem-educandos\/\",\"url\":\"https:\/\/www.manaus.am.gov.br\/seminf\/prefeitura-seminf-drenagem-educandos\/\",\"name\":\"Prefeitura de Manaus refor\u00e7a drenagem no Educandos para prevenir alagamentos e garantir seguran\u00e7a aos moradores\",\"isPartOf\":{\"@id\":\"https:\/\/www.manaus.am.gov.br\/seminf\/#website\"},\"primaryImageOfPage\":{\"@id\":\"https:\/\/www.manaus.am.gov.br\/seminf\/prefeitura-seminf-drenagem-educandos\/#primaryimage\"},\"image\":{\"@id\":\"https:\/\/www.manaus.am.gov.br\/seminf\/prefeitura-seminf-drenagem-educandos\/#primaryimage\"},\"thumbnailUrl\":\"https:\/\/www.manaus.am.gov.br\/seminf\/wp-content\/uploads\/sites\/6\/2026\/08\/IMG_0783.jpg\",\"datePublished\":\"2026-08-27T17:12:19+00:00\",\"dateModified\":\"2026-08-27T17:42:31+00:00\",\"author\":{\"@id\":\"https:\/\/www.manaus.am.gov.br\/seminf\/#\/schema\/person\/4e49f4e267757a06ca072ec61b2b9968\"},\"description\":\"A Prefeitura de Manaus, por meio da Secretaria Municipal de Infraestrutura (Seminf), iniciou, nesta quinta-feira, 27\/8, os servi\u00e7os de manuten\u00e7\u00e3o da rede de drenagem profunda em um trecho da rua S\u00e3o Vicente de Paula, no bairro Educandos, zona Sul da capital. A interven\u00e7\u00e3o tem como objetivo melhorar o funcionamento do sistema de drenagem, prevenir alagamentos e garantir mais seguran\u00e7a aos moradores.\",\"inLanguage\":\"pt-BR\",\"potentialAction\":[{\"@type\":\"ReadAction\",\"target\":[\"https:\/\/www.manaus.am.gov.br\/seminf\/prefeitura-seminf-drenagem-educandos\/\"]}]},{\"@type\":\"ImageObject\",\"inLanguage\":\"pt-BR\",\"@id\":\"https:\/\/www.manaus.am.gov.br\/seminf\/prefeitura-seminf-drenagem-educandos\/#primaryimage\",\"url\":\"https:\/\/www.manaus.am.gov.br\/seminf\/wp-content\/uploads\/sites\/6\/2026\/08\/IMG_0783.jpg\",\"contentUrl\":\"https:\/\/www.manaus.am.gov.br\/seminf\/wp-content\/uploads\/sites\/6\/2026\/08\/IMG_0783.jpg\",\"width\":3120,\"height\":2080,\"caption\":\"#paratodosverem - Trabalhadores da Seminf fazem manuten\u00e7\u00e3o em rede de drenagem profunda no bairro Educandos\"},{\"@type\":\"WebSite\",\"@id\":\"https:\/\/www.manaus.am.gov.br\/seminf\/#website\",\"url\":\"https:\/\/www.manaus.am.gov.br\/seminf\/\",\"name\":\"Secretaria de Infraestrutura\",\"description\":\"Secretaria Municipal de Infraestrutura\",\"potentialAction\":[{\"@type\":\"SearchAction\",\"target\":{\"@type\":\"EntryPoint\",\"urlTemplate\":\"https:\/\/www.manaus.am.gov.br\/seminf\/?s={search_term_string}\"},\"query-input\":\"required name=search_term_string\"}],\"inLanguage\":\"pt-BR\"},{\"@type\":\"Person\",\"@id\":\"https:\/\/www.manaus.am.gov.br\/seminf\/#\/schema\/person\/4e49f4e267757a06ca072ec61b2b9968\",\"name\":\"Adriana Costa\",\"image\":{\"@type\":\"ImageObject\",\"inLanguage\":\"pt-BR\",\"@id\":\"https:\/\/www.manaus.am.gov.br\/seminf\/#\/schema\/person\/image\/\",\"url\":\"https:\/\/secure.gravatar.com\/avatar\/576258617ef7194f718179e766d57bd4?s=96&d=mm&r=g\",\"contentUrl\":\"https:\/\/secure.gravatar.com\/avatar\/576258617ef7194f718179e766d57bd4?s=96&d=mm&r=g\",\"caption\":\"Adriana Costa\"}}]}<\/script>\n<!-- \/ Yoast SEO plugin. -->","yoast_head_json":{"title":"Prefeitura de Manaus refor\u00e7a drenagem no Educandos para prevenir alagamentos e garantir seguran\u00e7a aos moradores","description":"A Prefeitura de Manaus, por meio da Secretaria Municipal de Infraestrutura (Seminf), iniciou, nesta quinta-feira, 27\/8, os servi\u00e7os de manuten\u00e7\u00e3o da rede de drenagem profunda em um trecho da rua S\u00e3o Vicente de Paula, no bairro Educandos, zona Sul da capital. A interven\u00e7\u00e3o tem como objetivo melhorar o funcionamento do sistema de drenagem, prevenir alagamentos e garantir mais seguran\u00e7a aos moradores.","robots":{"index":"index","follow":"follow","max-snippet":"max-snippet:-1","max-image-preview":"max-image-preview:large","max-video-preview":"max-video-preview:-1"},"canonical":"https:\/\/www.manaus.am.gov.br\/seminf\/prefeitura-seminf-drenagem-educandos\/","og_locale":"pt_BR","og_type":"article","og_title":"Prefeitura de Manaus refor\u00e7a drenagem no Educandos para prevenir alagamentos e garantir seguran\u00e7a aos moradores","og_description":"A Prefeitura de Manaus, por meio da Secretaria Municipal de Infraestrutura (Seminf), iniciou, nesta quinta-feira, 27\/8, os servi\u00e7os de manuten\u00e7\u00e3o da rede de drenagem profunda em um trecho da rua S\u00e3o Vicente de Paula, no bairro Educandos, zona Sul da capital. A interven\u00e7\u00e3o tem como objetivo melhorar o funcionamento do sistema de drenagem, prevenir alagamentos e garantir mais seguran\u00e7a aos moradores.","og_url":"https:\/\/www.manaus.am.gov.br\/seminf\/prefeitura-seminf-drenagem-educandos\/","og_site_name":"SEMINF","article_published_time":"2026-08-27T17:12:19+00:00","article_modified_time":"2026-08-27T17:42:31+00:00","og_image":[{"width":1024,"height":683,"url":"https:\/\/www.manaus.am.gov.br\/seminf\/wp-content\/uploads\/sites\/6\/2026\/08\/IMG_0783-1024x683.jpg","type":"image\/jpeg"}],"author":"Adriana Costa","twitter_card":"summary_large_image","twitter_misc":{"Written by":"Adriana Costa","Est. reading time":"3 minutos"},"schema":{"@context":"https:\/\/schema.org","@graph":[{"@type":"WebPage","@id":"https:\/\/www.manaus.am.gov.br\/seminf\/prefeitura-seminf-drenagem-educandos\/","url":"https:\/\/www.manaus.am.gov.br\/seminf\/prefeitura-seminf-drenagem-educandos\/","name":"Prefeitura de Manaus refor\u00e7a drenagem no Educandos para prevenir alagamentos e garantir seguran\u00e7a aos moradores","isPartOf":{"@id":"https:\/\/www.manaus.am.gov.br\/seminf\/#website"},"primaryImageOfPage":{"@id":"https:\/\/www.manaus.am.gov.br\/seminf\/prefeitura-seminf-drenagem-educandos\/#primaryimage"},"image":{"@id":"https:\/\/www.manaus.am.gov.br\/seminf\/prefeitura-seminf-drenagem-educandos\/#primaryimage"},"thumbnailUrl":"https:\/\/www.manaus.am.gov.br\/seminf\/wp-content\/uploads\/sites\/6\/2026\/08\/IMG_0783.jpg","datePublished":"2026-08-27T17:12:19+00:00","dateModified":"2026-08-27T17:42:31+00:00","author":{"@id":"https:\/\/www.manaus.am.gov.br\/seminf\/#\/schema\/person\/4e49f4e267757a06ca072ec61b2b9968"},"description":"A Prefeitura de Manaus, por meio da Secretaria Municipal de Infraestrutura (Seminf), iniciou, nesta quinta-feira, 27\/8, os servi\u00e7os de manuten\u00e7\u00e3o da rede de drenagem profunda em um trecho da rua S\u00e3o Vicente de Paula, no bairro Educandos, zona Sul da capital. A interven\u00e7\u00e3o tem como objetivo melhorar o funcionamento do sistema de drenagem, prevenir alagamentos e garantir mais seguran\u00e7a aos moradores.","inLanguage":"pt-BR","potentialAction":[{"@type":"ReadAction","target":["https:\/\/www.manaus.am.gov.br\/seminf\/prefeitura-seminf-drenagem-educandos\/"]}]},{"@type":"ImageObject","inLanguage":"pt-BR","@id":"https:\/\/www.manaus.am.gov.br\/seminf\/prefeitura-seminf-drenagem-educandos\/#primaryimage","url":"https:\/\/www.manaus.am.gov.br\/seminf\/wp-content\/uploads\/sites\/6\/2026\/08\/IMG_0783.jpg","contentUrl":"https:\/\/www.manaus.am.gov.br\/seminf\/wp-content\/uploads\/sites\/6\/2026\/08\/IMG_0783.jpg","width":3120,"height":2080,"caption":"#paratodosverem - Trabalhadores da Seminf fazem manuten\u00e7\u00e3o em rede de drenagem profunda no bairro Educandos"},{"@type":"WebSite","@id":"https:\/\/www.manaus.am.gov.br\/seminf\/#website","url":"https:\/\/www.manaus.am.gov.br\/seminf\/","name":"Secretaria de Infraestrutura","description":"Secretaria Municipal de Infraestrutura","potentialAction":[{"@type":"SearchAction","target":{"@type":"EntryPoint","urlTemplate":"https:\/\/www.manaus.am.gov.br\/seminf\/?s={search_term_string}"},"query-input":"required name=search_term_string"}],"inLanguage":"pt-BR"},{"@type":"Person","@id":"https:\/\/www.manaus.am.gov.br\/seminf\/#\/schema\/person\/4e49f4e267757a06ca072ec61b2b9968","name":"Adriana Costa","image":{"@type":"ImageObject","inLanguage":"pt-BR","@id":"https:\/\/www.manaus.am.gov.br\/seminf\/#\/schema\/person\/image\/","url":"https:\/\/secure.gravatar.com\/avatar\/576258617ef7194f718179e766d57bd4?s=96&d=mm&r=g","contentUrl":"https:\/\/secure.gravatar.com\/avatar\/576258617ef7194f718179e766d57bd4?s=96&d=mm&r=g","caption":"Adriana Costa"}}]}},"_links":{"self":[{"href":"https:\/\/www.manaus.am.gov.br\/seminf\/wp-json\/wp\/v2\/posts\/13006"}],"collection":[{"href":"https:\/\/www.manaus.am.gov.br\/seminf\/wp-json\/wp\/v2\/posts"}],"about":[{"href":"https:\/\/www.manaus.am.gov.br\/seminf\/wp-json\/wp\/v2\/types\/post"}],"author":[{"embeddable":true,"href":"https:\/\/www.manaus.am.gov.br\/seminf\/wp-json\/wp\/v2\/users\/23"}],"replies":[{"embeddable":true,"href":"https:\/\/www.manaus.am.gov.br\/seminf\/wp-json\/wp\/v2\/comments?post=13006"}],"version-history":[{"count":1,"href":"https:\/\/www.manaus.am.gov.br\/seminf\/wp-json\/wp\/v2\/posts\/13006\/revisions"}],"predecessor-version":[{"id":13014,"href":"https:\/\/www.manaus.am.gov.br\/seminf\/wp-json\/wp\/v2\/posts\/13006\/revisions\/13014"}],"wp:featuredmedia":[{"embeddable":true,"href":"https:\/\/www.manaus.am.gov.br\/seminf\/wp-json\/wp\/v2\/media\/13007"}],"wp:attachment":[{"href":"https:\/\/www.manaus.am.gov.br\/seminf\/wp-json\/wp\/v2\/media?parent=13006"}],"wp:term":[{"taxonomy":"category","embeddable":true,"href":"https:\/\/www.manaus.am.gov.br\/seminf\/wp-json\/wp\/v2\/categories?post=13006"},{"taxonomy":"post_tag","embeddable":true,"href":"https:\/\/www.manaus.am.gov.br\/seminf\/wp-json\/wp\/v2\/tags?post=13006"}],"curies":[{"name":"wp","href":"https:\/\/api.w.org\/{rel}","templated":true}]}}